{"id":8951,"date":"2024-01-05T11:45:49","date_gmt":"2024-01-05T14:45:49","guid":{"rendered":"https:\/\/www.reportedeprensa.utalca.cl\/?p=8951"},"modified":"2024-01-05T12:05:14","modified_gmt":"2024-01-05T15:05:14","slug":"05-de-enero-de-2024","status":"publish","type":"post","link":"https:\/\/www.reportedeprensa.utalca.cl\/?p=8951","title":{"rendered":"05 de enero de 2024"},"content":{"rendered":"\t\t<div data-elementor-type=\"wp-post\" data-elementor-id=\"8951\" class=\"elementor elementor-8951\" data-elementor-settings=\"[]\">\n\t\t\t\t\t\t\t<div class=\"elementor-section-wrap\">\n\t\t\t\t\t\t\t<section class=\"elementor-section elementor-top-section elementor-element elementor-element-bcea1a8 elementor-section-boxed elementor-section-height-default elementor-section-height-default\" data-id=\"bcea1a8\" data-element_type=\"section\">\n\t\t\t\t\t\t<div class=\"elementor-container elementor-column-gap-default\">\n\t\t\t\t\t<div class=\"elementor-column elementor-col-100 elementor-top-column elementor-element elementor-element-e7183bf\" data-id=\"e7183bf\" data-element_type=\"column\">\n\t\t\t<div class=\"elementor-widget-wrap elementor-element-populated\">\n\t\t\t\t\t\t\t\t<div class=\"elementor-element elementor-element-5ffbb87 elementor-widget elementor-widget-text-editor\" data-id=\"5ffbb87\" data-element_type=\"widget\" data-widget_type=\"text-editor.default\">\n\t\t\t\t<div class=\"elementor-widget-container\">\n\t\t\t\t\t\t\t\t<p class=\"x_MsoNormal\"><span class=\"x_MsoHyperlink\"><b><span class=\"x_ContentPasted0\" lang=\"ES-MX\">MEDIABANCO<\/span><\/b><\/span><span class=\"x_MsoHyperlink\"><b><span lang=\"ES-MX\"><br class=\"x_ContentPasted0\" aria-hidden=\"true\" \/><\/span><\/b><\/span><a href=\"https:\/\/www.mediabanco.com\/presidente-boric-firmo-nuevos-estatutos-de-la-universidad-de-talca\/\"><span class=\"x_MsoHyperlink\"><span class=\"x_ContentPasted0\" lang=\"ES-MX\">Presidente Boric firm\u00f3 nuevos Estatutos de la Universidad de Talca. Se refiere el rector Carlos Torres Fuchslocher y el funcionario, Jorge Herrera Soto.<\/span><\/span><\/a><span class=\"x_MsoHyperlink\"><b><span lang=\"ES-MX\"><br class=\"x_ContentPasted0\" aria-hidden=\"true\" \/><\/span><\/b><\/span><\/p><p class=\"x_MsoNormal\">\u00a0<\/p><p class=\"x_MsoNormal\"><strong><span class=\"x_ContentPasted0\" lang=\"ES-MX\">ADPRENSA<\/span><span class=\"x_ContentPasted0\" lang=\"ES-MX\"><br class=\"x_ContentPasted0\" aria-hidden=\"true\" \/><\/span><\/strong><a href=\"https:\/\/www.adprensa.cl\/cronica\/presidente-boric-firmo-nuevos-estatutos-de-la-universidad-de-talca\/\"><span class=\"x_MsoHyperlink\"><span class=\"x_ContentPasted0\" lang=\"ES-MX\">Presidente Boric firm\u00f3 nuevos Estatutos de la Universidad de Talca. Se refiere el rector Carlos Torres Fuchslocher y el funcionario, Jorge Herrera Soto.<\/span><\/span><\/a><span class=\"x_MsoHyperlink\"><span lang=\"ES-MX\"><br class=\"x_ContentPasted0\" aria-hidden=\"true\" \/><\/span><\/span><\/p><p class=\"x_MsoNormal\">\u00a0<\/p><p class=\"x_MsoNormal\"><b><span class=\"x_ContentPasted0\" lang=\"ES-MX\">G5 NOTICIAS<\/span><\/b><span lang=\"ES-MX\"><br class=\"x_ContentPasted0\" aria-hidden=\"true\" \/><\/span><a href=\"https:\/\/g5noticias.cl\/2024\/01\/01\/con-diversas-actividades-la-utalca-recibira-a-sus-futuros-estudiantes-universitarios\/\"><span class=\"x_ContentPasted0\" lang=\"ES\">Con diversas actividades la UTalca recibir\u00e1 a sus futuros estudiantes universitarios. Se refiere el\u00a0<\/span><span class=\"x_xcontentpasted0\"><span class=\"x_ContentPasted0\" lang=\"ES-TRAD\">responsable del \u00e1rea de Admisi\u00f3n,\u00a0<\/span><\/span><span class=\"x_mark2sty3nc9e\"><span class=\"x_ContentPasted0\" lang=\"ES-TRAD\">Carlos<\/span><\/span><span class=\"x_xcontentpasted0\"><span class=\"x_ContentPasted0\" lang=\"ES-TRAD\">\u00a0<\/span><\/span><span class=\"x_markl92ota9zz\"><span class=\"x_ContentPasted0\" lang=\"ES-TRAD\">Contreras<\/span><\/span><span class=\"x_xcontentpasted0\"><span class=\"x_ContentPasted0\" lang=\"ES-TRAD\">\u00a0<\/span><\/span><span class=\"x_markhlg8xg1rk\"><span class=\"x_ContentPasted0\" lang=\"ES-TRAD\">Gajardo y el profesional de la Direcci\u00f3n de Acceso a la Educaci\u00f3n Superior (DAES).<\/span><\/span><\/a><span class=\"x_MsoHyperlink\"><span lang=\"EN-US\"><br class=\"x_ContentPasted0\" aria-hidden=\"true\" \/><\/span><\/span><\/p><p class=\"x_MsoNormal\">\u00a0<\/p><p class=\"x_MsoNormal\"><strong><span class=\"x_ContentPasted0\" lang=\"ES-MX\">LA DIRECTA LONGAVIANA<\/span><span class=\"x_ContentPasted0\" lang=\"ES-MX\"><br class=\"x_ContentPasted0\" aria-hidden=\"true\" \/><\/span><\/strong><a href=\"https:\/\/www.ladirectalongaviana.cl\/2023\/12\/29\/con-diversas-actividades-la-utalca-recibira-a-sus-futuros-estudiantes-universitarios\/\"><span class=\"x_ContentPasted0\" lang=\"ES\">Con diversas actividades la UTalca recibir\u00e1 a sus futuros estudiantes universitarios. Se refiere el\u00a0<\/span><span class=\"x_xcontentpasted0\"><span class=\"x_ContentPasted0\" lang=\"ES-TRAD\">responsable del \u00e1rea de Admisi\u00f3n,\u00a0<\/span><\/span><span class=\"x_mark2sty3nc9e\"><span class=\"x_ContentPasted0\" lang=\"ES-TRAD\">Carlos<\/span><\/span><span class=\"x_xcontentpasted0\"><span class=\"x_ContentPasted0\" lang=\"ES-TRAD\">\u00a0<\/span><\/span><span class=\"x_markl92ota9zz\"><span class=\"x_ContentPasted0\" lang=\"ES-TRAD\">Contreras<\/span><\/span><span class=\"x_xcontentpasted0\"><span class=\"x_ContentPasted0\" lang=\"ES-TRAD\">\u00a0<\/span><\/span><\/a><span class=\"x_markhlg8xg1rk\"><a href=\"https:\/\/www.ladirectalongaviana.cl\/2023\/12\/29\/con-diversas-actividades-la-utalca-recibira-a-sus-futuros-estudiantes-universitarios\/\"><span class=\"x_ContentPasted0\" lang=\"ES-TRAD\">Gajardo y el profesional de la Direcci\u00f3n de Acceso a la Educaci\u00f3n Superior (DAES).<\/span><\/a><span class=\"x_ContentPasted0\" lang=\"ES-TRAD\"><br class=\"x_ContentPasted0\" aria-hidden=\"true\" \/><\/span><\/span><\/p><p>\u00a0<\/p><p class=\"x_MsoNormal\"><b><span class=\"x_ContentPasted0\" lang=\"ES-MX\">EL MERCURIO<\/span><span class=\"x_ContentPasted0\" lang=\"ES-MX\"><br class=\"x_ContentPasted0\" aria-hidden=\"true\" \/><\/span><\/b><a href=\"https:\/\/www.litoralpress.cl\/paginaconsultas\/Servicios_NClipSitioWeb\/Get_Imagen_Nota.aspx?LPKey=WPB3RA2KMM5PUNTFCVB3PXT5YVO5PEXRBXESN36MAAHF3IL3R4KSSTOK2NTW4L5T3KPLXLXOHK73W\"><span class=\"x_ContentPasted0\" lang=\"ES-MX\">Hoy se conocen los resultados de la PAES e inician las postulaciones. Se menciona la Universidad de Talca.<\/span><\/a><span class=\"x_MsoHyperlink\"><b><span lang=\"ES-MX\"><br class=\"x_ContentPasted0\" aria-hidden=\"true\" \/><br \/><\/span><\/b><\/span><\/p><p class=\"x_MsoNormal\"><b><span class=\"x_ContentPasted0\" lang=\"ES-MX\">EL MOSTRADOR<\/span><\/b><b><span class=\"x_ContentPasted0\">\u00a0<\/span><span class=\"x_ContentPasted0\"><br class=\"x_ContentPasted0\" aria-hidden=\"true\" \/><\/span><\/b><a href=\"https:\/\/www.elmostrador.cl\/agenda-pais\/vida-en-linea\/2024\/01\/04\/como-prevenir-golpes-de-calor-ante-las-altas-temperaturas-del-verano\/\"><span class=\"x_ContentPasted0\" lang=\"ES-MX\">\u00bfC\u00f3mo prevenir golpes de calor ante las altas temperaturas del verano?\u00a0Se refiere\u00a0Minerva Astudillo, directora de la Escuela de Enfermer\u00eda.<\/span><\/a><a href=\"https:\/\/www.elmostrador.cl\/agenda-pais\/vida-en-linea\/2024\/01\/04\/como-prevenir-golpes-de-calor-ante-las-altas-temperaturas-del-verano\/\"><span class=\"x_ContentPasted0\">\u00a0<\/span><\/a><b><span class=\"x_ContentPasted0\"><br class=\"x_ContentPasted0\" aria-hidden=\"true\" \/><\/span><\/b><b><\/b><\/p><p>\u00a0<\/p><p class=\"x_MsoNormal\"><b><span class=\"x_ContentPasted0\" lang=\"ES-MX\">DIARIO TALCA<\/span><\/b><span class=\"x_ContentPasted0\" lang=\"ES\">\u00a0<\/span><span class=\"x_ContentPasted0\" lang=\"ES\"><br class=\"x_ContentPasted0\" aria-hidden=\"true\" \/><\/span><a href=\"https:\/\/diariotalca.cl\/como-prevenir-golpes-de-calor-por-altas-temperaturas-del-verano\/\"><span class=\"x_ContentPasted0\" lang=\"ES-MX\">\u00bfC\u00f3mo prevenir golpes de calor ante las altas temperaturas del verano? Se refiere\u00a0Minerva Astudillo, directora de la Escuela de Enfermer\u00eda.<\/span><span class=\"x_ContentPasted0\" lang=\"ES\">\u00a0<\/span><\/a><span class=\"x_ContentPasted0\" lang=\"ES\"><br class=\"x_ContentPasted0\" aria-hidden=\"true\" \/><\/span><\/p><p class=\"x_MsoNormal\"><span class=\"x_ContentPasted0\" lang=\"ES\">\u00a0<\/span><span lang=\"ES\">\u00a0<\/span><\/p><p class=\"x_MsoNormal\"><b><span class=\"x_ContentPasted0\" lang=\"ES-MX\">RADIO GUAYAC\u00c1N<\/span><\/b><span class=\"x_ContentPasted0\">\u00a0<\/span><span class=\"x_ContentPasted0\"><br class=\"x_ContentPasted0\" aria-hidden=\"true\" \/><\/span><\/p><p class=\"x_MsoNormal\"><a href=\"https:\/\/radioguayacan.cl\/index.php\/2024\/01\/03\/hidratacion-ropa-delgada-y-evitar-exposicion-directa-al-sol-serian-las-claves-para-enfrentar-altas-temperaturas\/\"><span class=\"x_ContentPasted0\" lang=\"ES-MX\">Hidrataci\u00f3n, ropa delgada y evitar exposici\u00f3n directa al sol ser\u00edan las claves para enfrentar altas temperaturas.\u00a0Se\u00a0refiere Minerva\u00a0Astudillo, directora de la Escuela de Enfermer\u00eda.<\/span><span class=\"x_ContentPasted0\">\u00a0<\/span><\/a><span class=\"x_ContentPasted0\"><br class=\"x_ContentPasted0\" aria-hidden=\"true\" \/><\/span><\/p><p class=\"x_MsoNormal\">\u00a0<\/p><p class=\"x_MsoNormal\"><b><span class=\"x_ContentPasted0\" lang=\"ES-MX\">RADIO AGRICULTURA<\/span><\/b><span class=\"x_ContentPasted0\">\u00a0<\/span><span class=\"x_ContentPasted0\"><br class=\"x_ContentPasted0\" aria-hidden=\"true\" \/><\/span><a href=\"https:\/\/www.radioagricultura.cl\/dato-practico\/2024\/01\/03\/altas-temperaturas-como-prevenir-los-golpes-de-calor-en-verano\/\"><span class=\"x_ContentPasted0\" lang=\"ES-MX\">Altas temperaturas: \u00bfC\u00f3mo prevenir los golpes de calor en verano? Se\u00a0refiere\u00a0 Minerva\u00a0Astudillo, directora de la Escuela de Enfermer\u00eda.<\/span><span class=\"x_ContentPasted0\">\u00a0<\/span><\/a><span class=\"x_ContentPasted0\"><br class=\"x_ContentPasted0\" aria-hidden=\"true\" \/><\/span><\/p><p class=\"x_MsoNormal\">\u00a0<\/p><p class=\"x_MsoNormal\"><b><span class=\"x_ContentPasted0\" lang=\"ES-MX\">MEDIABANCO<\/span><\/b><span class=\"x_ContentPasted0\">\u00a0<\/span><span class=\"x_ContentPasted0\"><br class=\"x_ContentPasted0\" aria-hidden=\"true\" \/><\/span><a href=\"https:\/\/www.mediabanco.com\/como-prevenir-golpes-de-calor-ante-las-altas-temperaturas-del-verano\/\"><span class=\"x_ContentPasted0\" lang=\"ES-MX\">\u00bfC\u00f3mo prevenir golpes de calor ante las altas temperaturas del verano?\u00a0Se\u00a0refiere\u00a0\u00a0Minerva\u00a0Astudillo, directora de la Escuela de Enfermer\u00eda.<\/span><span class=\"x_ContentPasted0\">\u00a0<\/span><span class=\"x_ContentPasted0\"><br class=\"x_ContentPasted0\" aria-hidden=\"true\" \/><\/span><\/a><\/p><p class=\"x_MsoNormal\"><span class=\"x_ContentPasted0\" lang=\"ES\">\u00a0<\/span><span lang=\"ES\">\u00a0<\/span><\/p><p class=\"x_MsoNormal\"><b><span class=\"x_ContentPasted0\" lang=\"ES-MX\">ARAUCAN\u00cdA NOTICIAS<\/span><\/b><span class=\"x_ContentPasted0\">\u00a0<\/span><span class=\"x_ContentPasted0\"><br class=\"x_ContentPasted0\" aria-hidden=\"true\" \/><\/span><a href=\"https:\/\/araucanianoticias.cl\/2024\/las-principales-causas-y-consecuencias-de-las-cada-vez-ms-comunes-olas-de-calor\/0103250427\"><span class=\"x_ContentPasted0\" lang=\"ES-MX\">Las principales causas y consecuencias de las cada vez m\u00e1s comunes olas de calor. Se\u00a0refiere\u00a0 Minerva\u00a0Astudillo, directora de la Escuela de Enfermer\u00eda.<\/span><span class=\"x_ContentPasted0\">\u00a0<\/span><\/a><span class=\"x_ContentPasted0\"><br class=\"x_ContentPasted0\" aria-hidden=\"true\" \/><\/span><\/p><p class=\"x_MsoNormal\">\u00a0<\/p><p class=\"x_MsoNormal\"><b><span class=\"x_ContentPasted0\" lang=\"ES-MX\">MEDIABANCO<\/span><\/b><span class=\"x_ContentPasted0\">\u00a0<\/span><span class=\"x_ContentPasted0\"><br class=\"x_ContentPasted0\" aria-hidden=\"true\" \/><\/span><a href=\"https:\/\/www.mediabanco.com\/como-prevenir-golpes-de-calor-ante-las-altas-temperaturas-del-verano\/\"><span class=\"x_ContentPasted0\" lang=\"ES-MX\">Las principales causas y consecuencias de las cada vez m\u00e1s comunes olas de calor. Se\u00a0refiere\u00a0 Minerva\u00a0Astudillo, directora de la Escuela de Enfermer\u00eda.<\/span><span class=\"x_ContentPasted0\">\u00a0<\/span><\/a><span class=\"x_ContentPasted0\"><br class=\"x_ContentPasted0\" aria-hidden=\"true\" \/><\/span><\/p><p class=\"x_MsoNormal\">\u00a0<\/p><p class=\"x_MsoNormal\"><b><span class=\"x_ContentPasted0\" lang=\"ES-MX\">COOPERATIVA CIENCIA<\/span><span class=\"x_ContentPasted0\" lang=\"ES-MX\"><br class=\"x_ContentPasted0\" aria-hidden=\"true\" \/><\/span><\/b><a href=\"https:\/\/www.cooperativaciencia.cl\/medio-ambiente\/2024\/01\/02\/pronostican-temperaturas-historicas-para-la-zona-central-este-verano\/\"><span class=\"x_ContentPasted0\" lang=\"ES-MX\">Pronostican temperaturas hist\u00f3ricas para la zona central este verano.\u00a0<\/span><\/a><a href=\"https:\/\/www.cooperativaciencia.cl\/medio-ambiente\/2024\/01\/02\/pronostican-temperaturas-historicas-para-la-zona-central-este-verano\/\"><span class=\"x_ContentPasted0\" lang=\"ES-MX\">Se refiere Patricio Gonz\u00e1lez\u00a0Colville,\u00a0agroclimat\u00f3logo\u00a0y acad\u00e9mico del Centro de Investigaci\u00f3n y Transferencia en Riego y\u00a0Agroclimatolog\u00eda\u00a0(CITRA).\u00a0<\/span><\/a><b><span class=\"x_ContentPasted0\" lang=\"ES-MX\"><br class=\"x_ContentPasted0\" aria-hidden=\"true\" \/><\/span><\/b><b><\/b><\/p><p>\u00a0<\/p><p class=\"x_MsoNormal\"><b><span class=\"x_ContentPasted0\" lang=\"ES-MX\">DIARIO TALCA<\/span><\/b><span lang=\"ES-MX\"><br class=\"x_ContentPasted0\" aria-hidden=\"true\" \/><\/span><a href=\"https:\/\/diariotalca.cl\/pronostican-temperaturas-historicas-record-para-ciudades-y-el-secano-costero\/\"><span class=\"x_ContentPasted0\" lang=\"ES-MX\">Pronostican temperaturas hist\u00f3ricas r\u00e9cord para ciudades y el secano costero. Se refiere Patricio Gonz\u00e1lez\u00a0Colville,\u00a0agroclimat\u00f3logo\u00a0y acad\u00e9mico del Centro de Investigaci\u00f3n y Transferencia en Riego y\u00a0Agroclimatolog\u00eda\u00a0(CITRA).\u00a0<\/span><\/a><\/p><p class=\"x_MsoNormal\"><span lang=\"ES\">\u00a0<\/span><\/p><p class=\"x_MsoNormal\"><b><span class=\"x_ContentPasted0\" lang=\"ES-MX\">LA TERCERA<\/span><\/b><b><span class=\"x_ContentPasted0\">\u00a0<\/span><span class=\"x_ContentPasted0\"><br class=\"x_ContentPasted0\" aria-hidden=\"true\" \/><\/span><\/b><a href=\"https:\/\/www.latercera.com\/que-pasa\/noticia\/cuantos-dias-deben-durar-las-vacaciones-ideales-segun-la-evidencia-cientifica\/L2CIYTOZ5BE3HNANCSNY3IGK2Q\/\"><span class=\"x_ContentPasted0\" lang=\"ES-MX\">\u00bfCu\u00e1ntos d\u00edas deben durar las vacaciones ideales seg\u00fan la evidencia cient\u00edfica?\u00a0Se refiere Emilio Moyano, acad\u00e9mico de la Facultad de Psicolog\u00eda.\u00a0<\/span><span class=\"x_ContentPasted0\" lang=\"ES-MX\">\u00a0<\/span><\/a><\/p><p class=\"x_MsoNormal\">\u00a0<\/p><p class=\"x_MsoNormal\"><strong><span class=\"x_ContentPasted0\" lang=\"ES-MX\">NEWS ESEURO<\/span><span class=\"x_ContentPasted0\" lang=\"ES-MX\"><br class=\"x_ContentPasted0\" aria-hidden=\"true\" \/><\/span><\/strong><a href=\"https:\/\/news.eseuro.com\/salud\/2880097.html\"><span class=\"x_ContentPasted0\" lang=\"ES-MX\">Psiconutricionista confiesa cu\u00e1les son los alimentos que afectan el estado de \u00e1nimo de las personas. Se refiere Alonso Hern\u00e1ndez, acad\u00e9mico de la Escuela de Nutrici\u00f3n y Diet\u00e9tica.<\/span><\/a><b><\/b><span class=\"x_MsoHyperlink\"><b><span lang=\"ES-MX\"><br class=\"x_ContentPasted0\" aria-hidden=\"true\" \/><\/span><\/b><\/span><\/p><p>\u00a0<\/p><p class=\"x_MsoNormal\"><b><span class=\"x_ContentPasted0\" lang=\"ES-MX\">EL MERCURIO<\/span><span class=\"x_ContentPasted0\" lang=\"ES-MX\"><br class=\"x_ContentPasted0\" aria-hidden=\"true\" \/><\/span><\/b><a href=\"https:\/\/www.litoralpress.cl\/paginaconsultas\/Servicios_NClipSitioWeb\/Get_Imagen_Nota.aspx?LPKey=GSJFSMELFPBE37AO6NUNSXJPZIHXFWF5AWYDQOEPHQFHSRPFZD4FZLJ2GQRS76M2OTSXU4PDZWANU\"><span class=\"x_ContentPasted0\" lang=\"ES-MX\">Votantes extranjeros ser\u00e1n casi un tercio en algunas comunas para las municipales 2024.\u00a0<\/span><\/a><a href=\"https:\/\/www.litoralpress.cl\/paginaconsultas\/Servicios_NClipSitioWeb\/Get_Imagen_Nota.aspx?LPKey=GSJFSMELFPBE37AO6NUNSXJPZIHXFWF5AWYDQOEPHQFHSRPFZD4FZLJ2GQRS76M2OTSXU4PDZWANU\"><span class=\"x_ContentPasted0\" lang=\"ES-MX\">Se refiere Mauricio Morales, acad\u00e9mico Facultad de Ciencias Jur\u00eddicas y Sociales.\u00a0<\/span><\/a><\/p><p>\u00a0<\/p><p class=\"x_MsoNormal\"><b><span class=\"x_ContentPasted0\" lang=\"ES-MX\">DIARIO EL CENTRO<\/span><span class=\"x_ContentPasted0\" lang=\"ES-MX\"><br class=\"x_ContentPasted0\" aria-hidden=\"true\" \/><\/span><\/b><a href=\"https:\/\/www.diarioelcentro.cl\/2024\/01\/01\/queda-mucho-por-hacer-por-y-junto-a-las-personas-mayores\/\"><span class=\"x_ContentPasted0\" lang=\"ES-MX\">Queda mucho por hacer por y junto a las personas mayores. Se refiere Iv\u00e1n Palomo, Facultad de Ciencias de la Salud UTalca.<\/span><span class=\"x_ContentPasted0\" lang=\"ES-MX\"><span class=\"x_ContentPasted0\">\u00a0<\/span><\/span><\/a><span class=\"x_MsoHyperlink\"><span lang=\"EN-US\"><br class=\"x_ContentPasted0\" aria-hidden=\"true\" \/><\/span><\/span><\/p><p>\u00a0<\/p><p class=\"x_MsoNormal\"><b><span class=\"x_ContentPasted0\" lang=\"ES-MX\">REDACCI\u00d3N (ARGENTINA)<\/span><\/b><span class=\"x_ContentPasted0\">\u00a0<\/span><span class=\"x_ContentPasted0\"><br class=\"x_ContentPasted0\" aria-hidden=\"true\" \/><\/span><a href=\"https:\/\/www.redaccion.com.ar\/personas-ciegas-trabajan-como-catadoras-de-productos-alimenticios-y-de-limpieza\/\"><span class=\"x_ContentPasted0\" lang=\"ES-MX\">Personas ciegas trabajan como \u201ccatadoras\u201d de productos alimenticios y de limpieza. Se menciona la Universidad de Talca.<\/span><span class=\"x_ContentPasted0\">\u00a0<\/span><\/a><span class=\"x_ContentPasted0\"><br class=\"x_ContentPasted0\" aria-hidden=\"true\" \/><\/span><\/p><p class=\"x_MsoNormal\"><span class=\"x_ContentPasted0\" lang=\"ES\">\u00a0<\/span><span lang=\"ES\">\u00a0<\/span><\/p><p class=\"x_MsoNormal\"><b><span class=\"x_ContentPasted0\" lang=\"ES-MX\">ARICA AL D\u00cdA<\/span><\/b><b><span class=\"x_ContentPasted0\">\u00a0<\/span><span class=\"x_ContentPasted0\"><br class=\"x_ContentPasted0\" aria-hidden=\"true\" \/><\/span><\/b><a href=\"https:\/\/www.aricaldia.cl\/covid-19-estudio-internacional-arrojo-que-el-buen-funcionamiento-de-los-rinones-se-asocia-con-bajo-riesgo-de-enfermar-severamente\/\"><span class=\"x_ContentPasted0\" lang=\"ES-MX\">COVID-19: estudio internacional arroj\u00f3 que el buen funcionamiento de los ri\u00f1ones se asocia con bajo riesgo de enfermar severamente. Se menciona la Universidad de Talca.<\/span><\/a><b><span class=\"x_ContentPasted0\"><br class=\"x_ContentPasted0\" aria-hidden=\"true\" \/><\/span><\/b><b><\/b><\/p><p class=\"x_MsoNormal\">\u00a0<\/p><p class=\"x_MsoNormal\"><strong><span class=\"x_ContentPasted0\" lang=\"ES-MX\">CHILL\u00c1N ONLINE<\/span><span class=\"x_ContentPasted0\" lang=\"ES-MX\"><br class=\"x_ContentPasted0\" aria-hidden=\"true\" \/><\/span><\/strong><a href=\"https:\/\/www.chillanonline.cl\/V7\/2024\/01\/01\/covid-19-estudio-internacional-arrojo-que-el-buen-funcionamiento-de-los-rinones-se-asocia-con-bajo-riesgo-de-enfermar-severamente\/\"><span class=\"x_ContentPasted0\" lang=\"ES-MX\">COVID-19: estudio internacional arroj\u00f3 que el buen funcionamiento de los ri\u00f1ones se asocia con bajo riesgo de enfermar severamente. Se menciona la Universidad de Talca.<\/span><\/a><span class=\"x_ContentPasted0\" lang=\"ES-MX\"><br class=\"x_ContentPasted0\" aria-hidden=\"true\" \/><\/span><span class=\"x_MsoHyperlink\"><span lang=\"ES-MX\"><br class=\"x_ContentPasted0\" aria-hidden=\"true\" \/><\/span><\/span><b><\/b><strong><span class=\"x_ContentPasted0\" lang=\"ES-MX\">CHILL\u00c1N ONLINE<\/span><\/strong><strong><span lang=\"ES-MX\"><br class=\"x_ContentPasted0\" aria-hidden=\"true\" \/><\/span><\/strong><a href=\"https:\/\/www.chillanonline.cl\/V7\/2024\/01\/01\/estudiantes-utalinos-se-certificaron-como-monitores-en-lactancia-materna\/\"><span class=\"x_ContentPasted0\" lang=\"ES-MX\">Estudiantes utalinos se certificaron como monitores en lactancia materna. Se refiere Glenda Skinner, acad\u00e9mica de la Facultad de Ciencias de la Salud.<\/span><\/a><b><span class=\"x_ContentPasted0\" lang=\"ES-MX\"><br class=\"x_ContentPasted0\" aria-hidden=\"true\" \/><\/span><\/b><b><\/b><\/p><p>\u00a0<\/p><p class=\"x_MsoNormal\"><strong><span class=\"x_ContentPasted0\" lang=\"ES-MX\">CHILL\u00c1N ONLINE<\/span><span class=\"x_ContentPasted0\" lang=\"ES-MX\"><br class=\"x_ContentPasted0\" aria-hidden=\"true\" \/><\/span><\/strong><a href=\"https:\/\/www.chillanonline.cl\/V7\/2023\/12\/31\/docentes-del-maule-exploran-nuevas-metodologias-en-campamento-cientifico\/\"><span class=\"x_ContentPasted0\" lang=\"ES-MX\">Docentes del Maule exploran nuevas metodolog\u00edas en campamento cient\u00edfico.<\/span><span class=\"x_ContentPasted0\" lang=\"ES-MX\"><span class=\"x_ContentPasted0\">\u00a0\u00a0<\/span><\/span><span class=\"x_ContentPasted0\" lang=\"ES-MX\">Se refiere Leonardo Leottau, director de Explora Maule.<\/span><\/a><span class=\"x_ContentPasted0\" lang=\"ES-MX\"><br class=\"x_ContentPasted0\" aria-hidden=\"true\" \/><\/span><\/p><p>\u00a0<\/p><p class=\"x_MsoNormal\"><b><span class=\"x_ContentPasted0\" lang=\"ES-MX\">EL MAULE INFORMA<\/span><span class=\"x_ContentPasted0\" lang=\"ES-MX\"><br class=\"x_ContentPasted0\" aria-hidden=\"true\" \/><\/span><\/b><a href=\"https:\/\/elmauleinforma.cl\/docentes-del-maule-exploran-nuevas-metodologias-en-campamento-cientifico\/\"><span class=\"x_ContentPasted0\" lang=\"ES-MX\">Docentes del Maule exploran nuevas metodolog\u00edas en campamento cient\u00edfico.<\/span><span class=\"x_ContentPasted0\" lang=\"ES-MX\">Se refiere Leonardo Leottau, director de Explora Maule.<\/span><\/a><b><span class=\"x_ContentPasted0\" lang=\"ES-MX\"><br class=\"x_ContentPasted0\" aria-hidden=\"true\" \/><\/span><\/b><span class=\"x_MsoHyperlink\"><b><span lang=\"ES-MX\"><br class=\"x_ContentPasted0\" aria-hidden=\"true\" \/><\/span><\/b><\/span><\/p><p class=\"x_MsoNormal\"><strong><span class=\"x_ContentPasted0\" lang=\"ES-MX\">EL HERALDO<\/span><span class=\"x_ContentPasted0\" lang=\"ES-MX\"><br class=\"x_ContentPasted0\" aria-hidden=\"true\" \/><\/span><\/strong><a href=\"https:\/\/www.diarioelheraldo.cl\/noticia\/docentes-del-maule-exploran-nuevas-metodologias-en-campamento-cientifico\"><span class=\"x_ContentPasted0\" lang=\"ES-MX\">Docentes del Maule exploran nuevas metodolog\u00edas en campamento cient\u00edfico.<\/span><span class=\"x_ContentPasted0\" lang=\"ES-MX\"><span class=\"x_ContentPasted0\">\u00a0\u00a0<\/span><\/span><span class=\"x_ContentPasted0\" lang=\"ES-MX\">Se refiere Leonardo Leottau, director de Explora Maule.<\/span><\/a><span class=\"x_ContentPasted0\" lang=\"ES-MX\"><br class=\"x_ContentPasted0\" aria-hidden=\"true\" \/><\/span><\/p><p>\u00a0<\/p><p class=\"x_MsoNormal\"><strong><span class=\"x_ContentPasted0\" lang=\"ES-MX\">EL MOSTRADOR<\/span><span class=\"x_ContentPasted0\" lang=\"ES-MX\"><br class=\"x_ContentPasted0\" aria-hidden=\"true\" \/><\/span><\/strong><a href=\"https:\/\/www.elmostrador.cl\/datos-utiles\/2024\/01\/02\/que-carrera-te-conviene-top-10-carreras-con-mayor-empleabilidad-al-egresar\/\"><span class=\"x_ContentPasted0\" lang=\"ES-MX\">\u00bfQu\u00e9 carrera te conviene? Top 10 carreras con mayor empleabilidad al egresar. Se menciona la Universidad de Talca<\/span><\/a><strong><span lang=\"ES-MX\"><br class=\"x_ContentPasted0\" aria-hidden=\"true\" \/><\/span><\/strong><\/p><p class=\"x_MsoNormal\"><b><span lang=\"ES-MX\">\u00a0<\/span><\/b><\/p><p class=\"x_MsoNormal\"><b><span class=\"x_ContentPasted0\" lang=\"ES-MX\">EL D\u00cdNAMO<\/span><\/b><span class=\"x_ContentPasted0\">\u00a0<\/span><span class=\"x_ContentPasted0\"><br class=\"x_ContentPasted0\" aria-hidden=\"true\" \/><\/span><a href=\"https:\/\/www.eldinamo.cl\/educacion\/2024\/01\/03\/admision-2024-mas-de-dos-mil-cupos-para-mujeres-en-ciencias-tecnologias-ingenierias-y-matematicas\/\"><span class=\"x_ContentPasted0\" lang=\"ES-MX\">Admisi\u00f3n 2024: d\u00f3nde est\u00e1n los m\u00e1s de dos mil cupos para mujeres en carreras de ciencias, tecnolog\u00edas, ingenier\u00edas y matem\u00e1ticas. Se menciona la Universidad de Talca.<\/span><\/a><span class=\"x_ContentPasted0\"><br class=\"x_ContentPasted0\" aria-hidden=\"true\" \/><\/span><\/p><p class=\"x_MsoNormal\">\u00a0<\/p><p class=\"x_MsoNormal\"><b><span class=\"x_ContentPasted0\" lang=\"ES-MX\">RED GOL<\/span><\/b><span class=\"x_ContentPasted0\">\u00a0<\/span><span class=\"x_ContentPasted0\"><br class=\"x_ContentPasted0\" aria-hidden=\"true\" \/><\/span><a href=\"https:\/\/redgol.cl\/tendencias\/gratuidad-revisa-como-se-renueva-o-postula-al-beneficio-20240103-RDG-248090.html\"><span class=\"x_ContentPasted0\" lang=\"ES-MX\">Gratuidad: Revisa c\u00f3mo se renueva o postula al beneficio y qui\u00e9nes lo pueden perder. Se menciona la Universidad de Talca.<\/span><\/a><span class=\"x_ContentPasted0\">\u00a0<\/span><span class=\"x_ContentPasted0\"><br class=\"x_ContentPasted0\" aria-hidden=\"true\" \/><\/span><\/p><p class=\"x_MsoNormal\">\u00a0<\/p><p class=\"x_MsoNormal\"><b><span class=\"x_ContentPasted0\" lang=\"ES-MX\">CANAL VIAX<\/span><\/b><span class=\"x_ContentPasted0\">\u00a0<\/span><span class=\"x_ContentPasted0\"><br class=\"x_ContentPasted0\" aria-hidden=\"true\" \/><\/span><a href=\"https:\/\/canalviax.com\/nacional\/donde-estudiar-este-2024-estas-son-las-3-universidades-chilenas-que-estan-entre-las-1-000-mejores-del-mundo\/\"><span class=\"x_ContentPasted0\" lang=\"ES-MX\">\u00bfD\u00f3nde estudiar este 2024? Estas son las 3 universidades chilenas que est\u00e1n entre las 1.000 mejores del mundo.\u00a0Se menciona la Universidad de Talca.<\/span><span class=\"x_ContentPasted0\">\u00a0<\/span><\/a><span class=\"x_ContentPasted0\"><br class=\"x_ContentPasted0\" aria-hidden=\"true\" \/><\/span><\/p><p class=\"x_MsoNormal\">\u00a0<\/p><p class=\"x_MsoNormal\"><b><span class=\"x_ContentPasted0\" lang=\"ES-MX\">ENCANCHA.CL<\/span><\/b><span class=\"x_ContentPasted0\">\u00a0<\/span><span class=\"x_ContentPasted0\"><br class=\"x_ContentPasted0\" aria-hidden=\"true\" \/><\/span><a href=\"https:\/\/www.encancha.cl\/enlahora\/servicios\/2024\/01\/02\/admision-2024-cual-es-el-puntaje-de-corte-para-entrar-a-estudiar-medicina-en-cada-universidad\/\"><span class=\"x_ContentPasted0\" lang=\"ES-MX\">Admisi\u00f3n 2024: \u00bfCu\u00e1l es el puntaje de corte para entrar a estudiar medicina en cada universidad?<\/span><span class=\"x_ContentPasted0\" lang=\"ES-MX\">\u00a0Se menciona la Universidad de Talca.<\/span><span class=\"x_ContentPasted0\">\u00a0<\/span><\/a><span class=\"x_ContentPasted0\"><br class=\"x_ContentPasted0\" aria-hidden=\"true\" \/><\/span><\/p><p class=\"x_MsoNormal\"><span class=\"x_ContentPasted0\">\u00a0<\/span>\u00a0<\/p><p class=\"x_MsoNormal\"><b><span class=\"x_ContentPasted0\" lang=\"ES-MX\">REPORTE MINERO<\/span><\/b><span class=\"x_ContentPasted0\">\u00a0<\/span><span class=\"x_ContentPasted0\"><br class=\"x_ContentPasted0\" aria-hidden=\"true\" \/><\/span><a href=\"https:\/\/www.reporteminero.cl\/noticia\/noticias\/2024\/01\/admision-2024-carreras-stem-chile-cuales-son-y-donde-postular\"><span class=\"x_ContentPasted0\" lang=\"ES-MX\">Admisi\u00f3n 2024: Carreras STEM en Chile \u00bfCu\u00e1les son y d\u00f3nde postular?\u00a0<\/span><span class=\"x_ContentPasted0\" lang=\"ES-MX\">Se menciona la Universidad de Talca.<\/span><span class=\"x_ContentPasted0\">\u00a0<\/span><\/a><span class=\"x_ContentPasted0\"><br class=\"x_ContentPasted0\" aria-hidden=\"true\" \/><\/span><span class=\"x_ContentPasted0\" lang=\"ES\">\u00a0<\/span><span lang=\"ES\">\u00a0<\/span><\/p><p class=\"x_MsoNormal\"><b><span class=\"x_ContentPasted0\" lang=\"ES-MX\">EL PERIODISTA<\/span><\/b><span class=\"x_ContentPasted0\">\u00a0<\/span><span class=\"x_ContentPasted0\"><br class=\"x_ContentPasted0\" aria-hidden=\"true\" \/><\/span><a href=\"https:\/\/www.elperiodista.cl\/2024\/01\/ranking-internacional-destaca-a-tres-universidades-chilenas-entre-las-mil-mejores-del-mundo\/\"><span class=\"x_ContentPasted0\" lang=\"ES-MX\">Ranking internacional destaca a tres universidades chilenas entre las mil mejores del mundo. Se menciona la Universidad de Talca.\u00a0<\/span><\/a><span class=\"x_ContentPasted0\">\u00a0<\/span><span class=\"x_ContentPasted0\"><br class=\"x_ContentPasted0\" aria-hidden=\"true\" \/><\/span><\/p><p>\u00a0<\/p><p class=\"x_MsoNormal\"><b><span class=\"x_ContentPasted0\" lang=\"ES-MX\">CHILEVISI\u00d3N<\/span><span class=\"x_ContentPasted0\" lang=\"ES-MX\"><br class=\"x_ContentPasted0\" aria-hidden=\"true\" \/><\/span><\/b><a href=\"https:\/\/www.chvnoticias.cl\/te-ayuda\/admision-2024-10-carreras-mayor-empleabilidad-un-ano-egreso_20240102\/\"><span class=\"x_ContentPasted0\" lang=\"ES-MX\">Admisi\u00f3n 2024: Las 10 carreras con mayor empleabilidad al primer a\u00f1o de egreso. Se menciona la Universidad de Talca<\/span><\/a><span class=\"x_ContentPasted0\" lang=\"ES-MX\"><b><br class=\"x_ContentPasted0\" aria-hidden=\"true\" \/><\/b><\/span><\/p><p>\u00a0<\/p><p class=\"x_MsoNormal\"><b><span class=\"x_ContentPasted0\" lang=\"ES-MX\">EL D\u00cdNAMO<\/span><span class=\"x_ContentPasted0\" lang=\"ES-MX\"><br class=\"x_ContentPasted0\" aria-hidden=\"true\" \/><\/span><\/b><a href=\"https:\/\/www.eldinamo.cl\/buen-dato\/2024\/01\/02\/paso-a-paso-de-lo-que-tienes-que-hacer-para-postular-a-una-carrera-tras-conocer-tu-puntaje-en-la-paes\/\"><span class=\"x_ContentPasted0\" lang=\"ES-MX\">Paso a paso de lo que tienes que hacer para postular a una carrera tras conocer tu puntaje en la PAES. Se menciona la Universidad de Talca.<\/span><\/a><span class=\"x_ContentPasted0\" lang=\"ES-MX\"><br class=\"x_ContentPasted0\" aria-hidden=\"true\" \/><span class=\"x_MsoHyperlink\"><br class=\"x_ContentPasted0\" aria-hidden=\"true\" \/><br \/><\/span><\/span><\/p>\t\t\t\t\t\t<\/div>\n\t\t\t\t<\/div>\n\t\t\t\t\t<\/div>\n\t\t<\/div>\n\t\t\t\t\t\t\t<\/div>\n\t\t<\/section>\n\t\t\t\t\t\t<\/div>\n\t\t\t\t\t<\/div>\n\t\t","protected":false},"excerpt":{"rendered":"<p>MEDIABANCOPresidente Boric firm\u00f3 nuevos Estatutos de la Universidad de Talca. Se refiere el rector Carlos Torres Fuchslocher y el funcionario, Jorge Herrera Soto. \u00a0 ADPRENSAPresidente Boric firm\u00f3 nuevos Estatutos de la Universidad de Talca. Se refiere el rector Carlos Torres Fuchslocher y el funcionario, Jorge Herrera Soto. \u00a0 G5 NOTICIASCon diversas actividades la UTalca recibir\u00e1 &hellip;<\/p>\n<p class=\"read-more\"> <a class=\"\" href=\"https:\/\/www.reportedeprensa.utalca.cl\/?p=8951\"> <span class=\"screen-reader-text\">05 de enero de 2024<\/span> Read More &raquo;<\/a><\/p>\n","protected":false},"author":1,"featured_media":0,"comment_status":"closed","ping_status":"open","sticky":false,"template":"","format":"standard","meta":{"_monsterinsights_skip_tracking":false,"_monsterinsights_sitenote_active":false,"_monsterinsights_sitenote_note":"","_monsterinsights_sitenote_category":0},"categories":[44],"tags":[],"_links":{"self":[{"href":"https:\/\/www.reportedeprensa.utalca.cl\/index.php?rest_route=\/wp\/v2\/posts\/8951"}],"collection":[{"href":"https:\/\/www.reportedeprensa.utalca.cl\/index.php?rest_route=\/wp\/v2\/posts"}],"about":[{"href":"https:\/\/www.reportedeprensa.utalca.cl\/index.php?rest_route=\/wp\/v2\/types\/post"}],"author":[{"embeddable":true,"href":"https:\/\/www.reportedeprensa.utalca.cl\/index.php?rest_route=\/wp\/v2\/users\/1"}],"replies":[{"embeddable":true,"href":"https:\/\/www.reportedeprensa.utalca.cl\/index.php?rest_route=%2Fwp%2Fv2%2Fcomments&post=8951"}],"version-history":[{"count":4,"href":"https:\/\/www.reportedeprensa.utalca.cl\/index.php?rest_route=\/wp\/v2\/posts\/8951\/revisions"}],"predecessor-version":[{"id":8955,"href":"https:\/\/www.reportedeprensa.utalca.cl\/index.php?rest_route=\/wp\/v2\/posts\/8951\/revisions\/8955"}],"wp:attachment":[{"href":"https:\/\/www.reportedeprensa.utalca.cl\/index.php?rest_route=%2Fwp%2Fv2%2Fmedia&parent=8951"}],"wp:term":[{"taxonomy":"category","embeddable":true,"href":"https:\/\/www.reportedeprensa.utalca.cl\/index.php?rest_route=%2Fwp%2Fv2%2Fcategories&post=8951"},{"taxonomy":"post_tag","embeddable":true,"href":"https:\/\/www.reportedeprensa.utalca.cl\/index.php?rest_route=%2Fwp%2Fv2%2Ftags&post=8951"}],"curies":[{"name":"wp","href":"https:\/\/api.w.org\/{rel}","templated":true}]}}