{"id":8959,"date":"2024-01-08T15:09:33","date_gmt":"2024-01-08T18:09:33","guid":{"rendered":"https:\/\/www.reportedeprensa.utalca.cl\/?p=8959"},"modified":"2024-01-08T15:41:36","modified_gmt":"2024-01-08T18:41:36","slug":"08-de-enero-de-2024","status":"publish","type":"post","link":"https:\/\/www.reportedeprensa.utalca.cl\/?p=8959","title":{"rendered":"08 de enero de 2024"},"content":{"rendered":"\t\t<div data-elementor-type=\"wp-post\" data-elementor-id=\"8959\" class=\"elementor elementor-8959\" data-elementor-settings=\"[]\">\n\t\t\t\t\t\t\t<div class=\"elementor-section-wrap\">\n\t\t\t\t\t\t\t<section class=\"elementor-section elementor-top-section elementor-element elementor-element-bcea1a8 elementor-section-boxed elementor-section-height-default elementor-section-height-default\" data-id=\"bcea1a8\" data-element_type=\"section\">\n\t\t\t\t\t\t<div class=\"elementor-container elementor-column-gap-default\">\n\t\t\t\t\t<div class=\"elementor-column elementor-col-100 elementor-top-column elementor-element elementor-element-e7183bf\" data-id=\"e7183bf\" data-element_type=\"column\">\n\t\t\t<div class=\"elementor-widget-wrap elementor-element-populated\">\n\t\t\t\t\t\t\t\t<div class=\"elementor-element elementor-element-5ffbb87 elementor-widget elementor-widget-text-editor\" data-id=\"5ffbb87\" data-element_type=\"widget\" data-widget_type=\"text-editor.default\">\n\t\t\t\t<div class=\"elementor-widget-container\">\n\t\t\t\t\t\t\t\t<p><b><span lang=\"es-MX\">El Mostrador\u00a0<\/span><\/b><\/p><p><a href=\"https:\/\/www.elmostrador.cl\/cultura\/ciencia-cultura\/2024\/01\/07\/todo-listo-para-congreso-futuro-maule-2024\/\"><span lang=\"es-MX\">Vanguardia de la Ciencia y la Tecnolog\u00eda llegan al Maule con el Congreso Futuro 2024. Se refiere Carlos Torres\u00a0Fuchslocher, rector\u00a0UTalca.\u00a0<\/span><\/a> <b><span lang=\"es-MX\"><br aria-hidden=\"true\" \/><a id=\"OWAda2c61cf-2e4c-4366-7f33-055b72daa54b\" href=\"https:\/\/www.elmostrador.cl\/cultura\/ciencia-cultura\/2024\/01\/07\/todo-listo-para-congreso-futuro-maule-2024\/\" target=\"_blank\" rel=\"noopener noreferrer\" data-auth=\"NotApplicable\" data-loopstyle=\"linkonly\" data-linkindex=\"0\"><\/a><\/span><\/b><span lang=\"es-MX\">\u00a0<\/span><\/p><p><b><span lang=\"es-MX\">DIARIO TALCA<\/span><\/b><span lang=\"es\">\u00a0<br aria-hidden=\"true\" \/><\/span><a href=\"https:\/\/diariotalca.cl\/vanguardia-de-la-ciencia-y-la-tecnologia-llegan-al-maule-con-el-congreso-futuro-2024\/\"><span lang=\"es-MX\">Vanguardia de la Ciencia y la Tecnolog\u00eda llegan al Maule con el Congreso Futuro 2024. Se refiere Carlos Torres\u00a0Fuchslocher, rector\u00a0UTalca.\u00a0<\/span><\/a><span lang=\"es\"><a href=\"https:\/\/diariotalca.cl\/vanguardia-de-la-ciencia-y-la-tecnologia-llegan-al-maule-con-el-congreso-futuro-2024\/\">\u00a0<\/a><br aria-hidden=\"true\" \/><\/span><span lang=\"es-MX\"><br aria-hidden=\"true\" \/><\/span><\/p><p><b><span lang=\"es-MX\">AD PRENSA<\/span><\/b><span lang=\"es\">\u00a0<br aria-hidden=\"true\" \/><\/span><a href=\"https:\/\/www.adprensa.cl\/cronica\/vanguardia-de-la-ciencia-y-la-tecnologia-llegan-al-maule-con-el-congreso-futuro-2024\/\"><span lang=\"es-MX\">Vanguardia de la Ciencia y la Tecnolog\u00eda llegan al Maule con el Congreso Futuro 2024. Se refiere Carlos Torres\u00a0Fuchslocher, rector\u00a0UTalca.<\/span><\/a><span lang=\"es\"><a href=\"https:\/\/www.adprensa.cl\/cronica\/vanguardia-de-la-ciencia-y-la-tecnologia-llegan-al-maule-con-el-congreso-futuro-2024\/\">\u00a0<\/a><\/span><span lang=\"es-MX\"><br aria-hidden=\"true\" \/><\/span><span lang=\"es\">\u00a0<\/span><span lang=\"es\">\u00a0<\/span><\/p><p><b><span lang=\"es-MX\">MEDIABANCO<\/span><\/b><span lang=\"es\">\u00a0<br aria-hidden=\"true\" \/><\/span><a href=\"https:\/\/www.mediabanco.com\/vanguardia-de-la-ciencia-y-la-tecnologia-llegan-al-maule-con-el-congreso-futuro-2024\/#:~:text=El%20Congreso%20Futuro%202024%20promete,para%20el%20desarrollo%20del%20pa%C3%ADs.\"><span lang=\"es-MX\">Vanguardia de la Ciencia y la Tecnolog\u00eda llegan al Maule con el Congreso Futuro 2024. Se refiere Carlos Torres\u00a0Fuchslocher, rector\u00a0UTalca.<\/span><\/a><span lang=\"es\"><a href=\"https:\/\/www.mediabanco.com\/vanguardia-de-la-ciencia-y-la-tecnologia-llegan-al-maule-con-el-congreso-futuro-2024\/#:~:text=El%20Congreso%20Futuro%202024%20promete,para%20el%20desarrollo%20del%20pa%C3%ADs.\">\u00a0<\/a><br aria-hidden=\"true\" \/><\/span><span lang=\"es-MX\"><br aria-hidden=\"true\" \/><\/span><\/p><p><b><span lang=\"es-MX\">EL HERALDO<\/span><\/b><span lang=\"es\">\u00a0<br aria-hidden=\"true\" \/><\/span><a href=\"https:\/\/www.diarioelheraldo.cl\/noticia\/vanguardia-de-la-ciencia-y-la-tecnologia-llegan-al-maule-con-el-congreso-futuro-2024\"><span lang=\"es-MX\">Vanguardia de la Ciencia y la Tecnolog\u00eda llegan al Maule con el Congreso Futuro 2024. Se refiere Carlos Torres\u00a0Fuchslocher, rector\u00a0UTalca.\u00a0<\/span><\/a><span lang=\"es\"><a href=\"https:\/\/www.diarioelheraldo.cl\/noticia\/vanguardia-de-la-ciencia-y-la-tecnologia-llegan-al-maule-con-el-congreso-futuro-2024\">\u00a0<\/a><br aria-hidden=\"true\" \/><\/span><b><span lang=\"es-MX\"><br aria-hidden=\"true\" \/><\/span><\/b><\/p><p><b><span lang=\"es-MX\">EL MAULE INFORMA<\/span><\/b><span lang=\"es\">\u00a0<br aria-hidden=\"true\" \/><\/span><a href=\"https:\/\/elmauleinforma.cl\/vanguardia-de-la-ciencia-y-la-tecnologia-llegan-al-maule-con-el-congreso-futuro-2024\/\"><span lang=\"es-MX\">Vanguardia de la Ciencia y la Tecnolog\u00eda llegan al Maule con el Congreso Futuro 2024, Se refiere Carlos Torres\u00a0Fuchslocher, rector\u00a0UTalca.<\/span><\/a><span lang=\"es\"><a href=\"https:\/\/elmauleinforma.cl\/vanguardia-de-la-ciencia-y-la-tecnologia-llegan-al-maule-con-el-congreso-futuro-2024\/\">\u00a0<\/a><br aria-hidden=\"true\" \/><\/span><\/p><p><span lang=\"en-US\">\u00a0<\/span><span lang=\"en-US\">\u00a0<\/span><\/p><p><b><span lang=\"es-MX\">UCM.CL<\/span><\/b><span lang=\"es\">\u00a0<br aria-hidden=\"true\" \/><\/span><a href=\"https:\/\/portal.ucm.cl\/noticias\/vanguardia-la-ciencia-la-tecnologia-llegan-al-maule-congreso-futuro-2024\"><span lang=\"es-MX\">Vanguardia de la Ciencia y la Tecnolog\u00eda llegan al Maule con el Congreso Futuro 2024. Se refiere Carlos Torres\u00a0Fuchslocher, rector\u00a0UTalca.<\/span><\/a><span lang=\"es\"><a href=\"https:\/\/portal.ucm.cl\/noticias\/vanguardia-la-ciencia-la-tecnologia-llegan-al-maule-congreso-futuro-2024\">\u00a0<\/a><br aria-hidden=\"true\" \/><\/span><span lang=\"es\">\u00a0<\/span><\/p><p><b><span lang=\"es-MX\">EL MAULE INFORMA<\/span><\/b><b><\/b><b><br aria-hidden=\"true\" \/><\/b><a href=\"https:\/\/elmauleinforma.cl\/escuela-de-agronomia-utalca-ofrece-programa-de-doble-titulacion-con-universidad-francesa\/\"><span lang=\"es-MX\">Escuela de Agronom\u00eda UTalca ofrece programa de doble titulaci\u00f3n con universidad francesa. Se refiere\u00a0<\/span><span lang=\"es-MX\">Gabriela<\/span><span lang=\"es-MX\">\u00a0Cofr\u00e9\u00a0Bravo, directora Escuela de Agronom\u00eda.<\/span><\/a><b><span lang=\"es-MX\"><br aria-hidden=\"true\" \/><\/span><\/b><\/p><p>\u00a0<\/p><p><b><span lang=\"es-MX\">PUBLIMICRO\u00a0<\/span><\/b><\/p><p><span lang=\"es-MX\"><a href=\"https:\/\/publimicro.cl\/escuela-de-agronomia-de-la-universidad-de-talca-ofrece-programa-de-doble-titulacion-con-universidad-francesa\/\">Escuela de Agronom\u00eda de la Universidad de Talca, ofrece programa de doble titulaci\u00f3n con universidad francesa.\u00a0\u00a0Se refiere\u00a0Gabriela\u00a0Cofr\u00e9\u00a0Bravo, directora Escuela de Agronom\u00eda.<\/a><br aria-hidden=\"true\" \/><\/span><\/p><p><b><span lang=\"es\">\u00a0<\/span><\/b><\/p><p><b>RADIO FM M\u00c1S<\/b><\/p><p><a href=\"https:\/\/radiofmmas.cl\/escuela-de-agronomia-utalca-ofrece-programa-de-doble-titulacion-con-universidad-francesa\/\">Escuela de Agronom\u00eda de la Universidad de Talca, ofrece programa de doble titulaci\u00f3n con universidad francesa. \u00a0Se refiere Gabriela Cofr\u00e9 Bravo, directora Escuela de Agronom\u00eda.<\/a><\/p><p>\u00a0<\/p><p><b>CHILL\u00c1N ONLINE<\/b><\/p><p><a href=\"https:\/\/www.chillanonline.cl\/V7\/2024\/01\/07\/escuela-de-agronomia-utalca-ofrece-programa-de-doble-titulacion-con-universidad-francesa\/\">Escuela de Agronom\u00eda de la Universidad de Talca, ofrece programa de doble titulaci\u00f3n con universidad francesa. \u00a0Se refiere Gabriela Cofr\u00e9 Bravo, directora Escuela de Agronom\u00eda.<\/a><\/p><p>\u00a0<\/p><p><b><span lang=\"es\">RADIO NUEVO MUNDO<br aria-hidden=\"true\" \/><\/span><\/b><span lang=\"es\"><a href=\"https:\/\/radionuevomundo.cl\/2024\/01\/07\/academica-andrea-betancor-sobre-pensiones-hay-un-error-historico-ese-10-no-alcanzo\/perdon-especialista-respondio_20240107\/\">Hay un error hist\u00f3rico, ese 10% no alcanz\u00f3. Se refiere Andrea Betancor, acad\u00e9mica de la Facultad de Econom\u00eda y Negocios.<\/a><\/span><b><span lang=\"es\"><br aria-hidden=\"true\" \/><br aria-hidden=\"true\" \/><\/span><\/b><b><span lang=\"es-MX\">LA TRIBUNA<br aria-hidden=\"true\" \/><\/span><\/b><span lang=\"es-MX\"><a href=\"https:\/\/www.latribuna.cl\/salud\/2024\/01\/06\/chile-participa-en-estudio-internacional-para-conocer-la-arquitectura-genetica-humana-del-covid-19.html\">Chile participa en estudio internacional para conocer la arquitectura gen\u00e9tica humana del Covid-19. Se refiere Ricardo Verdugo Salgado, acad\u00e9mico de la Escuela de Medicina.<\/a><\/span><b><span lang=\"es-MX\"><br aria-hidden=\"true\" \/><br \/><\/span><\/b><\/p><p><b><span lang=\"es-MX\">CHILEVISION<br aria-hidden=\"true\" \/><\/span><\/b><span lang=\"es-MX\"><a href=\"https:\/\/www.chvnoticias.cl\/nacional\/leda-bergonzi-aseguro-que-el-cancer-se-debe-a-la-falta-de-perdon-especialista-respondio_20240107\/\">Leda Bergonzi asegur\u00f3 que el c\u00e1ncer se debe a la \u201cfalta de perd\u00f3n\u201d: Especialista respondi\u00f3. Se refiere\u00a0Marcelo\u00a0Alarc\u00f3n acad\u00e9mico de la Facultad de Ciencias de la Salud y miembro del CIES.\u00a0<\/a><\/span><b><span lang=\"es-MX\"><br aria-hidden=\"true\" \/><br aria-hidden=\"true\" \/><\/span><\/b><b><span lang=\"es-MX\">EL MAULE INFORMA<br aria-hidden=\"true\" \/><\/span><\/b><span lang=\"es-MX\"><a href=\"https:\/\/elmauleinforma.cl\/universidad-de-talca-realizara-talleres-cientificos-gratuitos-para-ninas-y-ninos-en-verano\/\">Universidad de Talca realizar\u00e1 talleres cient\u00edficos gratuitos para ni\u00f1as y ni\u00f1os en verano. Se refiere Karin Saavedra Redlich, directora general de Vinculaci\u00f3n con el Medio y C\u00e9sar Retamal Bravo, acad\u00e9mico de la Facultad de Ingenier\u00eda y director del proyecto DTC.<\/a><\/span><b><span lang=\"es-MX\"><br aria-hidden=\"true\" \/><br \/><\/span><\/b><\/p><p><b><span lang=\"es-MX\">PUBLIMICRO<br aria-hidden=\"true\" \/><\/span><\/b><a href=\"https:\/\/publimicro.cl\/universidad-de-talca-realizara-en-enero-talleres-cientificos-de-verano-para-ninas-y-ninos-del-maule\/\"><span lang=\"es-MX\">Universidad de Talca realizar\u00e1 talleres cient\u00edficos gratuitos para ni\u00f1as y ni\u00f1os en verano. Se refiere Karin Saavedra Redlich, directora general de Vinculaci\u00f3n con el Medio y C\u00e9sar Retamal Bravo, acad\u00e9mico de la Facultad de Ingenier\u00eda y director del proyecto DTC.<\/span><\/a><\/p><p>\u00a0<\/p><p><span lang=\"es-MX\"><b>DIARIO EL HERALDO<\/b><\/span><\/p><p><a href=\"https:\/\/www.diarioelheraldo.cl\/noticia\/universidad-de-talca-realizara-talleres-cientificos-para-ninas-y-ninos-en-verano-2\"><span lang=\"es-MX\">Universidad de Talca realizar\u00e1 talleres cient\u00edficos para ni\u00f1as y ni\u00f1os en verano.\u00a0Se refiere Karin Saavedra Redlich, directora general de Vinculaci\u00f3n con el Medio y C\u00e9sar Retamal Bravo, acad\u00e9mico de la Facultad de Ingenier\u00eda y director del proyecto DTC.<\/span><\/a><\/p><p><span lang=\"es-MX\"><span data-ccp-props=\"{&quot;201341983&quot;:0,&quot;335559739&quot;:160,&quot;335559740&quot;:259}\">\u00a0<\/span><br aria-hidden=\"true\" \/><\/span><\/p><p><b>AD PRENSA<\/b><\/p><p><a href=\"https:\/\/www.adprensa.cl\/cronica\/universidad-de-talca-realizara-talleres-cientificos-para-ninas-y-ninos-en-verano\/\">Universidad de Talca realizar\u00e1 talleres cient\u00edficos para ni\u00f1as y ni\u00f1os en verano. Se refiere Karin Saavedra Redlich, directora general de Vinculaci\u00f3n con el Medio y C\u00e9sar Retamal Bravo, acad\u00e9mico de la Facultad de Ingenier\u00eda y director del proyecto DTC.<\/a><\/p><p><b><span lang=\"es-MX\">\u00a0<\/span><\/b><\/p><p><b>EL MAULE INFORMA<\/b><\/p><p><a href=\"https:\/\/elmauleinforma.cl\/utalca-ofrecera-taller-gratuito-para-el-cuidado-de-ninas-y-ninos\/\">UTalca ofrecer\u00e1 taller gratuito para el cuidado de ni\u00f1as y ni\u00f1os. Se refiere\u00a0Karin Saavedra Redlich, directora general de Vinculaci\u00f3n con el Medio y\u00a0Pablo Concha,\u00a0director de la Escuela para Familias y director (s) Psicolog\u00eda UTalca,<\/a><\/p><p><b><span lang=\"es-MX\">\u00a0<\/span><\/b><\/p><p><b><span lang=\"es-MX\">AD PRENSA<\/span><\/b><\/p><p><span lang=\"es-MX\"><a href=\"https:\/\/www.adprensa.cl\/cronica\/utalca-ofrecera-taller-gratuito-para-el-cuidado-de-ninas-y-ninos\/\">UTalca ofrecer\u00e1 taller gratuito para el cuidado de ni\u00f1as y ni\u00f1os.\u00a0Se refiere\u00a0Karin Saavedra Redlich, directora general de Vinculaci\u00f3n con el Medio y\u00a0Pablo Concha,\u00a0director de la Escuela para Familias y director (s) Psicolog\u00eda UTalca,<\/a><\/span><b><\/b><\/p><p>\u00a0<\/p><p><b><span lang=\"es-MX\">G5 NOTICIAS<br aria-hidden=\"true\" \/><\/span><\/b><a href=\"https:\/\/g5noticias.cl\/2024\/01\/06\/como-prevenir-golpes-de-calor-ante-las-altas-temperaturas-del-verano\/\"><span lang=\"es-MX\">\u00bfC\u00f3mo prevenir golpes de calor ante las altas temperaturas del verano? Se refiere Minerva Astudillo, dirtectora Escuela de Enfermer\u00eda<\/span><\/a><b><span lang=\"es-MX\"><br aria-hidden=\"true\" \/><br aria-hidden=\"true\" \/><\/span><\/b><b><span lang=\"es-MX\">DIARIO HERALDO<\/span><\/b><span lang=\"es-MX\"><br aria-hidden=\"true\" \/><a href=\"https:\/\/www.diarioelheraldo.cl\/noticia\/el-desafio-de-vivir-mas-la-importancia-de-la-existencia-de-centros-de-estudio-del-envejecimiento\">El \u201cDesaf\u00edo\u201d de vivir m\u00e1s: la importancia de la existencia de centros de estudio del Envejecimiento. Se refiere Sergio Wehinger, director del Mag\u00edster en Ciencias Biom\u00e9dicas.<\/a><br aria-hidden=\"true\" \/><\/span><\/p><p>\u00a0<\/p><p><b><span lang=\"es-MX\">EL MAULE INFORMA<\/span><\/b><b><\/b><b><br aria-hidden=\"true\" \/><\/b><a href=\"https:\/\/elmauleinforma.cl\/mas-de-350-ninos-y-ninas-participan-de-las-escuelas-deportivas-de-verano-en-la-utalca\/\">M\u00e1s de 350 ni\u00f1os y ni\u00f1as participan de las escuelas deportivas de verano en la UTalca. Se refiere Cristian\u00a0Santos\u00a0Santana\u00a0director del programa de Vida Saludable.<\/a><b><br aria-hidden=\"true\" \/><\/b><\/p><p>\u00a0<\/p><p><b>MEDIABANCO<br aria-hidden=\"true\" \/><\/b><\/p><p><a href=\"https:\/\/www.mediabanco.com\/mas-de-350-ninos-y-ninas-participan-de-las-escuelas-deportivas-de-verano-en-la-utalca\/\">M\u00e1s de 350 ni\u00f1os y ni\u00f1as participan de las escuelas deportivas de verano en la UTalca. Se refiere Cristian\u00a0Santos\u00a0Santana\u00a0director del programa de Vida Saludable.<\/a><b><br aria-hidden=\"true\" \/><\/b><\/p><p>\u00a0<\/p><p><b>DIARIO TALCA<br aria-hidden=\"true\" \/><\/b><a href=\"https:\/\/diariotalca.cl\/mas-de-350-ninos-y-ninas-participan-de-escuelas-deportivas-de-verano\/\">M\u00e1s de 350 ni\u00f1os y ni\u00f1as participan de las escuelas deportivas de verano en la UTalca. Se refiere Cristian<\/a><a href=\"https:\/\/diariotalca.cl\/mas-de-350-ninos-y-ninas-participan-de-escuelas-deportivas-de-verano\/\">\u00a0Santos\u00a0Santana<\/a><a href=\"https:\/\/diariotalca.cl\/mas-de-350-ninos-y-ninas-participan-de-escuelas-deportivas-de-verano\/\">\u00a0director del programa de Vida Saludable.<\/a><b><br aria-hidden=\"true\" \/><\/b><\/p><p>\u00a0<\/p><p><b><span lang=\"es-MX\">PUBLIMICRO\u00a0\u00a0\u00a0<\/span><\/b><\/p><p><span lang=\"es-MX\"><a href=\"https:\/\/publimicro.cl\/mas-de-350-ninos-y-ninas-participan-de-las-escuelas-deportivas-de-verano-en-la-utalca\/\">M\u00e1s de 350 ni\u00f1os y ni\u00f1as participan de las escuelas deportivas de verano en la UTalca,\u00a0Se refiere Cristian\u00a0Santos\u00a0Santana\u00a0director del programa de Vida Saludable.<\/a><br aria-hidden=\"true\" \/><\/span><\/p><div>\u00a0<\/div><p class=\"x_MsoNormal\"><span class=\"x_ContentPasted0\" lang=\"ES-MX\"><span class=\"x_MsoHyperlink\"><br class=\"x_ContentPasted0\" aria-hidden=\"true\" \/><br \/><\/span><\/span><\/p>\t\t\t\t\t\t<\/div>\n\t\t\t\t<\/div>\n\t\t\t\t\t<\/div>\n\t\t<\/div>\n\t\t\t\t\t\t\t<\/div>\n\t\t<\/section>\n\t\t\t\t\t\t<\/div>\n\t\t\t\t\t<\/div>\n\t\t","protected":false},"excerpt":{"rendered":"<p>El Mostrador\u00a0 Vanguardia de la Ciencia y la Tecnolog\u00eda llegan al Maule con el Congreso Futuro 2024. Se refiere Carlos Torres\u00a0Fuchslocher, rector\u00a0UTalca.\u00a0 \u00a0 DIARIO TALCA\u00a0Vanguardia de la Ciencia y la Tecnolog\u00eda llegan al Maule con el Congreso Futuro 2024. Se refiere Carlos Torres\u00a0Fuchslocher, rector\u00a0UTalca.\u00a0\u00a0 AD PRENSA\u00a0Vanguardia de la Ciencia y la Tecnolog\u00eda llegan al Maule &hellip;<\/p>\n<p class=\"read-more\"> <a class=\"\" href=\"https:\/\/www.reportedeprensa.utalca.cl\/?p=8959\"> <span class=\"screen-reader-text\">08 de enero de 2024<\/span> Read More &raquo;<\/a><\/p>\n","protected":false},"author":1,"featured_media":0,"comment_status":"closed","ping_status":"open","sticky":false,"template":"","format":"standard","meta":{"_monsterinsights_skip_tracking":false,"_monsterinsights_sitenote_active":false,"_monsterinsights_sitenote_note":"","_monsterinsights_sitenote_category":0},"categories":[44],"tags":[],"_links":{"self":[{"href":"https:\/\/www.reportedeprensa.utalca.cl\/index.php?rest_route=\/wp\/v2\/posts\/8959"}],"collection":[{"href":"https:\/\/www.reportedeprensa.utalca.cl\/index.php?rest_route=\/wp\/v2\/posts"}],"about":[{"href":"https:\/\/www.reportedeprensa.utalca.cl\/index.php?rest_route=\/wp\/v2\/types\/post"}],"author":[{"embeddable":true,"href":"https:\/\/www.reportedeprensa.utalca.cl\/index.php?rest_route=\/wp\/v2\/users\/1"}],"replies":[{"embeddable":true,"href":"https:\/\/www.reportedeprensa.utalca.cl\/index.php?rest_route=%2Fwp%2Fv2%2Fcomments&post=8959"}],"version-history":[{"count":5,"href":"https:\/\/www.reportedeprensa.utalca.cl\/index.php?rest_route=\/wp\/v2\/posts\/8959\/revisions"}],"predecessor-version":[{"id":8967,"href":"https:\/\/www.reportedeprensa.utalca.cl\/index.php?rest_route=\/wp\/v2\/posts\/8959\/revisions\/8967"}],"wp:attachment":[{"href":"https:\/\/www.reportedeprensa.utalca.cl\/index.php?rest_route=%2Fwp%2Fv2%2Fmedia&parent=8959"}],"wp:term":[{"taxonomy":"category","embeddable":true,"href":"https:\/\/www.reportedeprensa.utalca.cl\/index.php?rest_route=%2Fwp%2Fv2%2Fcategories&post=8959"},{"taxonomy":"post_tag","embeddable":true,"href":"https:\/\/www.reportedeprensa.utalca.cl\/index.php?rest_route=%2Fwp%2Fv2%2Ftags&post=8959"}],"curies":[{"name":"wp","href":"https:\/\/api.w.org\/{rel}","templated":true}]}}