{"id":8969,"date":"2024-01-09T12:01:39","date_gmt":"2024-01-09T15:01:39","guid":{"rendered":"https:\/\/www.reportedeprensa.utalca.cl\/?p=8969"},"modified":"2024-01-09T12:07:18","modified_gmt":"2024-01-09T15:07:18","slug":"09-de-enero-de-2024","status":"publish","type":"post","link":"https:\/\/www.reportedeprensa.utalca.cl\/?p=8969","title":{"rendered":"09 de enero de 2024"},"content":{"rendered":"\t\t<div data-elementor-type=\"wp-post\" data-elementor-id=\"8969\" class=\"elementor elementor-8969\" data-elementor-settings=\"[]\">\n\t\t\t\t\t\t\t<div class=\"elementor-section-wrap\">\n\t\t\t\t\t\t\t<section class=\"elementor-section elementor-top-section elementor-element elementor-element-bcea1a8 elementor-section-boxed elementor-section-height-default elementor-section-height-default\" data-id=\"bcea1a8\" data-element_type=\"section\">\n\t\t\t\t\t\t<div class=\"elementor-container elementor-column-gap-default\">\n\t\t\t\t\t<div class=\"elementor-column elementor-col-100 elementor-top-column elementor-element elementor-element-e7183bf\" data-id=\"e7183bf\" data-element_type=\"column\">\n\t\t\t<div class=\"elementor-widget-wrap elementor-element-populated\">\n\t\t\t\t\t\t\t\t<div class=\"elementor-element elementor-element-5ffbb87 elementor-widget elementor-widget-text-editor\" data-id=\"5ffbb87\" data-element_type=\"widget\" data-widget_type=\"text-editor.default\">\n\t\t\t\t<div class=\"elementor-widget-container\">\n\t\t\t\t\t\t\t\t<p><b>El MOSTRADOR\u00a0<\/b><b>\u00a0<\/b><\/p><p><a href=\"https:\/\/www.elmostrador.cl\/agenda-pais\/agenda-innovacion\/2024\/01\/09\/fortalecen-licencias-y-creacion-de-patentes-de-productos-desarrollados-en-universidad-regional\/\">Fortalecen licencias y creaci\u00f3n de patentes de productos desarrollados en universidad regional. Se refiere Ariela Vergara, vicerrectora de Innovaci\u00f3n; Nadia Rojas, directora de Innovaci\u00f3n y Transferencia y Silvana Herrera, dise\u00f1adora UTalca.\u00a0<\/a><a href=\"https:\/\/www.elmostrador.cl\/agenda-pais\/agenda-innovacion\/2024\/01\/09\/fortalecen-licencias-y-creacion-de-patentes-de-productos-desarrollados-en-universidad-regional\/\"><u><br aria-hidden=\"true\" \/><\/u><\/a><b><\/b><\/p><p>\u00a0<\/p><p><b>PUBLIMETRO\u00a0<\/b><\/p><p><a href=\"https:\/\/www.readmetro.com\/en\/chile\/santiago\/20240109\/6\/#book\/6\">Refuerzan llamado a vacunarse ante nueva variante del Covid: Pirola. Se refiere Erika Retamal Contreras, directora Salud P\u00fablica.\u00a0<\/a><\/p><p><b>\u00a0<\/b><\/p><p><b>PUBLIMETRO.CL<\/b><br aria-hidden=\"true\" \/><a href=\"https:\/\/www.publimetro.cl\/noticias\/2024\/01\/09\/pirola-experta-detalla-las-caracteristicas-de-la-nueva-variante-del-covid\/\">Pirola: experta detalla las caracter\u00edsticas de la nueva variante del covid. Se refiere Erika Retamal Contreras, directora Salud P\u00fablica UTalca. \u00a0<\/a><\/p><p>\u00a0<\/p><p><b>PUBLIMICRO<\/b>\u00a0<br aria-hidden=\"true\" \/><a href=\"https:\/\/publimicro.cl\/escuela-de-agronomia-de-la-universidad-de-talca-ofrece-programa-de-doble-titulacion-con-universidad-francesa\/\">Escuela de Agronom\u00eda UTalca\u00a0ofrece programa de doble titulaci\u00f3n con universidad francesa. Se refiere\u00a0Gabriela\u202fCofr\u00e9\u202fBravo, directora Escuela de Agronom\u00eda.\u00a0<\/a><br aria-hidden=\"true\" \/><b>\u00a0<\/b><\/p><p><b>G5NOTICIAS<\/b><b>.CL<\/b><b>\u00a0<\/b><b>\u00a0<\/b><\/p><p><a href=\"https:\/\/g5noticias.cl\/2024\/01\/09\/escuela-de-agronomia-utalca-ofrece-programa-de-doble-titulacion-con-universidad-francesa\/\">Escuela de Agronom\u00eda UTalca\u00a0ofrece programa de doble titulaci\u00f3n con universidad francesa. Se refiere Gabriela\u202fCofr\u00e9\u202fBravo, directora Escuela de Agronom\u00eda.\u00a0\u00a0<\/a><\/p><p class=\"x_elementToProof\">\u00a0<\/p><p class=\"x_elementToProof\"><b>NOTICIAS UBB<\/b><b>\u00a0<\/b><\/p><p><a href=\"https:\/\/noticias.ubiobio.cl\/2024\/01\/08\/ubb-potencia-colaboracion-con-las-universidades-de-nottingham-de-talca-y-de-la-frontera\/\">UBB\u00a0potencia colaboraci\u00f3n con las universidades de Nottingham, de Talca y de La Frontera. Se refiere. Carlos Torres Fuchslocher, rector.\u00a0<\/a><\/p><p>\u00a0<\/p><p><b>DIARIOTALCA.CL<\/b><\/p><p><a href=\"https:\/\/diariotalca.cl\/utalca-ofrecera-taller-gratuito-para-cuidadores-de-ninas-y-ninos\/\">UTalca\u00a0ofrecer\u00e1 taller gratuito para cuidadores de ni\u00f1as y ni\u00f1os. Se refiere\u00a0Pablo Concha, director de la Escuela para Familias y director (s) Psicolog\u00eda UTalca.<\/a><\/p><p>\u00a0<\/p><p><b>OJO PRENSA (ARGENTINA)<\/b>\u00a0<\/p><p><a href=\"https:\/\/ojodeprensa.com.ar\/info-general\/cuestionable-frase-de-leda-en-chile-dijo-que-el-cancer-tiene-un-origen-que-es-la-falta-de-perdon\/\">Cuestionable frase de Leda en Chile: dijo que el c\u00e1ncer \u201ctiene un origen, que es la falta de perd\u00f3n\u201d.<b>\u00a0<\/b>Se refiere\u00a0Marcelo\u202fAlarc\u00f3n acad\u00e9mico de la Facultad de Ciencias de la Salud.\u202f\u00a0<\/a><\/p><p>\u00a0<\/p><p><b>LA CAPITAL (ARGENTINA) \u00a0<\/b><\/p><p><a href=\"https:\/\/www.lacapital.com.ar\/informacion-general\/polemicas-declaraciones-la-sanadora-rosarina-leda-bergonzi-chile-el-cancer-n10111718.html\">Pol\u00e9micas declaraciones de la &#8220;sanadora&#8221; rosarina Leda Bergonzi\u00a0en Chile sobre el c\u00e1ncer. Se refiere\u00a0Marcelo\u202fAlarc\u00f3n acad\u00e9mico de la Facultad de Ciencias de la Salud.\u202f\u00a0<\/a><\/p><p>\u00a0<\/p><p><b>NOTIFE (ARGENTINA)<\/b>\u00a0<br aria-hidden=\"true\" \/><a href=\"https:\/\/www.notife.com\/tiene-un-origen-que-es-la-falta-de-perdon-la-creencia-de-leda-bergonzi-sobre-el-cancer-que-genero-revuelo\">\u201cTiene un origen, que es la falta de perd\u00f3n&#8221;: la creencia de Leda Bergonzi sobre el c\u00e1ncer que gener\u00f3 revuelo. Se refiere Marcelo\u202fAlarc\u00f3n acad\u00e9mico de la Facultad de Ciencias de la Salud.\u202f\u00a0<\/a><\/p><p>\u00a0\u00a0<\/p><p><b>ROSARIO 3\u00a0(ARGENTINA)<\/b>\u00a0<\/p><p><a href=\"https:\/\/www.rosario3.com\/informaciongeneral\/Revuelo-por-las-declaraciones-de-Leda-sobre-el-cancer-en-Chile-20240108-0010.html\">Revuelo por las declaraciones de Leda sobre el c\u00e1ncer en Chile.\u00a0Se refiere\u00a0Marcelo\u202fAlarc\u00f3n acad\u00e9mico de la Facultad de Ciencias de la Salud.\u202f\u00a0<\/a><\/p><p>\u00a0<\/p><p><b>ESPERANCINO.COM (ARGENTINA)<\/b>\u00a0<\/p><p><a href=\"https:\/\/esperancino.com.ar\/la-sanadora-leda-dijo-que-el-cancer-tiene-un-origen-que-es-la-falta-de-perdon\/\">La sanadora Leda dijo que el c\u00e1ncer \u201ctiene un origen, que es la falta de perd\u00f3n\u201d. Se refiere Marcelo\u202fAlarc\u00f3n acad\u00e9mico de la Facultad de Ciencias de la Salud.<\/a><\/p><p>\u00a0<\/p><p><b>SANTA FE 24HORAS (ARGENTINA)<\/b>\u00a0<\/p><p><a href=\"https:\/\/santafe24horas.com.ar\/la-sanadora-leda-dijo-que-el-cancer-tiene-un-origen-que-es-la-falta-de-perdon\/\">La sanadora Leda dijo que el c\u00e1ncer \u201ctiene un origen, que es la falta de perd\u00f3n\u201d<b>.\u00a0<\/b>Se refiere Marcelo\u202fAlarc\u00f3n acad\u00e9mico de la Facultad de Ciencias de la Salud.<\/a><\/p><p>\u00a0<\/p><p><b>RADIO GOL (ARGENTINA)<\/b>\u00a0<\/p><p><a href=\"https:\/\/www.radiogol.com.ar\/destacadas\/d1\/polemicas-declaraciones-de-la-sanadora-rosarina-leda-bergonzi-en-chile-sobre-el-cancer-115039\/\">Pol\u00e9micas declaraciones de la &#8220;sanadora&#8221; rosarina Leda Bergonzi en Chile sobre el c\u00e1ncer. Se refiere Marcelo\u202fAlarc\u00f3n acad\u00e9mico de la Facultad de Ciencias de la Salud.<\/a><\/p><p>\u00a0<\/p><p><b>VERSI\u00d3N ROSARIO (ARGENTINA)<\/b>\u00a0<\/p><p><a href=\"https:\/\/www.versionrosario.com.ar\/polemica-frase-de-leda-en-chile-dijo-que-el-cancer-tiene-un-origen-que-es-la-falta-de-perdon\/\">Pol\u00e9mica frase de Leda en Chile: dijo que el c\u00e1ncer \u201ctiene un origen, que es la falta de perd\u00f3n\u201d<b>.\u00a0<\/b>Se refiere Marcelo\u202fAlarc\u00f3n acad\u00e9mico de la Facultad de Ciencias de la Salud.<\/a><\/p><p>\u00a0<\/p><p><b>PRENSA LATINA (CUBA)<\/b>\u00a0<br aria-hidden=\"true\" \/><a href=\"https:\/\/www.prensa-latina.cu\/2024\/01\/07\/recomiendan-en-chile-proteger-del-calor-a-los-ninos\">Recomiendan en Chile proteger del calor a los ni\u00f1os. Se refiere Patricio Gonz\u00e1lez Colville, agroclimat\u00f3logo\u00a0y acad\u00e9mico del Centro de Investigaci\u00f3n y Transferencia en Riego y Agroclimatolog\u00eda\u00a0(CITRA).\u00a0<\/a><\/p><p>\u00a0<\/p><p><b>TVN RED MAULE<\/b>\u00a0\u00a0<\/p><p><a href=\"https:\/\/www.24horas.cl\/regiones\/zona-centro\/maule\/pacientes-sin-cesfam-por-presencia-de-cientos-de-murcielagos-al-interior\">Pacientes sin Cesfam\u00a0por presencia de cientos de murci\u00e9lagos al interior del recinto asistencial. Se refiere Erika Retalamal, directora Salud P\u00fablica UTalca.\u00a0 \u00a0<\/a><\/p><p>\u00a0<\/p><p><strong>CAUQUENESNET.CL\u00a0\u00a0<\/strong><\/p><p><a href=\"https:\/\/cauquenesnet.cl\/2024\/01\/06\/universidad-de-talca-realizara-talleres-cientificos-para-ninas-y-ninos-en-verano\/\">Universidad de Talca realizar\u00e1 talleres cient\u00edficos para ni\u00f1as y ni\u00f1os en verano. Se refiere Karin Saavedra Redlich, directora general de Vinculaci\u00f3n con el Medio y C\u00e9sar Retamal Bravo, acad\u00e9mico de la Facultad de Ingenier\u00eda y director del proyecto DTC.\u00a0\u00a0<\/a><\/p><p>\u00a0<\/p><p><b>RADIOLAUTARO<\/b><b>.CL<\/b>\u00a0<br aria-hidden=\"true\" \/><a href=\"https:\/\/radiolautarotalca.cl\/durante-enero-se-realizaran-talleres-cientificos-para-ninos-en-talca-y-curico\/\">Durante enero se realizar\u00e1n talleres cient\u00edficos para ni\u00f1os en Talca y Curic\u00f3.\u00a0Se menciona la Universidad de Talca. \u00a0<\/a><br aria-hidden=\"true\" \/><br \/><\/p><p><b>ELHERALDO.CL<\/b>\u00a0<br aria-hidden=\"true\" \/><a href=\"https:\/\/www.diarioelheraldo.cl\/noticia\/utalca-invita-a-curso-vive-la-experiencia-para-estudiantes-de-educacion-media\">UTalca invita a curso \u201cVive la Experiencia\u201d para estudiantes de educaci\u00f3n media. Se refiere Lorena Niedmann, Olga Contreras y Daniela Urbina,\u00a0docentes\u00a0Instituto de Ciencias Biol\u00f3gicas.\u00a0\u00a0<\/a><\/p><p>\u00a0<\/p><p><b>SENDA<\/b>\u00a0<br aria-hidden=\"true\" \/><a href=\"https:\/\/www.senda.gob.cl\/senda-y-universidad-de-talca-acuerdan-fortalecimiento-de-lazos-institucionales\/\">SENDA y Universidad de Talca acuerdan fortalecimiento de lazos institucionales. Se menciona la Universidad de Talca.\u00a0<\/a><\/p><p>\u00a0\u00a0<\/p><p><b>EL MOSTRADOR\u00a0<br aria-hidden=\"true\" \/><\/b><a href=\"https:\/\/www.elmostrador.cl\/noticias\/opinion\/2024\/01\/08\/zoom-a-los-desafios-del-directorio-en-el-proceso-de-adopcion-de-la-nueva-ley-de-delitos-economicos\/\">Zoom a los desaf\u00edos del Directorio en el proceso de adopci\u00f3n de la nueva Ley de Delitos Econ\u00f3micos. Se refiere Heraldo \u00c1lvarez Arenas acad\u00e9mico de la Facultad de Econom\u00eda y Negocios.\u00a0<\/a><b><br aria-hidden=\"true\" \/><\/b><\/p><p>\u00a0<\/p><p><b>MEGANOTICIAS.CL<\/b>\u00a0<br aria-hidden=\"true\" \/><a href=\"https:\/\/www.meganoticias.cl\/nacional\/435828-columna-mauricio-morales-encuesta-cadem-lobby-pablo-zalaquett-reunion-ministros-empresarios-partidos-politicos-07-01-2024.html\">Columna de Mauricio Morales: &#8220;Zalaquett\u00a0es tu pastor&#8221;. Se refiere\u202fMauricio\u202fMorales,\u202fSe refiere\u202fMauricio\u202fMorales, acad\u00e9mico Facultad de Ciencias Jur\u00eddicas y Sociales.\u202f\u00a0<\/a><\/p><p>\u00a0<\/p><p><b>EMOL\u00a0<br aria-hidden=\"true\" \/><\/b><a href=\"https:\/\/www.emol.com\/noticias\/Nacional\/2024\/01\/06\/1117858\/acusaciones-constitucionales-pierden-eficacia-expertos.html\">Prosper\u00f3 solo una de las \u00faltimas 17: El an\u00e1lisis de expertos a las AC tras el fallido libelo contra Montes. Se refiere Mario Herrera, acad\u00e9micos de la Facultad de Econom\u00eda y Negocios.<\/a><a href=\"https:\/\/www.emol.com\/noticias\/Nacional\/2024\/01\/06\/1117858\/acusaciones-constitucionales-pierden-eficacia-expertos.html\">\u00a0<\/a><b><br aria-hidden=\"true\" \/><br \/><\/b><\/p><p><b>DIARIOTALCA.CL<\/b><br aria-hidden=\"true\" \/><a href=\"https:\/\/diariotalca.cl\/69815-2\/\">Entrevista: \u201cSoy parte de esa generaci\u00f3n que creci\u00f3 bajo dictadura\u201d. Se menciona a la Universidad de Talca.\u00a0<\/a><\/p><p>\u00a0<\/p><p><b>RADIO BIO-BIO<\/b>\u00a0<br aria-hidden=\"true\" \/><a href=\"https:\/\/www.biobiochile.cl\/noticias\/servicios\/toma-nota\/2024\/01\/04\/cual-es-el-ranking-de-las-mejores-universidades-en-chile.shtml\">Cu\u00e1l es el ranking de las mejores universidades en Chile. Se menciona la Universidad de Talca\u00a0<\/a><\/p><p>\u00a0<\/p><p><b>SOY CHILE<\/b>\u00a0<br aria-hidden=\"true\" \/><a href=\"https:\/\/soy-chile.cl\/Temuco\/Publirreportajes\/2024\/01\/08\/842735\/gore-araucania-agricultores-beca.html\">48 profesionales del agro fueron beneficiados por el Gobierno Regional de La Araucan\u00eda con beca de formaci\u00f3n en agricultura sustentable. Se menciona\u00a0la Universidad de Talca.\u00a0<\/a><br aria-hidden=\"true\" \/>\u00a0<br aria-hidden=\"true\" \/><b>RADIOPAULINA.CL<\/b><br aria-hidden=\"true\" \/><a href=\"https:\/\/radiopaulina.cl\/index.php\/2024\/01\/08\/presidente-gabriel-boric-nombra-a-patricio-altermatt-como-nuevo-director-del-serviu-tarapaca\/\">Presidente Gabriel Boric\u00a0nombra a Patricio Altermatt\u00a0como nuevo director del SERVIU Tarapac\u00e1. Se menciona la Universidad de Talca.\u00a0<\/a><br aria-hidden=\"true\" \/><br \/><\/p><p><b>DIARIO UACH<\/b>\u00a0<br aria-hidden=\"true\" \/><a href=\"https:\/\/diario.uach.cl\/en-valdivia-panguipulli-y-frutillar-se-realizara-flauteando-en-el-rio\/\">En Valdivia, Panguipulli y Frutillar se realizar\u00e1 \u00abFlauteando en el R\u00edo\u00bb.<b>\u00a0<\/b>Se menciona la Universidad de Talca.\u00a0<\/a><\/p><p class=\"x_elementToProof\">\u00a0<\/p>\t\t\t\t\t\t<\/div>\n\t\t\t\t<\/div>\n\t\t\t\t\t<\/div>\n\t\t<\/div>\n\t\t\t\t\t\t\t<\/div>\n\t\t<\/section>\n\t\t\t\t\t\t<\/div>\n\t\t\t\t\t<\/div>\n\t\t","protected":false},"excerpt":{"rendered":"<p>El MOSTRADOR\u00a0\u00a0 Fortalecen licencias y creaci\u00f3n de patentes de productos desarrollados en universidad regional. Se refiere Ariela Vergara, vicerrectora de Innovaci\u00f3n; Nadia Rojas, directora de Innovaci\u00f3n y Transferencia y Silvana Herrera, dise\u00f1adora UTalca.\u00a0 \u00a0 PUBLIMETRO\u00a0 Refuerzan llamado a vacunarse ante nueva variante del Covid: Pirola. Se refiere Erika Retamal Contreras, directora Salud P\u00fablica.\u00a0 \u00a0 PUBLIMETRO.CLPirola: &hellip;<\/p>\n<p class=\"read-more\"> <a class=\"\" href=\"https:\/\/www.reportedeprensa.utalca.cl\/?p=8969\"> <span class=\"screen-reader-text\">09 de enero de 2024<\/span> Read More &raquo;<\/a><\/p>\n","protected":false},"author":1,"featured_media":0,"comment_status":"closed","ping_status":"open","sticky":false,"template":"","format":"standard","meta":{"_monsterinsights_skip_tracking":false,"_monsterinsights_sitenote_active":false,"_monsterinsights_sitenote_note":"","_monsterinsights_sitenote_category":0},"categories":[44],"tags":[],"_links":{"self":[{"href":"https:\/\/www.reportedeprensa.utalca.cl\/index.php?rest_route=\/wp\/v2\/posts\/8969"}],"collection":[{"href":"https:\/\/www.reportedeprensa.utalca.cl\/index.php?rest_route=\/wp\/v2\/posts"}],"about":[{"href":"https:\/\/www.reportedeprensa.utalca.cl\/index.php?rest_route=\/wp\/v2\/types\/post"}],"author":[{"embeddable":true,"href":"https:\/\/www.reportedeprensa.utalca.cl\/index.php?rest_route=\/wp\/v2\/users\/1"}],"replies":[{"embeddable":true,"href":"https:\/\/www.reportedeprensa.utalca.cl\/index.php?rest_route=%2Fwp%2Fv2%2Fcomments&post=8969"}],"version-history":[{"count":4,"href":"https:\/\/www.reportedeprensa.utalca.cl\/index.php?rest_route=\/wp\/v2\/posts\/8969\/revisions"}],"predecessor-version":[{"id":8973,"href":"https:\/\/www.reportedeprensa.utalca.cl\/index.php?rest_route=\/wp\/v2\/posts\/8969\/revisions\/8973"}],"wp:attachment":[{"href":"https:\/\/www.reportedeprensa.utalca.cl\/index.php?rest_route=%2Fwp%2Fv2%2Fmedia&parent=8969"}],"wp:term":[{"taxonomy":"category","embeddable":true,"href":"https:\/\/www.reportedeprensa.utalca.cl\/index.php?rest_route=%2Fwp%2Fv2%2Fcategories&post=8969"},{"taxonomy":"post_tag","embeddable":true,"href":"https:\/\/www.reportedeprensa.utalca.cl\/index.php?rest_route=%2Fwp%2Fv2%2Ftags&post=8969"}],"curies":[{"name":"wp","href":"https:\/\/api.w.org\/{rel}","templated":true}]}}