{"id":8978,"date":"2024-01-10T11:46:48","date_gmt":"2024-01-10T14:46:48","guid":{"rendered":"https:\/\/www.reportedeprensa.utalca.cl\/?p=8978"},"modified":"2024-01-10T11:55:57","modified_gmt":"2024-01-10T14:55:57","slug":"10-de-enero-de-2024","status":"publish","type":"post","link":"https:\/\/www.reportedeprensa.utalca.cl\/?p=8978","title":{"rendered":"10 de enero de 2024"},"content":{"rendered":"\t\t<div data-elementor-type=\"wp-post\" data-elementor-id=\"8978\" class=\"elementor elementor-8978\" data-elementor-settings=\"[]\">\n\t\t\t\t\t\t\t<div class=\"elementor-section-wrap\">\n\t\t\t\t\t\t\t<section class=\"elementor-section elementor-top-section elementor-element elementor-element-bcea1a8 elementor-section-boxed elementor-section-height-default elementor-section-height-default\" data-id=\"bcea1a8\" data-element_type=\"section\">\n\t\t\t\t\t\t<div class=\"elementor-container elementor-column-gap-default\">\n\t\t\t\t\t<div class=\"elementor-column elementor-col-100 elementor-top-column elementor-element elementor-element-e7183bf\" data-id=\"e7183bf\" data-element_type=\"column\">\n\t\t\t<div class=\"elementor-widget-wrap elementor-element-populated\">\n\t\t\t\t\t\t\t\t<div class=\"elementor-element elementor-element-5ffbb87 elementor-widget elementor-widget-text-editor\" data-id=\"5ffbb87\" data-element_type=\"widget\" data-widget_type=\"text-editor.default\">\n\t\t\t\t<div class=\"elementor-widget-container\">\n\t\t\t\t\t\t\t\t<p><b>RED MAULE<\/b>\u00a0<\/p><p class=\"x_elementToProof\"><a href=\"https:\/\/redmaule.com\/diarios_en_red\/site\/artic\/20240105\/pags\/20240105093319.html\">Vanguardia de la ciencia y la tecnolog\u00eda llegan al Maule con el Congreso Futuro 2024. Se refiere\u00a0Carlos Torres Fuchslocher, rector. \u00a0\u00a0<\/a><b><\/b><\/p><p>\u00a0<\/p><p><b>RED COQUIMBO<\/b>\u00a0<\/p><p><a href=\"https:\/\/redcoquimbo.com\/diarios_en_red\/site\/artic\/20240105\/pags\/20240105093319.html\">Vanguardia de la ciencia y la tecnolog\u00eda llegan al Maule con el Congreso Futuro 2024. Se refiere\u00a0Carlos Torres Fuchslocher, rector.\u00a0<\/a><\/p><p><b>\u00a0<\/b><\/p><p><b>RED VALPARAISO<\/b>\u00a0<br aria-hidden=\"true\" \/><a href=\"https:\/\/redvalparaiso.com\/diarios_en_red\/site\/artic\/20240105\/pags\/20240105093319.html\">Vanguardia de la ciencia y la tecnolog\u00eda llegan al Maule con el Congreso Futuro 2024. Se refiere\u00a0Carlos Torres Fuchslocher, rector.\u00a0<\/a><\/p><p><b>\u00a0<\/b><\/p><p><b>RED O\u2019HIGGINS<\/b>\u00a0<br aria-hidden=\"true\" \/><a href=\"https:\/\/redohiggins.com\/diarios_en_red\/site\/artic\/20240105\/pags\/20240105093319.html\">Vanguardia de la ciencia y la tecnolog\u00eda llegan al Maule con el Congreso Futuro 2024. Se refiere\u00a0Carlos Torres Fuchslocher, rector.\u00a0<\/a><\/p><p><b>\u00a0<\/b><\/p><p><b>DIARIO EL HERALDO<\/b>\u00a0<\/p><p><a href=\"https:\/\/www.utalca.cl\/content\/uploads\/2024\/01\/Reporte-de-prensa-UTalca-Diario-el-Heraldo-4.png\">Vanguardia de la ciencia y la tecnolog\u00eda llegan al Maule con el Congreso Futuro 2024. Se refiere\u00a0Carlos Torres Fuchslocher, rector.\u00a0<\/a><\/p><p>\u00a0<\/p><p><b>DIARIO EL LECTOR<\/b>\u00a0<\/p><p><a href=\"https:\/\/www.utalca.cl\/content\/uploads\/2024\/01\/Reporte-de-prensa-UTalca-Diario-El-Lector-4.png\">Vanguardia de la ciencia y la tecnolog\u00eda llegan al Maule con el Congreso Futuro 2024. Se refiere\u00a0Carlos Torres Fuchslocher, rector.\u00a0<\/a><\/p><p>\u00a0<\/p><p><b>DIARIO EL LECTOR<\/b>\u00a0<\/p><p><a href=\"https:\/\/www.utalca.cl\/content\/uploads\/2024\/01\/Reporte-de-prensa-UTalca-Diario-El-Lector-6.png\">Presidente Boric firm\u00f3 Estatutos de la Universidad de Talca.\u00a0Se refiere\u00a0Carlos Torres Fuchslocher, rector.\u00a0<\/a><\/p><p>\u00a0<\/p><p><b>DIARIO LA PRENSA CURIC\u00d3<\/b>\u00a0<\/p><p><a href=\"https:\/\/www.utalca.cl\/content\/uploads\/2024\/01\/Reporte-de-prensa-UTalca-Diario-LA-PRENSA-1.png\">Presidente Boric firm\u00f3 Estatutos de la Universidad de Talca.\u00a0Se refiere\u00a0Carlos Torres Fuchslocher, rector y Jorge Herrera, secretario de la Asociaci\u00f3n de Funcionarios.\u00a0<\/a><\/p><p class=\"x_elementToProof\">\u00a0<\/p><p><b>LINARES EN LINEA<\/b>\u00a0\u00a0<\/p><p><a href=\"https:\/\/www.linaresenlinea.cl\/2024\/01\/09\/region-del-maule-se-adjudico-36-proyectos-de-fondecyt-de-iniciacion-y-postdoctorado\/\">Regi\u00f3n del Maule se adjudic\u00f3 36 proyectos de Fondecyt\u00a0de Iniciaci\u00f3n y Postdoctorado. Se menciona la Universidad de Talca.\u00a0<\/a>\u00a0\u00a0<\/p><p>\u00a0<\/p><p><b>24HORAS.CL<\/b>\u00a0<\/p><p><a href=\"https:\/\/www.24horas.cl\/coronavirus\/pirola-variante-covid-19-alerta-sintomas\">Pirola, la nueva variante de COVID-19 que alerta al mundo: cu\u00e1les son sus s\u00edntomas. Se refiere Erika Retamal Contreras, directora Salud P\u00fablica.\u00a0\u00a0<\/a><\/p><p>\u00a0<\/p><p><b>COOPERATIVA.CL\u00a0<\/b><b>\u00a0<\/b><\/p><p><a href=\"https:\/\/cooperativa.cl\/noticias\/sociedad\/salud\/coronavirus\/variante-pirola-cuales-son-los-sintomas-de-esta-nueva-mutacion-del\/2024-01-09\/114758.html\">Variante Pirola: \u00bfCu\u00e1les son los s\u00edntomas de esta nueva mutaci\u00f3n del Covid- 19?\u00a0Se refiere Erika Retamal Contreras, directora Salud P\u00fablica.\u00a0\u00a0<\/a><\/p><p>\u00a0<\/p><p><b>EL MOSTRADOR<\/b>\u00a0\u00a0<\/p><p><a href=\"https:\/\/www.elmostrador.cl\/agenda-pais\/vida-en-linea\/2024\/01\/09\/pirola-la-nueva-variante-del-covid\/#:~:text=Dolor%20de%20garganta%2C%20tos%2C%20fiebre,para%20la%20salud%20p%C3%BAblica%20mundial.\">Pirola, la nueva variante del Covid: cu\u00e1les son sus s\u00edntomas. Se refiere Erika Retamal Contreras, directora Salud P\u00fablica.\u00a0\u00a0<\/a><\/p><p>\u00a0<\/p><p><b>PRENSA LATINA<\/b>\u00a0<b>(CUBA)<\/b><br aria-hidden=\"true\" \/><a href=\"https:\/\/www.prensa-latina.cu\/2024\/01\/09\/preocupa-en-chile-nueva-variante-del-virus-de-la-covid-19\">Preocupa en Chile nueva variante del virus de la Covid-19. Se refiere Erika Retamal Contreras, directora Salud P\u00fablica.\u00a0<\/a><b><br aria-hidden=\"true\" \/><\/b><\/p><p>\u00a0<\/p><p><b>TVMAULE<\/b>\u00a0<br aria-hidden=\"true\" \/><a href=\"https:\/\/www.tvmaule.cl\/pirola-la-nueva-variante-del-covid-cuales-son-sus-sintomas\/\">Pirola, la nueva variante del Covid: cu\u00e1les son sus s\u00edntomas. Se refiere Erika Retamal Contreras, directora Salud P\u00fablica.\u00a0<\/a><\/p><p>\u00a0<\/p><p><b>RADIO AGRICULTURA<\/b>\u00a0<br aria-hidden=\"true\" \/><a href=\"https:\/\/www.radioagricultura.cl\/dato-practico\/2024\/01\/09\/pirola-la-nueva-variante-del-covid-19-cuales-son-sus-principales-sintomas\/#\">&#8220;Pirola&#8221;, la nueva variante del Covid-19: \u00bfCu\u00e1les son sus principales s\u00edntomas?\u00a0Se refiere Erika Retamal Contreras, directora Salud P\u00fablica.\u00a0\u00a0<\/a><\/p><p>\u00a0<\/p><p><b>S\u00c9PTIMA PAGINA NOTICIAS<\/b>\u00a0<br aria-hidden=\"true\" \/><a href=\"https:\/\/www.septimapaginanoticias.cl\/pirola-la-nueva-variante-del-covid-cuales-son-sus-sintomas\">Pirola, la nueva variante del Covid: cu\u00e1les son sus s\u00edntomas. Se refiere Erika Retamal Contreras, directora Salud P\u00fablica.\u00a0<\/a><br aria-hidden=\"true\" \/><a id=\"OWA675beb60-90b3-7673-1c53-8e794418bd52\" class=\"x_OWAAutoLink\" href=\"https:\/\/www.septimapaginanoticias.cl\/pirola-la-nueva-variante-del-covid-cuales-son-sus-sintomas\" target=\"_blank\" rel=\"noopener noreferrer\" data-auth=\"NotApplicable\" data-linkindex=\"15\"><\/a><\/p><p>\u00a0<\/p><p><b>G5 NOTICIAS\u00a0<\/b>\u00a0<br aria-hidden=\"true\" \/><a href=\"https:\/\/g5noticias.cl\/2024\/01\/09\/pirola-la-nueva-variante-del-covid-cuales-son-sus-sintomas\/\">Pirola, la nueva variante del Covid: cu\u00e1les son sus s\u00edntomas. Se refiere Erika Retamal Contreras, directora Salud P\u00fablica.\u00a0\u00a0<\/a><\/p><p>\u00a0<\/p><p><b>MEDIA BANCO<\/b>\u00a0<br aria-hidden=\"true\" \/><a href=\"https:\/\/www.mediabanco.com\/pirola-la-nueva-variante-del-covid-cuales-son-sus-sintomas\/\">Pirola, la nueva variante del Covid: cu\u00e1les son sus s\u00edntomas. Se refiere Erika Retamal Contreras, directora Salud P\u00fablica.\u00a0<\/a><\/p><p>\u00a0<\/p><p><b>AD PRENSA<\/b>\u00a0<br aria-hidden=\"true\" \/><a href=\"https:\/\/www.adprensa.cl\/cronica\/pirola-la-nueva-variante-del-covid-cuales-son-sus-sintomas\/\">Pirola, la nueva variante del Covid: cu\u00e1les son sus s\u00edntomas. Se refiere Erika Retamal Contreras, directora Salud P\u00fablica.\u00a0\u00a0<\/a><\/p><p>\u00a0<\/p><p><b>DIARIO EL LECTOR<\/b>\u00a0<\/p><p><a href=\"https:\/\/www.utalca.cl\/content\/uploads\/2024\/01\/Reporte-de-prensa-UTalca-Diario-El-Lector-5.png\">UTalca\u00a0fortalece\u00a0licenciamiento\u00a0y creaci\u00f3n de patentes de productos innovadores. Se refiere Ariela Vergara, vicerrectora de Innovaci\u00f3n; Nadia Rojas, directora de Innovaci\u00f3n y Transferencia y Silvana Herrera, dise\u00f1adora\u00a0UTalca.\u00a0\u00a0<\/a><\/p><p>\u00a0<\/p><p><b>RADIO GUAYAC\u00c1N\u00a0<\/b>\u00a0<\/p><p><a href=\"https:\/\/web.facebook.com\/guayacancl\/videos\/717839826987994\">An\u00e1lisis del IPC y proyecciones econ\u00f3micas para el 2024.\u00a0Se refiere Rodrigo Saens\u00a0Navarrete, acad\u00e9mico de la Facultad de econom\u00eda y Negocios\u00a0<\/a><\/p><p>\u00a0<\/p><p><b>DIARIO LA PRENSA CURIC\u00d3<\/b>\u00a0<\/p><p><a href=\"https:\/\/www.utalca.cl\/content\/uploads\/2024\/01\/Reporte-de-prensa-UTalca-Diario-LA-PRENSA-5.png\">Se espera que el calor siga rompiendo r\u00e9cords. Se refiere Patricio Gonz\u00e1lez Colville, agroclimat\u00f3logo del Centro de Investigaci\u00f3n y Transferencia en Riego y Agroclimatolog\u00eda (CITRA).\u00a0<\/a><\/p><p>\u00a0<\/p><p><b>DIARIO EL HERALDO<\/b><b>\u00a0<\/b><\/p><p><a href=\"https:\/\/www.utalca.cl\/content\/uploads\/2024\/01\/Reporte-de-prensa-UTalca-Diario-el-Heraldo-2.png\">UTalca invita a curso &#8220;Vive la experiencia&#8221; para estudiantes de educaci\u00f3n media. Se refiere Lorena Niedmann, Olga Contreras y Daniela Urbina, docentes Instituto de Ciencias Biol\u00f3gicas.\u00a0<\/a><\/p><p>\u00a0<\/p><p><b>EMOL<\/b>\u00a0<br aria-hidden=\"true\" \/><a href=\"https:\/\/www.emol.com\/noticias\/Nacional\/2024\/01\/09\/1118005\/rol-ex-presidenta-michelle-bachelet.html\">Aparici\u00f3n en franja del Plebiscito e invitada a actividades de Boric: El nuevo rol que est\u00e1 jugando Bachelet en la contingencia. Se refiere\u202fMauricio\u202fMorales, acad\u00e9mico Facultad de Ciencias Jur\u00eddicas y Sociales.\u202f\u202f\u00a0<\/a><b><br aria-hidden=\"true\" \/><\/b><b>\u00a0<\/b><\/p><p><b>DIARIO EL HERALDO<\/b>\u00a0<\/p><p><a href=\"https:\/\/www.utalca.cl\/content\/uploads\/2024\/01\/Reporte-de-prensa-UTalca-Diario-el-Heraldo.png\">UTalca ofrecer\u00e1 taller gratuito para el cuidado de ni\u00f1as y ni\u00f1os.\u00a0Se refiere\u00a0Pablo Concha, director de la Escuela para Familias y director (s) Psicolog\u00eda UTalca.\u00a0<\/a><\/p><p>\u00a0<\/p><p><b>DIARIO EL LECTOR<\/b><b>\u00a0<\/b><\/p><p><a href=\"https:\/\/www.utalca.cl\/content\/uploads\/2024\/01\/Reporte-de-prensa-UTalca-Diario-El-Lector-2.png\">UTalca ofrecer\u00e1 taller gratuito para el cuidado de ni\u00f1as y ni\u00f1os.\u00a0Se refiere\u00a0Pablo Concha, director de la Escuela para Familias y director (s) Psicolog\u00eda UTalca.\u00a0<\/a><\/p><p>\u00a0<\/p><p><b>ELHERALDO.CL<\/b>\u00a0<\/p><p><a href=\"https:\/\/www.diarioelheraldo.cl\/noticia\/utalca-ofrecera-taller-gratuito-para-el-cuidado-de-ninas-y-ninos-\">UTalca ofrecer\u00e1 taller gratuito para el cuidado de ni\u00f1as y ni\u00f1os.\u00a0Se refiere\u00a0Pablo Concha, director de la Escuela para Familias y director (s) Psicolog\u00eda UTalca.\u00a0<\/a><\/p><p>\u00a0<\/p><p><b>DIARIO EL HERALDO<\/b>\u00a0<\/p><p><a href=\"https:\/\/www.utalca.cl\/content\/uploads\/2024\/01\/Reporte-de-prensa-UTalca-Diario-el-Heraldo-3.png\">Universidad de Talca realizar\u00e1 talleres cient\u00edficos para ni\u00f1as y ni\u00f1os en verano. Se refiere Karin Saavedra Redlich, directora general de Vinculaci\u00f3n con el Medio y C\u00e9sar Retamal Bravo, acad\u00e9mico de la Facultad de Ingenier\u00eda y director del proyecto DTC.\u00a0<\/a><\/p><p>\u00a0<\/p><p><b>DIARIO EL LECTOR<\/b>\u00a0<\/p><p><a href=\"https:\/\/www.utalca.cl\/content\/uploads\/2024\/01\/Reporte-de-prensa-UTalca-Diario-El-Lector-3.png\">Universidad de Talca realizar\u00e1 talleres cient\u00edficos para ni\u00f1as y ni\u00f1os en verano. Se refiere Karin Saavedra Redlich, directora general de Vinculaci\u00f3n con el Medio y C\u00e9sar Retamal Bravo, acad\u00e9mico de la Facultad de Ingenier\u00eda y director del proyecto DTC.\u00a0<\/a><\/p><p>\u00a0<\/p><p><b>DIARIO EL LECTOR<\/b>\u00a0<\/p><p><a href=\"https:\/\/www.utalca.cl\/content\/uploads\/2024\/01\/Reporte-de-prensa-UTalca-Diario-El-Lector-7.png\">Estudiantes de Dise\u00f1o de la UTalca crean etiquetas para vi\u00f1as de San Javier. Se refiere el director de la Escuela de Dise\u00f1o de la UTalca, Jorge Cartes Sanhueza y la docente Luz Mar\u00eda Gonz\u00e1lez Donoso.\u00a0<\/a><\/p><p>\u00a0<\/p><p><b>DIARIO LA PRENSA CURIC\u00d3<\/b>\u00a0<\/p><p><a href=\"https:\/\/www.utalca.cl\/content\/uploads\/2024\/01\/Reporte-de-prensa-UTalca-Diario-LA-PRENSA.png\">Homenaje en vida al maestro\u00a0Patricio\u00a0Cobos.\u00a0Se menciona a Patricio\u00a0Cobos, acad\u00e9mica de la Escuela de M\u00fasica. \u00a0\u00a0\u00a0<\/a><\/p><p class=\"x_elementToProof\">\u00a0<\/p><p><b>DIARIO EL HERALDO<\/b>\u00a0<\/p><p><a href=\"https:\/\/www.utalca.cl\/content\/uploads\/2024\/01\/Reporte-de-prensa-UTalca-Diario-el-Heraldo-5.png\">Docentes del Maule exploran nuevas metodolog\u00edas en campamento cient\u00edfico. Se refiere Leonardo Leottau, director de Explora Maule.\u00a0<\/a><\/p><p>\u00a0<\/p><p><b>TVN RED MAULE<\/b>\u00a0<\/p><p><a href=\"https:\/\/youtu.be\/GI7hQbRkz8I?t=1232\">Panoramas cient\u00edficos en UTalca. Se menciona a la Universidad de Talca.\u00a0<\/a><\/p><p>\u00a0<\/p><p><b>TVN RED MAULE<br aria-hidden=\"true\" \/><\/b><a href=\"https:\/\/youtu.be\/3uHo5b_k80o?t=876\">Escuelas deportivas en la UTalca. Se menciona a la Universidad de Talca.\u00a0\u00a0<\/a><\/p>\t\t\t\t\t\t<\/div>\n\t\t\t\t<\/div>\n\t\t\t\t\t<\/div>\n\t\t<\/div>\n\t\t\t\t\t\t\t<\/div>\n\t\t<\/section>\n\t\t\t\t\t\t<\/div>\n\t\t\t\t\t<\/div>\n\t\t","protected":false},"excerpt":{"rendered":"<p>RED MAULE\u00a0 Vanguardia de la ciencia y la tecnolog\u00eda llegan al Maule con el Congreso Futuro 2024. Se refiere\u00a0Carlos Torres Fuchslocher, rector. \u00a0\u00a0 \u00a0 RED COQUIMBO\u00a0 Vanguardia de la ciencia y la tecnolog\u00eda llegan al Maule con el Congreso Futuro 2024. Se refiere\u00a0Carlos Torres Fuchslocher, rector.\u00a0 \u00a0 RED VALPARAISO\u00a0Vanguardia de la ciencia y la tecnolog\u00eda &hellip;<\/p>\n<p class=\"read-more\"> <a class=\"\" href=\"https:\/\/www.reportedeprensa.utalca.cl\/?p=8978\"> <span class=\"screen-reader-text\">10 de enero de 2024<\/span> Read More &raquo;<\/a><\/p>\n","protected":false},"author":1,"featured_media":0,"comment_status":"closed","ping_status":"open","sticky":false,"template":"","format":"standard","meta":{"_monsterinsights_skip_tracking":false,"_monsterinsights_sitenote_active":false,"_monsterinsights_sitenote_note":"","_monsterinsights_sitenote_category":0},"categories":[44],"tags":[],"_links":{"self":[{"href":"https:\/\/www.reportedeprensa.utalca.cl\/index.php?rest_route=\/wp\/v2\/posts\/8978"}],"collection":[{"href":"https:\/\/www.reportedeprensa.utalca.cl\/index.php?rest_route=\/wp\/v2\/posts"}],"about":[{"href":"https:\/\/www.reportedeprensa.utalca.cl\/index.php?rest_route=\/wp\/v2\/types\/post"}],"author":[{"embeddable":true,"href":"https:\/\/www.reportedeprensa.utalca.cl\/index.php?rest_route=\/wp\/v2\/users\/1"}],"replies":[{"embeddable":true,"href":"https:\/\/www.reportedeprensa.utalca.cl\/index.php?rest_route=%2Fwp%2Fv2%2Fcomments&post=8978"}],"version-history":[{"count":4,"href":"https:\/\/www.reportedeprensa.utalca.cl\/index.php?rest_route=\/wp\/v2\/posts\/8978\/revisions"}],"predecessor-version":[{"id":8985,"href":"https:\/\/www.reportedeprensa.utalca.cl\/index.php?rest_route=\/wp\/v2\/posts\/8978\/revisions\/8985"}],"wp:attachment":[{"href":"https:\/\/www.reportedeprensa.utalca.cl\/index.php?rest_route=%2Fwp%2Fv2%2Fmedia&parent=8978"}],"wp:term":[{"taxonomy":"category","embeddable":true,"href":"https:\/\/www.reportedeprensa.utalca.cl\/index.php?rest_route=%2Fwp%2Fv2%2Fcategories&post=8978"},{"taxonomy":"post_tag","embeddable":true,"href":"https:\/\/www.reportedeprensa.utalca.cl\/index.php?rest_route=%2Fwp%2Fv2%2Ftags&post=8978"}],"curies":[{"name":"wp","href":"https:\/\/api.w.org\/{rel}","templated":true}]}}