{"id":8989,"date":"2024-01-11T15:10:55","date_gmt":"2024-01-11T18:10:55","guid":{"rendered":"https:\/\/www.reportedeprensa.utalca.cl\/?p=8989"},"modified":"2024-01-11T15:17:48","modified_gmt":"2024-01-11T18:17:48","slug":"11-de-enero-de-2024","status":"publish","type":"post","link":"https:\/\/www.reportedeprensa.utalca.cl\/?p=8989","title":{"rendered":"11 de enero de 2024"},"content":{"rendered":"\t\t<div data-elementor-type=\"wp-post\" data-elementor-id=\"8989\" class=\"elementor elementor-8989\" data-elementor-settings=\"[]\">\n\t\t\t\t\t\t\t<div class=\"elementor-section-wrap\">\n\t\t\t\t\t\t\t<section class=\"elementor-section elementor-top-section elementor-element elementor-element-bcea1a8 elementor-section-boxed elementor-section-height-default elementor-section-height-default\" data-id=\"bcea1a8\" data-element_type=\"section\">\n\t\t\t\t\t\t<div class=\"elementor-container elementor-column-gap-default\">\n\t\t\t\t\t<div class=\"elementor-column elementor-col-100 elementor-top-column elementor-element elementor-element-e7183bf\" data-id=\"e7183bf\" data-element_type=\"column\">\n\t\t\t<div class=\"elementor-widget-wrap elementor-element-populated\">\n\t\t\t\t\t\t\t\t<div class=\"elementor-element elementor-element-5ffbb87 elementor-widget elementor-widget-text-editor\" data-id=\"5ffbb87\" data-element_type=\"widget\" data-widget_type=\"text-editor.default\">\n\t\t\t\t<div class=\"elementor-widget-container\">\n\t\t\t\t\t\t\t\t<p><b>DIARIO TALCA<\/b>\u00a0<br aria-hidden=\"true\" \/><a href=\"https:\/\/diariotalca.cl\/presidente-boric-firmo-nuevos-estatutos-de-la-universidad-de-talca\/\">Presidente Boric\u00a0firm\u00f3 nuevos Estatutos de la Universidad de Talca. Se refiere el rector Carlos Torres Fuchslocher.\u00a0\u00a0<\/a><b><u><br aria-hidden=\"true\" \/><\/u><\/b><\/p><p>\u00a0<\/p><p><b>DIARIO LA MA\u00d1ANA<\/b>\u00a0<br aria-hidden=\"true\" \/><a href=\"https:\/\/xn--diariolamaana-rkb.cl\/2024\/01\/04\/presidente-boric-firmo-nuevos-estatutos-de-la-universidad-de-talca\/\">Presidente Boric firm\u00f3 nuevos Estatutos de la Universidad de Talca. Se refiere el rector Carlos Torres Fuchslocher y Jorge Herrera, secretario Asoutal.\u00a0\u00a0<\/a><\/p><p>\u00a0<\/p><p><b>AD PRENSA<\/b>\u00a0<br aria-hidden=\"true\" \/><a href=\"https:\/\/www.adprensa.cl\/cronica\/nuevos-proyectos-fortalecen-la-investigacion-en-diversas-areas-del-conocimiento\/\">Nuevos proyectos fortalecen la investigaci\u00f3n en diversas \u00e1reas del conocimiento. Se refiere Cristian Rojas, vicerrector acad\u00e9mico y Roberto Jara, director de Investigaci\u00f3n.\u00a0<\/a><\/p><p>\u00a0<\/p><p><b>MEDIABANCO<\/b>\u00a0<br aria-hidden=\"true\" \/><a href=\"https:\/\/www.mediabanco.com\/nuevos-proyectos-fortalecen-la-investigacion-en-diversas-areas-del-conocimiento\/\">Nuevos proyectos fortalecen la investigaci\u00f3n en diversas \u00e1reas del conocimiento. Se refiere Cristian Rojas, vicerrector acad\u00e9mico y Roberto Jara, director de Investigaci\u00f3n.\u00a0<\/a><\/p><p>\u00a0<\/p><p><b>EL HERALDO<br aria-hidden=\"true\" \/><\/b><a href=\"https:\/\/www.diarioelheraldo.cl\/noticia\/nuevos-proyectos-fortalecen-la-investigacion-en-diversas-areas-del-conocimiento-\">Nuevos proyectos fortalecen la investigaci\u00f3n en diversas \u00e1reas del conocimiento. Se refiere Cristian Rojas, vicerrector acad\u00e9mico y Roberto Jara, director de Investigaci\u00f3n.<\/a><\/p><p>\u00a0<\/p><p><b>AD PRENSA<\/b>\u00a0<br aria-hidden=\"true\" \/><a href=\"https:\/\/www.adprensa.cl\/cronica\/con-gran-convocatoria-inicia-segundo-ciclo-de-talleres-del-plan-estrategico-de-energia-de-la-region-del-maule\/\">Con gran convocatoria inicia segundo ciclo de talleres del Plan Estrat\u00e9gico de Energ\u00eda de la Regi\u00f3n del Maule. Se refiere Mar\u00eda Luisa del Campo, directora Kipus. \u00a0<\/a><\/p><p>\u00a0<\/p><p><b>MEDIA BANCO<\/b>\u00a0<br aria-hidden=\"true\" \/><a href=\"https:\/\/www.mediabanco.com\/universidad-de-talca-realizara-talleres-cientificos-para-ninas-y-ninos-en-verano\/\">Universidad de Talca realizar\u00e1 talleres cient\u00edficos para ni\u00f1as y ni\u00f1os en verano. Se refiere Karin Saavedra Redlich, directora general de Vinculaci\u00f3n con el Medio y C\u00e9sar Retamal Bravo, acad\u00e9mico de la Facultad de Ingenier\u00eda y director del proyecto DTC.\u00a0<\/a><\/p><p>\u00a0<\/p><p><b>MEDIABANCO<\/b>\u00a0<br aria-hidden=\"true\" \/><a href=\"https:\/\/www.mediabanco.com\/utalca-invita-a-curso-vive-la-experienciapara-estudiantes-de-educacion-media\/\">UTalca invita a curso \u201cVive la Experiencia\u201d para\u00a0estudiantes de educaci\u00f3n media. Se refiere Lorena Niedmann, Olga Contreras y Daniela Urbina, docentes Instituto de Ciencias Biol\u00f3gicas.\u00a0<\/a><br aria-hidden=\"true\" \/><br \/><\/p><p><b>MEDIABANCO<\/b>\u00a0<br aria-hidden=\"true\" \/><a href=\"https:\/\/www.mediabanco.com\/utalca-ofrecera-taller-gratuito-para-el-cuidado-de-ninas-y-ninos\/\">UTalca ofrecer\u00e1 taller gratuito para cuidadores de ni\u00f1as y ni\u00f1os. Se refiere Pablo Concha, director de la Escuela para Familias y director (s) Psicolog\u00eda UTalca.\u00a0<\/a><\/p><p>\u00a0<\/p><p><b>MEDIABANCO<\/b>\u00a0<br aria-hidden=\"true\" \/><a href=\"https:\/\/www.mediabanco.com\/escuela-de-agronomia-utalca-ofrece-programa-de-doble-titulacion-con-universidad-francesa\/\">Escuela de Agronom\u00eda UTalca\u00a0ofrece programa de doble titulaci\u00f3n con universidad francesa. Se refiere Gabriela Cofr\u00e9 Bravo, directora Escuela de Agronom\u00eda.\u00a0<\/a><br aria-hidden=\"true\" \/>\u00a0<\/p><p><b>LA TRIBUNA<\/b>\u00a0<br aria-hidden=\"true\" \/><a href=\"https:\/\/www.latribuna.cl\/salud\/2024\/01\/10\/ojo-con-la-otitis-externa-en-verano-experto-explico-la-enfermedad-que-aumenta-en-vacaciones.html\">Ojo con la otitis externa en verano: Experto explic\u00f3 la enfermedad que aumenta en vacaciones. Se refiere Jos\u00e9 Gregorio Ledezma, acad\u00e9mico Escuela de Medicina. \u00a0<\/a><\/p><p>\u00a0<\/p><p><b>SAN CARLOS ONLINE<br aria-hidden=\"true\" \/><\/b><a href=\"https:\/\/www.sancarlosonline.cl\/2024\/01\/pirola-la-nueva-variante-del-covid.html\">Pirola, la nueva variante de COVID-19 que alerta al mundo: cu\u00e1les son sus s\u00edntomas. Se refiere Erika Retamal Contreras, directora Salud P\u00fablica.\u00a0<\/a><br aria-hidden=\"true\" \/><br \/><\/p><p><b>MEDIABANCO<\/b><br aria-hidden=\"true\" \/><a href=\"https:\/\/www.mediabanco.com\/entregan-consejos-para-mantener-la-casa-fresca-en-verano\/\">Entregan consejos para mantener la casa fresca en verano. Se refiere la directora del Centro Tecnol\u00f3gico Kipus de la Universidad de Talca, Mar\u00eda Luisa Del Campo Hitschfeld.<\/a><br aria-hidden=\"true\" \/><br \/><\/p><p><b>S\u00c9PTIMA REGI\u00d3N NOTICIAS<br aria-hidden=\"true\" \/><\/b><a href=\"https:\/\/www.septimapaginanoticias.cl\/entregan-consejos-para-mantener-la-casa-fresca-en-verano\">Entregan consejos para mantener la casa fresca en verano. Se refiere la directora del Centro Tecnol\u00f3gico Kipus de la Universidad de Talca, Mar\u00eda Luisa Del Campo Hitschfeld.<\/a><br aria-hidden=\"true\" \/><br \/><\/p><p><b>LA TRIBUNA<br aria-hidden=\"true\" \/><\/b><a href=\"https:\/\/www.latribuna.cl\/salud\/2024\/01\/11\/como-mantener-la-casa-fresca-este-verano-experta-entrega-algunas-claves.html\">Entregan consejos para mantener la casa fresca en verano. Se refiere la directora del Centro Tecnol\u00f3gico Kipus de la Universidad de Talca, Mar\u00eda Luisa Del Campo Hitschfeld.<\/a><br aria-hidden=\"true\" \/><br \/><\/p><p><b>DIARIO EL CENTRO<br aria-hidden=\"true\" \/><\/b><a href=\"https:\/\/www.diarioelcentro.cl\/2024\/01\/11\/inicia-segundo-ciclo-de-talleres-del-plan-estrategico-de-energia-en-el-maule\/\">Inicia segundo ciclo de talleres del plan estrat\u00e9gico de energ\u00eda en el Maule. Se refiere la directora del Centro Tecnol\u00f3gico Kipus de la Universidad de Talca, Mar\u00eda Luisa Del Campo Hitschfeld.<\/a><br aria-hidden=\"true\" \/><br \/><\/p><p><b>AD PRENSA<\/b>\u00a0<br aria-hidden=\"true\" \/><a href=\"https:\/\/www.adprensa.cl\/cronica\/extension-utalca-presenta-ciclo-de-cine-dedicado-a-amores-de-verano\/\">Extensi\u00f3n UTalca\u00a0presenta ciclo de cine dedicado a \u201camores de verano. Se refiere Marcela Albornoz, directora de Extensi\u00f3n Cultural-Art\u00edstica.\u00a0<\/a><br aria-hidden=\"true\" \/>\u00a0<\/p><p><b>PUBLIMICRO<br aria-hidden=\"true\" \/><\/b><a href=\"https:\/\/publimicro.cl\/area-de-extension-de-la-universidad-de-talca-presenta-ciclo-de-cine-dedicado-a-los-amores-de-verano\/\">\u00c1rea de Extensi\u00f3n de la Universidad de Talca presenta ciclo de cine dedicado a los \u201camores de verano\u201d\u00a0Se refiere Marcela Albornoz, directora de Extensi\u00f3n Cultural-Art\u00edstica.\u00a0<\/a><br aria-hidden=\"true\" \/><br \/><\/p><p><b>CIENCIA EN CHILE<br aria-hidden=\"true\" \/><\/b><a href=\"https:\/\/www.cienciaenchile.cl\/importante-revista-cientifica-internacional-hypertension-publica-en-portada-proyecto-fondecyt-ubb\/\">Importante revista cient\u00edfica internacional \u201cHypertension\u201d publica en portada proyecto Fondecyt UBB. Se menciona la Universidad de Talca.<\/a><b><br aria-hidden=\"true\" \/><\/b><\/p><p>\u00a0<\/p><p><b>SENADO.CL<br aria-hidden=\"true\" \/><\/b><a href=\"https:\/\/www.senado.cl\/senado-ratifica-a-4-nuevos-integrantes-del-tribunal-constitucional\">Senado ratifica a 4 nuevos integrantes del Tribunal Constitucional. Se menciona la Universidad de Talca.<\/a><br aria-hidden=\"true\" \/><br \/><\/p><p><b>EL MOSTRADOR<br aria-hidden=\"true\" \/><\/b><a href=\"https:\/\/www.elmostrador.cl\/cultura\/agenda\/2024\/01\/10\/seminario-dictada-por-ricardo-rozzi-sobre-la-antartica-y-el-centro-internacional-cabo-de-hornos\/\">Seminario dictado por Ricardo Rozzi sobre la Ant\u00e1rtica y el Centro Internacional Cabo de Hornos. Se menciona la Universidad de Talca.<\/a><br aria-hidden=\"true\" \/><br \/><\/p><p><b>LA DISCUSI\u00d3N<\/b><br aria-hidden=\"true\" \/><a href=\"https:\/\/www.ladiscusion.cl\/especialista-en-genetica-es-el-nuevo-director-regional-de-inia-quilamapu\/\">Especialista en gen\u00e9tica Dr. Javier Chilian es el nuevo director regional de INIA Quilamapu. Se menciona la Universidad de Talca.<\/a><\/p><p><br aria-hidden=\"true\" \/><b>EL RANCAGUINO<br aria-hidden=\"true\" \/><\/b><a href=\"https:\/\/www.elrancaguino.cl\/2024\/01\/10\/marcela-reyes-asume-como-nueva-gerente-dehorticrece\/\">Marcela Reyes asume como nueva gerente de HortiCrece, Se menciona la Universidad de Talca.<\/a><\/p><p><br aria-hidden=\"true\" \/><b>RADIO POLAR<br aria-hidden=\"true\" \/><\/b><a href=\"https:\/\/radiopolar.com\/umag-lanza-curso-gratuito-para-especializarse-en-tecnologias-derivadas-del-hidrogeno-verde\/\">UMAG lanza curso gratuito para especializarse en tecnolog\u00edas derivadas del hidr\u00f3geno verde. Se menciona la Universidad de Talca.<\/a><\/p><p class=\"x_elementToProof\">\u00a0<\/p>\t\t\t\t\t\t<\/div>\n\t\t\t\t<\/div>\n\t\t\t\t\t<\/div>\n\t\t<\/div>\n\t\t\t\t\t\t\t<\/div>\n\t\t<\/section>\n\t\t\t\t\t\t<\/div>\n\t\t\t\t\t<\/div>\n\t\t","protected":false},"excerpt":{"rendered":"<p>DIARIO TALCA\u00a0Presidente Boric\u00a0firm\u00f3 nuevos Estatutos de la Universidad de Talca. Se refiere el rector Carlos Torres Fuchslocher.\u00a0\u00a0 \u00a0 DIARIO LA MA\u00d1ANA\u00a0Presidente Boric firm\u00f3 nuevos Estatutos de la Universidad de Talca. Se refiere el rector Carlos Torres Fuchslocher y Jorge Herrera, secretario Asoutal.\u00a0\u00a0 \u00a0 AD PRENSA\u00a0Nuevos proyectos fortalecen la investigaci\u00f3n en diversas \u00e1reas del conocimiento. Se &hellip;<\/p>\n<p class=\"read-more\"> <a class=\"\" href=\"https:\/\/www.reportedeprensa.utalca.cl\/?p=8989\"> <span class=\"screen-reader-text\">11 de enero de 2024<\/span> Read More &raquo;<\/a><\/p>\n","protected":false},"author":1,"featured_media":0,"comment_status":"closed","ping_status":"open","sticky":false,"template":"","format":"standard","meta":{"_monsterinsights_skip_tracking":false,"_monsterinsights_sitenote_active":false,"_monsterinsights_sitenote_note":"","_monsterinsights_sitenote_category":0},"categories":[44],"tags":[],"_links":{"self":[{"href":"https:\/\/www.reportedeprensa.utalca.cl\/index.php?rest_route=\/wp\/v2\/posts\/8989"}],"collection":[{"href":"https:\/\/www.reportedeprensa.utalca.cl\/index.php?rest_route=\/wp\/v2\/posts"}],"about":[{"href":"https:\/\/www.reportedeprensa.utalca.cl\/index.php?rest_route=\/wp\/v2\/types\/post"}],"author":[{"embeddable":true,"href":"https:\/\/www.reportedeprensa.utalca.cl\/index.php?rest_route=\/wp\/v2\/users\/1"}],"replies":[{"embeddable":true,"href":"https:\/\/www.reportedeprensa.utalca.cl\/index.php?rest_route=%2Fwp%2Fv2%2Fcomments&post=8989"}],"version-history":[{"count":7,"href":"https:\/\/www.reportedeprensa.utalca.cl\/index.php?rest_route=\/wp\/v2\/posts\/8989\/revisions"}],"predecessor-version":[{"id":9003,"href":"https:\/\/www.reportedeprensa.utalca.cl\/index.php?rest_route=\/wp\/v2\/posts\/8989\/revisions\/9003"}],"wp:attachment":[{"href":"https:\/\/www.reportedeprensa.utalca.cl\/index.php?rest_route=%2Fwp%2Fv2%2Fmedia&parent=8989"}],"wp:term":[{"taxonomy":"category","embeddable":true,"href":"https:\/\/www.reportedeprensa.utalca.cl\/index.php?rest_route=%2Fwp%2Fv2%2Fcategories&post=8989"},{"taxonomy":"post_tag","embeddable":true,"href":"https:\/\/www.reportedeprensa.utalca.cl\/index.php?rest_route=%2Fwp%2Fv2%2Ftags&post=8989"}],"curies":[{"name":"wp","href":"https:\/\/api.w.org\/{rel}","templated":true}]}}