{"id":9007,"date":"2024-01-12T10:04:34","date_gmt":"2024-01-12T13:04:34","guid":{"rendered":"https:\/\/www.reportedeprensa.utalca.cl\/?p=9007"},"modified":"2024-01-12T10:22:22","modified_gmt":"2024-01-12T13:22:22","slug":"12-de-enero-de-2024","status":"publish","type":"post","link":"https:\/\/www.reportedeprensa.utalca.cl\/?p=9007","title":{"rendered":"12 de enero de 2024"},"content":{"rendered":"\t\t<div data-elementor-type=\"wp-post\" data-elementor-id=\"9007\" class=\"elementor elementor-9007\" data-elementor-settings=\"[]\">\n\t\t\t\t\t\t\t<div class=\"elementor-section-wrap\">\n\t\t\t\t\t\t\t<section class=\"elementor-section elementor-top-section elementor-element elementor-element-bcea1a8 elementor-section-boxed elementor-section-height-default elementor-section-height-default\" data-id=\"bcea1a8\" data-element_type=\"section\">\n\t\t\t\t\t\t<div class=\"elementor-container elementor-column-gap-default\">\n\t\t\t\t\t<div class=\"elementor-column elementor-col-100 elementor-top-column elementor-element elementor-element-e7183bf\" data-id=\"e7183bf\" data-element_type=\"column\">\n\t\t\t<div class=\"elementor-widget-wrap elementor-element-populated\">\n\t\t\t\t\t\t\t\t<div class=\"elementor-element elementor-element-5ffbb87 elementor-widget elementor-widget-text-editor\" data-id=\"5ffbb87\" data-element_type=\"widget\" data-widget_type=\"text-editor.default\">\n\t\t\t\t<div class=\"elementor-widget-container\">\n\t\t\t\t\t\t\t\t<div><p><b>EL HERALDO<\/b><b>\u00a0<\/b><\/p><p><a href=\"https:\/\/www.diarioelheraldo.cl\/noticia\/nuevos-proyectos-fortalecen-la-investigacion-en-diversas-areas-del-conocimiento-\">Nuevos proyectos fortalecen la investigaci\u00f3n en diversas \u00e1reas del conocimiento. Se refiere Cristian Rojas, vicerrector acad\u00e9mico y Roberto Jara, director de Investigaci\u00f3n.\u00a0<\/a><\/p><p>\u00a0<\/p><div><p><b>RADIO EL LIBERTADOR<br aria-hidden=\"true\" \/><\/b><a href=\"https:\/\/radioelibertador.com\/2024\/01\/11\/macrozona-centro-sur-se-adjudica-131-proyectos-de-fondecyt-de-iniciacion-y-postdoctorado\/\">Macrozona Centro Sur se adjudica 131 proyectos de Fondecyt de Iniciaci\u00f3n y Postdoctorado. Se menciona a la Universidad de Talca<\/a><\/p><p>\u00a0<\/p><p><b>EL MERCURIO<br aria-hidden=\"true\" \/><\/b><a href=\"https:\/\/www.litoralpress.cl\/sitio\/Prensa_Detalles.cshtml?LPKey=JSXIOJWKFKQ6GVUCUSG5FVFARZ7POF6PK53UL5VCYUE46FFJOLQA\">Crean sede social sustentable usando c\u00e1scaras de avellanas y pl\u00e1stico reciclado. Se refiere Crist\u00f3bal Montalva e Ignacio Fuenzalida, acad\u00e9micos de la Facultad de Ingenier\u00eda.<\/a><\/p><p>\u00a0<\/p><p><b>EL LECTOR<\/b><b>\u00a0<\/b><\/p><p><a href=\"https:\/\/www.utalca.cl\/content\/uploads\/2024\/01\/REPORTE-DE-PRENSA8.jpeg\">UTalca\u00a0ofrecer\u00e1\u202ftaller\u202fgratuito\u202fpara el cuidado de ni\u00f1as y ni\u00f1os.\u202fSe refiere\u202fPablo Concha, director de la Escuela para Familias y director (s) Psicolog\u00eda UTalca\u00a0y directora general de Vinculaci\u00f3n con el Medio, la Se refiere Karin Saavedra Redlich.\u00a0<\/a><\/p><p>\u00a0<\/p><\/div><div><p><b>EL HERALDO<\/b>\u00a0<\/p><p><a href=\"https:\/\/www.utalca.cl\/content\/uploads\/2024\/01\/REPORTE-DE-PRENSA6.jpeg\">UTalca\u00a0ofrecer\u00e1\u202ftaller\u202fgratuito\u202fpara el cuidado de ni\u00f1as y ni\u00f1os.\u202fSe refiere\u202fPablo Concha, director de la Escuela para Familias y director (s) Psicolog\u00eda UTalca\u00a0y directora general de Vinculaci\u00f3n con el Medio, la Se refiere Karin Saavedra Redlich.\u00a0<\/a><\/p><p>\u00a0<\/p><div><p><b>MEDIABANCO<\/b><b>\u00a0<\/b><\/p><p><a href=\"https:\/\/www.mediabanco.com\/entregan-consejos-para-mantener-la-casa-fresca-en-verano\/\">Entregan consejos para mantener la casa fresca en verano.\u00a0Se refiere Mar\u00eda Luisa Del Campo, directora del Centro Tecnol\u00f3gico Kipus.\u00a0<\/a><\/p><p>\u00a0<\/p><\/div><div><p><b>S\u00c9PTIMA P\u00c1GINA NOTICIAS<\/b>\u00a0<\/p><p><a href=\"https:\/\/www.septimapaginanoticias.cl\/entregan-consejos-para-mantener-la-casa-fresca-en-verano\">Entregan consejos para mantener la casa fresca en verano. Se refiere Mar\u00eda Luisa Del Campo, directora del Centro Tecnol\u00f3gico Kipus.<\/a><\/p><p>\u00a0<\/p><\/div><div><p><b>EL MAULE INFORMA<\/b><\/p><p><a href=\"https:\/\/elmauleinforma.cl\/entregan-consejos-para-mantener-la-casa-fresca-en-verano\/\">Entregan consejos para mantener la casa fresca en verano.\u00a0Se refiere Mar\u00eda Luisa Del Campo, directora del Centro Tecnol\u00f3gico Kipus.<\/a><\/p><p>\u00a0<\/p><p><b>LA TRIBUNA\u00a0<\/b>\u00a0<\/p><p><a href=\"https:\/\/www.latribuna.cl\/salud\/2024\/01\/11\/como-mantener-la-casa-fresca-este-verano-experta-entrega-algunas-claves.html\">Entregan consejos para mantener la casa fresca en verano. Se refiere la directora del Centro Tecnol\u00f3gico Kipus\u00a0de la Universidad de Talca, Mar\u00eda Luisa Del Campo Hitschfeld.\u00a0<\/a><\/p><p>\u00a0<\/p><div><p><b>PUBLIMETRO<\/b><b>\u00a0<\/b><\/p><p><a href=\"https:\/\/www.utalca.cl\/content\/uploads\/2024\/01\/REPORTE-DE-PRENSA29.jpeg\">Refuerzan llamado a vacunar ante nueva cepa del Covid: Pirola.\u00a0Se refiere Erika Retamal Contreras, directora Salud P\u00fablica.\u202f\u00a0<\/a><\/p><p>\u00a0<\/p><p><b>DIARIO TALCA<\/b><\/p><p><a href=\"https:\/\/diariotalca.cl\/pirola-es-la-nueva-variante-del-covid-sepa-cuales-son-sus-sintomas\/\">Pirola es la nueva variante del Covid: sepa cu\u00e1les son sus s\u00edntomas<b>.\u00a0<\/b>Se refiere Erika Retamal Contreras, directora Salud P\u00fablica. \u00a0<\/a><\/p><p>\u00a0<\/p><p><b>EL TIP\u00d3GRAFO<\/b><\/p><p><a href=\"https:\/\/eltipografo.cl\/2024\/01\/pirola-conozca-la-nueva-variante-del-covid-19\">Pirola: Conozca la nueva variante del Covid-19.\u00a0Se refiere Erika Retamal Contreras, directora Salud P\u00fablica. \u00a0<\/a><\/p><div>\u00a0<\/div><p><b>SAN\u00a0CARLOS ONLINE<\/b>\u00a0<\/p><p><a href=\"https:\/\/www.sancarlosonline.cl\/2024\/01\/pirola-la-nueva-variante-del-covid.html\">Pirola, la nueva variante de COVID-19 que alerta al mundo: cu\u00e1les son sus s\u00edntomas. Se refiere Erika Retamal Contreras, directora Salud P\u00fablica. \u00a0\u00a0<\/a><br aria-hidden=\"true\" \/><br \/><\/p><\/div><div><p><b>CITY MAGAZINE<br aria-hidden=\"true\" \/><\/b><a href=\"https:\/\/citymagazine.cl\/pirola-la-nueva-variante-del-covid-cuales-son-sus-sintomas\/\">Pirola, la nueva variante del Covid: \u00bfcu\u00e1les son sus s\u00edntomas? Se refiere Erika Retamal Contreras, directora Salud P\u00fablica. \u00a0<\/a><br aria-hidden=\"true\" \/><br \/><\/p><p><b>EL LIDER DE SAN ANTONIO<\/b><b>\u00a0<\/b><\/p><\/div><div><p><a href=\"https:\/\/www.utalca.cl\/content\/uploads\/2024\/01\/REPORTE-DE-PRENSA4.jpeg\">A pesar del buen invierno, 2023 termin\u00f3 con un peque\u00f1o d\u00e9ficit de precipitaciones. Se refiere Patricio Gonz\u00e1lez Colville, agroclimat\u00f3logo\u00a0y acad\u00e9mico del Centro de Investigaci\u00f3n y Transferencia en Riego y Agroclimatolog\u00eda\u00a0(CITRA).\u00a0<\/a><a href=\"https:\/\/www.utalca.cl\/content\/uploads\/2024\/01\/REPORTE-DE-PRENSA4.jpeg\">\u00a0<\/a><b><br aria-hidden=\"true\" \/><\/b><\/p><\/div><div><p>\u00a0<\/p><p><b>PRENSA LATINA<\/b>\u00a0<br aria-hidden=\"true\" \/><a href=\"https:\/\/www.prensa-latina.cu\/2024\/01\/11\/advierten-en-chile-efectos-del-cambio-climatico-en-el-trigo\">Advierten en Chile efectos del cambio clim\u00e1tico en el trigo.<b>\u00a0<\/b>Se refiere Patricio Gonz\u00e1lez Colville, agroclimat\u00f3logo\u00a0y acad\u00e9mico del Centro de Investigaci\u00f3n y Transferencia en Riego y Agroclimatolog\u00eda\u00a0(CITRA).\u00a0<\/a><br aria-hidden=\"true\" \/><br \/><\/p><\/div><div><p><b>LA TRIBUNA<\/b><b>\u00a0<\/b><\/p><p><a href=\"https:\/\/www.utalca.cl\/content\/uploads\/2024\/01\/REPORTE-DE-PRENSA3.jpeg\">Ojo con las otitis externas en verano: experto explic\u00f3 la enfermedad que aumenta en vacaciones. Se refiere Jos\u00e9 Gregorio Ledezma, acad\u00e9mico de la Escuela de Medicina.\u00a0<\/a><b>\u00a0<\/b><\/p><div><p>\u00a0<\/p><p><b>CR\u00d3NICA DIGITAL<\/b><\/p><p><a href=\"https:\/\/www.cronicadigital.cl\/2024\/01\/11\/advierten-en-chile-efectos-del-cambio-climatico-en-el-trigo\/\">Advierten en Chile efectos del cambio clim\u00e1tico en el trigo. Se refiere Anita Arenas, investigadora Universidad de Talca.<\/a><\/p><p>\u00a0<\/p><\/div><\/div><div><b>MEDIABANCO<\/b><\/div><\/div><p><a href=\"https:\/\/www.mediabanco.com\/extension-utalca-presenta-ciclo-de-cine-dedicado-a-amores-de-verano\/\">Extensi\u00f3n UTalca presenta ciclo de cine dedicado a \u201camores de verano\u201d.\u00a0Se refiere Marcela Albornoz, directora de Extensi\u00f3n Cultural-Art\u00edstica.\u202f\u00a0<\/a><\/p><p>\u00a0<\/p><div><b>PUBLIMICRO<\/b>\u00a0<\/div><\/div><div><a href=\"https:\/\/publimicro.cl\/area-de-extension-de-la-universidad-de-talca-presenta-ciclo-de-cine-dedicado-a-los-amores-de-verano\/\">\u00c1rea de Extensi\u00f3n de la Universidad de Talca presenta ciclo de cine dedicado a los \u201camores de verano\u201d\u00a0Se refiere Marcela Albornoz, directora de Extensi\u00f3n Cultural-Art\u00edstica.\u202f\u00a0<\/a><\/div><p>\u00a0<\/p><\/div><div><p><b>DIARIO EL CENTRO<\/b><b>\u00a0<\/b><\/p><\/div><div><p><a href=\"https:\/\/www.diarioelcentro.cl\/2024\/01\/11\/inicia-segundo-ciclo-de-talleres-del-plan-estrategico-de-energia-en-el-maule\/\">Inicia segundo ciclo de talleres del plan estrat\u00e9gico de energ\u00eda en el Maule. Se refiere la directora del Centro Tecnol\u00f3gico Kipus\u00a0de la Universidad de Talca, Mar\u00eda Luisa Del Campo Hitschfeld.<\/a><a href=\"https:\/\/www.diarioelcentro.cl\/2024\/01\/11\/inicia-segundo-ciclo-de-talleres-del-plan-estrategico-de-energia-en-el-maule\/\">\u00a0<\/a><b><br aria-hidden=\"true\" \/><\/b><b><a id=\"OWA645e8dc2-a45b-1629-7dae-9dbd3f7f53d2\" href=\"https:\/\/www.diarioelcentro.cl\/2024\/01\/11\/inicia-segundo-ciclo-de-talleres-del-plan-estrategico-de-energia-en-el-maule\/\" target=\"_blank\" rel=\"noopener noreferrer\" data-auth=\"NotApplicable\" data-loopstyle=\"linkonly\" data-linkindex=\"18\"><\/a><\/b><\/p><\/div><div><p>\u00a0<\/p><p><b>CIENCIA EN CHILE<\/b>\u00a0<\/p><p><a href=\"https:\/\/www.cienciaenchile.cl\/importante-revista-cientifica-internacional-hypertension-publica-en-portada-proyecto-fondecyt-ubb\/\">Importante revista cient\u00edfica internacional \u201cHypertension\u201d publica en portada proyecto Fondecyt. Se menciona la Universidad de Talca.\u00a0<\/a><\/p><p>\u00a0<\/p><\/div><div><p><b>SENADO.CL<\/b>\u00a0<br aria-hidden=\"true\" \/><a href=\"https:\/\/www.senado.cl\/senado-ratifica-a-4-nuevos-integrantes-del-tribunal-constitucional\">Senado ratifica a 4 nuevos integrantes del Tribunal Constitucional. Se menciona la Universidad de Talca.\u00a0<\/a><br aria-hidden=\"true\" \/><br \/><\/p><\/div><div><p><b>EL MOSTRADOR<\/b>\u00a0<br aria-hidden=\"true\" \/><a href=\"https:\/\/www.elmostrador.cl\/cultura\/agenda\/2024\/01\/10\/seminario-dictada-por-ricardo-rozzi-sobre-la-antartica-y-el-centro-internacional-cabo-de-hornos\/\">Seminario dictado por Ricardo Rozzi\u00a0sobre la Ant\u00e1rtica y el Centro Internacional Cabo de Hornos. Se menciona la Universidad de Talca.\u00a0<\/a><br aria-hidden=\"true\" \/><br \/><\/p><\/div><div><p><b>REPORTE MINERO<\/b><\/p><\/div><div><div><p><a href=\"https:\/\/www.reporteminero.cl\/noticia\/noticias\/2024\/01\/universidad-magallanes-curso-gratuito-tecnologias-h2v\">Universidad de Magallanes lanza curso gratuito para especializarse en tecnolog\u00edas derivadas H2V.\u00a0Se menciona la Universidad de Talca.\u00a0<\/a><\/p><p>\u00a0<\/p><div><b>RED GOL<\/b><\/div><div><a href=\"https:\/\/redgol.cl\/tendencias\/cual-es-el-sueldo-promedio-de-un-nutricionista-en-chile-20240111-RDG-257802.html\">\u00bfCu\u00e1nto gana un nutricionista en Chile? Sueldo promedio al egresar de la carrera<b>.\u00a0<\/b>Se menciona la Universidad de Talca.<\/a><\/div><div>\u00a0<\/div><div><b>LA DISCUSI\u00d3N<\/b>\u00a0<\/div><p><a href=\"https:\/\/www.ladiscusion.cl\/especialista-en-genetica-es-el-nuevo-director-regional-de-inia-quilamapu\/\">Especialista en gen\u00e9tica Dr. Javier Chilian\u00a0es el nuevo director regional de INIA Quilamapu. Se menciona la Universidad de Talca.\u00a0<\/a><\/p><p>\u00a0<\/p><\/div><div><p><b>EL RANCAGUINO<\/b>\u00a0<br aria-hidden=\"true\" \/><a href=\"https:\/\/www.elrancaguino.cl\/2024\/01\/10\/marcela-reyes-asume-como-nueva-gerente-dehorticrece\/\">Marcela Reyes asume como nueva gerente de HortiCrece, Se menciona la Universidad de Talca.\u00a0<\/a><br aria-hidden=\"true\" \/><br \/><\/p><\/div><div><p><b>RADIO POLAR<\/b>\u00a0<br aria-hidden=\"true\" \/><a href=\"https:\/\/radiopolar.com\/umag-lanza-curso-gratuito-para-especializarse-en-tecnologias-derivadas-del-hidrogeno-verde\/\">UMAG lanza curso gratuito para especializarse en tecnolog\u00edas derivadas del hidr\u00f3geno verde. Se menciona la Universidad de Talca.\u00a0<\/a><br aria-hidden=\"true\" \/><br \/><\/p><\/div><div><b>CIENCIA Y SALUD<\/b>\u00a0<br aria-hidden=\"true\" \/><a href=\"https:\/\/cienciaysalud.cl\/2024\/01\/11\/nucleo-milenio-imhay-cumplio-cinco-anos-de-aporte-a-la-salud-mental-de-adolescentes-y-jovenes\/\">N\u00facleo Milenio Imhay\u00a0cumpli\u00f3 cinco a\u00f1os de aporte a la salud mental de adolescentes y j\u00f3venes. Se menciona la Universidad de Talca.\u00a0<\/a><br aria-hidden=\"true\" \/><b><\/b><\/div><div>\u00a0<\/div><div><b>EL OBSERVADOR<\/b><\/div><div><a href=\"https:\/\/www.litoralpress.cl\/paginaconsultas\/Servicios_NClipSitioWeb\/Get_Imagen_Nota.aspx?LPKey=WGZ2F3JTP75G6PKVQS4NPQCEO36JBBOH3IYA7QU3B5GZDMDUSRJQYXGSNZSNAI2UPLF2UZ7TRFUKY\">Desde hoy Puchuncav\u00ed ser\u00e1 la sede del Segundo Encuentro Nacional de Tunas<b>.\u00a0<\/b>Se menciona la Universidad de Talca.\u00a0<\/a><\/div><p>\u00a0<\/p><p><b>RED GOL<\/b><\/p><p><a href=\"https:\/\/redgol.cl\/tendencias\/cuando-son-los-resultados-de-preseleccion-del-fuas-2024-20240110-RDG-256778.html\">\u00bfCu\u00e1ndo dan los resultados del FUAS? Conoce las fechas claves antes de matricularte<b>.\u00a0<\/b>Se menciona la Universidad de Talca.\u00a0<\/a><\/p><p>\u00a0<\/p><p><b>SOY CHILE<\/b>\u00a0<\/p><p><a href=\"https:\/\/www.soychile.cl\/iquique\/sociedad\/2024\/01\/08\/842742\/nuevo-director-serviu-tarapaca.html\">Presidente Boric\u00a0nombra a nuevo director de Serviu\u00a0en Tarapac\u00e1. Se menciona la Universidad de Talca.\u00a0<\/a><br aria-hidden=\"true\" \/><br \/><\/p><\/div><div><p><b>SERVICIOCIVIL.CL<\/b>\u00a0<br aria-hidden=\"true\" \/><a href=\"https:\/\/www.serviciocivil.cl\/noticias\/destacado\/presidente-de-la-republica-nombra-a-nuevo-director-de-serviu-tarapaca\/\">Presidente Boric\u00a0nombra a nuevo director de Serviu\u00a0en Tarapac\u00e1. Se menciona la Universidad de Talca.\u00a0<\/a><br aria-hidden=\"true\" \/><br \/><\/p><\/div><div><p><b>RADIO PAULINA<\/b>\u00a0<br aria-hidden=\"true\" \/><a href=\"https:\/\/radiopaulina.cl\/index.php\/2024\/01\/08\/presidente-gabriel-boric-nombra-a-patricio-altermatt-como-nuevo-director-del-serviu-tarapaca\/\">Presidente Boric\u00a0nombra a nuevo director de Serviu\u00a0en Tarapac\u00e1. Se menciona la Universidad de Talca.\u00a0<\/a><br aria-hidden=\"true\" \/><br \/><\/p><\/div><div><p><b>EL MERCURIO<\/b>\u00a0<\/p><p><a href=\"https:\/\/www.utalca.cl\/content\/uploads\/2024\/01\/REPORTE-DE-PRENSA9.jpeg\">Marcela Peredo y Alejandra Precht\u00a0son las nuevas candidatas a ministras del TC. Se menciona la Universidad de Talca\u00a0\u00a0<\/a><br aria-hidden=\"true\" \/><br \/><\/p><\/div><div><p><b>REPORTE MINERO<\/b>\u00a0<\/p><p><a href=\"https:\/\/www.reporteminero.cl\/noticia\/noticias\/2024\/01\/universidad-magallanes-curso-gratuito-tecnologias-h2v\">Universidad de Magallanes lanza curso gratuito para especializarse en tecnolog\u00edas derivadas H2V. Se menciona la Universidad de Talca.\u00a0<\/a><br aria-hidden=\"true\" \/><br \/><\/p><\/div><div><p><b>LA SEGUNDA<\/b>\u00a0<\/p><\/div><div><p><a href=\"https:\/\/www.utalca.cl\/content\/uploads\/2024\/01\/REPORTE-DE-PRENSA2.jpeg\">\u201cLa U. de Ays\u00e9n hay que energizarla y direccionarla (\u2026) encontrar un rumbo\u201d. Se menciona la Universidad de Talca.\u00a0<\/a><br aria-hidden=\"true\" \/><br \/><\/p><\/div><div><p><b>LA DISCUSI\u00d3N<\/b>\u00a0<\/p><p><a href=\"https:\/\/www.utalca.cl\/content\/uploads\/2024\/01\/REPORTE-DE-PRENSA5.jpeg\">Especialista en gen\u00e9tica Dr. Javier Chilian\u00a0es el nuevo director regional de INIA Quilamapu. Se menciona la Universidad de Talca.\u00a0\u00a0<\/a><\/p><\/div>\t\t\t\t\t\t<\/div>\n\t\t\t\t<\/div>\n\t\t\t\t\t<\/div>\n\t\t<\/div>\n\t\t\t\t\t\t\t<\/div>\n\t\t<\/section>\n\t\t\t\t\t\t<\/div>\n\t\t\t\t\t<\/div>\n\t\t","protected":false},"excerpt":{"rendered":"<p>EL HERALDO\u00a0 Nuevos proyectos fortalecen la investigaci\u00f3n en diversas \u00e1reas del conocimiento. Se refiere Cristian Rojas, vicerrector acad\u00e9mico y Roberto Jara, director de Investigaci\u00f3n.\u00a0 \u00a0 RADIO EL LIBERTADORMacrozona Centro Sur se adjudica 131 proyectos de Fondecyt de Iniciaci\u00f3n y Postdoctorado. Se menciona a la Universidad de Talca \u00a0 EL MERCURIOCrean sede social sustentable usando c\u00e1scaras &hellip;<\/p>\n<p class=\"read-more\"> <a class=\"\" href=\"https:\/\/www.reportedeprensa.utalca.cl\/?p=9007\"> <span class=\"screen-reader-text\">12 de enero de 2024<\/span> Read More &raquo;<\/a><\/p>\n","protected":false},"author":1,"featured_media":0,"comment_status":"closed","ping_status":"open","sticky":false,"template":"","format":"standard","meta":{"_monsterinsights_skip_tracking":false,"_monsterinsights_sitenote_active":false,"_monsterinsights_sitenote_note":"","_monsterinsights_sitenote_category":0},"categories":[44],"tags":[],"_links":{"self":[{"href":"https:\/\/www.reportedeprensa.utalca.cl\/index.php?rest_route=\/wp\/v2\/posts\/9007"}],"collection":[{"href":"https:\/\/www.reportedeprensa.utalca.cl\/index.php?rest_route=\/wp\/v2\/posts"}],"about":[{"href":"https:\/\/www.reportedeprensa.utalca.cl\/index.php?rest_route=\/wp\/v2\/types\/post"}],"author":[{"embeddable":true,"href":"https:\/\/www.reportedeprensa.utalca.cl\/index.php?rest_route=\/wp\/v2\/users\/1"}],"replies":[{"embeddable":true,"href":"https:\/\/www.reportedeprensa.utalca.cl\/index.php?rest_route=%2Fwp%2Fv2%2Fcomments&post=9007"}],"version-history":[{"count":4,"href":"https:\/\/www.reportedeprensa.utalca.cl\/index.php?rest_route=\/wp\/v2\/posts\/9007\/revisions"}],"predecessor-version":[{"id":9011,"href":"https:\/\/www.reportedeprensa.utalca.cl\/index.php?rest_route=\/wp\/v2\/posts\/9007\/revisions\/9011"}],"wp:attachment":[{"href":"https:\/\/www.reportedeprensa.utalca.cl\/index.php?rest_route=%2Fwp%2Fv2%2Fmedia&parent=9007"}],"wp:term":[{"taxonomy":"category","embeddable":true,"href":"https:\/\/www.reportedeprensa.utalca.cl\/index.php?rest_route=%2Fwp%2Fv2%2Fcategories&post=9007"},{"taxonomy":"post_tag","embeddable":true,"href":"https:\/\/www.reportedeprensa.utalca.cl\/index.php?rest_route=%2Fwp%2Fv2%2Ftags&post=9007"}],"curies":[{"name":"wp","href":"https:\/\/api.w.org\/{rel}","templated":true}]}}