{"id":9016,"date":"2024-01-15T11:49:18","date_gmt":"2024-01-15T14:49:18","guid":{"rendered":"https:\/\/www.reportedeprensa.utalca.cl\/?p=9016"},"modified":"2024-01-15T11:55:25","modified_gmt":"2024-01-15T14:55:25","slug":"15-de-enero-de-2024","status":"publish","type":"post","link":"https:\/\/www.reportedeprensa.utalca.cl\/?p=9016","title":{"rendered":"15 de enero de 2024"},"content":{"rendered":"\t\t<div data-elementor-type=\"wp-post\" data-elementor-id=\"9016\" class=\"elementor elementor-9016\" data-elementor-settings=\"[]\">\n\t\t\t\t\t\t\t<div class=\"elementor-section-wrap\">\n\t\t\t\t\t\t\t<section class=\"elementor-section elementor-top-section elementor-element elementor-element-bcea1a8 elementor-section-boxed elementor-section-height-default elementor-section-height-default\" data-id=\"bcea1a8\" data-element_type=\"section\">\n\t\t\t\t\t\t<div class=\"elementor-container elementor-column-gap-default\">\n\t\t\t\t\t<div class=\"elementor-column elementor-col-100 elementor-top-column elementor-element elementor-element-e7183bf\" data-id=\"e7183bf\" data-element_type=\"column\">\n\t\t\t<div class=\"elementor-widget-wrap elementor-element-populated\">\n\t\t\t\t\t\t\t\t<div class=\"elementor-element elementor-element-5ffbb87 elementor-widget elementor-widget-text-editor\" data-id=\"5ffbb87\" data-element_type=\"widget\" data-widget_type=\"text-editor.default\">\n\t\t\t\t<div class=\"elementor-widget-container\">\n\t\t\t\t\t\t\t\t<div class=\"wnVEW\"><div class=\"Yy5or GNqVo yxtKT allowTextSelection OuGoX\" tabindex=\"-1\" role=\"document\" aria-label=\"Cuerpo del mensaje\"><div dir=\"ltr\"><div><p><b>MEDIABANCO\u2028<\/b>\u00a0<\/p><p><a href=\"https:\/\/www.mediabanco.com\/universidad-de-talca-estrecha-lazos-con-instituciones-internacionales\/\">Universidad de Talca estrecha lazos con instituciones internacionales. Se refiere Carlos Torres Fuchslocher, rector y Marcos Avilez Aros, director de Relaciones Internacionales.\u00a0 \u2028<\/a><b>\u00a0<\/b><\/p><p>\u00a0<\/p><p><b>AD PRENSA\u2028<\/b>\u00a0<\/p><p><a href=\"https:\/\/www.adprensa.cl\/cronica\/universidad-de-talca-estrecha-lazos-con-instituciones-internacionales\/\">Universidad de Talca estrecha lazos con instituciones internacionales. Se refiere Carlos Torres Fuchslocher, rector y Se refiere Marcos Avilez Aros, director de Relaciones Internacionales<\/a> \u2028\u00a0<br aria-hidden=\"true\" \/><br \/><\/p><\/div><div><p><b>PORTAL EDUCA\u2028<\/b>\u00a0<br aria-hidden=\"true\" \/><a href=\"https:\/\/portaleduca.cl\/vanguardia-de-la-ciencia-y-la-tecnologia-llegan-al-maule-con-el-congreso-futuro-2024\/\">Vanguardia de la Ciencia y la Tecnolog\u00eda llegan al Maule con el Congreso Futuro 2024. Se refiere Carlos Torres Fuchslocher, rector.\u2028\u00a0<\/a><br aria-hidden=\"true\" \/>\u00a0<\/p><\/div><div><p><b>G5 NOTICIAS<\/b>\u00a0<br aria-hidden=\"true\" \/><a href=\"https:\/\/g5noticias.cl\/2024\/01\/13\/nuevos-proyectos-fortalecen-la-investigacion-en-diversas-areas-del-conocimiento\/\"><b>\u00a0<\/b>Nuevos proyectos fortalecen la investigaci\u00f3n en diversas \u00e1reas del conocimiento. Se refiere<b>\u00a0<\/b>Roberto Jara Rojas, director de Investigaci\u00f3n.\u00a0<\/a><br aria-hidden=\"true\" \/><br \/><\/p><\/div><div><p><b>EL LECTOR<\/b>\u00a0<\/p><p><a href=\"https:\/\/www.litoralpress.cl\/paginaconsultas\/Servicios_NClipSitioWeb\/Get_Imagen_Nota.aspx?LPKey=75M7E4CXP5AJMHAP2JF2J4ZIY4ETI463CUSDIIERYQQBVUCCSI5M42CC7RN4AHVW6RWGI6GORWVAY\">Un centenar de estudiantes de la Universidad de Talca realizar\u00e1n intercambio en el extranjero. Se refiere Marco Avilez, director de Relaciones Internacionales.\u00a0<\/a><br aria-hidden=\"true\" \/><b>\u00a0<\/b>\u00a0<\/p><\/div><div><p><b>MEDIABANCO<\/b>\u00a0<\/p><p><a href=\"https:\/\/www.mediabanco.com\/un-centenar-de-estudiantes-de-la-universidad-de-talca-realizaran-intercambio-en-el-extranjero\/\">Un centenar de estudiantes de la Universidad de Talca realizar\u00e1n intercambio en el extranjero. Se refiere Marco Avilez, director de Relaciones Internacionales.\u00a0\u00a0<\/a><br aria-hidden=\"true\" \/>\u00a0<\/p><\/div><div><p><b>AD PRENSA<\/b>\u00a0<br aria-hidden=\"true\" \/><a href=\"https:\/\/www.adprensa.cl\/cronica\/un-centenar-de-estudiantes-de-la-universidad-de-talca-realizaran-intercambio-en-el-extranjero\/\">Un centenar de estudiantes de la Universidad de Talca realizar\u00e1n intercambio en el extranjero. Se refiere Marco Avilez, director de Relaciones Internacionales.\u00a0<\/a><br aria-hidden=\"true\" \/>\u00a0<\/p><\/div><div><p><b>PUBLIMICRO\u2028<\/b>\u00a0<br aria-hidden=\"true\" \/><a href=\"https:\/\/publimicro.cl\/casi-un-centenar-de-estudiantes-de-la-universidad-de-talca-realizaran-este-2024-un-intercambio-interuniversitario-en-el-extranjero\/\">Casi un centenar de estudiantes de la Universidad de Talca realizar\u00e1n intercambio en el extranjero. Se refiere Marcos Avilez Aros, director de Relaciones Internacionales.\u00a0 \u2028\u00a0<\/a><br aria-hidden=\"true\" \/><br \/><\/p><\/div><div><p><b>RADIO ADN<\/b>\u00a0<br aria-hidden=\"true\" \/><a href=\"https:\/\/www.litoralpress.cl\/sitio\/RadioTV_Detalles.cshtml?LPKey=AOGCRUHCIRBWU3265BBDARKVQFFBJNZU2MQUQPIUXGC3IHQPOXBHJXGJ7TKUCQSZ5PVABVNJJOM36\">Entrevista a Mar\u00eda Luisa del Campo, directora del Centro Tecnol\u00f3gico Kipus\u00a0de la Universidad de Talca.\u2028\u00a0<\/a><br aria-hidden=\"true\" \/><br \/><\/p><\/div><div><p><b>COOPERATIVA CIENCIA<\/b>\u00a0<br aria-hidden=\"true\" \/><a href=\"https:\/\/www.cooperativaciencia.cl\/tendencias\/2024\/01\/12\/consejos-para-mantener-la-casa-fresca-en-verano\/\">Consejos para mantener la casa fresca en verano. Mar\u00eda Luisa Del Campo, directora del Centro Tecnol\u00f3gico Kipus.\u00a0\u00a0\u00a0<\/a><br aria-hidden=\"true\" \/>\u00a0<\/p><\/div><div><p><b>DIARIO TALCA<\/b>\u00a0<br aria-hidden=\"true\" \/><a href=\"https:\/\/diariotalca.cl\/entregan-consejos-para-mantener-la-casa-fresca-en-verano\/\">Entregan consejos para mantener la casa fresca en verano. Mar\u00eda Luisa Del Campo, directora del Centro Tecnol\u00f3gico Kipus.\u00a0<\/a>\u00a0<\/p><p>\u00a0<\/p><p><b>LA TERCERA\u2028<\/b>\u00a0<\/p><p><a href=\"https:\/\/www.litoralpress.cl\/paginaconsultas\/Servicios_NClipSitioWeb\/Get_Imagen_Nota.aspx?LPKey=FTOR2RHL5OH2TAG5T3YFBLCGUII2BZMTZAPMH243UKQATCGSEBVVTLUV6P3LZTG2H5ACWXVEEARGO\">Ley de Lobby: una necesaria distinci\u00f3n. Se refiere Gabriel Celis Danzinger, director Escuela de Derecho campus Santiago. \u2028\u00a0<\/a><\/p><p><br aria-hidden=\"true\" \/><b>LA TERCERA ONLINE\u2028<\/b>\u00a0<br aria-hidden=\"true\" \/><a href=\"https:\/\/www.latercera.com\/opinion\/noticia\/columna-de-gabriel-celis-ley-de-lobby-una-necesaria-distincion\/ZCBPW6HGUFGODLE5APZTJBINVE\/\">Ley de Lobby: una necesaria distinci\u00f3n. Se refiere Gabriel Celis Danzinger, director Escuela de Derecho campus Santiago. \u2028\u00a0<\/a><br aria-hidden=\"true\" \/>\u00a0<\/p><\/div><\/div><\/div><\/div><div class=\"wnVEW\"><div class=\"T31hC GNqVo yxtKT allowTextSelection OuGoX\" tabindex=\"-1\" role=\"document\" aria-label=\"Cuerpo del mensaje\"><div dir=\"ltr\"><div><p><b>RADIO COOPERATIVA\u2028<\/b>\u00a0<\/p><p><a href=\"https:\/\/www.cooperativa.cl\/noticias\/pais\/poblacion\/adulto-mayor\/piensa-en-grandes-red-interuniversitaria-busca-generar-politicas\/2024-01-13\/125425.html\">Piensa en grandes: red interuniversitaria busca generar pol\u00edticas p\u00fablicas para adultos mayores. Iv\u00e1n Palomo, acad\u00e9mico de la Facultad de Ciencias de la Salud.\u2028\u00a0<\/a><br aria-hidden=\"true\" \/><br \/><\/p><\/div><div><p><b>LA TERCERA\u2028<\/b>\u00a0<br aria-hidden=\"true\" \/><a href=\"https:\/\/www.litoralpress.cl\/paginaconsultas\/Servicios_NClipSitioWeb\/Get_Imagen_Nota.aspx?LPKey=LIA3A3ICPSRPVV3HE72AEBF6R7CZGWDYTV4YNZHYBPJGDC44KLPAFQD7HKBPKC5LJWE5XWXARE336\">C\u00e1rcel de alta seguridad en isla. Se refiere Diego Palomo, acad\u00e9mico de la Facultad de Ciencias Jur\u00eddicas y Sociales.<b>\u2028<\/b>\u00a0<\/a><br aria-hidden=\"true\" \/><br \/><\/p><\/div><div><p><b>LA TERCERA ONLINE\u2028<\/b>\u00a0<br aria-hidden=\"true\" \/><a href=\"https:\/\/www.latercera.com\/opinion\/noticia\/carcel-de-alta-seguridad-en-isla\/KZGLH4Y3OZGHLH7U5UFYUINH7A\/\">C\u00e1rcel de alta seguridad en isla. Se refiere Diego Palomo, acad\u00e9mico de la Facultad de Ciencias Jur\u00eddicas y Sociales.\u2028\u00a0<\/a><br aria-hidden=\"true\" \/><br \/><\/p><\/div><div><p><b>CHILE VIAJANDO TRAVEL<\/b>\u00a0<br aria-hidden=\"true\" \/><a href=\"https:\/\/chile.viajando.travel\/escapadas\/escapadas-que-hacer-talca-n61394\">Escapadas: \u00bfQu\u00e9 hacer en Talca? Se menciona la Universidad de Talca.\u00a0<\/a><br aria-hidden=\"true\" \/><br \/><\/p><p>\u00a0<b>DIARIO FINANCIERO<\/b>\u00a0<\/p><p><a href=\"https:\/\/www.litoralpress.cl\/sitio\/Prensa_Detalles.cshtml?LPKey=W3ZR4WF6EKF2PFDI65RTBF76XM2Z7G6B5CASZJZL7VMSPAXFLDSQ\">Los estudios que licit\u00f3 Trabajo para comenzar a preparar la negociaci\u00f3n multinivel. Se menciona la Universidad de Talca.\u00a0\u00a0<\/a><br aria-hidden=\"true\" \/><br \/><\/p><\/div><div><p><b>OVEJERO NOTICIAS<\/b>\u00a0<br aria-hidden=\"true\" \/><a href=\"https:\/\/www.ovejeronoticias.cl\/2024\/01\/proceso-de-admision-2024-hay-mas-de-2-mil-cupos-adicionales-para-mujeres-en-carreras-stem\/\">Proceso de admisi\u00f3n 2024: Hay m\u00e1s de 2 mil cupos adicionales para mujeres en carreras STEM. Se menciona la Universidad de Talca.\u00a0\u00a0\u00a0<\/a><br aria-hidden=\"true\" \/><br \/><\/p><\/div><div><p><b>RED GOL<\/b>\u00a0<br aria-hidden=\"true\" \/><a href=\"https:\/\/redgol.cl\/tendencias\/que-dia-salen-los-resultados-para-ingresar-a-la-universidad-20240112-RDG-258943.html\">\u00bfCu\u00e1ndo salen los resultados a las postulaciones a universidades y d\u00f3nde debo revisar? Se menciona la Universidad de Talca.\u00a0\u00a0\u00a0<\/a><br aria-hidden=\"true\" \/><br \/><\/p><\/div><div><p><b>NINA FM<\/b>\u00a0<br aria-hidden=\"true\" \/><a href=\"https:\/\/ninafm.cl\/2024\/01\/12\/cuando-salen-los-resultados-a-las-postulaciones-a-universidades-y-donde-debo-revisar\/\">\u00bfCu\u00e1ndo salen los resultados a las postulaciones a universidades y d\u00f3nde debo revisar? Se menciona la Universidad de Talca.\u00a0\u00a0\u00a0<\/a><br aria-hidden=\"true\" \/><br \/><\/p><\/div><div><p><b>RADIO INFINITA<\/b>\u00a0<br aria-hidden=\"true\" \/><a href=\"https:\/\/www.litoralpress.cl\/sitio\/RadioTV_Detalles.cshtml?LPKey=4W7Y5SXT6EG5SOFIKVLPGM7EWJBRTYVW4NUINPIZ46NPSMSUUED2XSXD6ADKJTU6YCWFD6GR67E5A\">Comentario de pol\u00edtica de Mauricio Morales. Se refiere Mauricio Morales, director del Centro de An\u00e1lisis Pol\u00edtico. \u2028\u00a0<\/a><br aria-hidden=\"true\" \/><br \/><\/p><\/div><div><p><b>RADIO INIFINITA\u2028<\/b>\u00a0<br aria-hidden=\"true\" \/><a href=\"https:\/\/www.litoralpress.cl\/sitio\/RadioTV_Detalles.cshtml?LPKey=4W7Y5SXT6EG5SOFIKVLPGM7EWJBRTYVW4NUINPIZ46NPSMSUUED2XSXD6ADKJTU6YCWFD6GR67E5A\">Comentario de pol\u00edtica de Mauricio Morales, director del Centro de An\u00e1lisis Pol\u00edtico. \u2028\u00a0<\/a><br aria-hidden=\"true\" \/><br \/><\/p><\/div><div><p><b>EL OBSERVADOR\u2028<\/b>\u00a0<br aria-hidden=\"true\" \/><a href=\"https:\/\/www.litoralpress.cl\/paginaconsultas\/Servicios_NClipSitioWeb\/Get_Imagen_Nota.aspx?LPKey=WGZ2F3JTP75G6PKVQS4NPQCEO36JBBOH3IYA7QU3B5GZDMDUSRJQYXGSNZSNAI2UPLF2UZ7TRFUKY\">Desde hoy Puchuncav\u00ed ser\u00e1 la sede del Segundo Encuentro Nacional de Tunas. Se menciona la Universidad de Talca.\u2028<\/a><\/p><\/div><div><p>\u00a0<\/p><p><b>LA PRENSA DE CURIC\u00d3<\/b>\u00a0<br aria-hidden=\"true\" \/><a href=\"https:\/\/www.litoralpress.cl\/sitio\/Prensa_Detalles.cshtml?LPKey=J3BIRGSSFAJRNGPBI4QYA76WALLQMIALUPDZ5IN7RHIWAWWPJXVQ\">Aprac premia hoy a los mejores atletas de sus filas. Se menciona la Universidad de Talca.\u00a0\u00a0<\/a><br aria-hidden=\"true\" \/><br \/><\/p><\/div><div><p><b>LA PRENSA DE CURIC\u00d3\u2028<\/b>\u00a0<br aria-hidden=\"true\" \/><a href=\"https:\/\/www.litoralpress.cl\/paginaconsultas\/Servicios_NClipSitioWeb\/Get_Imagen_Nota.aspx?LPKey=VYZIUSM4MOFVJOEG6SIW2MOWRVLAZHZ6B3VX3ENU5OHIB2FIWLUDDSDACEVJP2EVXV46CQYHUKOHW\">Taller Contar con visuales. Se menciona la Universidad de Talca.\u2028\u00a0<\/a><br aria-hidden=\"true\" \/><br \/><\/p><\/div><\/div><\/div><\/div>\t\t\t\t\t\t<\/div>\n\t\t\t\t<\/div>\n\t\t\t\t\t<\/div>\n\t\t<\/div>\n\t\t\t\t\t\t\t<\/div>\n\t\t<\/section>\n\t\t\t\t\t\t<\/div>\n\t\t\t\t\t<\/div>\n\t\t","protected":false},"excerpt":{"rendered":"<p>MEDIABANCO\u2028\u00a0 Universidad de Talca estrecha lazos con instituciones internacionales. Se refiere Carlos Torres Fuchslocher, rector y Marcos Avilez Aros, director de Relaciones Internacionales.\u00a0 \u2028\u00a0 \u00a0 AD PRENSA\u2028\u00a0 Universidad de Talca estrecha lazos con instituciones internacionales. Se refiere Carlos Torres Fuchslocher, rector y Se refiere Marcos Avilez Aros, director de Relaciones Internacionales \u2028\u00a0 PORTAL EDUCA\u2028\u00a0Vanguardia de &hellip;<\/p>\n<p class=\"read-more\"> <a class=\"\" href=\"https:\/\/www.reportedeprensa.utalca.cl\/?p=9016\"> <span class=\"screen-reader-text\">15 de enero de 2024<\/span> Read More &raquo;<\/a><\/p>\n","protected":false},"author":1,"featured_media":0,"comment_status":"closed","ping_status":"open","sticky":false,"template":"","format":"standard","meta":{"_monsterinsights_skip_tracking":false,"_monsterinsights_sitenote_active":false,"_monsterinsights_sitenote_note":"","_monsterinsights_sitenote_category":0},"categories":[44],"tags":[],"_links":{"self":[{"href":"https:\/\/www.reportedeprensa.utalca.cl\/index.php?rest_route=\/wp\/v2\/posts\/9016"}],"collection":[{"href":"https:\/\/www.reportedeprensa.utalca.cl\/index.php?rest_route=\/wp\/v2\/posts"}],"about":[{"href":"https:\/\/www.reportedeprensa.utalca.cl\/index.php?rest_route=\/wp\/v2\/types\/post"}],"author":[{"embeddable":true,"href":"https:\/\/www.reportedeprensa.utalca.cl\/index.php?rest_route=\/wp\/v2\/users\/1"}],"replies":[{"embeddable":true,"href":"https:\/\/www.reportedeprensa.utalca.cl\/index.php?rest_route=%2Fwp%2Fv2%2Fcomments&post=9016"}],"version-history":[{"count":4,"href":"https:\/\/www.reportedeprensa.utalca.cl\/index.php?rest_route=\/wp\/v2\/posts\/9016\/revisions"}],"predecessor-version":[{"id":9023,"href":"https:\/\/www.reportedeprensa.utalca.cl\/index.php?rest_route=\/wp\/v2\/posts\/9016\/revisions\/9023"}],"wp:attachment":[{"href":"https:\/\/www.reportedeprensa.utalca.cl\/index.php?rest_route=%2Fwp%2Fv2%2Fmedia&parent=9016"}],"wp:term":[{"taxonomy":"category","embeddable":true,"href":"https:\/\/www.reportedeprensa.utalca.cl\/index.php?rest_route=%2Fwp%2Fv2%2Fcategories&post=9016"},{"taxonomy":"post_tag","embeddable":true,"href":"https:\/\/www.reportedeprensa.utalca.cl\/index.php?rest_route=%2Fwp%2Fv2%2Ftags&post=9016"}],"curies":[{"name":"wp","href":"https:\/\/api.w.org\/{rel}","templated":true}]}}