{"id":9030,"date":"2024-01-16T11:31:55","date_gmt":"2024-01-16T14:31:55","guid":{"rendered":"https:\/\/www.reportedeprensa.utalca.cl\/?p=9030"},"modified":"2024-01-16T11:40:23","modified_gmt":"2024-01-16T14:40:23","slug":"16-de-enero-de-2024","status":"publish","type":"post","link":"https:\/\/www.reportedeprensa.utalca.cl\/?p=9030","title":{"rendered":"16 de enero de 2024"},"content":{"rendered":"\t\t<div data-elementor-type=\"wp-post\" data-elementor-id=\"9030\" class=\"elementor elementor-9030\" data-elementor-settings=\"[]\">\n\t\t\t\t\t\t\t<div class=\"elementor-section-wrap\">\n\t\t\t\t\t\t\t<section class=\"elementor-section elementor-top-section elementor-element elementor-element-bcea1a8 elementor-section-boxed elementor-section-height-default elementor-section-height-default\" data-id=\"bcea1a8\" data-element_type=\"section\">\n\t\t\t\t\t\t<div class=\"elementor-container elementor-column-gap-default\">\n\t\t\t\t\t<div class=\"elementor-column elementor-col-100 elementor-top-column elementor-element elementor-element-e7183bf\" data-id=\"e7183bf\" data-element_type=\"column\">\n\t\t\t<div class=\"elementor-widget-wrap elementor-element-populated\">\n\t\t\t\t\t\t\t\t<div class=\"elementor-element elementor-element-5ffbb87 elementor-widget elementor-widget-text-editor\" data-id=\"5ffbb87\" data-element_type=\"widget\" data-widget_type=\"text-editor.default\">\n\t\t\t\t<div class=\"elementor-widget-container\">\n\t\t\t\t\t\t\t\t<div class=\"wnVEW\"><div class=\"Yy5or GNqVo yxtKT allowTextSelection OuGoX\" tabindex=\"-1\" role=\"document\" aria-label=\"Cuerpo del mensaje\"><div dir=\"ltr\"><div>\u00a0<\/div><\/div><\/div><\/div><div class=\"wnVEW\"><div class=\"T31hC GNqVo yxtKT allowTextSelection OuGoX\" tabindex=\"-1\" role=\"document\" aria-label=\"Cuerpo del mensaje\"><div dir=\"ltr\"><div class=\"x_elementToProof\"><b>AD PRENSA<\/b><b>\u00a0<\/b><\/div><div class=\"x_elementToProof\"><a href=\"https:\/\/www.adprensa.cl\/cronica\/universidad-de-talca-compartio-experiencias-de-innovacion-en-el-aprendizaje\/\">Universidad de Talca comparti\u00f3 experiencias de innovaci\u00f3n en el aprendizaje. Se refiere Paula Manr\u00edquez, vicerrectora de Pregrado.\u00a0<\/a><\/div><div>\u00a0<\/div><div>\u00a0<\/div><p><b>LA PRENSA CURIC\u00d3\u00a0<\/b>\u00a0<\/p><p><a href=\"https:\/\/www.litoralpress.cl\/paginaconsultas\/Servicios_NClipSitioWeb\/Get_Imagen_Nota.aspx?LPKey=HU27JDYF5QCH3L4BOLDJFZBC5JUO7UQ56IVO4IAL4M6JOLF7RT6BSKXJMND5KYHLTNQB7G72STXLC\">Estudiantes manifiestan alto inter\u00e9s por pasant\u00edas<b>.<\/b>\u00a0Se refiere\u202fMarco\u202fAvilez, director de Relaciones Internacionales.\u202f\u202f\u00a0<\/a><\/p><p>\u00a0<\/p><div><b>G5 NOTICIA<\/b>\u00a0<\/div><div><p><a href=\"https:\/\/g5noticias.cl\/2024\/01\/15\/un-centenar-de-estudiantes-de-la-universidad-de-talca-realizaran-intercambio-en-el-extranjero\/\">Un centenar de estudiantes de la Universidad de Talca realizar\u00e1n intercambio en el extranjero. Se refiere Marco Avilez, director de Relaciones Internacionales.\u00a0<\/a><br aria-hidden=\"true\" \/>\u00a0<\/p><\/div><div>\u00a0<\/div><div><p><b>EL MAULE INFORMA<\/b>\u00a0<br aria-hidden=\"true\" \/><a href=\"https:\/\/elmauleinforma.cl\/un-centenar-de-estudiantes-de-la-universidad-de-talca-realizaran-intercambio-en-el-extranjero\/\">Un centenar de estudiantes de la Universidad de Talca realizar\u00e1n intercambio en el extranjero<b>.<\/b>\u00a0Se refiere Marcos Avilez\u00a0Aros, director de Relaciones Internacionales.\u00a0<\/a><\/p><p>\u00a0<\/p><p><b>CHILLAN ONLINE<\/b><b>\u00a0<\/b><\/p><div><p><a href=\"https:\/\/www.chillanonline.cl\/V7\/2024\/01\/14\/universidad-de-talca-compartio-experiencias-de-innovacion-en-el-aprendizaje\/\">Universidad de Talca comparti\u00f3 experiencias de innovaci\u00f3n en el aprendizaje. Se refiere Paula Manr\u00edquez, vicerrectora de Pregrado.\u00a0<\/a><\/p><p>\u00a0<\/p><p><b>PUBLIMICRO<\/b>\u00a0<\/p><div><p><a href=\"https:\/\/publimicro.cl\/universidad-de-talca-compartio-experiencias-de-innovacion-en-el-aprendizaje\/\">Universidad de Talca comparti\u00f3 experiencias de innovaci\u00f3n en el aprendizaje. Se refiere Paula Manr\u00edquez, vicerrectora de Pregrado.\u00a0<\/a><\/p><p>\u00a0<\/p><\/div><div><b>RADIO VLN\u00a0<\/b><b>\u00a0<\/b><\/div><\/div><div><a href=\"https:\/\/www.litoralpress.cl\/sitio\/RadioTV_Detalles.cshtml?LPKey=6VQZ4573ZAAU5GJ3LDFK6S27XEEIBOIILKSFOB7OVX4UFEZKTPZFOVWM6ASNJHTXWT3KSPOIRKHWQ\">Entrevista Tania Mascar\u00f3, coordinadora de la Unidad de Admisi\u00f3n y Acceso de la Universidad de Talca.\u00a0<\/a><a href=\"https:\/\/www.litoralpress.cl\/sitio\/RadioTV_Detalles.cshtml?LPKey=6VQZ4573ZAAU5GJ3LDFK6S27XEEIBOIILKSFOB7OVX4UFEZKTPZFOVWM6ASNJHTXWT3KSPOIRKHWQ\">\u00a0<\/a><b><br aria-hidden=\"true\" \/><\/b><\/div><\/div><div class=\"x_elementToProof\">\u00a0<\/div><div><div><p><b>ENTREPENERD<br aria-hidden=\"true\" \/><\/b><a href=\"https:\/\/www.entnerd.com\/utalca-fortalece-licenciamiento-y-creacion-de-patentes-de-productos-innovadores\/\">UTalca fortalece licenciamiento y creaci\u00f3n de patentes de productos innovadores. Se refiere Ariela Vergara, vicerrectora de Innovaci\u00f3n; Nadia Rojas, directora de Innovaci\u00f3n y Transferencia y Silvana Herrera, dise\u00f1adora UTalca. \u00a0<\/a><b><br aria-hidden=\"true\" \/><br \/><\/b><\/p><p><b>DIARIO EL HERALDO<br aria-hidden=\"true\" \/><\/b><a href=\"https:\/\/www.diarioelheraldo.cl\/noticia\/ingenierias-de-la-utalca-acreditadas-bajo-estandares-internacionales-\">Ingenier\u00edas de la UTalca acreditadas bajo est\u00e1ndares internacionales. Se refiere Javier Mu\u00f1oz, decano Facultad de Ingenier\u00eda; Cristian Mardones, director de la Escuela de Ingenier\u00eda Civil El\u00e9ctrica; Francisco Rivas, director de Ingenier\u00eda Civil de Minas y Yohana Morales encargada del \u00e1rea de formaci\u00f3n de la Facultad de Ingenier\u00eda. \u00a0<\/a><b><br aria-hidden=\"true\" \/><br \/><\/b><\/p><\/div><div><div><b>RADIO MARAY<\/b>\u00a0<\/div><\/div><p><a href=\"https:\/\/www.maray.cl\/ingenierias-de-la-universidad-de-talca-son-acreditadas-bajo-estandares-internacionales\/\">Ingenier\u00edas de la Universidad de Talca son acreditadas bajo est\u00e1ndares internacionales.\u00a0Se refiere Javier Mu\u00f1oz, decano Facultad de Ingenier\u00eda; Cristian Mardones, director de la Escuela de Ingenier\u00eda Civil El\u00e9ctrica; Francisco Rivas, director de Ingenier\u00eda Civil de Minas\u00a0y Yohana Morales encargada del \u00e1rea de formaci\u00f3n de la Facultad de Ingenier\u00eda.\u00a0\u00a0<\/a><br aria-hidden=\"true\" \/><br \/><\/p><\/div><div><p><b>MEDIABANCO<\/b>\u00a0<br aria-hidden=\"true\" \/><a href=\"https:\/\/www.mediabanco.com\/ingenierias-de-la-utalca-acreditadas-bajo-estandares-internacionales\/\">Ingenier\u00edas de la UTalca\u00a0acreditadas bajo est\u00e1ndares internacionales. Se refiere Javier Mu\u00f1oz, decano Facultad de Ingenier\u00eda; Cristian Mardones, director de la Escuela de Ingenier\u00eda Civil El\u00e9ctrica; Francisco Rivas, director de Ingenier\u00eda Civil de Minas y Yohana Morales encargada del \u00e1rea de formaci\u00f3n de la Facultad de Ingenier\u00eda. \u00a0\u00a0<\/a><br aria-hidden=\"true\" \/><br \/><\/p><\/div><div><p><b>AD PRENSA<\/b>\u00a0<br aria-hidden=\"true\" \/><a href=\"https:\/\/www.adprensa.cl\/cronica\/ingenierias-de-la-utalca-acreditadas-bajo-estandares-internacionales\/\">Ingenier\u00edas de la UTalca\u00a0acreditadas bajo est\u00e1ndares internacionales. Se refiere Javier Mu\u00f1oz, decano Facultad de Ingenier\u00eda; Cristian Mardones, director de la Escuela de Ingenier\u00eda Civil El\u00e9ctrica; Francisco Rivas, director de Ingenier\u00eda Civil de Minas y Yohana Morales encargada del \u00e1rea de formaci\u00f3n de la Facultad de Ingenier\u00eda.\u00a0<\/a><br aria-hidden=\"true\" \/><br \/><\/p><\/div><div><div><p><b>CHILE PA\u00cdS MINERO<\/b>\u00a0<\/p><p><a href=\"https:\/\/chileminero.cl\/24-instituciones-forman-parte-del-nuevo\/\">24 instituciones forman parte del nuevo Instituto de Tecnolog\u00edas Limpias. Se menciona la Universidad de Talca.\u00a0<\/a><\/p><p>\u00a0<\/p><\/div><div><p><b>COLBUN<\/b>\u00a0<\/p><p><a href=\"https:\/\/www.colbun.cl\/corporativo\/sala-de-prensa\/noticias-y-comunicados\/detalle\/2024\/01\/15\/instituto-de-tecnologias-limpias-se-construye-formalmente-tras-la-firma-de-sus-estatutos\">Instituto de Tecnolog\u00edas Limpias se construye formalmente tras la firma de sus estatutos. Se menciona la Universidad de Talca.\u00a0<\/a><br aria-hidden=\"true\" \/><br \/><\/p><\/div><div><p><b>SOY ANTOFAGASTA<\/b><\/p><p><a href=\"https:\/\/www.soychile.cl\/antofagasta\/sociedad\/2024\/01\/15\/843784\/itl-litio-afta.html\">Despu\u00e9s de su constituci\u00f3n, Instituto de Tecnolog\u00edas Limpias (ITL) buscar\u00e1 CEO y sede para sus instalaciones en Antofagasta.\u00a0Se menciona la Universidad de Talca.\u00a0<\/a><\/p><p>\u00a0<\/p><div><b>EL MOSTRADOR<\/b><b>\u00a0<\/b><\/div><\/div><p><a href=\"https:\/\/www.elmostrador.cl\/agenda-pais\/agenda-sustentable\/2024\/01\/15\/eficiencia-energetica-consejos-para-mantener-la-casa-fresca-en-verano\/\">Eficiencia energ\u00e9tica: consejos para mantener la casa fresca en verano. Se refiere Mar\u00eda Luisa del Campo, directora del Centro Tecnol\u00f3gico Kipus.\u00a0\u00a0<\/a><\/p><p>\u00a0<\/p><\/div><div><p><b>G5 NOTICIA<\/b>\u00a0<\/p><p><a href=\"https:\/\/g5noticias.cl\/2024\/01\/15\/entregan-consejos-para-mantener-la-casa-fresca-en-verano\/\">Entregan consejos para mantener la casa fresca en verano. Se refiere Mar\u00eda Luisa del Campo, directora del Centro Tecnol\u00f3gico Kipus.\u00a0\u00a0<\/a><br aria-hidden=\"true\" \/><br aria-hidden=\"true\" \/><b style=\"font-style: inherit;\">CANAL TVN RED MAULE<\/b><b style=\"font-style: inherit;\">\u00a0<\/b><\/p><\/div><div><p><a href=\"https:\/\/www.litoralpress.cl\/sitio\/RadioTV_Detalles.cshtml?LPKey=2OYNWOKNYNS7MX4KQDPGE66TEAZNIGKHN43XRVNNXO2LDTVXMJXOOARYQYYO2OHMT5BPHSZUNPCJ6\">Ciclov\u00edas de Talca: \u00bfTransmiten seguridad a quienes las usan? Se refiere Miguel Arriagada, acad\u00e9mico Facultad de Ingenier\u00eda.\u00a0<\/a><a href=\"https:\/\/www.litoralpress.cl\/sitio\/RadioTV_Detalles.cshtml?LPKey=2OYNWOKNYNS7MX4KQDPGE66TEAZNIGKHN43XRVNNXO2LDTVXMJXOOARYQYYO2OHMT5BPHSZUNPCJ6\">\u00a0<\/a><b><br aria-hidden=\"true\" \/><\/b><\/p><\/div><div><p>\u00a0<\/p><p><b>RADIO ADN<\/b><b>\u00a0<\/b><\/p><p><a href=\"https:\/\/www.litoralpress.cl\/sitio\/RadioTV_Detalles.cshtml?LPKey=6VQZ4573ZAAU5GJ3LDFK6S27XEEIBOIILKSFOB7OVX4UFEZKTPZFOVWM6ASNJHTXWT3KSPOIRKHWQ\">Entrevista a Patricio Gonz\u00e1lez, agroclimat\u00f3logo\u00a0Universidad de Talca.\u00a0<\/a><a href=\"https:\/\/www.litoralpress.cl\/sitio\/RadioTV_Detalles.cshtml?LPKey=6VQZ4573ZAAU5GJ3LDFK6S27XEEIBOIILKSFOB7OVX4UFEZKTPZFOVWM6ASNJHTXWT3KSPOIRKHWQ\">\u00a0<\/a><b><br aria-hidden=\"true\" \/><\/b><\/p><\/div><div>\u00a0<\/div><div><p><b>DIARIO TALCA<\/b>\u00a0<\/p><p><a href=\"https:\/\/diariotalca.cl\/puntajes-paes-historias-de-esfuerzo-desde-la-educacion-municipal-en-talca\/\">Puntajes PAES: Historias de esfuerzo desde la educaci\u00f3n municipal en Talca. Se menciona la Universidad de Talca.\u00a0<\/a><br aria-hidden=\"true\" \/><br \/><\/p><\/div><div><p><b>DIARIO TALCA<\/b>\u00a0<\/p><p><a href=\"https:\/\/diariotalca.cl\/buenismo-por-rodrigo-biel-melgarejo\/\">Columna de opini\u00f3n: Buenismo.\u202fSe refiere\u202fRodrigo\u202fBiel\u202fMelgarejo, acad\u00e9mico de la Facultad de Ciencias Jur\u00eddicas y Sociales.\u202f<\/a>\u00a0<\/p><p>\u00a0<\/p><p><b>CANAL MEGA<\/b><b>\u00a0<\/b><\/p><p><a href=\"https:\/\/www.litoralpress.cl\/sitio\/RadioTV_Detalles.cshtml?LPKey=RMF3KSPC5UXRIIZ3YVT4HXLG3PVF37YONAINMDZ5WLZBD4RF44GL22SOPEIZSPSO3I24PX5NSKLNA\">Ministros en la mira por cenas en casa de Zalaquett. Se refiere Mauricio Morales, director del Centro de An\u00e1lisis Pol\u00edtico. \u2028<\/a><a href=\"https:\/\/www.litoralpress.cl\/sitio\/RadioTV_Detalles.cshtml?LPKey=RMF3KSPC5UXRIIZ3YVT4HXLG3PVF37YONAINMDZ5WLZBD4RF44GL22SOPEIZSPSO3I24PX5NSKLNA\">\u00a0<\/a><b><br aria-hidden=\"true\" \/><\/b><\/p><\/div><div>\u00a0<\/div><div><p><b>MEGANOTICIAS.CL<\/b>\u00a0<br aria-hidden=\"true\" \/><a href=\"https:\/\/www.meganoticias.cl\/nacional\/436416-mauricio-morales-cadem-columna-lobby-ministros-toha-jara-grau-pablo-zalaquett-cathy-barriga-raul-torrealba-14-01-2024.html\">Columna de Mauricio Morales: &#8220;Corruptos, incompetentes y desobedientes&#8221;. Se refiere Mauricio Morales, director del Centro de An\u00e1lisis Pol\u00edtico. \u2028\u00a0<\/a><br aria-hidden=\"true\" \/><br \/><\/p><\/div><div><b>EL MERCURIO<\/b>\u00a0<\/div><div><a href=\"https:\/\/www.litoralpress.cl\/paginaconsultas\/Servicios_NClipSitioWeb\/Get_Imagen_Nota.aspx?LPKey=QAJ7Q6XQJ3ZBQYJ3JWRI2A26C2CXZSMM722VRLSS57YGCMHHM4XTK6MAWFO7HXJIFG2HK44N36HCA\">Tramitaci\u00f3n de reformas del Gobierno deber\u00e1 afrontar 14 elecciones en el resto del mandato. Se refiere Mauricio Morales, director del Centro de An\u00e1lisis Pol\u00edtico (CAP).\u00a0\u00a0<\/a><\/div><div class=\"x_elementToProof\">\u00a0<\/div><\/div><\/div><\/div>\t\t\t\t\t\t<\/div>\n\t\t\t\t<\/div>\n\t\t\t\t\t<\/div>\n\t\t<\/div>\n\t\t\t\t\t\t\t<\/div>\n\t\t<\/section>\n\t\t\t\t\t\t<\/div>\n\t\t\t\t\t<\/div>\n\t\t","protected":false},"excerpt":{"rendered":"<p>\u00a0AD PRENSA\u00a0Universidad de Talca comparti\u00f3 experiencias de innovaci\u00f3n en el aprendizaje. Se refiere Paula Manr\u00edquez, vicerrectora de Pregrado.\u00a0\u00a0\u00a0 LA PRENSA CURIC\u00d3\u00a0\u00a0 Estudiantes manifiestan alto inter\u00e9s por pasant\u00edas.\u00a0Se refiere\u202fMarco\u202fAvilez, director de Relaciones Internacionales.\u202f\u202f\u00a0 \u00a0 G5 NOTICIA\u00a0 Un centenar de estudiantes de la Universidad de Talca realizar\u00e1n intercambio en el extranjero. Se refiere Marco Avilez, director de &hellip;<\/p>\n<p class=\"read-more\"> <a class=\"\" href=\"https:\/\/www.reportedeprensa.utalca.cl\/?p=9030\"> <span class=\"screen-reader-text\">16 de enero de 2024<\/span> Read More &raquo;<\/a><\/p>\n","protected":false},"author":1,"featured_media":0,"comment_status":"closed","ping_status":"open","sticky":false,"template":"","format":"standard","meta":{"_monsterinsights_skip_tracking":false,"_monsterinsights_sitenote_active":false,"_monsterinsights_sitenote_note":"","_monsterinsights_sitenote_category":0},"categories":[44],"tags":[],"_links":{"self":[{"href":"https:\/\/www.reportedeprensa.utalca.cl\/index.php?rest_route=\/wp\/v2\/posts\/9030"}],"collection":[{"href":"https:\/\/www.reportedeprensa.utalca.cl\/index.php?rest_route=\/wp\/v2\/posts"}],"about":[{"href":"https:\/\/www.reportedeprensa.utalca.cl\/index.php?rest_route=\/wp\/v2\/types\/post"}],"author":[{"embeddable":true,"href":"https:\/\/www.reportedeprensa.utalca.cl\/index.php?rest_route=\/wp\/v2\/users\/1"}],"replies":[{"embeddable":true,"href":"https:\/\/www.reportedeprensa.utalca.cl\/index.php?rest_route=%2Fwp%2Fv2%2Fcomments&post=9030"}],"version-history":[{"count":4,"href":"https:\/\/www.reportedeprensa.utalca.cl\/index.php?rest_route=\/wp\/v2\/posts\/9030\/revisions"}],"predecessor-version":[{"id":9034,"href":"https:\/\/www.reportedeprensa.utalca.cl\/index.php?rest_route=\/wp\/v2\/posts\/9030\/revisions\/9034"}],"wp:attachment":[{"href":"https:\/\/www.reportedeprensa.utalca.cl\/index.php?rest_route=%2Fwp%2Fv2%2Fmedia&parent=9030"}],"wp:term":[{"taxonomy":"category","embeddable":true,"href":"https:\/\/www.reportedeprensa.utalca.cl\/index.php?rest_route=%2Fwp%2Fv2%2Fcategories&post=9030"},{"taxonomy":"post_tag","embeddable":true,"href":"https:\/\/www.reportedeprensa.utalca.cl\/index.php?rest_route=%2Fwp%2Fv2%2Ftags&post=9030"}],"curies":[{"name":"wp","href":"https:\/\/api.w.org\/{rel}","templated":true}]}}