{"id":9042,"date":"2024-01-17T12:41:35","date_gmt":"2024-01-17T15:41:35","guid":{"rendered":"https:\/\/www.reportedeprensa.utalca.cl\/?p=9042"},"modified":"2024-01-17T12:46:31","modified_gmt":"2024-01-17T15:46:31","slug":"17-de-enero-de-2024","status":"publish","type":"post","link":"https:\/\/www.reportedeprensa.utalca.cl\/?p=9042","title":{"rendered":"17 de enero de 2024"},"content":{"rendered":"\t\t<div data-elementor-type=\"wp-post\" data-elementor-id=\"9042\" class=\"elementor elementor-9042\" data-elementor-settings=\"[]\">\n\t\t\t\t\t\t\t<div class=\"elementor-section-wrap\">\n\t\t\t\t\t\t\t<section class=\"elementor-section elementor-top-section elementor-element elementor-element-bcea1a8 elementor-section-boxed elementor-section-height-default elementor-section-height-default\" data-id=\"bcea1a8\" data-element_type=\"section\">\n\t\t\t\t\t\t<div class=\"elementor-container elementor-column-gap-default\">\n\t\t\t\t\t<div class=\"elementor-column elementor-col-100 elementor-top-column elementor-element elementor-element-e7183bf\" data-id=\"e7183bf\" data-element_type=\"column\">\n\t\t\t<div class=\"elementor-widget-wrap elementor-element-populated\">\n\t\t\t\t\t\t\t\t<div class=\"elementor-element elementor-element-5ffbb87 elementor-widget elementor-widget-text-editor\" data-id=\"5ffbb87\" data-element_type=\"widget\" data-widget_type=\"text-editor.default\">\n\t\t\t\t<div class=\"elementor-widget-container\">\n\t\t\t\t\t\t\t\t<div><p><b>EL LECTOR<\/b><b>\u00a0<\/b><\/p><p><a href=\"https:\/\/www.litoralpress.cl\/paginaconsultas\/Servicios_NClipSitioWeb\/Get_Imagen_Nota.aspx?LPKey=JCCI2OV7T33MFDJNMXDG55H77TZGRMAUQW273FR24KK37E5O4KSA7A3NAD2YZUIRA25AGUNO23YTA\">Universidad de Talca comparti\u00f3 experiencias de innovaci\u00f3n en el aprendizaje. Se refiere\u202fPaula\u202fManr\u00edquez, vicerrectora de Pregrado.\u202f\u00a0<\/a><\/p><p>\u00a0<\/p><p><b>ANCOA RADIO<\/b><b>\u00a0<\/b><\/p><p><a href=\"https:\/\/www.litoralpress.cl\/sitio\/RadioTV_Detalles.cshtml?LPKey=3N63B32XZXMDGMMUCJFAKI2XBBPVWRILQM7JSDEM3F3K5GACXJFXRR4MXMNAX6G7PUBK5UY32WY7O\">Entrevista a Ricardo Valderrama, director de la Escuela de Pedagog\u00edas en Ingl\u00e9s.<\/a><a href=\"https:\/\/www.litoralpress.cl\/sitio\/RadioTV_Detalles.cshtml?LPKey=3N63B32XZXMDGMMUCJFAKI2XBBPVWRILQM7JSDEM3F3K5GACXJFXRR4MXMNAX6G7PUBK5UY32WY7O\">\u00a0<\/a><b><br aria-hidden=\"true\" \/><\/b><\/p><p>\u00a0<\/p><p><b>DIARIO EL HERALDO<\/b><b>\u00a0<\/b><\/p><p><a href=\"https:\/\/www.litoralpress.cl\/paginaconsultas\/Servicios_NClipSitioWeb\/Get_Imagen_Nota.aspx?LPKey=KMG5FVNN4XPNBIQPN3SXNA5WPW46RT6P5NCSC4FUS56PAH4LUDQM23QURHKLBSO54KH7OPI3NGN5G\">Ingenier\u00edas de la UTalca\u00a0acreditadas bajo est\u00e1ndares internacionales. Se refiere Javier Mu\u00f1oz, decano de la Facultad de Ingenier\u00eda, Cristian Mardones, director de la Escuela de Ingenier\u00eda Civil El\u00e9ctrica, Francisco Rivas director de Ingenier\u00eda Civil en Minas, Yohana Morales encargada del \u00e1rea de formaci\u00f3n de la Facultad de Ingenier\u00eda.\u00a0\u00a0<\/a><\/p><p>\u00a0<\/p><\/div><div><p><b>PUBLIMICRO<\/b>\u00a0<br aria-hidden=\"true\" \/><a href=\"https:\/\/publimicro.cl\/ingenierias-de-la-utalca-estan-acreditadas-por-7-anos-bajo-estandares-internacionales\/\">Ingenier\u00edas de la UTalca\u00a0est\u00e1n acreditadas por 7 a\u00f1os, bajo est\u00e1ndares internacionales. Se refiere Javier Mu\u00f1oz, decano de la Facultad de Ingenier\u00eda, Cristian Mardones, director de la Escuela de Ingenier\u00eda Civil El\u00e9ctrica, Francisco Rivas director de Ingenier\u00eda Civil en Minas, Yohana Morales encargada del \u00e1rea de formaci\u00f3n de la Facultad de Ingenier\u00eda.\u00a0\u00a0\u00a0<\/a><\/p><p>\u00a0<\/p><\/div><div><p><b>ELHERALDO.CL<\/b>\u00a0<\/p><p><a href=\"https:\/\/www.diarioelheraldo.cl\/noticia\/ingenierias-de-la-utalca-acreditadas-bajo-estandares-internacionales-\">Ingenier\u00edas de la UTalca\u00a0acreditadas bajo est\u00e1ndares internacionales. Se refiere Javier Mu\u00f1oz, decano de la Facultad de Ingenier\u00eda, Cristian Mardones, director de la Escuela de Ingenier\u00eda Civil El\u00e9ctrica, Francisco Rivas director de Ingenier\u00eda Civil en Minas.\u00a0<\/a><\/p><p>\u00a0<\/p><\/div><div><p><b>LA PRENSA DE CURIC\u00d3<\/b>\u00a0<\/p><p><a href=\"https:\/\/www.litoralpress.cl\/sitio\/Prensa_Detalles.cshtml?LPKey=OQHXLF76VTQQ5EN2YWFJATFVA3AEF4XAVIILGAZXTXIS7QCEQ55Q\">Ingenier\u00edas de la UTalca\u00a0acreditadas bajo est\u00e1ndares internacionales. Se refiere Javier Mu\u00f1oz, decano de la Facultad de Ingenier\u00eda, Cristian Mardones, director de la Escuela de Ingenier\u00eda Civil El\u00e9ctrica, Francisco Rivas director de Ingenier\u00eda Civil en Minas.\u00a0<\/a><br aria-hidden=\"true\" \/><br \/><\/p><\/div><div><p><b>REVISTA ELECTRICIDAD<\/b>\u00a0<\/p><p><a href=\"https:\/\/www.revistaei.cl\/2024\/01\/16\/ingenierias-de-la-universidad-de-talca-son-acreditadas-bajo-estandares-internacionales\/#\">Ingenier\u00edas de la UTalca acreditadas bajo est\u00e1ndares internacionales. Se refiere Javier Mu\u00f1oz, decano de la Facultad de Ingenier\u00eda, Cristian Mardones, director de la Escuela de Ingenier\u00eda Civil El\u00e9ctrica, Francisco Rivas director de Ingenier\u00eda Civil en Minas, Yohana Morales encargada del \u00e1rea de formaci\u00f3n de la Facultad de Ingenier\u00eda.\u00a0\u00a0<\/a><\/p><\/div><div>\u00a0<\/div><div><p><b>REPORTE MINERO<\/b><b>\u00a0<\/b><\/p><p><a href=\"https:\/\/www.reporteminero.cl\/noticia\/noticias\/2024\/01\/instituto-tecnologias-limpias-se-constituye-formalmente\">Instituto de Tecnolog\u00edas Limpias se constituye formalmente tras la firma de sus estatutos. Se menciona la Universidad de Talca.\u00a0<\/a><\/p><p><b>\u00a0<\/b><\/p><\/div><div><p><b>PORTAL MINERO<\/b>\u00a0<\/p><p><a href=\"https:\/\/www.guiaminera.cl\/instituto-de-tecnologias-limpias-se-constituye-formalmente-tras-la-firma-de-sus-estatutos\/\">Instituto de Tecnolog\u00edas Limpias se constituye formalmente tras la firma de sus estatutos. Se menciona la Universidad de Talca.\u00a0<\/a><\/p><p>\u00a0<\/p><\/div><div><p><b>NUEVA MINER\u00cdA<\/b>\u00a0<br aria-hidden=\"true\" \/><a href=\"https:\/\/www.portalminero.com\/wp\/instituto-de-tecnologias-limpias-se-constituye-formalmente-tras-la-firma-de-sus-estatutos\/\">Instituto de Tecnolog\u00edas Limpias se constituye formalmente tras la firma de sus estatutos. Se menciona la Universidad de Talca.\u00a0<\/a><br aria-hidden=\"true\" \/><br \/><\/p><\/div><div><p><b>GUIA MINERA<\/b>\u00a0<br aria-hidden=\"true\" \/><a href=\"https:\/\/www.guiaminera.cl\/instituto-de-tecnologias-limpias-se-constituye-formalmente-tras-la-firma-de-sus-estatutos\/\">Instituto de Tecnolog\u00edas Limpias se constituye formalmente tras la firma de sus estatutos. Se menciona la Universidad de Talca.\u00a0<\/a><br aria-hidden=\"true\" \/><br \/><\/p><\/div><div><p><b>MC COMUNICACIONES<\/b>\u00a0<br aria-hidden=\"true\" \/><a href=\"https:\/\/www.mvcomunicaciones.cl\/2024\/01\/16\/instituto-de-tecnologias-limpias-se-constituye-formalmente-tras-la-firma-de-sus-estatutos\/\">Instituto de Tecnolog\u00edas Limpias se constituye formalmente tras la firma de sus estatutos. Se menciona la Universidad de Talca.<\/a>\u00a0<\/p><p>\u00a0<\/p><div><p><b>RADIO UA<\/b>\u00a0<\/p><\/div><div><p><a href=\"https:\/\/radioua.cl\/instituto-de-tecnologias-limpias-se-constituye-formalmente-tras-la-firma-de\">Instituto de Tecnolog\u00edas Limpias se constituye formalmente tras la firma de sus estatutos. Se menciona la Universidad de Talca.\u00a0<\/a><br aria-hidden=\"true\" \/><br \/><\/p><\/div><div><b>AD PRENSA<\/b>\u00a0<\/div><p><a href=\"https:\/\/www.adprensa.cl\/cronica\/academico-utalca-fue-electo-para-presidir-el-consejo-de-la-sociedad-civil-del-maule\/\">Acad\u00e9mico UTalca fue electo para presidir el Consejo de la Sociedad Civil del Maule\u00a0<\/a><\/p><p>\u00a0<\/p><p><b>MEDIABANCO<\/b><b>\u00a0<\/b><\/p><p><a href=\"https:\/\/www.mediabanco.com\/academico-utalca-fue-electo-para-presidir-el-consejo-de-la-sociedad-civil-del-maule\/\">Acad\u00e9mico UTalca fue electo para presidir el Consejo de la Sociedad Civil del Maule.\u00a0<\/a><\/p><p>\u00a0<\/p><p><b>LA CUARTA\u00a0<\/b>\u00a0<\/p><p><a href=\"https:\/\/www.lacuarta.com\/tendencias\/noticia\/golpe-de-calor-que-es-y-cuales-son-los-sintomas\/2SOST233CJHHTFXIJ2OZOYDOGE\/\">Golpe de calor: qu\u00e9 es y cu\u00e1les son los s\u00edntomas. Se\u202frefiere Minerva\u202fAstudillo, directora de la Escuela de Enfermer\u00eda.\u202f\u00a0<\/a><\/p><p>\u00a0<\/p><p><b>MEGANOTICIAS<\/b><b>\u00a0<br aria-hidden=\"true\" \/><\/b><a href=\"https:\/\/www.meganoticias.cl\/nacional\/436581-pdg-y-rd-lideran-la-lista-11-de-15-partidos-perdieron-militantes-en-2023-16-01-2024.html\">PDG y RD lideran la lista: 11 de 16 partidos perdieron militantes en 2023. Se\u00a0refiere\u202fMauricio\u202fMorales, director del Centro de An\u00e1lisis Pol\u00edtico (CAP).\u202f\u00a0<\/a><\/p><p>\u00a0<\/p><\/div><div><p><b>LAS \u00daLTIMAS NOTICIAS<\/b><b>\u00a0<br aria-hidden=\"true\" \/><\/b><a href=\"https:\/\/www.litoralpress.cl\/paginaconsultas\/Servicios_NClipSitioWeb\/Get_Imagen_Nota.aspx?LPKey=NIU4J6R3ZAICROAFOU3IDVFGDACPHNN25XVKMVNGUXX22YDV2AIGEDRZLAK5HIY3RJT3EU4ISDLYO\">Ni\u00f1a de Maip\u00fa ayuda a descifrar el genoma chileno. Se menciona la Universidad de Talca<\/a><a href=\"https:\/\/www.litoralpress.cl\/paginaconsultas\/Servicios_NClipSitioWeb\/Get_Imagen_Nota.aspx?LPKey=NIU4J6R3ZAICROAFOU3IDVFGDACPHNN25XVKMVNGUXX22YDV2AIGEDRZLAK5HIY3RJT3EU4ISDLYO\">\u00a0<\/a><b><br aria-hidden=\"true\" \/><\/b><\/p><\/div><div><p><b>EL D\u00cdNAMO<\/b><b>\u00a0<br aria-hidden=\"true\" \/><\/b><a href=\"https:\/\/www.eldinamo.cl\/buen-dato\/2024\/01\/16\/admision-2024-guia-completa-para-el-proceso-de-matricula\/\">Admisi\u00f3n 2024: gu\u00eda completa para el proceso de matr\u00edcula. Se menciona la Universidad de Talca.<\/a><a href=\"https:\/\/www.eldinamo.cl\/buen-dato\/2024\/01\/16\/admision-2024-guia-completa-para-el-proceso-de-matricula\/\">\u00a0<\/a><b><br aria-hidden=\"true\" \/><\/b><b><br aria-hidden=\"true\" \/><\/b><b>\u00a0<\/b><b style=\"font-style: inherit;\">RADIO PAULINA<\/b><b style=\"font-style: inherit;\">\u00a0<\/b><\/p><\/div><div><p><a href=\"https:\/\/radiopaulina.cl\/index.php\/2024\/01\/16\/paes-2024-fundacion-collahuasi-destaco-a-jovenes-de-liceo-padre-alberto-hurtado-de-pica-por-su-buen-desempeno\/\">Fundaci\u00f3n Collahuasi destac\u00f3 a j\u00f3venes de Liceo Padre Alberto Hurtado de Pica por su buen desempe\u00f1o. Se menciona la Universidad de Talca.\u00a0<\/a><\/p><p>\u00a0<\/p><\/div><div><p><b>LA VOZ EN L\u00cdNEA<\/b>\u00a0<br aria-hidden=\"true\" \/><a href=\"https:\/\/lavozenlinea.cl\/2024\/01\/16\/fundacion-collahuasi-destaco-a-jovenes-de-liceo-padre-alberto-hurtado-de-pica-por-su-buen-desempeno-en-paes-2024\/\">Fundaci\u00f3n Collahuasi destac\u00f3 a j\u00f3venes de Liceo Padre Alberto Hurtado de Pica por su buen desempe\u00f1o en PAES 2024<b>.<\/b> Se menciona la Universidad de Talca.\u00a0<\/a><\/p><p>\u00a0<\/p><\/div><div><p><b>REVISTA MINERA CRISOL<\/b>\u00a0<\/p><p><a href=\"https:\/\/revistacrisol.cl\/fundacion-collahuasi-destaco-a-jovenes-liceanos-de-pica-por-buen-desempeno-en-prueba-paes\/\">Fundaci\u00f3n Collahuasi destac\u00f3 a j\u00f3venes de Liceo Padre Alberto Hurtado de Pica por su buen desempe\u00f1o en PAES 2024<b>.<\/b>\u00a0Se menciona la Universidad de Talca.\u00a0<\/a><br aria-hidden=\"true\" \/><a id=\"OWAede1cd97-4195-b410-106f-b5810b29cf1a\" href=\"https:\/\/revistacrisol.cl\/fundacion-collahuasi-destaco-a-jovenes-liceanos-de-pica-por-buen-desempeno-en-prueba-paes\/\" target=\"_blank\" rel=\"noopener noreferrer\" data-auth=\"NotApplicable\" data-loopstyle=\"linkonly\" data-linkindex=\"25\"><\/a>\u00a0<\/p><\/div><div><p><b>LA MEGA FM<\/b>\u00a0<br aria-hidden=\"true\" \/><a href=\"https:\/\/lamegafm.cl\/2024\/01\/16\/fundacion-collahuasi-destaco-a-jovenes-de-liceo-padre-alberto-hurtado-de-pica-por-su-buen-desempeno-en-paes-2024\/\">Fundaci\u00f3n Collahuasi destac\u00f3 a j\u00f3venes de Liceo Padre Alberto Hurtado de Pica por su buen desempe\u00f1o en PAES 2024<b>.<\/b>\u00a0Se menciona la Universidad de Talca.\u00a0<\/a><br aria-hidden=\"true\" \/><br \/><\/p><\/div><div><p><b>EL REPORTERO DE IQUIQUE<\/b>\u00a0<br aria-hidden=\"true\" \/><a href=\"https:\/\/elreporterodeiquique.com\/fundacion-collahuasi-destaco-a-jovenes-de-liceo-padre-alberto-hurtado-de-pica-por-su-buen-desempeno-en-paes-2024\/\">Fundaci\u00f3n Collahuasi destac\u00f3 a j\u00f3venes de Liceo Padre Alberto Hurtado de Pica por su buen desempe\u00f1o en PAES 2024<b>.<\/b>\u00a0Se menciona la Universidad de Talca.\u00a0<\/a><br aria-hidden=\"true\" \/><br \/><\/p><\/div><div><p><b>GUIA MINERA<\/b>\u00a0<br aria-hidden=\"true\" \/><a href=\"https:\/\/www.guiaminera.cl\/fundacion-collahuasi-destaco-a-jovenes-de-liceo-padre-alberto-hurtado-de-pica-por-resultados-paes-2024\/\">Fundaci\u00f3n Collahuasi destac\u00f3 a j\u00f3venes de Liceo Padre Alberto Hurtado de Pica por su buen desempe\u00f1o en PAES 2024<b>.<\/b>\u00a0Se menciona la Universidad de Talca.\u00a0<\/a><br aria-hidden=\"true\" \/><br \/><\/p><\/div><div><p><b>DIARIO UACH<\/b><b>\u00a0<\/b><\/p><p><a href=\"https:\/\/diario.uach.cl\/decanos-de-agronomia-del-cruch-analizaron-futuro-de-la-formacion-de-ingenieras-e-ingenieros-agronomos\/\">Decanos de Agronom\u00eda del CRUCh\u00a0analizaron futuro de la formaci\u00f3n de ingenieras e ingenieros agr\u00f3nomos.\u00a0Se menciona la Universidad de Talca.<\/a><a href=\"https:\/\/diario.uach.cl\/decanos-de-agronomia-del-cruch-analizaron-futuro-de-la-formacion-de-ingenieras-e-ingenieros-agronomos\/\">\u00a0<\/a><b><br aria-hidden=\"true\" \/><\/b><\/p><\/div>\t\t\t\t\t\t<\/div>\n\t\t\t\t<\/div>\n\t\t\t\t\t<\/div>\n\t\t<\/div>\n\t\t\t\t\t\t\t<\/div>\n\t\t<\/section>\n\t\t\t\t\t\t<\/div>\n\t\t\t\t\t<\/div>\n\t\t","protected":false},"excerpt":{"rendered":"<p>EL LECTOR\u00a0 Universidad de Talca comparti\u00f3 experiencias de innovaci\u00f3n en el aprendizaje. Se refiere\u202fPaula\u202fManr\u00edquez, vicerrectora de Pregrado.\u202f\u00a0 \u00a0 ANCOA RADIO\u00a0 Entrevista a Ricardo Valderrama, director de la Escuela de Pedagog\u00edas en Ingl\u00e9s.\u00a0 \u00a0 DIARIO EL HERALDO\u00a0 Ingenier\u00edas de la UTalca\u00a0acreditadas bajo est\u00e1ndares internacionales. Se refiere Javier Mu\u00f1oz, decano de la Facultad de Ingenier\u00eda, Cristian Mardones, &hellip;<\/p>\n<p class=\"read-more\"> <a class=\"\" href=\"https:\/\/www.reportedeprensa.utalca.cl\/?p=9042\"> <span class=\"screen-reader-text\">17 de enero de 2024<\/span> Read More &raquo;<\/a><\/p>\n","protected":false},"author":1,"featured_media":0,"comment_status":"closed","ping_status":"open","sticky":false,"template":"","format":"standard","meta":{"_monsterinsights_skip_tracking":false,"_monsterinsights_sitenote_active":false,"_monsterinsights_sitenote_note":"","_monsterinsights_sitenote_category":0},"categories":[44],"tags":[],"_links":{"self":[{"href":"https:\/\/www.reportedeprensa.utalca.cl\/index.php?rest_route=\/wp\/v2\/posts\/9042"}],"collection":[{"href":"https:\/\/www.reportedeprensa.utalca.cl\/index.php?rest_route=\/wp\/v2\/posts"}],"about":[{"href":"https:\/\/www.reportedeprensa.utalca.cl\/index.php?rest_route=\/wp\/v2\/types\/post"}],"author":[{"embeddable":true,"href":"https:\/\/www.reportedeprensa.utalca.cl\/index.php?rest_route=\/wp\/v2\/users\/1"}],"replies":[{"embeddable":true,"href":"https:\/\/www.reportedeprensa.utalca.cl\/index.php?rest_route=%2Fwp%2Fv2%2Fcomments&post=9042"}],"version-history":[{"count":4,"href":"https:\/\/www.reportedeprensa.utalca.cl\/index.php?rest_route=\/wp\/v2\/posts\/9042\/revisions"}],"predecessor-version":[{"id":9046,"href":"https:\/\/www.reportedeprensa.utalca.cl\/index.php?rest_route=\/wp\/v2\/posts\/9042\/revisions\/9046"}],"wp:attachment":[{"href":"https:\/\/www.reportedeprensa.utalca.cl\/index.php?rest_route=%2Fwp%2Fv2%2Fmedia&parent=9042"}],"wp:term":[{"taxonomy":"category","embeddable":true,"href":"https:\/\/www.reportedeprensa.utalca.cl\/index.php?rest_route=%2Fwp%2Fv2%2Fcategories&post=9042"},{"taxonomy":"post_tag","embeddable":true,"href":"https:\/\/www.reportedeprensa.utalca.cl\/index.php?rest_route=%2Fwp%2Fv2%2Ftags&post=9042"}],"curies":[{"name":"wp","href":"https:\/\/api.w.org\/{rel}","templated":true}]}}