{"id":9056,"date":"2024-01-18T11:12:10","date_gmt":"2024-01-18T14:12:10","guid":{"rendered":"https:\/\/www.reportedeprensa.utalca.cl\/?p=9056"},"modified":"2024-01-18T11:34:16","modified_gmt":"2024-01-18T14:34:16","slug":"18-de-enero-de-2024","status":"publish","type":"post","link":"https:\/\/www.reportedeprensa.utalca.cl\/?p=9056","title":{"rendered":"18 de enero de 2024"},"content":{"rendered":"\t\t<div data-elementor-type=\"wp-post\" data-elementor-id=\"9056\" class=\"elementor elementor-9056\" data-elementor-settings=\"[]\">\n\t\t\t\t\t\t\t<div class=\"elementor-section-wrap\">\n\t\t\t\t\t\t\t<section class=\"elementor-section elementor-top-section elementor-element elementor-element-bcea1a8 elementor-section-boxed elementor-section-height-default elementor-section-height-default\" data-id=\"bcea1a8\" data-element_type=\"section\">\n\t\t\t\t\t\t<div class=\"elementor-container elementor-column-gap-default\">\n\t\t\t\t\t<div class=\"elementor-column elementor-col-100 elementor-top-column elementor-element elementor-element-e7183bf\" data-id=\"e7183bf\" data-element_type=\"column\">\n\t\t\t<div class=\"elementor-widget-wrap elementor-element-populated\">\n\t\t\t\t\t\t\t\t<div class=\"elementor-element elementor-element-5ffbb87 elementor-widget elementor-widget-text-editor\" data-id=\"5ffbb87\" data-element_type=\"widget\" data-widget_type=\"text-editor.default\">\n\t\t\t\t<div class=\"elementor-widget-container\">\n\t\t\t\t\t\t\t\t<div>\u00a0<\/div><div><div><p><b>EL MOSTRADOR<\/b><b>\u00a0<\/b><\/p><p><a href=\"https:\/\/www.elmostrador.cl\/agenda-pais\/educacion\/2024\/01\/17\/innovacion-docente-y-experiencias-que-fortalecen-el-aprendizaje-en-la-educacion-superior\/\">Innovaci\u00f3n docente y experiencias que fortalecen el aprendizaje en la educaci\u00f3n superior. Se refiere Paula Manr\u00edquez, vicerrectora de Pregrado.\u00a0<\/a><\/p><p>\u00a0<\/p><\/div><div class=\"x_elementToProof\"><b>MEDIABANCO<\/b><\/div><div><p><a href=\"https:\/\/www.mediabanco.com\/universidad-de-talca-potencia-energias-limpias-y-mineria-verde-en-las-industrias\/\">Universidad de Talca potencia energ\u00edas limpias y miner\u00eda verde en las industrias. Se refiere Ariela Vergara Jaque, vicerrectora de Innovaci\u00f3n.<\/a><a href=\"https:\/\/www.mediabanco.com\/universidad-de-talca-potencia-energias-limpias-y-mineria-verde-en-las-industrias\/\">\u00a0<\/a><b><br aria-hidden=\"true\" \/><\/b><\/p><p>\u00a0<\/p><\/div><div><p><b>RADIO OLEAJES<\/b><b>\u00a0<br aria-hidden=\"true\" \/><\/b><a href=\"https:\/\/www.litoralpress.cl\/sitio\/RadioTV_Detalles.cshtml?LPKey=RUFMBZOKAQT3OQUKAW3AOGSRENTOXGS6A763NS7HQJZD53FAWRKKVH5NC6SQTAHSBIWKCH65RN6LI\">Entrevista a Tania Mascar\u00f3, coordinadora de Admisi\u00f3n y Acceso.<\/a><a href=\"https:\/\/www.litoralpress.cl\/sitio\/RadioTV_Detalles.cshtml?LPKey=RUFMBZOKAQT3OQUKAW3AOGSRENTOXGS6A763NS7HQJZD53FAWRKKVH5NC6SQTAHSBIWKCH65RN6LI\">\u00a0<\/a><b><br aria-hidden=\"true\" \/><\/b><\/p><\/div><div><p>\u00a0<\/p><p><b>EL LECTOR (PORTADA)<\/b><b>\u00a0<br aria-hidden=\"true\" \/><\/b><a href=\"https:\/\/www.litoralpress.cl\/paginaconsultas\/Servicios_NClipSitioWeb\/Get_Imagen_Nota.aspx?LPKey=QPK2WCRUNFNMG4TVP5MASQPJT57EBTB4VK4SCOS7LWQLKI4QAYFKEWIKYR7FZWJWKHTTELTSIRUFY\">Atractiva Oferta Formativa brinda Universidad de Talca, Campus Linares. Se menciona la Universidad de Talca.\u00a0<\/a><b>\u00a0<br aria-hidden=\"true\" \/><\/b><\/p><p>\u00a0<\/p><\/div><div><p><b>EL LECTOR<\/b><b>\u00a0<br aria-hidden=\"true\" \/><\/b><a href=\"https:\/\/www.litoralpress.cl\/paginaconsultas\/Servicios_NClipSitioWeb\/Get_Imagen_Nota.aspx?LPKey=GZIK3RMIWQCEPN2OT5GWAWBJ5XLNKOEW5YO4DGLTGIX5HJ3MP4UX6WTIOJACY6OTSEBI2QADEYP3C\">Atractiva Oferta Formativa brinda Universidad de Talca, Campus Linares. Se refiere\u00a0Ricardo\u202fValderrama, director de la Escuela de Pedagog\u00edas en Ingles.\u202f<\/a><a href=\"https:\/\/www.litoralpress.cl\/paginaconsultas\/Servicios_NClipSitioWeb\/Get_Imagen_Nota.aspx?LPKey=GZIK3RMIWQCEPN2OT5GWAWBJ5XLNKOEW5YO4DGLTGIX5HJ3MP4UX6WTIOJACY6OTSEBI2QADEYP3C\">\u00a0<\/a><b><br aria-hidden=\"true\" \/><\/b><\/p><p>\u00a0<\/p><\/div><div><p><b>EL HERALDO<\/b><b>\u00a0<br aria-hidden=\"true\" \/><\/b><a href=\"https:\/\/www.litoralpress.cl\/paginaconsultas\/Servicios_NClipSitioWeb\/Get_Imagen_Nota.aspx?LPKey=K6X5J2YEDPUKMKW3HOUTABCVZ57T52SSBMUC7B6CC3TFIKG4GHREDK6JXHLYR2QRGFO4ZZ2GHAXLE\">Acad\u00e9mico UTalca\u00a0fue electo para presidir el Consejo de la Sociedad Civil del Maule. Se refiere Jorge Navarrete Bustamante, director Magister en Gesti\u00f3n y Pol\u00edticas P\u00fablicas<\/a><a href=\"https:\/\/www.litoralpress.cl\/paginaconsultas\/Servicios_NClipSitioWeb\/Get_Imagen_Nota.aspx?LPKey=K6X5J2YEDPUKMKW3HOUTABCVZ57T52SSBMUC7B6CC3TFIKG4GHREDK6JXHLYR2QRGFO4ZZ2GHAXLE\">\u00a0<\/a><b><br aria-hidden=\"true\" \/><\/b><\/p><p>\u00a0<\/p><\/div><div><p><b>ELHERALDO.CL<\/b>\u00a0<br aria-hidden=\"true\" \/><a href=\"https:\/\/www.diarioelheraldo.cl\/noticia\/academico-utalca-fue-electo-para-presidir-el-consejo-de-la-sociedad-civil-del-maule\">Acad\u00e9mico UTalca\u00a0fue electo para presidir el Consejo de la Sociedad Civil del Maule. Se refiere Jorge Navarrete Bustamante, director Magister en Gesti\u00f3n y Pol\u00edticas P\u00fablicas<b>.<\/b>\u00a0<\/a><br aria-hidden=\"true\" \/><br \/><\/p><\/div><div><p><b>LA PRENSA DE CURIC\u00d3<\/b>\u00a0<br aria-hidden=\"true\" \/><a href=\"https:\/\/www.litoralpress.cl\/paginaconsultas\/Servicios_NClipSitioWeb\/Get_Imagen_Nota.aspx?LPKey=645V3BB4FIF5JAAG4BP7Y7R7W3YL5WHWVRU5SWVON43PNS6LLVHCJHZQUO7FNKZC5NQNV6ME7LNNC\">Acad\u00e9mico presidir\u00e1 Cosoc\u00a0del Maule. Se refiere Jorge Navarrete Bustamante, director Magister en Gesti\u00f3n y Pol\u00edticas P\u00fablicas<b>.<\/b>\u00a0<\/a><br aria-hidden=\"true\" \/><br \/><\/p><\/div><div><p><b>PUBLIMICRO<\/b>\u00a0<br aria-hidden=\"true\" \/><a href=\"https:\/\/publimicro.cl\/jorge-navarrete-academico-utalca-fue-electo-para-presidir-el-consejo-de-la-sociedad-civil-del-maule\/\">Jorge Navarrete: Acad\u00e9mico UTalca\u00a0fue electo para presidir el Consejo de la Sociedad Civil del Maule. Se refiere Jorge Navarrete Bustamante Director\u00a0Magister en Gesti\u00f3n y Pol\u00edticas P\u00fablicas<b>.<\/b>\u00a0<\/a><br aria-hidden=\"true\" \/><br \/><\/p><\/div><div><p><b>EL MERCURIO<\/b><b>\u00a0<br aria-hidden=\"true\" \/><\/b><a href=\"https:\/\/www.litoralpress.cl\/paginaconsultas\/Servicios_NClipSitioWeb\/Get_Imagen_Nota.aspx?LPKey=6YCFWZHT3UI6NSQYJUMO65IETISIDH5QRRRREDZLP66R3YOHNET4O62U6HPMQTLOX77GICH5UFA3C\">Todo lo que hay que saber al elegir y aplicarse protector solar. Se refiere Marcela Mar\u00edn, acad\u00e9mica del Departamento de Salud P\u00fablica.\u00a0<\/a><a href=\"https:\/\/www.litoralpress.cl\/paginaconsultas\/Servicios_NClipSitioWeb\/Get_Imagen_Nota.aspx?LPKey=6YCFWZHT3UI6NSQYJUMO65IETISIDH5QRRRREDZLP66R3YOHNET4O62U6HPMQTLOX77GICH5UFA3C\">\u00a0<\/a><b><br aria-hidden=\"true\" \/><\/b><\/p><\/div><div><p>\u00a0<\/p><p><b>EL MERCURIO<\/b><b>\u00a0<br aria-hidden=\"true\" \/><\/b><a href=\"https:\/\/www.litoralpress.cl\/paginaconsultas\/Servicios_NClipSitioWeb\/Get_Imagen_Nota.aspx?LPKey=FEP36AF4O52DGEN7525E6LGBABVUJKQRFSZ6N3BK474RGWIBSAX6MKRZZIDM5ZYKPAD4H7PE5O3FG\">Abuelos y nietos en vacaciones: una dupla beneficiosa que inyecta vitalidad a los mayores y cercan\u00eda generacional. Se refiere Pablo Gallardo\u00a0Schall, acad\u00e9mico<\/a><a href=\"https:\/\/www.litoralpress.cl\/paginaconsultas\/Servicios_NClipSitioWeb\/Get_Imagen_Nota.aspx?LPKey=FEP36AF4O52DGEN7525E6LGBABVUJKQRFSZ6N3BK474RGWIBSAX6MKRZZIDM5ZYKPAD4H7PE5O3FG\">\u00a0<\/a><b><br aria-hidden=\"true\" \/><\/b><\/p><p>\u00a0<\/p><\/div><div><p><b>RADIOS REGIONALES<\/b><b>\u00a0<br aria-hidden=\"true\" \/><\/b><a href=\"https:\/\/radiosregionales.cl\/tendencias\/medio-ambiente\/como-mantener-el-hogar-fresco-entregan-recomendaciones-para-este-verano\">\u00bfC\u00f3mo mantener el hogar fresco? Entregan recomendaciones para este verano.\u00a0Se refiere Mar\u00eda Luisa del Campo, directora del Centro Tecnol\u00f3gico Kipus\u00a0de la Universidad de Talca.<\/a><a href=\"https:\/\/radiosregionales.cl\/tendencias\/medio-ambiente\/como-mantener-el-hogar-fresco-entregan-recomendaciones-para-este-verano\">\u00a0<\/a><b><br aria-hidden=\"true\" \/><\/b><\/p><p>\u00a0<\/p><\/div><div><p><b>CR\u00d3NICA CHILL\u00c1N<\/b><b>\u00a0<br aria-hidden=\"true\" \/><\/b><a href=\"https:\/\/www.litoralpress.cl\/paginaconsultas\/Servicios_NClipSitioWeb\/Get_Imagen_Nota.aspx?LPKey=LIPQKRMUUC43PZFUWTQXY3CIRITMCD7WZH5ULJPAYNNHT63V5SGAFFUYLXFAZWM66SIVKLS5ZYGFK\">Anuncian intensa Ola de calor para la pr\u00f3xima semana en la regi\u00f3n de Nuble.\u00a0\u00a0Se refiere\u00a0Patricio Gonz\u00e1lez Colville, agroclimat\u00f3logo\u00a0y acad\u00e9mico del Centro de Investigaci\u00f3n y Transferencia en Riego y Agroclimatolog\u00eda\u00a0(CITRA).\u00a0<\/a><b><br aria-hidden=\"true\" \/><\/b><\/p><p>\u00a0<\/p><\/div><div><p><b>SOY CHILL\u00c1N<\/b>\u00a0<br aria-hidden=\"true\" \/><a href=\"https:\/\/www.soychile.cl\/Chillan\/Sociedad\/2024\/01\/17\/843991\/anuncian-intensa-ola-calor-nuble.html\">Anuncian intensa ola de calor para la pr\u00f3xima semana en la Regi\u00f3n de \u00d1uble<b>.\u00a0<\/b>\u00a0Se refiere Patricio Gonz\u00e1lez Colville, agroclimat\u00f3logo y acad\u00e9mico del Centro de Investigaci\u00f3n y Transferencia en Riego y Agroclimatolog\u00eda (CITRA).\u00a0<\/a><br aria-hidden=\"true\" \/><br \/><\/p><\/div><div><p><b>GREENNETWORK.CL\u00a0<\/b>\u00a0<br aria-hidden=\"true\" \/><a href=\"https:\/\/greennetwork.cl\/medioambiente\/microorganismos-de-ambientes-extremos-serian-clave-para-enfrentar-el-cambio-climatico\/\">Microorganismos de ambientes extremos ser\u00edan clave para enfrentar el cambio clim\u00e1tico. Se refiere Andrea Barrera, acad\u00e9mica Facultad de Ciencias de la Salud\u00a0<\/a><br aria-hidden=\"true\" \/><br \/><\/p><\/div><div><p><b>RADIO COOPERATIVA<\/b>\u00a0<br aria-hidden=\"true\" \/><a href=\"https:\/\/www.cooperativa.cl\/noticias\/economia\/sistema-previsional\/pensiones-el-problema-es-mas-politico-que-tecnico-dice-guillermo\/2024-01-17\/145437.html\">Pensiones: &#8220;El problema es m\u00e1s pol\u00edtico que t\u00e9cnico&#8221;, dice Guillermo Larra\u00edn. Se refiere Andrea Betancor, acad\u00e9mica Facultad de Econom\u00eda y Negocios.\u00a0<\/a>\u00a0<br aria-hidden=\"true\" \/><br \/><\/p><\/div><div><p><b>C\u00c1MARA DE DIPUTADAS Y DIPUTADOS<\/b>\u00a0<br aria-hidden=\"true\" \/><a href=\"https:\/\/www.camara.cl\/cms\/noticias\/2024\/01\/17\/economistas-y-expertos-analizaron-alcances-de-la-reforma-previsional\/\">Economistas y expertos analizaron alcances de la reforma previsional. Se refiere Andrea Betancor, acad\u00e9mica Facultad de Econom\u00eda y Negocios. \u00a0\u00a0<\/a><br aria-hidden=\"true\" \/><br \/><\/p><\/div><div><p><b>DIARIO CONSTITUCIONAL<\/b>\u00a0<br aria-hidden=\"true\" \/><a href=\"https:\/\/www.diarioconstitucional.cl\/2024\/01\/17\/economistas-y-expertos-analizaron-alcances-de-la-reforma-previsional\/\">Economistas y expertos analizaron alcances de la reforma previsional. Se refiere Andrea Betancor, acad\u00e9mica Facultad de Econom\u00eda y Negocios.\u00a0<\/a><\/p><\/div><div><p>\u00a0<\/p><p><b>EL LONGUINO<\/b>\u00a0<br aria-hidden=\"true\" \/><a href=\"https:\/\/www.litoralpress.cl\/paginaconsultas\/Servicios_NClipSitioWeb\/Get_Imagen_Nota.aspx?LPKey=HCI5YV46RUDXQQ4OE5YH5ERPV7ZTZHHOLTWVB4HT4VKRVSL34W5E7GZQSDLQXLSFFJKJUHBW62GRA\">Fundaci\u00f3n Collahuasi\u00a0destac\u00f3 a j\u00f3venes de Liceo Padre Alberto Hurtado de Pica por su buen desempe\u00f1o en PAES 2024. Se menciona la Universidad de Talca.\u00a0<\/a><br aria-hidden=\"true\" \/><br \/><\/p><\/div><div><p><b>LINARES EN L\u00cdNEA<\/b>\u00a0<br aria-hidden=\"true\" \/><a href=\"https:\/\/www.linaresenlinea.cl\/2024\/01\/17\/region-del-maule-seleccionados-en-educacion-superior-aumentaron-un-10\/\">Regi\u00f3n del Maule: Seleccionados en educaci\u00f3n superior aumentaron un 10%. Se menciona la Universidad de Taca.\u00a0<\/a><br aria-hidden=\"true\" \/><br \/><\/p><\/div><div><p><b>CAUQUENES.NET<\/b>\u00a0<br aria-hidden=\"true\" \/><a href=\"https:\/\/cauquenesnet.cl\/2024\/01\/17\/seleccionados-en-educacion-superior-aumentan-un-10-en-la-region-del-maule\/\">Seleccionados en educaci\u00f3n superior aumentan un 10% en la regi\u00f3n del Maule<b>.\u00a0<\/b>Se menciona la Universidad de Talca.\u00a0<\/a><br aria-hidden=\"true\" \/><br \/><\/p><\/div><div><p><b>PORTAL MINERO<\/b>\u00a0<br aria-hidden=\"true\" \/><a href=\"https:\/\/www.portalminero.com\/wp\/fundacion-collahuasi-destaco-a-jovenes-de-liceo-padre-alberto-hurtado-de-pica-por-su-buen-desempeno-en-paes-2024\/\">Fundaci\u00f3n Collahuasi\u00a0destac\u00f3 a j\u00f3venes de Liceo Padre Alberto Hurtado de Pica por su buen desempe\u00f1o en PAES 2024<b>.<\/b>\u00a0Se menciona la Universidad de Talca.\u00a0<\/a><br aria-hidden=\"true\" \/><br \/><\/p><\/div><div><p><b>INFOCOMUNICACIONES CHILE<\/b>\u00a0<br aria-hidden=\"true\" \/><a href=\"https:\/\/infocomunicacioneschile.cl\/2024\/01\/16\/fundacion-collahuasi-destaco-a-jovenes-de-liceo-padre-alberto-hurtado-de-pica-por-su-buen-desempeno-en-paes-2024\/\">Fundaci\u00f3n Collahuasi destac\u00f3 a j\u00f3venes de Liceo Padre Alberto Hurtado de Pica por su buen desempe\u00f1o en PAES 2024. Se menciona la Universidad de Talca.\u00a0<\/a><br aria-hidden=\"true\" \/><br \/><\/p><\/div><div><p><b>RED GOL<\/b>\u00a0<\/p><p><a href=\"https:\/\/redgol.cl\/tendencias\/cuando-salen-los-resultados-finales-de-asignacion-del-fuas-20240117-RDG-264717.html\">\u00bfCu\u00e1ndo es la asignaci\u00f3n del FUAS? Conoce en qu\u00e9 fecha salen los resultados definitivos. Se menciona la Universidad de Talca.\u00a0<\/a><br aria-hidden=\"true\" \/><br \/><\/p><\/div><div><p><b>DIARIO EL CENTRO <\/b>\u00a0<br aria-hidden=\"true\" \/><a href=\"https:\/\/www.diarioelcentro.cl\/2024\/01\/17\/peso-pluma-y-democracia-ironia\/\">Peso Pluma y democracia (iron\u00eda). Se refiere Diego Palomo, acad\u00e9mico de la Facultad de Ciencias Jur\u00eddicas y Sociales.\u00a0<\/a><br aria-hidden=\"true\" \/><br \/><\/p><\/div><div><p><b>EN ESTRADO<\/b>\u00a0<br aria-hidden=\"true\" \/><a href=\"https:\/\/enestrado.com\/justicia-penal-en-democracia-por-diego-palomo\/\">Justicia penal en democracia.\u00a0Se refiere Diego Palomo, acad\u00e9mico de la Facultad de Ciencias Jur\u00eddicas y Sociales.\u00a0<\/a><br aria-hidden=\"true\" \/><br \/><\/p><\/div><div><p><b>EL MERCURIO<\/b>\u00a0<br aria-hidden=\"true\" \/><a href=\"https:\/\/www.litoralpress.cl\/paginaconsultas\/Servicios_NClipSitioWeb\/Get_Imagen_Nota.aspx?LPKey=IECV3YQJUGKLPMRYBYYJMJSC4QYAQWYYK6B3QCX3SYQJJ3TA6WFOATL33I5WJGUGQ75WX5HDXNTVC\">Analistas sobre giros de Boric: Unos critican &#8220;falta de convicciones&#8221; y otros destacan que &#8220;enmiende errores&#8221;. Se refiere Mauricio Morales, acad\u00e9mico de la Facultad de Ciencias Jur\u00eddicas y Sociales.\u00a0<\/a><br aria-hidden=\"true\" \/><br \/><\/p><\/div><div><p><b>RADIO INFINITA<\/b>\u00a0<br aria-hidden=\"true\" \/><a href=\"https:\/\/www.litoralpress.cl\/sitio\/RadioTV_Detalles.cshtml?LPKey=6H72JXNGUYY74263IHEUOEHEQFWEUB2CBJYOD2PSRWUWB6VIZN27HZDFL23YAR47ZMPP57GKEYSKQ\">Comentario de pol\u00edtica de Mauricio Morales, acad\u00e9mico de la Facultad de Ciencias Jur\u00eddicas y Sociales.\u00a0<\/a><br aria-hidden=\"true\" \/><br \/><\/p><\/div><\/div>\t\t\t\t\t\t<\/div>\n\t\t\t\t<\/div>\n\t\t\t\t\t<\/div>\n\t\t<\/div>\n\t\t\t\t\t\t\t<\/div>\n\t\t<\/section>\n\t\t\t\t\t\t<\/div>\n\t\t\t\t\t<\/div>\n\t\t","protected":false},"excerpt":{"rendered":"<p>\u00a0 EL MOSTRADOR\u00a0 Innovaci\u00f3n docente y experiencias que fortalecen el aprendizaje en la educaci\u00f3n superior. Se refiere Paula Manr\u00edquez, vicerrectora de Pregrado.\u00a0 \u00a0 MEDIABANCO Universidad de Talca potencia energ\u00edas limpias y miner\u00eda verde en las industrias. Se refiere Ariela Vergara Jaque, vicerrectora de Innovaci\u00f3n.\u00a0 \u00a0 RADIO OLEAJES\u00a0Entrevista a Tania Mascar\u00f3, coordinadora de Admisi\u00f3n y Acceso.\u00a0 &hellip;<\/p>\n<p class=\"read-more\"> <a class=\"\" href=\"https:\/\/www.reportedeprensa.utalca.cl\/?p=9056\"> <span class=\"screen-reader-text\">18 de enero de 2024<\/span> Read More &raquo;<\/a><\/p>\n","protected":false},"author":1,"featured_media":0,"comment_status":"closed","ping_status":"open","sticky":false,"template":"","format":"standard","meta":{"_monsterinsights_skip_tracking":false,"_monsterinsights_sitenote_active":false,"_monsterinsights_sitenote_note":"","_monsterinsights_sitenote_category":0},"categories":[44],"tags":[],"_links":{"self":[{"href":"https:\/\/www.reportedeprensa.utalca.cl\/index.php?rest_route=\/wp\/v2\/posts\/9056"}],"collection":[{"href":"https:\/\/www.reportedeprensa.utalca.cl\/index.php?rest_route=\/wp\/v2\/posts"}],"about":[{"href":"https:\/\/www.reportedeprensa.utalca.cl\/index.php?rest_route=\/wp\/v2\/types\/post"}],"author":[{"embeddable":true,"href":"https:\/\/www.reportedeprensa.utalca.cl\/index.php?rest_route=\/wp\/v2\/users\/1"}],"replies":[{"embeddable":true,"href":"https:\/\/www.reportedeprensa.utalca.cl\/index.php?rest_route=%2Fwp%2Fv2%2Fcomments&post=9056"}],"version-history":[{"count":7,"href":"https:\/\/www.reportedeprensa.utalca.cl\/index.php?rest_route=\/wp\/v2\/posts\/9056\/revisions"}],"predecessor-version":[{"id":9069,"href":"https:\/\/www.reportedeprensa.utalca.cl\/index.php?rest_route=\/wp\/v2\/posts\/9056\/revisions\/9069"}],"wp:attachment":[{"href":"https:\/\/www.reportedeprensa.utalca.cl\/index.php?rest_route=%2Fwp%2Fv2%2Fmedia&parent=9056"}],"wp:term":[{"taxonomy":"category","embeddable":true,"href":"https:\/\/www.reportedeprensa.utalca.cl\/index.php?rest_route=%2Fwp%2Fv2%2Fcategories&post=9056"},{"taxonomy":"post_tag","embeddable":true,"href":"https:\/\/www.reportedeprensa.utalca.cl\/index.php?rest_route=%2Fwp%2Fv2%2Ftags&post=9056"}],"curies":[{"name":"wp","href":"https:\/\/api.w.org\/{rel}","templated":true}]}}