{"id":9070,"date":"2024-01-19T11:42:39","date_gmt":"2024-01-19T14:42:39","guid":{"rendered":"https:\/\/www.reportedeprensa.utalca.cl\/?p=9070"},"modified":"2024-01-19T11:59:06","modified_gmt":"2024-01-19T14:59:06","slug":"19-de-enero-de-2024","status":"publish","type":"post","link":"https:\/\/www.reportedeprensa.utalca.cl\/?p=9070","title":{"rendered":"19 de enero de 2024"},"content":{"rendered":"\t\t<div data-elementor-type=\"wp-post\" data-elementor-id=\"9070\" class=\"elementor elementor-9070\" data-elementor-settings=\"[]\">\n\t\t\t\t\t\t\t<div class=\"elementor-section-wrap\">\n\t\t\t\t\t\t\t<section class=\"elementor-section elementor-top-section elementor-element elementor-element-bcea1a8 elementor-section-boxed elementor-section-height-default elementor-section-height-default\" data-id=\"bcea1a8\" data-element_type=\"section\">\n\t\t\t\t\t\t<div class=\"elementor-container elementor-column-gap-default\">\n\t\t\t\t\t<div class=\"elementor-column elementor-col-100 elementor-top-column elementor-element elementor-element-e7183bf\" data-id=\"e7183bf\" data-element_type=\"column\">\n\t\t\t<div class=\"elementor-widget-wrap elementor-element-populated\">\n\t\t\t\t\t\t\t\t<div class=\"elementor-element elementor-element-5ffbb87 elementor-widget elementor-widget-text-editor\" data-id=\"5ffbb87\" data-element_type=\"widget\" data-widget_type=\"text-editor.default\">\n\t\t\t\t<div class=\"elementor-widget-container\">\n\t\t\t\t\t\t\t\t<p><b>MEDIA BANCO<\/b>\u00a0<\/p><p class=\"x_elementToProof\"><a href=\"https:\/\/www.mediabanco.com\/universidad-de-talca-alcanza-cifra-record-de-proyectos-fondecyt-regulares-adjudicados\/\">Universidad de Talca alcanza cifra r\u00e9cord de proyectos Fondecyt\u00a0Regulares adjudicados. Se refiere Roberto Jara Rojas, director de Investigaci\u00f3n.\u00a0<\/a><\/p><p>\u00a0<\/p><p><b>\u00a0<\/b><b>EL LECTOR<\/b>\u00a0\u00a0<\/p><p><a href=\"https:\/\/www.litoralpress.cl\/paginaconsultas\/Servicios_NClipSitioWeb\/Get_Imagen_Nota.aspx?LPKey=YWNKR5Z5IHYIYUUKPPMA6YAIQSQQ5LC57QFCQGL7WU7ZQNO7S37U4DABTPGR7QXKA7PK3BZG72OV4\">Universidad de Talca potencia energ\u00edas limpias y miner\u00eda verde en las industrias. Se refiere Ariela\u00a0Vergara Jaque, vicerrectora de Innovaci\u00f3n.\u00a0\u00a0<\/a><\/p><p>\u00a0<\/p><p><b>CHILL\u00c1N ONLINE<\/b>\u00a0<br aria-hidden=\"true\" \/><a href=\"https:\/\/www.chillanonline.cl\/V7\/2024\/01\/17\/universidad-de-talca-potencia-energias-limpias-y-mineria-verde-en-las-industrias\/\">Universidad de Talca potencia energ\u00edas limpias y miner\u00eda verde en las industrias. .\u00a0Se refiere Ariela\u00a0Vergara Jaque, vicerrectora de Innovaci\u00f3n.\u00a0<\/a><\/p><p>\u00a0<\/p><p><b>EL DIARIO DE SANTIAGO<\/b><br aria-hidden=\"true\" \/><a href=\"https:\/\/eldiariosantiago.cl\/universidad-de-talca-potencia-energias-limpias-y-mineria-verde-en-las-industrias\/\">Universidad de Talca potencia energ\u00edas limpias y miner\u00eda verde en las industrias<b>.\u00a0<\/b>Se refiere Ariela\u00a0Vergara Jaque, vicerrectora de Innovaci\u00f3n.\u00a0<\/a><\/p><p>\u00a0<\/p><p><b>REVISTA ECOCIENCIAS \u00a0<br aria-hidden=\"true\" \/><\/b><a href=\"https:\/\/revistaecociencias.cl\/2024\/01\/18\/universidad-de-talca-potencia-energias-limpias-y-mineria-verde-en-las-industrias\/\">Universidad de Talca potencia energ\u00edas limpias y miner\u00eda verde en las industrias.\u00a0Se refiere Ariela\u00a0Vergara Jaque, vicerrectora de Innovaci\u00f3n.\u00a0<\/a><b><br aria-hidden=\"true\" \/><\/b><\/p><p>\u00a0<\/p><p><b>RADIO PABLO NERUDA\u00a0<br aria-hidden=\"true\" \/><\/b><\/p><p class=\"x_elementToProof\"><a href=\"https:\/\/www.litoralpress.cl\/sitio\/RadioTV_Detalles.cshtml?LPKey=GOPRE5C7AVOCMSWONHWTHWJW4NKWMRVCNGPONQ7K7HLW5YAMWGDGCYLWFXOR5GFWB3MLYGILIP7NE\">Novedades y proceso de admisi\u00f3n de la carrera de Ingenier\u00eda Civil Inform\u00e1tica. Se refiere, Ruth Garrido, directora de la Escuela Ingenier\u00eda Civil en Computaci\u00f3n. \u00a0<\/a><b><br aria-hidden=\"true\" \/><\/b><\/p><p>\u00a0<\/p><p><b>RADIO CONDELL\u00a0<\/b><\/p><p class=\"x_elementToProof\"><a href=\"https:\/\/www.litoralpress.cl\/sitio\/RadioTV_Detalles.cshtml?LPKey=F6FPOJKJQJFLKEDC5S5O76DHGGCK43OIKFAKJIX4M7BMWMVQM2LQUMH4POHHOUIVMSAJGBXHOE67W\">Novedades y proceso de admisi\u00f3n de la carrera de ingenier\u00eda Civil en Mecatr\u00f3nica. Se refiere Daniel D\u00edaz,\u00a0director de la Escuela de Ingenier\u00eda Civil en Mecatr\u00f3nica.\u00a0<\/a><\/p><p><b>\u00a0<\/b><\/p><p><b>RADIO ALBORADA\u00a0<br aria-hidden=\"true\" \/><\/b><a href=\"https:\/\/www.litoralpress.cl\/sitio\/RadioTV_Detalles.cshtml?LPKey=BBDH5EQHVMNBDYQ5DHUU5RRTUPXKBKVXWBSH54TAOMA4ZAPWLDXWQZZHHO7E3CWVWJO6XQ4KTAUFW\">Novedades y proceso de admisi\u00f3n de la carrera de Fonoaudiolog\u00eda. Se refiere Miguel V\u00e1squez, director de la Escuela de Fonoaudiolog\u00eda.\u00a0<\/a><b><br aria-hidden=\"true\" \/><\/b><\/p><p><b>\u00a0<\/b><\/p><p><b>TVN RED MAULE<\/b>\u00a0<br aria-hidden=\"true\" \/><a href=\"https:\/\/www.24horas.cl\/regiones\/zona-centro\/maule\/detienen-a-abusador-de-nina-que-habia-escapado\">Detienen a abusador de ni\u00f1a que hab\u00eda escapado. Se refiere Nadia Ramos, directora del Centro de Psicolog\u00eda Aplicada (CEPA).\u00a0<\/a><\/p><p>\u00a0<\/p><p><b>EL D\u00cdNAMO\u00a0<br aria-hidden=\"true\" \/><\/b><a href=\"https:\/\/www.eldinamo.cl\/buen-dato\/2024\/01\/18\/temporada-de-vendimias-guia-completa-con-todas-las-celebraciones-en-el-pais\/\">Temporada de vendimias: gu\u00eda completa con todas las celebraciones en el pa\u00eds. Se menciona la Universidad de Talca\u00a0<\/a><b><br aria-hidden=\"true\" \/><\/b><\/p><p>\u00a0<\/p><p><b>EL DESCONCIERTO<\/b>\u00a0<br aria-hidden=\"true\" \/><a href=\"https:\/\/www.eldesconcierto.cl\/tendencias\/2024\/01\/18\/verano-de-vinos-calendario-de-vendimias-se-toman-la-agenda-de-panoramas-de-vacaciones.html\">Verano de vinos: Calendario de vendimias se toman la agenda de panoramas de vacaciones. Se menciona la Universidad de Talca\u00a0<\/a><br aria-hidden=\"true\" \/><br \/><\/p><p><b>CIENCIA EN CHILE<\/b>\u00a0<br aria-hidden=\"true\" \/><a href=\"https:\/\/www.cienciaenchile.cl\/universidad-de-concepcion-pionera-en-espectroscopia-de-suelos-y-desarrollo-sostenible\/\">Universidad de Concepci\u00f3n: Pionera en Espectroscop\u00eda\u00a0de Suelos y Desarrollo Sostenible. Se menciona la Universidad de Talca<\/a>\u00a0<br aria-hidden=\"true\" \/><br \/><\/p><p><b>\u00a0<\/b><b>EL LECTOR\u00a0<br aria-hidden=\"true\" \/><\/b><a href=\"https:\/\/www.litoralpress.cl\/paginaconsultas\/Servicios_NClipSitioWeb\/Get_Imagen_Nota.aspx?LPKey=LYN5PDASDU47PTOJD3VT2LU5OSNYAAGIX6CHV7IIOYJ4LMIMHLN3V2YOW32UV7PFNIZ4LRPKQYBNA\">Seleccionados en educaci\u00f3n superior aumentan un 10% en la regi\u00f3n del Maule. Se menciona la Universidad de Talca\u00a0<\/a><b><br aria-hidden=\"true\" \/><\/b><b>\u00a0<\/b><\/p><p><b>EMOL<\/b>\u00a0<br aria-hidden=\"true\" \/><a href=\"https:\/\/www.emol.com\/noticias\/Tendencias\/2024\/01\/18\/1118953\/calendario-vendimias-2024.html\">Luz verde a la temporada de vendimias: Revisa el calendario de eventos que celebrar\u00e1n las cosechas del vino chileno. Se menciona la Universidad de Talca.\u00a0<\/a><b><br aria-hidden=\"true\" \/><\/b><\/p><p>\u00a0<\/p><p><b>M\u00daSICA Y NOTICIAS<\/b>\u00a0<br aria-hidden=\"true\" \/><a href=\"https:\/\/www.musicaynoticias.cl\/la-asociacion-provincial-de-atletismo-curico-premio-a-deportistas-destacados-del-2023\/\">La Asociaci\u00f3n Provincial de Atletismo Curic\u00f3 premi\u00f3 a deportistas destacados del 2023<b>.\u00a0<\/b>Se menciona la Universidad de Talca.\u00a0<\/a><\/p><p>\u00a0<\/p><p><b>DIARIO DE TALCA\u00a0<br aria-hidden=\"true\" \/><\/b><a href=\"https:\/\/eldiariosantiago.cl\/universidad-de-talca-potencia-energias-limpias-y-mineria-verde-en-las-industrias\/\">\u00bfTe interesa la inteligencia artificial y sus implicancias? Aqu\u00ed agenda Congreso Futuro 2024. Se menciona la Universidad de Talca.<\/a><a href=\"https:\/\/eldiariosantiago.cl\/universidad-de-talca-potencia-energias-limpias-y-mineria-verde-en-las-industrias\/\">\u00a0<\/a><b><br aria-hidden=\"true\" \/><\/b><b>\u00a0<\/b><\/p><p><b>RADIO NUEVO MUNDO\u00a0<br aria-hidden=\"true\" \/><\/b><a href=\"https:\/\/radionuevomundo.cl\/2024\/01\/18\/covid-19-estudio-internacional-arrojo-que-el-buen-funcionamiento-de-los-rinones-se-asocia-con-bajo-riesgo-de-enfermar-severamente\/\">COVID-19: estudio internacional arroj\u00f3 que el buen funcionamiento de los ri\u00f1ones se asocia con bajo riesgo de enfermar severamente.\u00a0Se menciona la Universidad de Talca.<\/a><a href=\"https:\/\/radionuevomundo.cl\/2024\/01\/18\/covid-19-estudio-internacional-arrojo-que-el-buen-funcionamiento-de-los-rinones-se-asocia-con-bajo-riesgo-de-enfermar-severamente\/\">\u00a0<\/a><b><br aria-hidden=\"true\" \/><\/b><\/p><p><b>\u00a0<\/b><\/p><p><b>PONTIFICIA UNIVERSIDAD CAT\u00d3LICA<\/b>\u00a0<br aria-hidden=\"true\" \/><a href=\"https:\/\/www.uc.cl\/noticias\/uc-participa-en-el-hito-de-constitucion-del-instituto-de-energias-limpias-en-antofagasta\/\">UC participa en el hito de constituci\u00f3n del Instituto de Energ\u00edas Limpias en Antofagasta<b>.<\/b>\u00a0Se menciona la Universidad de Talca.\u00a0<\/a><br aria-hidden=\"true\" \/><b>\u00a0<\/b><\/p><p><b>RADIO\u00a0UDEC<\/b>\u00a0<br aria-hidden=\"true\" \/><a href=\"https:\/\/www.radioudec.cl\/inician-faenas-de-preparacion-para-conservacion-ex-situ-de-tres-especies-en-campus-naturaleza\/\">Inician faenas de preparaci\u00f3n para conservaci\u00f3n ex situ de tres especies en Campus Naturaleza<b>.<\/b>\u00a0Se menciona la Universidad de Talca.\u00a0<\/a><\/p><p>\u00a0<\/p><p><b>SABES.CL<\/b>\u00a0<br aria-hidden=\"true\" \/><a href=\"https:\/\/sabes.cl\/2024\/01\/18\/concepcion-inician-faenas-de-preparacion-para-conservacion-de-ex-situ-en-campus-naturaleza\/\">Concepci\u00f3n: Inician faenas de preparaci\u00f3n para conservaci\u00f3n de ex situ en Campus Naturaleza<b>.<\/b>\u00a0Se menciona la Universidad de Talca.\u00a0<\/a><br aria-hidden=\"true\" \/><a id=\"OWAd8bce76f-dfa7-a069-f162-ad21ec33eb08\" class=\"x_OWAAutoLink\" href=\"https:\/\/sabes.cl\/2024\/01\/18\/concepcion-inician-faenas-de-preparacion-para-conservacion-de-ex-situ-en-campus-naturaleza\/\" target=\"_blank\" rel=\"noopener noreferrer\" data-auth=\"NotApplicable\" data-linkindex=\"19\"><\/a>\u00a0\u00a0<\/p><p><b>REVISTA ECOCIENCIAS<\/b>\u00a0<br aria-hidden=\"true\" \/><a href=\"https:\/\/revistaecociencias.cl\/2024\/01\/18\/universidad-de-concepcion-inicia-faenas-de-preparacion-para-conservacion-ex-situ-de-especies-amenazadas-en-campus-naturaleza\/\">Universidad de Concepci\u00f3n inicia faenas de preparaci\u00f3n para conservaci\u00f3n ex situ de especies amenazada en Campus Naturaleza. Se menciona la Universidad de Talca.\u00a0<\/a><\/p><p>\u00a0<\/p><p><b>ENFOQUE NOTICIAS<\/b>\u00a0<br aria-hidden=\"true\" \/><a href=\"https:\/\/enfoquenoticias.cl\/instituto-de-tecnologias-limpias-se-constituye-formalmente-tras-la-firma-de-sus-estatutos\/mineria\/\">Instituto de Tecnolog\u00edas Limpias se constituye formalmente tras la firma de sus estatutos. Se menciona la Universidad de Talca.\u00a0<\/a><\/p><p>\u00a0<\/p><p><b>RADIO B\u00cdO-BIO<\/b>\u00a0<br aria-hidden=\"true\" \/><a href=\"https:\/\/www.biobiochile.cl\/noticias\/nacional\/chile\/2024\/01\/18\/quienes-son-los-3-nuevos-ministros-del-tc-recien-asumidos-pleno-quedo-con-mayoria-femenina.shtml\">Qui\u00e9nes son los 3 nuevos ministros del TC reci\u00e9n asumidos: pleno qued\u00f3 con mayor\u00eda femenina. Se menciona la Universidad de Talca\u00a0<\/a><\/p><p>\u00a0<\/p><p><b>RADIO INFINITA<\/b>\u00a0<br aria-hidden=\"true\" \/><a href=\"https:\/\/www.litoralpress.cl\/sitio\/RadioTV_Detalles.cshtml?LPKey=B36PED44UDUJQSY2UJURNOBH677ZDFSG37U6IZG57HYJNB5JM3K56THYOSNBKDRACWPQ2K7NZD6OY\">Comentario de pol\u00edtica de Mauricio Morales, acad\u00e9mico Facultad de Ciencias Jur\u00eddicas y Sociales.\u00a0<\/a><br aria-hidden=\"true\" \/><br \/><\/p>\t\t\t\t\t\t<\/div>\n\t\t\t\t<\/div>\n\t\t\t\t\t<\/div>\n\t\t<\/div>\n\t\t\t\t\t\t\t<\/div>\n\t\t<\/section>\n\t\t\t\t\t\t<\/div>\n\t\t\t\t\t<\/div>\n\t\t","protected":false},"excerpt":{"rendered":"<p>MEDIA BANCO\u00a0 Universidad de Talca alcanza cifra r\u00e9cord de proyectos Fondecyt\u00a0Regulares adjudicados. Se refiere Roberto Jara Rojas, director de Investigaci\u00f3n.\u00a0 \u00a0 \u00a0EL LECTOR\u00a0\u00a0 Universidad de Talca potencia energ\u00edas limpias y miner\u00eda verde en las industrias. Se refiere Ariela\u00a0Vergara Jaque, vicerrectora de Innovaci\u00f3n.\u00a0\u00a0 \u00a0 CHILL\u00c1N ONLINE\u00a0Universidad de Talca potencia energ\u00edas limpias y miner\u00eda verde en las &hellip;<\/p>\n<p class=\"read-more\"> <a class=\"\" href=\"https:\/\/www.reportedeprensa.utalca.cl\/?p=9070\"> <span class=\"screen-reader-text\">19 de enero de 2024<\/span> Read More &raquo;<\/a><\/p>\n","protected":false},"author":1,"featured_media":0,"comment_status":"closed","ping_status":"open","sticky":false,"template":"","format":"standard","meta":{"_monsterinsights_skip_tracking":false,"_monsterinsights_sitenote_active":false,"_monsterinsights_sitenote_note":"","_monsterinsights_sitenote_category":0},"categories":[44],"tags":[],"_links":{"self":[{"href":"https:\/\/www.reportedeprensa.utalca.cl\/index.php?rest_route=\/wp\/v2\/posts\/9070"}],"collection":[{"href":"https:\/\/www.reportedeprensa.utalca.cl\/index.php?rest_route=\/wp\/v2\/posts"}],"about":[{"href":"https:\/\/www.reportedeprensa.utalca.cl\/index.php?rest_route=\/wp\/v2\/types\/post"}],"author":[{"embeddable":true,"href":"https:\/\/www.reportedeprensa.utalca.cl\/index.php?rest_route=\/wp\/v2\/users\/1"}],"replies":[{"embeddable":true,"href":"https:\/\/www.reportedeprensa.utalca.cl\/index.php?rest_route=%2Fwp%2Fv2%2Fcomments&post=9070"}],"version-history":[{"count":4,"href":"https:\/\/www.reportedeprensa.utalca.cl\/index.php?rest_route=\/wp\/v2\/posts\/9070\/revisions"}],"predecessor-version":[{"id":9074,"href":"https:\/\/www.reportedeprensa.utalca.cl\/index.php?rest_route=\/wp\/v2\/posts\/9070\/revisions\/9074"}],"wp:attachment":[{"href":"https:\/\/www.reportedeprensa.utalca.cl\/index.php?rest_route=%2Fwp%2Fv2%2Fmedia&parent=9070"}],"wp:term":[{"taxonomy":"category","embeddable":true,"href":"https:\/\/www.reportedeprensa.utalca.cl\/index.php?rest_route=%2Fwp%2Fv2%2Fcategories&post=9070"},{"taxonomy":"post_tag","embeddable":true,"href":"https:\/\/www.reportedeprensa.utalca.cl\/index.php?rest_route=%2Fwp%2Fv2%2Ftags&post=9070"}],"curies":[{"name":"wp","href":"https:\/\/api.w.org\/{rel}","templated":true}]}}