{"id":9078,"date":"2024-01-22T11:37:11","date_gmt":"2024-01-22T14:37:11","guid":{"rendered":"https:\/\/www.reportedeprensa.utalca.cl\/?p=9078"},"modified":"2024-01-22T11:53:57","modified_gmt":"2024-01-22T14:53:57","slug":"22-de-enero-de-2024","status":"publish","type":"post","link":"https:\/\/www.reportedeprensa.utalca.cl\/?p=9078","title":{"rendered":"22 de enero de 2024"},"content":{"rendered":"\t\t<div data-elementor-type=\"wp-post\" data-elementor-id=\"9078\" class=\"elementor elementor-9078\" data-elementor-settings=\"[]\">\n\t\t\t\t\t\t\t<div class=\"elementor-section-wrap\">\n\t\t\t\t\t\t\t<section class=\"elementor-section elementor-top-section elementor-element elementor-element-bcea1a8 elementor-section-boxed elementor-section-height-default elementor-section-height-default\" data-id=\"bcea1a8\" data-element_type=\"section\">\n\t\t\t\t\t\t<div class=\"elementor-container elementor-column-gap-default\">\n\t\t\t\t\t<div class=\"elementor-column elementor-col-100 elementor-top-column elementor-element elementor-element-e7183bf\" data-id=\"e7183bf\" data-element_type=\"column\">\n\t\t\t<div class=\"elementor-widget-wrap elementor-element-populated\">\n\t\t\t\t\t\t\t\t<div class=\"elementor-element elementor-element-5ffbb87 elementor-widget elementor-widget-text-editor\" data-id=\"5ffbb87\" data-element_type=\"widget\" data-widget_type=\"text-editor.default\">\n\t\t\t\t<div class=\"elementor-widget-container\">\n\t\t\t\t\t\t\t\t<div><p><b>EL MOSTRADOR\u00a0<\/b><b>\u00a0<br aria-hidden=\"true\" \/><\/b><a href=\"https:\/\/www.elmostrador.cl\/agenda-pais\/educacion\/2024\/01\/19\/universidad-regional-alcanza-cifra-record-de-proyectos-fondecyt-regulares-adjudicados\/\">Universidad regional alcanza cifra r\u00e9cord de proyectos Fondecyt\u00a0Regulares adjudicados. Se refiere Roberto Jara Rojas, director de Investigaci\u00f3n.\u00a0<\/a><\/p><p>\u00a0<\/p><div><p><b>DIARIOS EN RED<\/b><\/p><p><a href=\"https:\/\/diariosenred.com\/regional\/universidad-de-talca-alcanza-cifra-record-de-proyectos-fondecyt\">Universidad de Talca alcanza cifra r\u00e9cord de proyectos Fondecyt\u00a0Regulares adjudicados. Se refiere Roberto Jara Rojas, director de Investigaci\u00f3n.\u00a0<\/a><\/p><div>\u00a0<\/div><\/div><div><p><b>RED AYS\u00c9N\u00a0<\/b>\u00a0<br aria-hidden=\"true\" \/><a href=\"https:\/\/www.redaysen.com\/regional\/universidad-de-talca-alcanza-cifra-record-de-proyectos-fondecyt\">Universidad de Talca alcanza cifra r\u00e9cord de proyectos Fondecyt\u00a0Regulares adjudicados. Se refiere Roberto Jara Rojas, director de Investigaci\u00f3n.\u00a0<\/a><\/p><p>\u00a0<\/p><\/div><div><p><b>RED VALPARA\u00cdSO\u00a0<\/b>\u00a0<br aria-hidden=\"true\" \/><a href=\"https:\/\/redvalparaiso.com\/regional\/universidad-de-talca-alcanza-cifra-record-de-proyectos-fondecyt\">Universidad de Talca alcanza cifra r\u00e9cord de proyectos Fondecyt\u00a0Regulares adjudicados. Se refiere Roberto Jara Rojas, director de Investigaci\u00f3n.\u00a0\u00a0<\/a><\/p><p>\u00a0<\/p><\/div><div><p><b>RED O\u2019HIGGINS<\/b>\u00a0<br aria-hidden=\"true\" \/><a href=\"https:\/\/redohiggins.com\/regional\/universidad-de-talca-alcanza-cifra-record-de-proyectos-fondecyt\">Universidad de Talca alcanza cifra r\u00e9cord de proyectos Fondecyt\u00a0Regulares adjudicados. Se refiere Roberto Jara, director de Investigaci\u00f3n.\u00a0\u00a0<\/a><\/p><p>\u00a0<\/p><\/div><p><b>AD PRENSA\u00a0<\/b>\u00a0<br aria-hidden=\"true\" \/><a href=\"https:\/\/www.adprensa.cl\/cronica\/universidad-de-talca-alcanza-cifra-record-de-proyectos-fondecyt-regulares-adjudicados\/\">Universidad de Talca alcanza cifra r\u00e9cord de proyectos Fondecyt\u00a0Regulares adjudicados. Se refiere Roberto Jara Rojas, director de Investigaci\u00f3n.\u00a0<\/a><\/p><p>\u00a0<\/p><\/div><div><p><b>EL HERALDO\u00a0<\/b>\u00a0<\/p><p><a href=\"https:\/\/www.litoralpress.cl\/paginaconsultas\/Servicios_NClipSitioWeb\/Get_Imagen_Nota.aspx?LPKey=IEM5DWZLDL4LUWNYDBHGFGW5HRFYCG4SY3T2A6GDEJGFTUW7VBLU2QVYELWOBPX2CYY4GG6W3WUMK\">Universidad de Talca alcanza cifra r\u00e9cord de proyectos Fondecyt Regulares adjudicados. Se refiere Roberto Jara Rojas, director de Investigaci\u00f3n.\u00a0<\/a><\/p><\/div><div><p>\u00a0<\/p><p><b>ELHERALDO.CL<\/b><br aria-hidden=\"true\" \/><a href=\"https:\/\/www.diarioelheraldo.cl\/noticia\/universidad-de-talca-alcanza-cifra-record-de-proyectos-fondecyt-regulares-adjudicados\">Universidad de Talca alcanza cifra r\u00e9cord de proyectos Fondecyt\u00a0Regulares adjudicados. Se refiere Roberto Jara Rojas, director de Investigaci\u00f3n.\u00a0\u00a0<\/a><\/p><p>\u00a0<\/p><\/div><div><p><b>REVISTA ECOCIENCIAS\u00a0<\/b>\u00a0<br aria-hidden=\"true\" \/><a href=\"https:\/\/revistaecociencias.cl\/2024\/01\/19\/universidad-de-talca-alcanza-cifra-record-de-proyectos-fondecyt-regulares-adjudicados\/\">Universidad de Talca alcanza cifra r\u00e9cord de proyectos Fondecyt\u00a0Regulares adjudicados. Se refiere Roberto Jara Rojas, director de Investigaci\u00f3n.\u00a0<\/a><\/p><p>\u00a0<\/p><\/div><div><p><b>G5 NOTICIAS\u00a0<\/b>\u00a0<br aria-hidden=\"true\" \/><a href=\"https:\/\/g5noticias.cl\/2024\/01\/19\/universidad-de-talca-alcanza-cifra-record-de-proyectos-fondecyt-regulares-adjudicados\/\">Universidad de Talca alcanza cifra r\u00e9cord de proyectos Fondecyt\u00a0Regulares adjudicados. Se refiere Roberto Jara Rojas, director de Investigaci\u00f3n.\u00a0<\/a><\/p><p>\u00a0<\/p><\/div><div><p><b>EL MAULE INFORMA\u00a0<\/b>\u00a0<\/p><p><a href=\"https:\/\/elmauleinforma.cl\/universidad-de-talca-alcanza-cifra-record-de-proyectos-fondecyt-regulares-adjudicados\/\">Universidad de Talca alcanza cifra r\u00e9cord de proyectos Fondecyt Regulares adjudicados. Se refiere Roberto Jara Rojas, director de Investigaci\u00f3n.\u00a0<\/a><\/p><\/div><div>\u00a0<\/div><div><p><b>DIARIO EL CENTRO\u00a0<\/b>\u00a0<\/p><p><a href=\"https:\/\/www.diarioelcentro.cl\/2024\/01\/19\/u-talca-record-nacional-adjudica-28-proyectos-fondecyt-regulares-2024\/\">U.Talca R\u00e9cord Nacional: Adjudica 28 Proyectos Fondecyt\u00a0Regulares 2024. Se refiere Roberto Jara Rojas, director de Investigaci\u00f3n.\u00a0<\/a><\/p><p>\u00a0<\/p><\/div><div><p><b>DIARIO TALCA<\/b>\u00a0\u00a0<\/p><p><a href=\"https:\/\/diariotalca.cl\/utalca-alcanza-cifra-record-de-proyectos-fondecyt-regulares-adjudicados\/\">UTalca alcanza cifra r\u00e9cord de proyectos Fondecyt\u00a0Regulares adjudicados. Se refiere Roberto Jara Rojas, director de Investigaci\u00f3n.\u00a0<\/a>\u00a0<\/p><p>\u00a0<\/p><\/div><div><p><b>CHILL\u00c1N ONLINE\u00a0<\/b>\u00a0<\/p><p><a href=\"https:\/\/www.chillanonline.cl\/V7\/2024\/01\/19\/universidad-de-talca-alcanza-cifra-record-de-proyectos-fondecyt-regulares-adjudicados\/\">UTalca alcanza cifra r\u00e9cord de proyectos Fondecyt\u00a0Regulares adjudicados. Se refiere Roberto Jara Rojas, director de Investigaci\u00f3n.<\/a>\u00a0<\/p><p>\u00a0<\/p><\/div><div><p><b>DIARIO TALCA<\/b><b>\u00a0<\/b><\/p><p><a href=\"https:\/\/diariotalca.cl\/universidad-de-talca-represento-a-chile-en-conferencia-apec\/\">Universidad de Talca represent\u00f3 a Chile en Conferencia APEC. Se refiere Gilda Carrasco, acad\u00e9mica de la Facultad de Ciencias Agrarias.\u00a0<\/a><\/p><p>\u00a0<\/p><p><b>EL LECTOR<\/b>\u00a0<\/p><p><a href=\"https:\/\/www.litoralpress.cl\/paginaconsultas\/Servicios_NClipSitioWeb\/Get_Imagen_Nota.aspx?LPKey=4RXBCZBPTC7WFGWU5RURDVLOHJFHIABXM5RCZBFF7ZXN2LMIERSL2ZVQDQKMFWNO6WDJGVAFOHCMC\">Acad\u00e9mica de la UTalca\u00a0particip\u00f3 en la APEC. Se refiere Gilda Carrasco, acad\u00e9mica de la Facultad de Ciencias Agrarias.\u00a0<\/a><\/p><p>\u00a0<\/p><\/div><div><p><b>PUBLIMICRO<\/b>\u00a0<br aria-hidden=\"true\" \/><a href=\"https:\/\/publimicro.cl\/gilda-carrasco-destacada-academica-de-la-universidad-de-talca-represento-a-chile-en-conferencia-apec-sobre-sustentabilidad-innovacion-y-desarrollo-cientifico\/\">Gilda Carrasco: Destacada acad\u00e9mica de la Universidad de Talca,\u00a0represent\u00f3 a Chile en Conferencia APEC sobre sustentabilidad, innovaci\u00f3n y desarrollo cient\u00edfico. Se refiere Gilda Carrasco, acad\u00e9mica Facultad de Ciencias Agrarias.\u00a0<\/a><br aria-hidden=\"true\" \/><br \/><\/p><\/div><div><p><b>AD PRENSA\u00a0<\/b>\u00a0<br aria-hidden=\"true\" \/><a href=\"https:\/\/www.adprensa.cl\/cronica\/universidad-de-talca-represento-a-chile-en-conferencia-apec\/\">Universidad de Talca represent\u00f3 a Chile en Conferencia APEC. Se refiere Gilda Carrasco Silva, acad\u00e9mica de la Facultad de Ciencias Agrarias.\u00a0\u00a0<\/a><\/p><p>\u00a0<\/p><\/div><div><p><b>MEDIA BANCO\u00a0<\/b>\u00a0<br aria-hidden=\"true\" \/><a href=\"https:\/\/www.mediabanco.com\/universidad-de-talca-represento-a-chile-en-conferencia-apec\/\">Universidad de Talca represent\u00f3 a Chile en Conferencia APEC. Se refiere Gilda Carrasco Silva, acad\u00e9mica de la Facultad de Ciencias Agrarias.\u00a0\u00a0<\/a><\/p><p>\u00a0<\/p><\/div><div><p><strong>EL MOSTRADOR\u00a0\u00a0<\/strong><\/p><\/div><div><p><a href=\"https:\/\/www.elmostrador.cl\/agenda-pais\/agenda-social\/2024\/01\/20\/en-2025-habria-un-deficit-de-750-mil-viviendas-sociales-segun-estudio\/\">Estudio de la UTalca: En 2025 habr\u00eda un d\u00e9ficit de 750 mil viviendas sociales. Se refiere Armando Dur\u00e1n Bustamante, acad\u00e9mico de la Facultad de Ingenier\u00eda.\u00a0<\/a><\/p><p>\u00a0<\/p><\/div><div><p><b>TIERRA AMARILLANO<\/b>\u00a0<br aria-hidden=\"true\" \/><a href=\"https:\/\/tierramarillano.cl\/2024\/01\/21\/estudio-de-la-utalca-en-2025-habria-un-deficit-de-750-mil-viviendas-sociales\/\">Estudio de la UTalca: En 2025 habr\u00eda un d\u00e9ficit de 750 mil viviendas sociales. Se refiere Armando Dur\u00e1n, acad\u00e9mico Facultad de Ingenier\u00eda.\u00a0\u00a0<\/a><\/p><p>\u00a0<\/p><\/div><div><p><b>LA REGI\u00d3N HOY<\/b>\u00a0<br aria-hidden=\"true\" \/><a href=\"https:\/\/laregionhoy.cl\/2024\/01\/21\/en-2025-habria-un-deficit-de-750-mil-viviendas-sociales\/\">En 2025 habr\u00eda un d\u00e9ficit de 750 mil viviendas sociales. Se refiere Armando Dur\u00e1n, acad\u00e9mico Facultad de Ingenier\u00eda.\u00a0\u00a0<\/a><br aria-hidden=\"true\" \/><br \/><\/p><\/div><div><p><b>MEDIA BANCO<\/b>\u00a0\u00a0<\/p><p><a href=\"https:\/\/www.mediabanco.com\/estudio-de-la-utalca-en-2025-habria-un-deficit-de-750-mil-viviendas-sociales\/\">Estudio de la UTalca: En 2025 habr\u00eda un d\u00e9ficit de 750 mil viviendas sociales. Se refiere Armando Dur\u00e1n Bustamante, acad\u00e9mico de la Facultad de Ingenier\u00eda.\u00a0\u00a0<\/a><br aria-hidden=\"true\" \/><br \/><\/p><\/div><div><p><b>EL PERIODISTA\u00a0<\/b>\u00a0<\/p><p><a href=\"https:\/\/www.elperiodista.cl\/2024\/01\/estudio-de-la-utalca-en-2025-habria-un-deficit-de-750-mil-viviendas-sociales\/\">Estudio de la UTalca: En 2025 habr\u00eda un d\u00e9ficit de 750 mil viviendas sociales. Se refiere Armando Dur\u00e1n Bustamante, acad\u00e9mico de la Facultad de Ingenier\u00eda.\u00a0<\/a><\/p><p>\u00a0<\/p><\/div><div><p><b>S\u00c9PTIMA P\u00c1GINA NOTICIAS\u00a0<\/b>\u00a0<\/p><p><a href=\"https:\/\/www.septimapaginanoticias.cl\/estudio-de-la-utalca-en-2025-habria-un-deficit-de-750-mil-viviendas-sociales\">Estudio de la UTalca: En 2025 habr\u00eda un d\u00e9ficit de 750 mil viviendas sociales. Se refiere Armando Dur\u00e1n Bustamante, acad\u00e9mico de la Facultad de Ingenier\u00eda.\u00a0<\/a><\/p><\/div><div><p>\u00a0<\/p><p><b>AD PRENSA\u00a0<\/b>\u00a0<\/p><p><a href=\"https:\/\/www.adprensa.cl\/cronica\/estudio-de-la-utalca-en-2025-habria-un-deficit-de-750-mil-viviendas-sociales\/\">Estudio de la UTalca: En 2025 habr\u00eda un d\u00e9ficit de 750 mil viviendas sociales. Se refiere Armando Dur\u00e1n Bustamante, acad\u00e9mico de la Facultad de Ingenier\u00eda.\u00a0<\/a><\/p><\/div><div><p>\u00a0<\/p><p><b>RADIO AGRICULTURA\u00a0<\/b><b>\u00a0<\/b><\/p><p><a href=\"https:\/\/www.radioagricultura.cl\/tendencias\/2024\/01\/19\/estudio-de-la-u-de-talca-senala-que-en-2025-habria-un-deficit-de-750-mil-viviendas-sociales\/\">Estudio de la UTalca: En 2025 habr\u00eda un d\u00e9ficit de 750 mil viviendas sociales. Se refiere Armando Dur\u00e1n Bustamante, acad\u00e9mico de la Facultad de Ingenier\u00eda.\u00a0<\/a><\/p><\/div><div><p>\u00a0<\/p><p><b>EL REPORTE DIARIO\u00a0<\/b>\u00a0<\/p><p><a href=\"https:\/\/reportediario.cl\/2024\/01\/19\/alerta-estudio-revela-un-deficit-de-750-mil-viviendas-sociales-para-el-2025\/\">\u00a1Alerta! Estudio revela un d\u00e9ficit de 750 mil viviendas sociales para el 2025.\u00a0<\/a><\/p><p>\u00a0<\/p><\/div><div><p><b>DIARIO LA PRENSA DE CURIC\u00d3\u00a0<\/b>\u00a0<\/p><p><a href=\"https:\/\/www.litoralpress.cl\/paginaconsultas\/Servicios_NClipSitioWeb\/Get_Imagen_Nota.aspx?LPKey=A3FJ3WVOESPNIUXSQTWUTMLDKAUDDRQQENXBQ3RQK7RUTEATC7XXZ3SPV2HB54TOCQPLGMVAS5ZFO\">Estudio de la UTalca: En 2025 habr\u00eda un d\u00e9ficit de 750 mil viviendas sociales. Se refiere Armando Dur\u00e1n Bustamante, acad\u00e9mico de la Facultad de Ingenier\u00eda<\/a>.\u00a0<\/p><\/div><div><p>\u00a0<\/p><p><b>G5 NOTICIAS\u00a0<\/b>\u00a0<\/p><p><a href=\"https:\/\/g5noticias.cl\/2024\/01\/20\/estudio-de-la-utalca-en-2025-habria-un-deficit-de-750-mil-viviendas-sociales\/\">Estudio de la UTalca: En 2025 habr\u00eda un d\u00e9ficit de 750 mil viviendas sociales. Se refiere Armando Dur\u00e1n Bustamante, acad\u00e9mico de la Facultad de Ingenier\u00eda.<\/a><\/p><p>\u00a0<\/p><\/div><div><p><b>CHILL\u00c1N ONLINE\u00a0<\/b>\u00a0<\/p><p><a href=\"https:\/\/www.chillanonline.cl\/V7\/2024\/01\/19\/estudio-de-la-utalca-en-2025-habria-un-deficit-de-750-mil-viviendas-sociales-nuble-una-de-las-regiones-mas-afectadas\/\">Estudio de la UTalca: En 2025 habr\u00eda un d\u00e9ficit de 750 mil viviendas sociales. Se refiere Armando Dur\u00e1n Bustamante, acad\u00e9mico de la Facultad de Ingenier\u00eda.<\/a><\/p><\/div><div><p>\u00a0<\/p><p><b>LA RAZ\u00d3N\u00a0<\/b>\u00a0<\/p><p><a href=\"https:\/\/www.larazon.cl\/2024\/01\/20\/estudio-de-la-utalca-en-2025-habria-un-deficit-de-750-mil-viviendas-sociales\/\">Estudio de la UTalca: En 2025 habr\u00eda un d\u00e9ficit de 750 mil viviendas sociales. Se refiere Armando Dur\u00e1n Bustamante, acad\u00e9mico de la Facultad de Ingenier\u00eda.<\/a><\/p><\/div><div><p>\u00a0<\/p><p><b>EL LECTOR<\/b>\u00a0<\/p><p><a href=\"https:\/\/www.litoralpress.cl\/paginaconsultas\/Servicios_NClipSitioWeb\/Get_Imagen_Nota.aspx?LPKey=AMCJ\">Expertos plantearon la necesidad de regular la inteligencia artificial. Se refiere C\u00e9sar Astudillo, acad\u00e9mico de la Facultad de Ingenier\u00eda.<\/a>\u00a0<\/p><p>\u00a0<\/p><\/div><div><p><b>DIARIO TALCA<\/b><b>\u00a0<\/b><\/p><p><a href=\"https:\/\/diariotalca.cl\/expertos-plantearon-la-necesidad-de-regular-la-inteligencia-artificial\/\">Expertos plantearon la necesidad de regular la Inteligencia Artificial. Se refiere C\u00e9sar Astudillo, acad\u00e9mico de la Facultad de Ingenier\u00eda.<\/a><\/p><p>\u00a0<\/p><\/div><div><p><b>UNIVERSIDAD CAT\u00d3LICA DEL MAULE\u00a0<\/b>\u00a0<\/p><p><a href=\"https:\/\/portal.ucm.cl\/noticias\/congreso-futuro-maule-2024-expertos-plantearon-la-necesidad-regular-la-inteligencia-artificial\">Congreso Futuro Maule 2024: Expertos plantearon la necesidad de regular la Inteligencia Artificial. Se refiere C\u00e9sar Astudillo Hern\u00e1ndez, acad\u00e9mico de la Facultad de Ingenier\u00eda.\u00a0<\/a><\/p><\/div><div><p>\u00a0<\/p><p><b>AD PRENSA\u00a0<\/b>\u00a0<\/p><p><a href=\"https:\/\/www.adprensa.cl\/cronica\/en-congreso-futuro-maule-2024-expertos-plantearon-la-necesidad-de-regular-la-inteligencia-artificial\/\">Congreso Futuro Maule 2024: Expertos plantearon la necesidad de regular la Inteligencia Artificial. Se refiere C\u00e9sar Astudillo Hern\u00e1ndez, acad\u00e9mico de la Facultad de Ingenier\u00eda.<b>\u00a0<\/b><\/a><\/p><p>\u00a0<\/p><\/div><div><p><b>MEDIABANCO\u00a0<\/b>\u00a0<br aria-hidden=\"true\" \/><a href=\"https:\/\/www.mediabanco.com\/expertos-plantearon-la-necesidad-de-regular-la-inteligencia-artificial\/\">Expertos plantearon la necesidad de regular la Inteligencia Artificial. Se refiere C\u00e9sar Astudillo Hern\u00e1ndez, acad\u00e9mico de la Facultad de Ingenier\u00eda.\u00a0\u00a0<\/a><\/p><p>\u00a0<\/p><\/div><div><p><b>PORTALEDUCA\u00a0<\/b>\u00a0<br aria-hidden=\"true\" \/><a href=\"https:\/\/portaleduca.cl\/expertos-plantearon-la-necesidad-de-regular-la-inteligencia-artificial\/\">Expertos plantearon la necesidad de regular la Inteligencia Artificial. Se refiere C\u00e9sar Astudillo Hern\u00e1ndez, acad\u00e9mico de la Facultad de Ingenier\u00eda.\u00a0\u00a0<\/a><\/p><p>\u00a0<\/p><\/div><div><p><b>SANTO TOM\u00c1S EN L\u00cdNEA\u00a0<\/b>\u00a0<\/p><p><a href=\"https:\/\/enlinea.santotomas.cl\/investigacion\/congreso-futuro-maule-2024-expertos-plantearon-la-necesidad-de-regular-la-inteligencia-artificial\/285323\/\">Expertos plantearon la necesidad de regular la Inteligencia Artificial. Se refiere C\u00e9sar Astudillo Hern\u00e1ndez, acad\u00e9mico de la Facultad de Ingenier\u00eda.<\/a><\/p><p>\u00a0<\/p><\/div><div><p><b>EL HERALDO\u00a0<\/b>\u00a0<\/p><p><a href=\"https:\/\/www.litoralpress.cl\/paginaconsultas\/Servicios_NClipSitioWeb\/Get_Imagen_Nota.aspx?LPKey=LAEDIVVL72P3WK3Z5HR3HK3WMROV7RXXAYSKY33PNHAVH6NSJYQ6CJ4UD34CAORLPPGCRUNHFG2Q6\">Expertos plantearon la necesidad de regular la Inteligencia Artificial. Se refiere C\u00e9sar Astudillo Hern\u00e1ndez, acad\u00e9mico de la Facultad de Ingenier\u00eda.<\/a><\/p><\/div><div><p>\u00a0<\/p><p><b>EL HERALDO\u00a0<\/b>\u00a0<\/p><p><a href=\"https:\/\/www.diarioelheraldo.cl\/noticia\/en-congreso-futuro-maule-2024-expertos-plantearon-la-necesidad-de-regular-la-inteligencia-artificial-\">Expertos plantearon la necesidad de regular la Inteligencia Artificial. Se refiere C\u00e9sar Astudillo Hern\u00e1ndez, acad\u00e9mico de la Facultad de Ingenier\u00eda.<\/a><\/p><\/div><div><p>\u00a0<\/p><p><b>EL LECTOR\u00a0<\/b>\u00a0<\/p><p><a href=\"https:\/\/www.litoralpress.cl\/paginaconsultas\/Servicios_NClipSitioWeb\/Get_Imagen_Nota.aspx?LPKey=2JA3FSIYB2PKPYBXH4QNHMRC7ZLQ4E5LG3YLO7ZIQ26RWBQROXPIKG7RUCO5JMADKO2I7YFMXWSAG\">Expertos plantearon la necesidad de regular la Inteligencia Artificial. Se refiere C\u00e9sar Astudillo Hern\u00e1ndez, acad\u00e9mico de la Facultad de Ingenier\u00eda.\u00a0<\/a><\/p><p>\u00a0<\/p><\/div><div><p><b>REDG9\u00a0<\/b>\u00a0<br aria-hidden=\"true\" \/><a href=\"https:\/\/redg9.cl\/2024\/01\/18\/uc-participa-en-el-hito-de-constitucion-del-instituto-de-energias-limpias-en-antofagasta\/\">UC participa en el hito de constituci\u00f3n del Instituto de Energ\u00edas Limpias en Antofagasta. Se menciona la Universidad de Talca.\u00a0\u00a0<\/a><br aria-hidden=\"true\" \/>\u00a0<\/p><\/div><div><p><b>BIOBIOCHILE.CL<\/b><b><br aria-hidden=\"true\" \/><\/b><a href=\"https:\/\/www.biobiochile.cl\/noticias\/salud-y-bienestar\/cuerpo\/2024\/01\/21\/mitos-y-verdades-como-los-adultos-mayores-viven-su-sexualidad.shtml\">Mitos y verdades: \u00bfC\u00f3mo los adultos mayores viven su sexualidad?\u00a0Se refiere Carolina Riveros, acad\u00e9mica Facultad de Ciencias Jur\u00eddicas y Sociales.\u00a0<\/a><a href=\"https:\/\/www.biobiochile.cl\/noticias\/salud-y-bienestar\/cuerpo\/2024\/01\/21\/mitos-y-verdades-como-los-adultos-mayores-viven-su-sexualidad.shtml\">\u00a0<\/a><b><br aria-hidden=\"true\" \/><\/b><\/p><\/div><div><p>\u00a0<\/p><p><b>DIARIO LA PRENSA DE CURIC\u00d3\u00a0<\/b>\u00a0<br aria-hidden=\"true\" \/><a href=\"https:\/\/www.litoralpress.cl\/paginaconsultas\/Servicios_NClipSitioWeb\/Get_Imagen_Nota.aspx?LPKey=7MKIZGYCMQ2P5VDRY3CW6H75R3RUQGVYLMB4IJLHPJXM726PHZ2DDGX5DZ7DTMZMGNWWOG2RPEOSM\">Ola de calor romper\u00eda r\u00e9cords de temperaturas en el Maule. Se refiere Patricio Gonz\u00e1lez Colville, agroclimat\u00f3logo\u00a0y acad\u00e9mico del Centro de Investigaci\u00f3n y Transferencia en Riego y Agroclimatolog\u00eda\u00a0(CITRA).<\/a>\u00a0<\/p><p>\u00a0<\/p><p><b>BIOBIOCHILE.CL<\/b><\/p><\/div><div><p><a href=\"https:\/\/www.biobiochile.cl\/noticias\/nacional\/chile\/2024\/01\/20\/temperaturas-sobre-37-grados-ola-de-calor-mantiene-en-alerta-a-diez-regiones-del-pais.shtml\">Temperaturas sobre 37 grados: ola de calor mantiene en alerta a diez regiones del pa\u00eds. Se refiere Patricio Gonz\u00e1lez Colville, agroclimat\u00f3logo\u00a0y acad\u00e9mico del Centro de Investigaci\u00f3n y Transferencia en Riego y Agroclimatolog\u00eda\u00a0(CITRA).\u00a0<\/a><\/p><p>\u00a0<\/p><\/div><div><p><b>EL REPORTE DIARIO\u00a0<\/b>\u00a0<br aria-hidden=\"true\" \/><a href=\"https:\/\/reportediario.cl\/2024\/01\/20\/alerta-ola-de-calor-con-temperaturas-sobre-37-grados-afecta-a-diez-regiones-del-pais\/\">\u00a1Alerta! Ola de calor con temperaturas sobre 37 grados afecta a diez regiones del pa\u00eds. Se refiere Patricio Gonz\u00e1lez Colville, agroclimat\u00f3logo\u00a0y acad\u00e9mico del Centro de Investigaci\u00f3n y Transferencia en Riego y Agroclimatolog\u00eda\u00a0(CITRA).\u00a0<\/a><\/p><p>\u00a0<\/p><\/div><div><p><b>DIARIO EL D\u00cdA\u00a0<\/b>\u00a0<\/p><p><a href=\"https:\/\/www.diarioeldia.cl\/pais\/2024\/1\/20\/temperaturas-cercanas-los-40-grados-ola-de-calor-mantiene-en-alerta-10-regiones-del-pais-108569.html\">Temperaturas cercanas a los 40 grados: ola de calor mantiene en alerta a 10 regiones del pa\u00eds. Se refiere Patricio Gonz\u00e1lez Colville, agroclimat\u00f3logo\u00a0y acad\u00e9mico del Centro de Investigaci\u00f3n y Transferencia en Riego y Agroclimatolog\u00eda\u00a0(CITRA).\u00a0<\/a><\/p><p>\u00a0<\/p><\/div><div><p><b>PURA NOTICIA CHILE\u00a0<\/b>\u00a0<\/p><p><a href=\"https:\/\/puranoticia.pnt.cl\/nacional\/alerta-en-al-menos-10-regiones-del-pais-por-altas-temperaturas-podrian\">Alerta en al menos 10 regiones del pa\u00eds por altas temperaturas: Podr\u00edan superar los 37 grados en algunas zonas. Se refiere Patricio Gonz\u00e1lez Colville, agroclimat\u00f3logo\u00a0y acad\u00e9mico del Centro de Investigaci\u00f3n y Transferencia en Riego y Agroclimatolog\u00eda\u00a0(CITRA).\u00a0<\/a><\/p><p>\u00a0<\/p><\/div><div><p><b>ESTAPASANDO.CL\u00a0<\/b><b>\u00a0<br aria-hidden=\"true\" \/><\/b><a href=\"https:\/\/estapasando.cl\/recordemos-cuidar-nuestra-piel-de-los-rayos-uv\/\">Recordemos cuidar nuestra piel de los rayos UV. Se refiere Emily Rojo Mel\u00e9ndez, acad\u00e9mica de la Facultad de Ciencias de la Salud.\u00a0<\/a><a href=\"https:\/\/estapasando.cl\/recordemos-cuidar-nuestra-piel-de-los-rayos-uv\/\">\u00a0<\/a><b><br aria-hidden=\"true\" \/><\/b><\/p><p>\u00a0<\/p><p><strong style=\"font-size: 16px;\">LAS \u00daLTIMAS NOTICIAS\u00a0\u00a0<\/strong><\/p><\/div><div><p><a href=\"https:\/\/www.litoralpress.cl\/paginaconsultas\/Servicios_NClipSitioWeb\/Get_Imagen_Nota.aspx?LPKey=BAIW3AJTHH5CA2FBKLYP6VOH3BD3GAGLVVL562ZTWDNWCVWDLDSDFHLKUGNOE2ORQXPKWJZHN7Y2S\">\u00bfBusca panorama flash? Ac\u00e1 est\u00e1 la lista de las vendimias del pa\u00eds, de norte a sur. Se menciona la Universidad de Talca.<\/a><\/p><\/div><div><p>\u00a0<\/p><p><b>DIARIO TALCA<\/b>\u00a0<br aria-hidden=\"true\" \/><a href=\"https:\/\/www.litoralpress.cl\/paginaconsultas\/Servicios_NClipSitioWeb\/Get_Imagen_Nota.aspx?LPKey=BTHQGG6FV4VW6MFQNUS3OXPQ5FO6HL5YZ5A3KLAFTSR5IPLB4VC3UOZSC7OCWNNGCXW2Y2VCRZAPQ\">Buen\u00edsmo II. Se refiere Rodrigo Bien, acad\u00e9mico de la Facultas de Ciencias Jur\u00eddicas.\u00a0\u00a0<\/a><br aria-hidden=\"true\" \/><br \/><\/p><\/div><div><p><b>OVEJERO NOTICIAS\u00a0<\/b><b>\u00a0<\/b><\/p><p><a href=\"https:\/\/www.ovejeronoticias.cl\/2024\/01\/economistas-y-expertos-analizaron-en-la-camara-de-diputados-los-alcances-de-la-reforma-previsional\/\">Economistas y expertos analizaron en la C\u00e1mara de Diputados los alcances de la reforma previsional. Se refiere Andrea Betancort, acad\u00e9mica de la Facultad de Econom\u00eda y Negocios.\u00a0<\/a><\/p><p>\u00a0<\/p><\/div><div><p><b>RADIO INFINITA<\/b>\u00a0\u00a0<\/p><p><a href=\"https:\/\/www.litoralpress.cl\/sitio\/RadioTV_Detalles.cshtml?LPKey=XCMUJGFOVVNLLY6TXU2POTC7QPKVIVM2SNKZG5HVX3SXYXU3UP43J6FISRGNGMUUHW2MB2ZKDKZ6Y\">Comentario de pol\u00edtica de Mauricio Morales, director del Centro de An\u00e1lisis Pol\u00edtico.\u00a0<\/a><\/p><p>\u00a0<\/p><\/div><div><p><b>EL MERCURIO\u00a0<\/b><b>\u00a0<\/b><\/p><p><a href=\"https:\/\/www.litoralpress.cl\/paginaconsultas\/Servicios_NClipSitioWeb\/Get_Imagen_Nota.aspx?LPKey=TBV7NJKWPDVRKWTU3EMJ34PAF334VC5P5UPEIVNU25GNNHF5BCWYHIVE2CWB77NHZH562Y7HAFU2U\">El tambaleante escenario para el gabinete ministerial de cara a la segunda parte del Gobierno, marcada por las elecciones. Se refiere Mauricio Morales, director del Centro de An\u00e1lisis Pol\u00edtico.\u00a0<\/a><\/p><p><b>\u00a0<\/b><\/p><\/div><div><p><b>EMOL\u00a0<\/b>\u00a0<br aria-hidden=\"true\" \/><a href=\"https:\/\/www.emol.com\/noticias\/Nacional\/2024\/01\/20\/1119149\/oposicion-gobernacion-rm.html\">Ante repostulaci\u00f3n\u00a0de Orrego: Las incipientes opciones que se barajan en la oposici\u00f3n y los primeros roces en el sector. Se refiere Mauricio Morales, director del Centro de An\u00e1lisis Pol\u00edtico.\u00a0\u00a0<\/a><\/p><p>\u00a0<\/p><p><b>EMOL<\/b><b>\u00a0<\/b><\/p><p><a href=\"https:\/\/www.emol.com\/noticias\/Nacional\/2024\/01\/20\/1119230\/lobby-gobierno-analisis-expertos.html\">A casi un mes de su inicio: Las opciones del Gobierno para dar vuelta la p\u00e1gina en la trama Lobby seg\u00fan expertos. Se refiere Mario Herrera, acad\u00e9mico del Centro de An\u00e1lisis Pol\u00edtico.<\/a><\/p><p>\u00a0<\/p><\/div><div><p><b>LA TRIBUNA\u00a0<\/b>\u00a0<\/p><p><a href=\"https:\/\/www.litoralpress.cl\/paginaconsultas\/Servicios_NClipSitioWeb\/Get_Imagen_Nota.aspx?LPKey=56IDDQY7YJQKPLVZWBCA6NEURRTE4E2SI53OP2VCGPZV2NWW4TOB2A5CQITKP66SU332GFUA7GSU2\">El calentamiento global: Creer o no creer. Se menciona la Universidad de Talca.\u00a0<\/a><\/p><p>\u00a0<\/p><\/div><div><p><b>DFMAS.DF <\/b>\u00a0<br aria-hidden=\"true\" \/><a href=\"https:\/\/dfmas.df.cl\/capital\/cultura\/estilo-de-vida-ed\/la-fotografia-contemporanea-chilena-bajo-cinco-lentes\">La fotograf\u00eda contempor\u00e1nea chilena bajo cinco lentes. Se menciona la Universidad de Talca.\u00a0<\/a><\/p><p>\u00a0<\/p><\/div><div><b>DIARIO CONCEPCI\u00d3N<\/b>\u00a0<br aria-hidden=\"true\" \/><a href=\"https:\/\/www.litoralpress.cl\/paginaconsultas\/Servicios_NClipSitioWeb\/Get_Imagen_Nota.aspx?LPKey=IBVDYT7H6B36MDZMOA5OJSYF3UZL7ZMXT4FMCP2JTZDKZDCHSHJ3IKBHQ5LIXFV3FFKYPYLCQAGSC\">Campus Naturaleza UdeC\u00a0prepara pionero proyecto de conservaci\u00f3n de flora en Chile. Se menciona la Universidad de Talca.\u00a0<\/a>\u00a0<\/div><div class=\"x_elementToProof\">\u00a0<\/div>\t\t\t\t\t\t<\/div>\n\t\t\t\t<\/div>\n\t\t\t\t\t<\/div>\n\t\t<\/div>\n\t\t\t\t\t\t\t<\/div>\n\t\t<\/section>\n\t\t\t\t\t\t<\/div>\n\t\t\t\t\t<\/div>\n\t\t","protected":false},"excerpt":{"rendered":"<p>EL MOSTRADOR\u00a0\u00a0Universidad regional alcanza cifra r\u00e9cord de proyectos Fondecyt\u00a0Regulares adjudicados. Se refiere Roberto Jara Rojas, director de Investigaci\u00f3n.\u00a0 \u00a0 DIARIOS EN RED Universidad de Talca alcanza cifra r\u00e9cord de proyectos Fondecyt\u00a0Regulares adjudicados. Se refiere Roberto Jara Rojas, director de Investigaci\u00f3n.\u00a0 \u00a0 RED AYS\u00c9N\u00a0\u00a0Universidad de Talca alcanza cifra r\u00e9cord de proyectos Fondecyt\u00a0Regulares adjudicados. Se refiere Roberto &hellip;<\/p>\n<p class=\"read-more\"> <a class=\"\" href=\"https:\/\/www.reportedeprensa.utalca.cl\/?p=9078\"> <span class=\"screen-reader-text\">22 de enero de 2024<\/span> Read More &raquo;<\/a><\/p>\n","protected":false},"author":1,"featured_media":0,"comment_status":"closed","ping_status":"open","sticky":false,"template":"","format":"standard","meta":{"_monsterinsights_skip_tracking":false,"_monsterinsights_sitenote_active":false,"_monsterinsights_sitenote_note":"","_monsterinsights_sitenote_category":0},"categories":[44],"tags":[],"_links":{"self":[{"href":"https:\/\/www.reportedeprensa.utalca.cl\/index.php?rest_route=\/wp\/v2\/posts\/9078"}],"collection":[{"href":"https:\/\/www.reportedeprensa.utalca.cl\/index.php?rest_route=\/wp\/v2\/posts"}],"about":[{"href":"https:\/\/www.reportedeprensa.utalca.cl\/index.php?rest_route=\/wp\/v2\/types\/post"}],"author":[{"embeddable":true,"href":"https:\/\/www.reportedeprensa.utalca.cl\/index.php?rest_route=\/wp\/v2\/users\/1"}],"replies":[{"embeddable":true,"href":"https:\/\/www.reportedeprensa.utalca.cl\/index.php?rest_route=%2Fwp%2Fv2%2Fcomments&post=9078"}],"version-history":[{"count":4,"href":"https:\/\/www.reportedeprensa.utalca.cl\/index.php?rest_route=\/wp\/v2\/posts\/9078\/revisions"}],"predecessor-version":[{"id":9085,"href":"https:\/\/www.reportedeprensa.utalca.cl\/index.php?rest_route=\/wp\/v2\/posts\/9078\/revisions\/9085"}],"wp:attachment":[{"href":"https:\/\/www.reportedeprensa.utalca.cl\/index.php?rest_route=%2Fwp%2Fv2%2Fmedia&parent=9078"}],"wp:term":[{"taxonomy":"category","embeddable":true,"href":"https:\/\/www.reportedeprensa.utalca.cl\/index.php?rest_route=%2Fwp%2Fv2%2Fcategories&post=9078"},{"taxonomy":"post_tag","embeddable":true,"href":"https:\/\/www.reportedeprensa.utalca.cl\/index.php?rest_route=%2Fwp%2Fv2%2Ftags&post=9078"}],"curies":[{"name":"wp","href":"https:\/\/api.w.org\/{rel}","templated":true}]}}