{"id":9089,"date":"2024-01-23T12:15:46","date_gmt":"2024-01-23T15:15:46","guid":{"rendered":"https:\/\/www.reportedeprensa.utalca.cl\/?p=9089"},"modified":"2024-01-23T15:20:26","modified_gmt":"2024-01-23T18:20:26","slug":"23-de-enero-de-2024","status":"publish","type":"post","link":"https:\/\/www.reportedeprensa.utalca.cl\/?p=9089","title":{"rendered":"23 de enero de 2024"},"content":{"rendered":"\t\t<div data-elementor-type=\"wp-post\" data-elementor-id=\"9089\" class=\"elementor elementor-9089\" data-elementor-settings=\"[]\">\n\t\t\t\t\t\t\t<div class=\"elementor-section-wrap\">\n\t\t\t\t\t\t\t<section class=\"elementor-section elementor-top-section elementor-element elementor-element-bcea1a8 elementor-section-boxed elementor-section-height-default elementor-section-height-default\" data-id=\"bcea1a8\" data-element_type=\"section\">\n\t\t\t\t\t\t<div class=\"elementor-container elementor-column-gap-default\">\n\t\t\t\t\t<div class=\"elementor-column elementor-col-100 elementor-top-column elementor-element elementor-element-e7183bf\" data-id=\"e7183bf\" data-element_type=\"column\">\n\t\t\t<div class=\"elementor-widget-wrap elementor-element-populated\">\n\t\t\t\t\t\t\t\t<div class=\"elementor-element elementor-element-5ffbb87 elementor-widget elementor-widget-text-editor\" data-id=\"5ffbb87\" data-element_type=\"widget\" data-widget_type=\"text-editor.default\">\n\t\t\t\t<div class=\"elementor-widget-container\">\n\t\t\t\t\t\t\t\t<div><p><b>TVN RED MAULE<\/b><b>\u00a0<br aria-hidden=\"true\" \/><\/b><a href=\"https:\/\/www.litoralpress.cl\/sitio\/RadioTV_Detalles.cshtml?LPKey=XQWHBKSXUNMVPFYCXDFIPFPRHJY6KDUORFYYCN7QX6DQIJB6KTY3NFI75DE2B56REWKFYK7DCPVA4\">La Universidad de Talca obtuvo 28 proyectos Fondecyt. Se menciona la Universidad de Talca.<\/a><a href=\"https:\/\/www.litoralpress.cl\/sitio\/RadioTV_Detalles.cshtml?LPKey=XQWHBKSXUNMVPFYCXDFIPFPRHJY6KDUORFYYCN7QX6DQIJB6KTY3NFI75DE2B56REWKFYK7DCPVA4\">\u00a0<\/a><b><br aria-hidden=\"true\" \/><\/b><b><a id=\"OWAecd61929-64d8-d391-46fa-f3f46a748154\" class=\"x_x_Hyperlink x_x_SCXW95142868 x_x_BCX0 x_x_OWAAutoLink\" href=\"https:\/\/www.litoralpress.cl\/sitio\/RadioTV_Detalles.cshtml?LPKey=XQWHBKSXUNMVPFYCXDFIPFPRHJY6KDUORFYYCN7QX6DQIJB6KTY3NFI75DE2B56REWKFYK7DCPVA4\" target=\"_blank\" rel=\"noopener noreferrer\" data-auth=\"NotApplicable\" data-loopstyle=\"linkonly\" data-linkindex=\"0\"><\/a><\/b><b>\u00a0\u00a0<\/b><\/p><\/div><div><p><b>LA PRENSA DE CURIC\u00d3<\/b><b>\u00a0<br aria-hidden=\"true\" \/><\/b><a href=\"https:\/\/www.litoralpress.cl\/paginaconsultas\/Servicios_NClipSitioWeb\/Get_Imagen_Nota.aspx?LPKey=7MYOFIYIWRLYJX7YCEURNCFNTQTDSU4BSLF63RO5AHPXUKUB53LYU3LTDOJPXPLB5U5JOJ7EI4RBG\">UTalca renov\u00f3 certificaci\u00f3n por una cultura energ\u00e9tica sustentable. Se refiere Luis Urra Monsalve, vicerrector de Gesti\u00f3n Econ\u00f3mica y Administraci\u00f3n.<\/a><a href=\"https:\/\/www.litoralpress.cl\/paginaconsultas\/Servicios_NClipSitioWeb\/Get_Imagen_Nota.aspx?LPKey=7MYOFIYIWRLYJX7YCEURNCFNTQTDSU4BSLF63RO5AHPXUKUB53LYU3LTDOJPXPLB5U5JOJ7EI4RBG\">\u00a0<\/a><b><br aria-hidden=\"true\" \/><\/b><\/p><\/div><div><p>\u00a0<\/p><p><b>DIARIO EL\u00a0HERALDO<\/b>\u00a0<br aria-hidden=\"true\" \/><a href=\"https:\/\/www.diarioelheraldo.cl\/noticia\/utalca-renovo-certificacion-que-aporta-a-una-cultura-energetica-sustentable\">UTalca renov\u00f3 certificaci\u00f3n que aporta a una cultura energ\u00e9tica sustentable. Se refiere Luis Urra Monsalve, vicerrector de Gesti\u00f3n Econ\u00f3mica y Administraci\u00f3n.\u00a0<\/a><\/p><p>\u00a0<\/p><p><b>PUBLIMICRO<\/b>\u00a0<\/p><p><a href=\"https:\/\/publimicro.cl\/utalca-renovo-certificacion-que-aporta-a-una-cultura-energetica-sustentable\/\">UTalca renov\u00f3 certificaci\u00f3n por una cultura energ\u00e9tica sustentable. Se refiere Luis Urra Monsalve, vicerrector de Gesti\u00f3n Econ\u00f3mica y Administraci\u00f3n.\u00a0<\/a><\/p><\/div><div><p>\u00a0<\/p><p><b>LA DISCUSI\u00d3N (PORTADA)<\/b><b>\u00a0<br aria-hidden=\"true\" \/><\/b><a href=\"https:\/\/www.litoralpress.cl\/paginaconsultas\/Servicios_NClipSitioWeb\/Get_Imagen_Nota.aspx?LPKey=NXBW64JDL2K6WMMASUI3VLNJUOAWOJI6EO7LWA2PG5ZEHYC3ZYJWJ4GVXWJMEGKBKPVUYBNSEVLVY\">Estudio revela ca\u00edda de 38,9% en la construcci\u00f3n de viviendas sociales en \u00d1uble.\u00a0Se refiere Armando Dur\u00e1n Bustamante, acad\u00e9mico de la Facultad de Ingenier\u00eda.<\/a><a href=\"https:\/\/www.litoralpress.cl\/paginaconsultas\/Servicios_NClipSitioWeb\/Get_Imagen_Nota.aspx?LPKey=NXBW64JDL2K6WMMASUI3VLNJUOAWOJI6EO7LWA2PG5ZEHYC3ZYJWJ4GVXWJMEGKBKPVUYBNSEVLVY\">\u00a0<\/a><b><br aria-hidden=\"true\" \/><\/b><\/p><\/div><div><p>\u00a0<\/p><p><b>EL DIVISADERO (PORTADA)<\/b>\u00a0<br aria-hidden=\"true\" \/><a href=\"https:\/\/www.litoralpress.cl\/paginaconsultas\/Servicios_NClipSitioWeb\/Get_Imagen_Nota.aspx?LPKey=RONK327QX7ISGWNPB4TFWL2UG6F3EPODX47Q2GIUYS47EYDTVYXTGEPCEHTIYMQKYJQ43ENFZBWO4\">Estudio de la UTalca: En 2025 habr\u00eda un d\u00e9ficit de 750 mil viviendas sociales. Se refiere Armando Dur\u00e1n Bustamante, acad\u00e9mico de la Facultad de Ingenier\u00eda.<\/a>\u00a0<\/p><\/div><div><p>\u00a0<\/p><p><b>RADIO ADN<\/b><b>\u00a0<\/b><\/p><p><a href=\"https:\/\/www.litoralpress.cl\/sitio\/RadioTV_Detalles.cshtml?LPKey=ZVOB6WM4P7OLVHYYNM6GE7E4A7GEVFM7WBEMWQC3RNVZNRM4VEABI5KXZ362ZTCQFO3KPVUDVQWZY\">Estudio de la UTalca: En 2025 habr\u00eda un d\u00e9ficit de 750 mil viviendas sociales en Chile. Entrevista a Armando Dur\u00e1n, acad\u00e9mico de la Facultad de Ingenier\u00eda.\u00a0<\/a><\/p><\/div><div><p>\u00a0<\/p><p><b>CR\u00d3NICA DIGITAL<\/b>\u00a0<br aria-hidden=\"true\" \/><a href=\"https:\/\/www.cronicadigital.cl\/2024\/01\/22\/estudio-de-la-utalca-en-2025-habria-un-deficit-de-750-mil-viviendas-sociales-en-chile\/\">Estudio de la UTalca: En 2025 habr\u00eda un d\u00e9ficit de 750 mil viviendas sociales en Chile.\u00a0Se refiere Armando Dur\u00e1n Bustamante, acad\u00e9mico de la Facultad de Ingenier\u00eda.\u00a0<\/a><br aria-hidden=\"true\" \/><a id=\"OWA115de460-96f0-1601-71fa-8caf385d934e\" class=\"x_x_Hyperlink x_x_SCXW95142868 x_x_BCX0 x_x_OWAAutoLink\" href=\"https:\/\/www.cronicadigital.cl\/2024\/01\/22\/estudio-de-la-utalca-en-2025-habria-un-deficit-de-750-mil-viviendas-sociales-en-chile\/\" target=\"_blank\" rel=\"noopener noreferrer\" data-auth=\"NotApplicable\" data-loopstyle=\"linkonly\" data-linkindex=\"7\"><\/a>\u00a0<\/p><\/div><div><p><b>ARAUCAN\u00cdA DIARIO<\/b>\u00a0<br aria-hidden=\"true\" \/><a href=\"https:\/\/araucaniadiario.cl\/contenido\/22950\/en-2025-habria-un-deficit-de-750-mil-viviendas-sociales\">En 2025 habr\u00eda un d\u00e9ficit de 750 mil viviendas sociales.\u00a0Se refiere Armando Dur\u00e1n Bustamante, acad\u00e9mico de la Facultad de Ingenier\u00eda.\u00a0<\/a><\/p><\/div><div><p>\u00a0<\/p><p><b>PORTAL INNOVA<\/b>\u00a0<br aria-hidden=\"true\" \/><a href=\"https:\/\/portalinnova.cl\/estudio-de-la-utalca-en-2025-habria-un-deficit-de-750-mil-viviendas-sociales\/\">Estudio de la UTalca: En 2025 habr\u00eda un d\u00e9ficit de 750 mil viviendas sociales.\u00a0Se refiere Armando Dur\u00e1n Bustamante, acad\u00e9mico de la Facultad de Ingenier\u00eda.\u00a0<\/a><\/p><\/div><div><p>\u00a0<\/p><p><b>DIARIO CHA\u00d1ARCILLO<\/b><b>\u00a0<\/b><\/p><p><a href=\"https:\/\/www.litoralpress.cl\/paginaconsultas\/Servicios_NClipSitioWeb\/Get_Imagen_Nota.aspx?LPKey=J4VDNIQDA6K4RBBCV7FJIPG4LF2YVUX5H4ICA2DJXZHHRIJ3YU22VWYB7GCYG6CZ25KROHNE24COC\">En 2025 habr\u00eda un d\u00e9ficit de 750 mil viviendas sociales. Se refiere Armando Dur\u00e1n Bustamante, acad\u00e9mico de la Facultad de Ingenier\u00eda.\u00a0<\/a><b><br aria-hidden=\"true\" \/><\/b><\/p><\/div><div>\u00a0<\/div><div><p><b>EL DIVISADERO<\/b>\u00a0<br aria-hidden=\"true\" \/><a href=\"https:\/\/www.litoralpress.cl\/paginaconsultas\/Servicios_NClipSitioWeb\/Get_Imagen_Nota.aspx?LPKey=V2YAVRTVC65QFZD4TCLUEPC7ABLMVU2LV6SK5NHXCO3IJ7JZ4HFEOSKVVRAXD56PPUSV2DVZBJKFA\">Estudio de la UTalca: En 2025 habr\u00eda un d\u00e9ficit de 750 mil viviendas sociales. Se refiere Armando Dur\u00e1n Bustamante, acad\u00e9mico de la Facultad de Ingenier\u00eda.\u00a0<\/a><\/p><\/div><div><p>\u00a0<\/p><p><b>LA DISCUSI\u00d3N<\/b>\u00a0<br aria-hidden=\"true\" \/><a href=\"https:\/\/www.litoralpress.cl\/paginaconsultas\/Servicios_NClipSitioWeb\/Get_Imagen_Nota.aspx?LPKey=X5WMSXOS6CO2RZZEXZFZZ5TGRK2KZBVH6IE43CXNXWBBQ6WO633QGZTPOLRG7KPDSRAU5EFDGT3HQ\">Construcci\u00f3n de viviendas sociales en \u00d1uble cay\u00f3 38,9% en 2023.\u00a0Se refiere Armando Dur\u00e1n Bustamante, acad\u00e9mico de la Facultad de Ingenier\u00eda.\u00a0<\/a><\/p><\/div><div><p>\u00a0<\/p><p><b>LA IZQUIERDA DIARIO<\/b>\u00a0<br aria-hidden=\"true\" \/><a href=\"https:\/\/laizquierdadiario.cl\/Un-informe-de-la-Universidad-de-Talca-pronostica-que-para-el-ano-2025-existira-un-deficit-de-750\">Crisis habitacional. Un informe de la Universidad de Talca pronostica que para el a\u00f1o 2025 existir\u00e1 un d\u00e9ficit de 750 mil viviendas sociales.\u00a0Se refiere Armando Dur\u00e1n Bustamante, acad\u00e9mico de la Facultad de Ingenier\u00eda.\u00a0<\/a><\/p><\/div><div><p>\u00a0<\/p><p><b>TV MAULE<\/b>\u00a0<br aria-hidden=\"true\" \/><a href=\"https:\/\/www.tvmaule.cl\/en-2025-habria-un-deficit-de-750-mil-viviendas-sociales\/\">En 2025 habr\u00eda un d\u00e9ficit de 750 mil viviendas sociales.\u00a0Se refiere Armando Dur\u00e1n Bustamante, acad\u00e9mico de la Facultad de Ingenier\u00eda.\u00a0<\/a><\/p><\/div><div><p>\u00a0<\/p><p><b>LA DICUSI\u00d3N.CL<\/b>\u00a0<br aria-hidden=\"true\" \/><a href=\"https:\/\/www.ladiscusion.cl\/construccion-de-viviendas-sociales-en-nuble-cayo-389-en-2023\/\">Construcci\u00f3n de viviendas sociales en \u00d1uble cay\u00f3 38,9% en 2023. Se refiere Armando Dur\u00e1n Bustamante, acad\u00e9mico de la Facultad de Ingenier\u00eda.\u00a0<\/a><\/p><\/div><div><p>\u00a0<\/p><p><b>TIEMPO 21 ARAUCAN\u00cdA<\/b>\u00a0<br aria-hidden=\"true\" \/><a href=\"https:\/\/www.tiempo21.cl\/estudio-utalca-en-2025-habria-un-deficit-de-750-mil-viviendas-sociales\/\">Estudio de la UTalca: En 2025 habr\u00eda un d\u00e9ficit de 750 mil viviendas sociales.\u00a0Se refiere Armando Dur\u00e1n Bustamante, acad\u00e9mico de la Facultad de Ingenier\u00eda.\u00a0<\/a><\/p><\/div><div><p>\u00a0<\/p><p><b>FREAKPOLIS<\/b>\u00a0<br aria-hidden=\"true\" \/><a href=\"https:\/\/freakopolis.cl\/estudio-de-la-u-de-talca-en-2025-habria-deficit-de-750-mil-viviendas-sociales\/\">Estudio de la U.\u00a0de Talca: en 2025 habr\u00eda d\u00e9ficit de 750 mil viviendas sociales. Se refiere Armando Dur\u00e1n Bustamante, acad\u00e9mico de la Facultad de Ingenier\u00eda.\u00a0<\/a><\/p><\/div><div><p>\u00a0<\/p><p><b>HORA 12<\/b>\u00a0<br aria-hidden=\"true\" \/><a href=\"https:\/\/hora12.cl\/2024\/01\/22\/estudio-de-la-u-de-talca-basado-en-datos-del-minvu-en-2025-habria-un-deficit-de-750-mil-viviendas-sociales-en-el-pais\/\">Estudio de la U. de Talca, basado en datos del MINVU: En 2025 habr\u00eda un d\u00e9ficit de 750 mil viviendas sociales en el pa\u00eds.\u00a0Se refiere Armando Dur\u00e1n Bustamante, acad\u00e9mico de la Facultad de Ingenier\u00eda.\u00a0<\/a><\/p><\/div><div><p>\u00a0<\/p><p><b>EMB CONSTRUCCI\u00d3N<\/b>\u00a0<br aria-hidden=\"true\" \/><a href=\"https:\/\/www.emb.cl\/construccion\/noticia.mvc?nid=20240122w4&amp;ni=estudio-indica-que-en-2025-habria-un-deficit-de-750-mil-viviendas-sociales\">Estudio indica que en 2025 habr\u00eda un d\u00e9ficit de 750 mil viviendas sociales<b>.\u00a0<\/b>Se refiere Armando Dur\u00e1n Bustamante, acad\u00e9mico de la Facultad de Ingenier\u00eda.\u00a0<\/a><\/p><\/div><div><p>\u00a0<\/p><p><b>RADIO 45<\/b>\u00a0<br aria-hidden=\"true\" \/><a href=\"https:\/\/radio45sur.cl\/2024\/01\/22\/seremi-minvu-aysen-paulina-ruz-aclara-cifras-desactualizadas-utilizadas-por-estudio-de-universidad-de-talca-en-2023-entregamos-mas-de-400-viviendas\/\">Seremi MINVU Ays\u00e9n Paulina Ruz aclara cifras desactualizadas utilizadas por estudio de Universidad de Talca: \u00abEn 2023 entregamos m\u00e1s de 400 viviendas\u00bb. Se menciona la Universidad de Talca.\u00a0\u00a0<\/a><\/p><\/div><div><p>\u00a0<\/p><p><b>EL DIVISADERO<\/b>\u00a0<br aria-hidden=\"true\" \/><a href=\"https:\/\/www.eldivisadero.cl\/_noticia\/Seremi-de-Vivienda-desmiente-estudio-sobre-d%C3%A9ficit-habitacional-Las-cifras-no-se-condicen-con-nuestra-realidad\/NzMyNDU=\">Seremi de Vivienda desmiente estudio sobre d\u00e9ficit habitacional: &#8220;Las cifras no se condicen con nuestra realidad&#8221;. Se menciona la Universidad de Talca.\u00a0<\/a><\/p><\/div><div><p>\u00a0<\/p><p><b>RADIO REVELACI\u00d3N FM<\/b>\u00a0<br aria-hidden=\"true\" \/><a href=\"https:\/\/radiorevelacionfm.cl\/?p=39058\">Seremi Paulina Ruz: \u201cen 2023 entregamos m\u00e1s de 400 viviendas e iniciamos la construcci\u00f3n de otras 250 en diferentes comunas de la regi\u00f3n\u201d. Se menciona la Universidad de Talca.\u00a0\u00a0<\/a><\/p><\/div><div><p>\u00a0<\/p><p><b>CANAL SUR PATAGONIA<\/b>\u00a0<br aria-hidden=\"true\" \/><a href=\"https:\/\/www.canalsurpatagonia.cl\/seremi-paulina-ruz-en-2023-entregamos-mas-de-400-viviendas-e-iniciamos-la-construccion-de-otras-250-en-diferentes-comunas-de-la-region\/\">Seremi Paulina Ruz: \u201cEn 2023 entregamos m\u00e1s de 400 viviendas e iniciamos la construcci\u00f3n de otras 250 en diferentes comunas de la regi\u00f3n\u201d. Se menciona la Universidad de Talca.\u00a0\u00a0<\/a><\/p><p>\u00a0<\/p><p><b>LA DISCUSI\u00d3N<\/b>\u00a0<\/p><\/div><div><p><a href=\"https:\/\/www.litoralpress.cl\/paginaconsultas\/Servicios_NClipSitioWeb\/Get_Imagen_Nota.aspx?LPKey=PNONQXEE4RT4HLIWVJ6F2WPQJLXF7ZKUY6WZFCNHCPGK3P3BX4XBCDUGMPQOYUXKD47BTOHBMC5OY\">Frases de hoy.\u00a0Se refiere Armando Dur\u00e1n Bustamante, acad\u00e9mico de la Facultad de Ingenier\u00eda.\u00a0<\/a><\/p><\/div><div><p>\u00a0<\/p><p><b>MEDIABANCO<\/b>\u00a0<br aria-hidden=\"true\" \/><a href=\"https:\/\/www.mediabanco.com\/chatgpt-que-nos-ha-ensenado-y-cual-es-su-potencial-en-educacion\/\">ChatGPT: \u00bfQu\u00e9 nos ha ense\u00f1ado y cu\u00e1l es su potencial en educaci\u00f3n? Se refiere C\u00e9sar Astudillo Hern\u00e1ndez, acad\u00e9mico de la Facultad de Ingenier\u00eda.\u00a0<\/a><\/p><\/div><div><p>\u00a0<\/p><p><b>AD PRENSA<\/b>\u00a0<br aria-hidden=\"true\" \/><a href=\"https:\/\/www.adprensa.cl\/actividades-academicas\/chatgpt-que-nos-ha-ensenado-y-cual-es-su-potencial-en-educacion\/\">ChatGPT: \u00bfQu\u00e9 nos ha ense\u00f1ado y cu\u00e1l es su potencial en educaci\u00f3n? Se refiere C\u00e9sar Astudillo Hern\u00e1ndez, acad\u00e9mico de la Facultad de Ingenier\u00eda.\u00a0<\/a><\/p><\/div><div><p>\u00a0<\/p><p><b>G5 NOTICIAS<\/b><b>\u00a0<br aria-hidden=\"true\" \/><\/b><a href=\"https:\/\/g5noticias.cl\/2024\/01\/22\/chatgpt-que-nos-ha-ensenado-y-cual-es-su-potencial-en-educacion\/\">ChatGPT: \u00bfQu\u00e9 nos ha ense\u00f1ado y cu\u00e1l es su potencial en educaci\u00f3n? Se refiere C\u00e9sar Astudillo Hern\u00e1ndez, acad\u00e9mico de la Facultad de Ingenier\u00eda.<\/a><a href=\"https:\/\/g5noticias.cl\/2024\/01\/22\/chatgpt-que-nos-ha-ensenado-y-cual-es-su-potencial-en-educacion\/\">\u00a0<\/a><b><br aria-hidden=\"true\" \/><\/b><\/p><\/div><div><p>\u00a0<\/p><p><b>REVISTA ECOCIENCIAS<\/b>\u00a0<br aria-hidden=\"true\" \/><a href=\"https:\/\/revistaecociencias.cl\/2024\/01\/22\/chatgpt-que-nos-ha-ensenado-y-cual-es-su-potencial-en-educacion\/\">ChatGPT: \u00bfQu\u00e9 nos ha ense\u00f1ado y cu\u00e1l es su potencial en educaci\u00f3n? Se refiere C\u00e9sar Astudillo Hern\u00e1ndez, acad\u00e9mico de la Facultad de Ingenier\u00eda.\u00a0<\/a><\/p><\/div><div><p>\u00a0<\/p><p><b>REVISTA ECOCIENCIAS<\/b>\u00a0<br aria-hidden=\"true\" \/><a href=\"https:\/\/revistaecociencias.cl\/2024\/01\/22\/expertos-plantearon-la-necesidad-de-regular-la-inteligencia-artificial\/\">Expertos plantearon la necesidad de regular la Inteligencia Artificial. Se refiere C\u00e9sar Astudillo Hern\u00e1ndez, acad\u00e9mico de la Facultad de Ingenier\u00eda.\u00a0<\/a><\/p><\/div><div><p>\u00a0<\/p><p><b>VITRINA DEPORTIVA<\/b>\u00a0<br aria-hidden=\"true\" \/><a href=\"https:\/\/vitrinadeportiva.cl\/expertos-plantearon-la-necesidad-de-regular-la-inteligencia-artificial\/\">Expertos plantearon la necesidad de regular la Inteligencia Artificial. Se refiere C\u00e9sar Astudillo Hern\u00e1ndez, acad\u00e9mico de la Facultad de Ingenier\u00eda.\u00a0<\/a><\/p><p>\u00a0<\/p><p><b>DIARIO EL D\u00cdA\u00a0<\/b><b>\u00a0<\/b><\/p><p><a href=\"https:\/\/www.diarioeldia.cl\/pais\/2024\/1\/20\/temperaturas-cercanas-los-40-grados-ola-de-calor-mantiene-en-alerta-10-regiones-del-pais-108569.html\">Temperaturas cercanas a los 40 grados: ola de calor mantiene en alerta a 10 regiones del pa\u00eds. Se refiere Patricio Gonz\u00e1lez Colville, agroclimat\u00f3logo\u00a0y acad\u00e9mico del Centro de Investigaci\u00f3n y Transferencia en Riego y Agroclimatolog\u00eda\u00a0(CITRA).\u00a0<\/a><\/p><\/div><div><p>\u00a0<\/p><p><b>DIARIO LA TRIBUNA<\/b>\u00a0<br aria-hidden=\"true\" \/><a href=\"https:\/\/www.latribuna.cl\/opinion\/2024\/01\/22\/el-calentamiento-global-creer-o-no-creer.html\">El calentamiento global: creer o no creer.\u00a0Se menciona Universidad de Talca.\u00a0<\/a><\/p><\/div><div><p>\u00a0<\/p><p><b>CAMPO SURE\u00d1O<\/b>\u00a0<br aria-hidden=\"true\" \/><a href=\"https:\/\/www.litoralpress.cl\/paginaconsultas\/Servicios_NClipSitioWeb\/Get_Imagen_Nota.aspx?LPKey=T3SCALWPPIWXSGQTAYDHD2V6XRM3TLQY23AAZC5H7C2FEU7VK5K2ABNUXMOJOHFSH6BXKWAJPSFD4\">Decanos de Agronom\u00eda del CRUCh\u00a0analizaron futuro de la formaci\u00f3n de Ingenieras e Ingenieros Agr\u00f3nomos. Se menciona la Universidad de Talca.\u00a0<\/a><\/p><\/div><div><p>\u00a0<\/p><p><b>LA SEGUNDA<\/b><b>\u00a0<\/b><\/p><p><a href=\"https:\/\/www.litoralpress.cl\/paginaconsultas\/Servicios_NClipSitioWeb\/Get_Imagen_Nota.aspx?LPKey=UBUZYNOCS2BFBIFR3VU7SD5M4OYAQDGKQE4DQTZSMXOBF35JTO7U65G5URWUJQBW7OXFW4GBI6LDE\">\u201cFatiga estructural\u201d: Toh\u00e1 pas\u00f3 de la mejor a la peor evaluada del gabinete. Se refiere Mauricio Morales, director del Centro de An\u00e1lisis Pol\u00edtico (CAP).\u00a0<\/a><\/p><p><b>\u00a0<\/b><\/p><\/div><div><p><b>MEGANOTICIAS.CL<\/b>\u00a0<\/p><p><a href=\"https:\/\/www.meganoticias.cl\/nacional\/436987-mauricio-morales-cadem-cambio-de-gabinete-ministros-carolina-toha-camila-vallejos-antonia-orellana-manuel-monsalve-21-01-2024.html\">Columna de Mauricio Morales,\u00a0director del Centro de An\u00e1lisis Pol\u00edtico (CAP).\u00a0<\/a><\/p><div>\u00a0<\/div><\/div><div><p><b>RADIO INFINITA<\/b>\u00a0<\/p><p><a href=\"https:\/\/www.litoralpress.cl\/sitio\/RadioTV_Detalles.cshtml?LPKey=G2TRGM6QI4PVN42FE6DJIWSCNTOSQOHKU7RQSKWI27Z26MNCP3C6G3VZ3ADLSANRKVJZYNOXOQN4A\">Comentario de pol\u00edtica de Mauricio Morales, director del Centro de An\u00e1lisis Pol\u00edtico (CAP).\u00a0<\/a><\/p><div>\u00a0<\/div><\/div><div><p><b>EMOL<\/b><b>\u00a0<\/b><\/p><p><a href=\"https:\/\/www.emol.com\/noticias\/Nacional\/2024\/01\/20\/1119230\/lobby-gobierno-analisis-expertos.html\">A casi un mes de su inicio: Las opciones del Gobierno para dar vuelta la p\u00e1gina en la trama Lobby seg\u00fan expertos. Se refiere Mario Herrera, acad\u00e9mico del Centro de An\u00e1lisis Pol\u00edtico.<\/a><\/p><\/div><div>\u00a0<\/div><div><b>LAS \u00daLTIMAS NOTICIAS\u00a0<\/b><b>\u00a0<\/b><\/div><div class=\"x_elementToProof\"><a href=\"https:\/\/www.litoralpress.cl\/paginaconsultas\/Servicios_NClipSitioWeb\/Get_Imagen_Nota.aspx?LPKey=BAIW3AJTHH5CA2FBKLYP6VOH3BD3GAGLVVL562ZTWDNWCVWDLDSDFHLKUGNOE2ORQXPKWJZHN7Y2S\">\u00bfBusca panorama flash? Ac\u00e1 est\u00e1 la lista de las vendimias del pa\u00eds, de norte a sur. Se menciona la Universidad de Talca.\u00a0<\/a><\/div><div id=\"x_Signature\">\u00a0<\/div>\t\t\t\t\t\t<\/div>\n\t\t\t\t<\/div>\n\t\t\t\t\t<\/div>\n\t\t<\/div>\n\t\t\t\t\t\t\t<\/div>\n\t\t<\/section>\n\t\t\t\t\t\t<\/div>\n\t\t\t\t\t<\/div>\n\t\t","protected":false},"excerpt":{"rendered":"<p>TVN RED MAULE\u00a0La Universidad de Talca obtuvo 28 proyectos Fondecyt. Se menciona la Universidad de Talca.\u00a0\u00a0\u00a0 LA PRENSA DE CURIC\u00d3\u00a0UTalca renov\u00f3 certificaci\u00f3n por una cultura energ\u00e9tica sustentable. Se refiere Luis Urra Monsalve, vicerrector de Gesti\u00f3n Econ\u00f3mica y Administraci\u00f3n.\u00a0 \u00a0 DIARIO EL\u00a0HERALDO\u00a0UTalca renov\u00f3 certificaci\u00f3n que aporta a una cultura energ\u00e9tica sustentable. Se refiere Luis Urra Monsalve, &hellip;<\/p>\n<p class=\"read-more\"> <a class=\"\" href=\"https:\/\/www.reportedeprensa.utalca.cl\/?p=9089\"> <span class=\"screen-reader-text\">23 de enero de 2024<\/span> Read More &raquo;<\/a><\/p>\n","protected":false},"author":1,"featured_media":0,"comment_status":"closed","ping_status":"open","sticky":false,"template":"","format":"standard","meta":{"_monsterinsights_skip_tracking":false,"_monsterinsights_sitenote_active":false,"_monsterinsights_sitenote_note":"","_monsterinsights_sitenote_category":0},"categories":[44],"tags":[],"_links":{"self":[{"href":"https:\/\/www.reportedeprensa.utalca.cl\/index.php?rest_route=\/wp\/v2\/posts\/9089"}],"collection":[{"href":"https:\/\/www.reportedeprensa.utalca.cl\/index.php?rest_route=\/wp\/v2\/posts"}],"about":[{"href":"https:\/\/www.reportedeprensa.utalca.cl\/index.php?rest_route=\/wp\/v2\/types\/post"}],"author":[{"embeddable":true,"href":"https:\/\/www.reportedeprensa.utalca.cl\/index.php?rest_route=\/wp\/v2\/users\/1"}],"replies":[{"embeddable":true,"href":"https:\/\/www.reportedeprensa.utalca.cl\/index.php?rest_route=%2Fwp%2Fv2%2Fcomments&post=9089"}],"version-history":[{"count":10,"href":"https:\/\/www.reportedeprensa.utalca.cl\/index.php?rest_route=\/wp\/v2\/posts\/9089\/revisions"}],"predecessor-version":[{"id":9108,"href":"https:\/\/www.reportedeprensa.utalca.cl\/index.php?rest_route=\/wp\/v2\/posts\/9089\/revisions\/9108"}],"wp:attachment":[{"href":"https:\/\/www.reportedeprensa.utalca.cl\/index.php?rest_route=%2Fwp%2Fv2%2Fmedia&parent=9089"}],"wp:term":[{"taxonomy":"category","embeddable":true,"href":"https:\/\/www.reportedeprensa.utalca.cl\/index.php?rest_route=%2Fwp%2Fv2%2Fcategories&post=9089"},{"taxonomy":"post_tag","embeddable":true,"href":"https:\/\/www.reportedeprensa.utalca.cl\/index.php?rest_route=%2Fwp%2Fv2%2Ftags&post=9089"}],"curies":[{"name":"wp","href":"https:\/\/api.w.org\/{rel}","templated":true}]}}