{"id":9112,"date":"2024-01-24T13:01:22","date_gmt":"2024-01-24T16:01:22","guid":{"rendered":"https:\/\/www.reportedeprensa.utalca.cl\/?p=9112"},"modified":"2024-01-24T13:08:56","modified_gmt":"2024-01-24T16:08:56","slug":"24-de-enero-de-2024","status":"publish","type":"post","link":"https:\/\/www.reportedeprensa.utalca.cl\/?p=9112","title":{"rendered":"24 de enero de 2024"},"content":{"rendered":"\t\t<div data-elementor-type=\"wp-post\" data-elementor-id=\"9112\" class=\"elementor elementor-9112\" data-elementor-settings=\"[]\">\n\t\t\t\t\t\t\t<div class=\"elementor-section-wrap\">\n\t\t\t\t\t\t\t<section class=\"elementor-section elementor-top-section elementor-element elementor-element-bcea1a8 elementor-section-boxed elementor-section-height-default elementor-section-height-default\" data-id=\"bcea1a8\" data-element_type=\"section\">\n\t\t\t\t\t\t<div class=\"elementor-container elementor-column-gap-default\">\n\t\t\t\t\t<div class=\"elementor-column elementor-col-100 elementor-top-column elementor-element elementor-element-e7183bf\" data-id=\"e7183bf\" data-element_type=\"column\">\n\t\t\t<div class=\"elementor-widget-wrap elementor-element-populated\">\n\t\t\t\t\t\t\t\t<div class=\"elementor-element elementor-element-5ffbb87 elementor-widget elementor-widget-text-editor\" data-id=\"5ffbb87\" data-element_type=\"widget\" data-widget_type=\"text-editor.default\">\n\t\t\t\t<div class=\"elementor-widget-container\">\n\t\t\t\t\t\t\t\t<div><div><p><b>AD PRENSA<\/b>\u00a0<br aria-hidden=\"true\" \/><a href=\"https:\/\/www.adprensa.cl\/cronica\/avanza-proyecto-que-permitira-el-traslado-del-cesfam-carlos-trupp\/\">Avanza proyecto que permitir\u00e1 el traslado del Cesfam\u00a0Carlos Trupp. Se refiere la jefa del Departamento Red Salud y Campos Cl\u00ednicos, Patricia Poblete Tapia y el director de la Escuela de Medicina, Ernesto Sol\u00eds A\u00f1es\u00a0y la directora del a escuela de Obstetricia y Puericultura, Mercedes Arenas Jara.\u00a0<\/a><br aria-hidden=\"true\" \/><br \/><\/p><\/div><div><p><b>DIARIOS EN RED<\/b><b>\u00a0<\/b><\/p><p><a href=\"https:\/\/diariosenred.com\/diarios_en_red\/site\/artic\/20240123\/pags\/20240123104352.html\">Avanza proyecto que permitir\u00e1 el traslado del Cesfam\u00a0Carlos Trupp. Se refiere la jefa del Departamento Red Salud y Campos Cl\u00ednicos, Patricia Poblete Tapia y el director de la Escuela de Medicina, Ernesto Sol\u00eds A\u00f1es\u00a0y la directora del a escuela de Obstetricia y Puericultura, Mercedes Arenas Jara.<\/a><a href=\"https:\/\/diariosenred.com\/diarios_en_red\/site\/artic\/20240123\/pags\/20240123104352.html\">\u00a0<\/a><b><br aria-hidden=\"true\" \/><\/b><\/p><\/div><div><p>\u00a0<\/p><p><b>RED \u00d1UBLE<\/b>\u00a0<br aria-hidden=\"true\" \/><a href=\"https:\/\/www.rednuble.com\/regional\/avanza-proyecto-que-permitira-el-traslado-del-cesfam-carlos-trupp\">Avanza proyecto que permitir\u00e1 el traslado del Cesfam\u00a0Carlos Trupp. Se refiere la jefa del Departamento Red Salud y Campos Cl\u00ednicos, Patricia Poblete Tapia y el director de la Escuela de Medicina, Ernesto Sol\u00eds A\u00f1es\u00a0y la directora del a escuela de Obstetricia y Puericultura, Mercedes Arenas Jara.\u00a0<\/a><br aria-hidden=\"true\" \/><br \/><\/p><\/div><div><p><b>RED ARICA<\/b>\u00a0<br aria-hidden=\"true\" \/><a href=\"https:\/\/www.redarica.com\/regional\/avanza-proyecto-que-permitira-el-traslado-del-cesfam-carlos-trupp\">Avanza proyecto que permitir\u00e1 el traslado del Cesfam\u00a0Carlos Trupp. Se refiere la jefa del Departamento Red Salud y Campos Cl\u00ednicos, Patricia Poblete Tapia y el director de la Escuela de Medicina, Ernesto Sol\u00eds A\u00f1es\u00a0y la directora del a escuela de Obstetricia y Puericultura, Mercedes Arenas Jara.\u00a0<\/a><br aria-hidden=\"true\" \/><br \/><\/p><\/div><div><p><b>RED MAULE<\/b>\u00a0<br aria-hidden=\"true\" \/><a href=\"https:\/\/www.redmaule.com\/regional\/avanza-proyecto-que-permitira-el-traslado-del-cesfam-carlos-trupp\">Avanza proyecto que permitir\u00e1 el traslado del Cesfam\u00a0Carlos Trupp. Se refiere la jefa del Departamento Red Salud y Campos Cl\u00ednicos, Patricia Poblete Tapia y el director de la Escuela de Medicina, Ernesto Sol\u00eds A\u00f1es\u00a0y la directora del a escuela de Obstetricia y Puericultura, Mercedes Arenas Jara.\u00a0<\/a><\/p><p>\u00a0<\/p><\/div><div><p><b>EL MAULE INFORMA<\/b>\u00a0<br aria-hidden=\"true\" \/><a href=\"https:\/\/elmauleinforma.cl\/avanza-proyecto-que-permitira-el-traslado-del-cesfam-carlos-trupp\/\">Avanza proyecto que permitir\u00e1 el traslado del Cesfam\u00a0Carlos Trupp. Se refiere la jefa del Departamento Red Salud y Campos Cl\u00ednicos, Patricia Poblete Tapia y el director de la Escuela de Medicina, Ernesto Sol\u00eds A\u00f1es\u00a0y la directora del a escuela de Obstetricia y Puericultura, Mercedes Arenas Jara.\u00a0<\/a><\/p><p>\u00a0<\/p><\/div><div><p><b>MEDIA BANCO<\/b>\u00a0<br aria-hidden=\"true\" \/><a href=\"https:\/\/www.mediabanco.com\/avanza-proyecto-que-permitira-el-traslado-del-cesfam-carlos-trupp\/\">Avanza proyecto que permitir\u00e1 el traslado del Cesfam\u00a0Carlos Trupp. Se refiere la jefa del Departamento Red Salud y Campos Cl\u00ednicos, Patricia Poblete Tapia y el director de la Escuela de Medicina, Ernesto Sol\u00eds A\u00f1es\u00a0y la directora del a escuela de Obstetricia y Puericultura, Mercedes Arenas Jara.\u00a0<\/a><br aria-hidden=\"true\" \/><br \/><\/p><\/div><div><p><b>EN L\u00cdNEA MAULE<\/b>\u00a0<br aria-hidden=\"true\" \/><a href=\"https:\/\/enlineamaule.cl\/archivo\/54389\">Avanza proyecto que permitir\u00e1 el traslado del Cesfam\u00a0Carlos Trupp. Se refiere la jefa del Departamento Red Salud y Campos Cl\u00ednicos, Patricia Poblete Tapia y el director de la Escuela de Medicina, Ernesto Sol\u00eds A\u00f1es\u00a0y la directora del a escuela de Obstetricia y Puericultura, Mercedes Arenas Jara.\u00a0<\/a><\/p><\/div><div>\u00a0<\/div><div><div><p><b>CONSTRUCCI\u00d3N LATINOAMERICANA (BRASIL)<\/b><\/p><p><a href=\"https:\/\/www.construcaolatinoamericana.com\/news\/deficit-projetado-de-750.000-unidades-de-habitacao-social-no-chile\/8034519.article\">D\u00e9ficit projetado\u00a0de 750.000 unidades de habita\u00e7\u00e3o\u00a0social no Chile. Se refiere Armando Dur\u00e1n Bustamante, acad\u00e9mico de la Facultad de Ingenier\u00eda.\u00a0<\/a><\/p><p>\u00a0<\/p><\/div><\/div><div><p><b>EL TIP\u00d3GRAFO<\/b><b>\u00a0<\/b><\/p><p><a href=\"https:\/\/www.litoralpress.cl\/paginaconsultas\/Servicios_NClipSitioWeb\/Get_Imagen_Nota.aspx?LPKey=GYKGWDN7QK3BGWABZOIUQ4DIUPMRCA2IRIH66C5YVH3BHS33Z5USEGU32PGP4QYV23KLIB6E273VE\">Viviendas sociales 2023: un a\u00f1o para olvidar. \u202fSe refiere\u202f Armando \u202fDur\u00e1n\u202f Bustamante, acad\u00e9mico de la Facultad de Ingenier\u00eda.\u202f\u00a0<\/a><\/p><p><b><a id=\"OWA12ef56af-c2e1-40a0-3d07-f6a7a9ff0c81\" href=\"https:\/\/www.litoralpress.cl\/paginaconsultas\/Servicios_NClipSitioWeb\/Get_Imagen_Nota.aspx?LPKey=GYKGWDN7QK3BGWABZOIUQ4DIUPMRCA2IRIH66C5YVH3BHS33Z5USEGU32PGP4QYV23KLIB6E273VE\" target=\"_blank\" rel=\"noopener noreferrer\" data-auth=\"NotApplicable\" data-loopstyle=\"linkonly\" data-linkindex=\"9\"><\/a><\/b><b>\u00a0<\/b><\/p><\/div><div><p><b>LA CUARTA<\/b>\u00a0<br aria-hidden=\"true\" \/><a href=\"https:\/\/constructor.lacuarta.com\/noticias\/novedades-del-rubro\/estudio-estima-deficit-de-750-mil-viviendas-sociales-para-2025.html\">Estudio estima d\u00e9ficit de 750 mil viviendas sociales para 2025. Se refiere Armando Dur\u00e1n Bustamante, acad\u00e9mico de la Facultad de Ingenier\u00eda.\u00a0<\/a><\/p><\/div><div><p>\u00a0<\/p><p><b>PODER Y LIDERAZGO<\/b>\u00a0<br aria-hidden=\"true\" \/><a href=\"https:\/\/www.poderyliderazgo.cl\/en-2025-habria-un-deficit-de-750-mil-viviendas-sociales\/\">En 2025 habr\u00eda un d\u00e9ficit de 750 mil viviendas sociales. Se refiere Armando Dur\u00e1n Bustamante, acad\u00e9mico de la Facultad de Ingenier\u00eda.<\/a> \u00a0\u00a0<br aria-hidden=\"true\" \/><br \/><\/p><\/div><div><p><b>DIARIO TALCA<\/b>\u00a0<br aria-hidden=\"true\" \/><a href=\"https:\/\/diariotalca.cl\/en-2025-habria-un-deficit-de-750-mil-viviendas-sociales-segun-estudio-utalca\/\">En 2025 habr\u00eda un d\u00e9ficit de 750 mil viviendas sociales. Se refiere Armando Dur\u00e1n Bustamante, acad\u00e9mico de la Facultad de Ingenier\u00eda.<\/a> \u00a0\u00a0<\/p><p>\u00a0<\/p><\/div><div><p><b>TRADE NEWS<\/b>\u00a0<br aria-hidden=\"true\" \/><a href=\"https:\/\/trade-news.cl\/2024\/01\/23\/deficit-de-viviendas-sociales-llegaria-a-750-mil-unidades-en-2025\/\">D\u00e9ficit de viviendas sociales llegar\u00eda a 750 mil unidades en 2025. Se refiere Armando Dur\u00e1n Bustamante, acad\u00e9mico de la Facultad de Ingenier\u00eda.\u00a0<\/a><br aria-hidden=\"true\" \/><br \/><\/p><\/div><div><p><b>RADIO NUEVO MUNDO<\/b>\u00a0<br aria-hidden=\"true\" \/><a href=\"https:\/\/radionuevomundo.cl\/2024\/01\/23\/estudio-de-la-utalca-en-2025-habria-un-deficit-de-750-mil-viviendas-sociales\/\">Estudio de la UTalca: En 2025 habr\u00eda un d\u00e9ficit de 750 mil viviendas sociales. Se refiere Armando Dur\u00e1n Bustamante, acad\u00e9mico de la Facultad de Ingenier\u00eda.\u00a0<\/a><br aria-hidden=\"true\" \/><br \/><\/p><\/div><div><p><b>RADIO LAUTARO TALCA<\/b>\u00a0<br aria-hidden=\"true\" \/><a href=\"https:\/\/radiolautarotalca.cl\/estudio-determino-que-el-2023-hubo-un-deficit-superior-al-50-en-viviendas-sociales-y-para-el-2025-se-preve-que-una-carencia-de-750-mil-en-el-pais\/\">Estudio determin\u00f3 que el 2023 hubo un d\u00e9ficit superior al 50% en viviendas sociales y para el 2025 se prev\u00e9 que una carencia de 750 mil en el pa\u00eds. Se refiere Armando Dur\u00e1n Bustamante, acad\u00e9mico de la Facultad de Ingenier\u00eda.\u00a0<\/a><br aria-hidden=\"true\" \/><br \/><\/p><\/div><div><p><b>LA NOTICIA<\/b>\u00a0<br aria-hidden=\"true\" \/><a href=\"https:\/\/lanoticia.cl\/estudio-de-la-utalca-en-2025-habria-un-deficit-de-750-mil-viviendas-sociales\/\">Estudio de la UTalca: En 2025 habr\u00eda un d\u00e9ficit de 750 mil viviendas sociales. Se refiere Armando Dur\u00e1n Bustamante, acad\u00e9mico de la Facultad de Ingenier\u00eda.\u00a0<\/a><br aria-hidden=\"true\" \/><br \/><\/p><\/div><div><p><b>DIARIO AL D\u00cdA<\/b>\u00a0<br aria-hidden=\"true\" \/><a href=\"https:\/\/lanoticia.cl\/estudio-de-la-utalca-en-2025-habria-un-deficit-de-750-mil-viviendas-sociales\/\">Estudio de la UTalca: En 2025 habr\u00eda un d\u00e9ficit de 750 mil viviendas sociales. Se refiere Armando Dur\u00e1n Bustamante, acad\u00e9mico de la Facultad de Ingenier\u00eda.\u00a0<\/a><br aria-hidden=\"true\" \/><br \/><\/p><\/div><div><p><b>DIARIO ANGAMOS<\/b>\u00a0<br aria-hidden=\"true\" \/><a href=\"https:\/\/diarioangamos.com\/nacional\/crisis-habitacional-en-chile-el-2025-habra-un-deficit-de-750-mil-viviendas-sociales-en-chile\/\">Crisis habitacional en Chile: El 2025 habr\u00e1 un d\u00e9ficit de 750 mil viviendas sociales en Chile. Se refiere Armando Dur\u00e1n Bustamante, acad\u00e9mico de la Facultad de Ingenier\u00eda.\u00a0<\/a><br aria-hidden=\"true\" \/><br \/><\/p><\/div><div><p><b>EVISOS<\/b>\u00a0<br aria-hidden=\"true\" \/><a href=\"https:\/\/www.evisos.cl\/noticias\/estudio-de-la-utalca-en-2025-habria-un-deficit-de-750-mil-viviendas-sociales-en-chile\/\">Estudio de la UTalca: En 2025 habr\u00eda un d\u00e9ficit de 750 mil viviendas sociales en Chile. Se refiere Armando Dur\u00e1n Bustamante, acad\u00e9mico de la Facultad de Ingenier\u00eda.\u00a0<\/a><br aria-hidden=\"true\" \/><br \/><\/p><\/div><div><p><b>CANAL SUR PATAGONIA<\/b>\u00a0<\/p><p><a href=\"https:\/\/www.canalsurpatagonia.cl\/seremi-paulina-ruz-en-2023-entregamos-mas-de-400-viviendas-e-iniciamos-la-construccion-de-otras-250-en-diferentes-comunas-de-la-region\/\">Seremi Paulina Ruz: \u201cEn 2023 entregamos m\u00e1s de 400 viviendas e iniciamos la construcci\u00f3n de otras 250 en diferentes comunas de la regi\u00f3n\u201d. Se menciona la Universidad de Talca.\u00a0<\/a><\/p><\/div><div>\u00a0<\/div><div><b>AGENCIA XINHUA EN ESPA\u00d1OL (CHINA)<\/b><b>\u00a0<\/b><\/div><\/div><div><p><a href=\"https:\/\/spanish.xinhuanet.com\/20240124\/4ee41e75ff0d4f1ab2cc148d83727c42\/c.html\">Entrevista: Chile se prepara para &#8220;mantener a raya&#8221; a la variante Pirola del coronavirus. Se refiere Erika Retamal Contreras, directora del departamento de Salud P\u00fablica.\u00a0<\/a><\/p><div><p>\u00a0<\/p><p><b>EL MERCURIO<\/b><b>\u00a0<br aria-hidden=\"true\" \/><\/b><a href=\"https:\/\/www.litoralpress.cl\/paginaconsultas\/Servicios_NClipSitioWeb\/Get_Imagen_Nota.aspx?LPKey=PGS6FQL7M664RQSGBZGTMLOAMUTZLFOBJZQPYRIFPL6H5UDO3FS73ZRTRKVYAB7QVYLV527WC7RRG\">Mezclas para batidos y smoothies, fruta congelada con valor agregado. Se refiere Roberto Jara Rojas, acad\u00e9mico de la Facultad de Ciencias Agrarias.\u00a0<\/a><\/p><\/div><\/div><div>\u00a0<\/div><div><div><p><b>RADIO BIO-BIO<\/b><b>\u00a0<\/b><\/p><\/div><\/div><div><a style=\"font-size: 16px;\" href=\"https:\/\/www.litoralpress.cl\/sitio\/RadioTV_Detalles.cshtml?LPKey=UWQ3ZJE7Z6EIQXA7QBYSURZIFTKS6IX6ZDCW62FTSXH47W72KURBWDA6V4YK6BEBIEJYMKCJF6ECU\">Proyecciones y ola de calor. Entrevista a Patricio Gonz\u00e1lez Colville, agroclimat\u00f3logo\u00a0y acad\u00e9mico del Centro de Investigaci\u00f3n y Transferencia en Riego y Agroclimatolog\u00eda\u00a0(CITRA).\u00a0<\/a><\/div><div>\u00a0<\/div><div><p><b>EN L\u00cdNEA MAULE<\/b>\u00a0<\/p><p><a href=\"https:\/\/www.litoralpress.cl\/sitio\/RadioTV_Detalles.cshtml?LPKey=NOKZWYNIFP3CQDWDHZUCNWLIMX3Z3UJYJBHGJV76Y5X7ECKNREIUIGXN2VOOYIPV5QTVXFEDX7MAU\">Ola de calor en la Regi\u00f3n del Maule. Entrevista a Patricio Gonz\u00e1lez Colville, agroclimat\u00f3logo\u00a0y acad\u00e9mico del Centro de Investigaci\u00f3n y Transferencia en Riego y Agroclimatolog\u00eda\u00a0(CITRA).\u00a0<\/a><\/p><p>\u00a0<\/p><\/div><div><p><b>DIARIO EL HERALDO<\/b><b>\u00a0<br aria-hidden=\"true\" \/><\/b><a href=\"https:\/\/www.litoralpress.cl\/paginaconsultas\/Servicios_NClipSitioWeb\/Get_Imagen_Nota.aspx?LPKey=7T252CB5U5C2NDFEZZGNIPAS6T5DX3CLDT6UE6SC7KG6ZSDNUUOLWY6GJ55B33RUVRUNEUVJ4QFYA\">UTalca renov\u00f3 certificaci\u00f3n que aporta a una cultura energ\u00e9tica sustentable. Se refiere vicerrector de Gesti\u00f3n Econ\u00f3mica, Luis Urra Monsalves.<\/a><a href=\"https:\/\/www.litoralpress.cl\/paginaconsultas\/Servicios_NClipSitioWeb\/Get_Imagen_Nota.aspx?LPKey=7T252CB5U5C2NDFEZZGNIPAS6T5DX3CLDT6UE6SC7KG6ZSDNUUOLWY6GJ55B33RUVRUNEUVJ4QFYA\">\u00a0<\/a><b><br aria-hidden=\"true\" \/><\/b><\/p><p>\u00a0<\/p><div><p><b>CHILLAN ONLINE<\/b>\u00a0<br aria-hidden=\"true\" \/><a href=\"https:\/\/www.chillanonline.cl\/V7\/2024\/01\/21\/utalca-renovo-certificacion-que-aporta-a-una-cultura-energetica-sustentable\/\">UTalca renov\u00f3 certificaci\u00f3n que aporta a una cultura energ\u00e9tica sustentable. Se refiere vicerrector de Gesti\u00f3n Econ\u00f3mica, Luis Urra Monsalves.\u00a0<\/a><br aria-hidden=\"true\" \/><br \/><\/p><\/div><div><p><b>ELHERALDO.CL<\/b>\u00a0<br aria-hidden=\"true\" \/><a href=\"https:\/\/www.diarioelheraldo.cl\/noticia\/utalca-renovo-certificacion-que-aporta-a-un\">UTalca renov\u00f3 certificaci\u00f3n que aporta a una cultura energ\u00e9tica sustentable. Se refiere vicerrector de Gesti\u00f3n Econ\u00f3mica, Luis Urra Monsalves.\u00a0<\/a><\/p><p>\u00a0<\/p><p><b>CIENCIA Y SALUD<\/b><b>\u00a0<\/b><\/p><p><a href=\"https:\/\/cienciaysalud.cl\/2024\/01\/23\/expertos-plantearon-la-necesidad-de-regular-la-inteligencia-artificial\/\">Expertos plantearon la necesidad de regular la Inteligencia Artificial. Se refiere C\u00e9sar \u202fAstudillo\u202f Hern\u00e1ndez, acad\u00e9mico de la Facultad de Ingenier\u00eda.\u00a0<\/a><\/p><p>\u00a0<\/p><\/div><p><b>CHILLAN ONLINE<\/b>\u00a0<br aria-hidden=\"true\" \/><a href=\"https:\/\/www.chillanonline.cl\/V7\/2024\/01\/22\/chatgpt-que-nos-ha-ensenado-y-cual-es-su-potencial-en-educacion\/\">ChatGPT: \u00bfQu\u00e9 nos ha ense\u00f1ado y cu\u00e1l es su potencial en educaci\u00f3n?\u202fSe refiere C\u00e9sar\u202fAstudillo\u202fHern\u00e1ndez, acad\u00e9mico de la Facultad de Ingenier\u00eda.\u202f\u00a0<\/a><br aria-hidden=\"true\" \/><br \/><\/p><\/div><div><p><b>CHILL\u00c1N ONLINE<\/b><b>\u00a0<br aria-hidden=\"true\" \/><\/b><a href=\"https:\/\/www.chillanonline.cl\/V7\/2024\/01\/20\/universidad-de-talca-represento-a-chile-en-conferencia-apec\/\">Universidad de Talca represent\u00f3 a Chile en Conferencia APEC. Se refiere Gilda Carrasco Silva, acad\u00e9mica Facultad de Ciencias Agrarias.<\/a><a href=\"https:\/\/www.chillanonline.cl\/V7\/2024\/01\/20\/universidad-de-talca-represento-a-chile-en-conferencia-apec\/\">\u00a0<\/a><b><br aria-hidden=\"true\" \/><\/b><\/p><\/div><div><p>\u00a0<\/p><p><b>CAUQUENES.NET<\/b>\u00a0<br aria-hidden=\"true\" \/><a href=\"https:\/\/cauquenesnet.cl\/2024\/01\/23\/universidad-de-talca-represento-a-chile-en-conferencia-apec\/\">Universidad de Talca represent\u00f3 a Chile en Conferencia APEC. Se refiere Gilda Carrasco Silva, acad\u00e9mica Facultad de Ciencias Agrarias.\u00a0<\/a><\/p><p>\u00a0<\/p><\/div><div><p><b>MUNDO AGRO<\/b>\u00a0<br aria-hidden=\"true\" \/><a href=\"https:\/\/mundoagro.cl\/decisiones-con-datos-en-mano\/\">Decisiones con datos en mano. Se menciona la Universidad de Talca.\u00a0<\/a><br aria-hidden=\"true\" \/><br \/><\/p><\/div><div><p><b>VALPARA\u00cdSO NOTICIAS<\/b>\u00a0<br aria-hidden=\"true\" \/><a href=\"https:\/\/www.valparaisonoticias.cl\/2024\/01\/23\/en-valparaso-se-realiz-comit-ejecutivo-del-centro-interuniversitario-de-envejecimiento-saludable\/12416\">En Valpara\u00edso se realiz\u00f3 Comit\u00e9 Ejecutivo del Centro Interuniversitario de Envejecimiento Saludable. Se menciona la Universidad de Talca.\u00a0<\/a><\/p><\/div><div>\u00a0<\/div><div><p><b>ESTADO DIARIO<\/b><b>\u00a0<br aria-hidden=\"true\" \/><\/b><a href=\"https:\/\/estadodiario.com\/columnas\/jueces-presentes-ia-y-legitimidad-y-justicia-de-la-respuesta-jurisdiccional\/\">Jueces presentes, IA y legitimidad y justicia de la respuesta jurisdiccional. \u202fSe refiere\u202fDiego\u202fPalomo, acad\u00e9mico de la Facultad de Ciencias Jur\u00eddicas y Sociales.\u00a0<\/a><\/p><\/div><div>\u00a0<\/div><div><p><b>RADIO INFINITA<\/b>\u00a0<br aria-hidden=\"true\" \/><a href=\"https:\/\/www.litoralpress.cl\/sitio\/RadioTV_Detalles.cshtml?LPKey=G2TRGM6QI4PVN42FE6DJIWSCNTOSQOHKU7RQSKWI27Z26MNCP3C6G3VZ3ADLSANRKVJZYNOXOQN4A\">Comentario de pol\u00edtica de Mauricio Morales, acad\u00e9mico Facultad de Ciencias Agrarias.\u00a0<\/a><br aria-hidden=\"true\" \/><br \/><\/p><\/div>\t\t\t\t\t\t<\/div>\n\t\t\t\t<\/div>\n\t\t\t\t\t<\/div>\n\t\t<\/div>\n\t\t\t\t\t\t\t<\/div>\n\t\t<\/section>\n\t\t\t\t\t\t<\/div>\n\t\t\t\t\t<\/div>\n\t\t","protected":false},"excerpt":{"rendered":"<p>AD PRENSA\u00a0Avanza proyecto que permitir\u00e1 el traslado del Cesfam\u00a0Carlos Trupp. Se refiere la jefa del Departamento Red Salud y Campos Cl\u00ednicos, Patricia Poblete Tapia y el director de la Escuela de Medicina, Ernesto Sol\u00eds A\u00f1es\u00a0y la directora del a escuela de Obstetricia y Puericultura, Mercedes Arenas Jara.\u00a0 DIARIOS EN RED\u00a0 Avanza proyecto que permitir\u00e1 el &hellip;<\/p>\n<p class=\"read-more\"> <a class=\"\" href=\"https:\/\/www.reportedeprensa.utalca.cl\/?p=9112\"> <span class=\"screen-reader-text\">24 de enero de 2024<\/span> Read More &raquo;<\/a><\/p>\n","protected":false},"author":1,"featured_media":0,"comment_status":"closed","ping_status":"open","sticky":false,"template":"","format":"standard","meta":{"_monsterinsights_skip_tracking":false,"_monsterinsights_sitenote_active":false,"_monsterinsights_sitenote_note":"","_monsterinsights_sitenote_category":0},"categories":[44],"tags":[],"_links":{"self":[{"href":"https:\/\/www.reportedeprensa.utalca.cl\/index.php?rest_route=\/wp\/v2\/posts\/9112"}],"collection":[{"href":"https:\/\/www.reportedeprensa.utalca.cl\/index.php?rest_route=\/wp\/v2\/posts"}],"about":[{"href":"https:\/\/www.reportedeprensa.utalca.cl\/index.php?rest_route=\/wp\/v2\/types\/post"}],"author":[{"embeddable":true,"href":"https:\/\/www.reportedeprensa.utalca.cl\/index.php?rest_route=\/wp\/v2\/users\/1"}],"replies":[{"embeddable":true,"href":"https:\/\/www.reportedeprensa.utalca.cl\/index.php?rest_route=%2Fwp%2Fv2%2Fcomments&post=9112"}],"version-history":[{"count":4,"href":"https:\/\/www.reportedeprensa.utalca.cl\/index.php?rest_route=\/wp\/v2\/posts\/9112\/revisions"}],"predecessor-version":[{"id":9116,"href":"https:\/\/www.reportedeprensa.utalca.cl\/index.php?rest_route=\/wp\/v2\/posts\/9112\/revisions\/9116"}],"wp:attachment":[{"href":"https:\/\/www.reportedeprensa.utalca.cl\/index.php?rest_route=%2Fwp%2Fv2%2Fmedia&parent=9112"}],"wp:term":[{"taxonomy":"category","embeddable":true,"href":"https:\/\/www.reportedeprensa.utalca.cl\/index.php?rest_route=%2Fwp%2Fv2%2Fcategories&post=9112"},{"taxonomy":"post_tag","embeddable":true,"href":"https:\/\/www.reportedeprensa.utalca.cl\/index.php?rest_route=%2Fwp%2Fv2%2Ftags&post=9112"}],"curies":[{"name":"wp","href":"https:\/\/api.w.org\/{rel}","templated":true}]}}