{"id":9121,"date":"2024-01-25T12:09:33","date_gmt":"2024-01-25T15:09:33","guid":{"rendered":"https:\/\/www.reportedeprensa.utalca.cl\/?p=9121"},"modified":"2024-01-25T12:18:31","modified_gmt":"2024-01-25T15:18:31","slug":"25-de-enero-de-2024","status":"publish","type":"post","link":"https:\/\/www.reportedeprensa.utalca.cl\/?p=9121","title":{"rendered":"25 de enero de 2024"},"content":{"rendered":"\t\t<div data-elementor-type=\"wp-post\" data-elementor-id=\"9121\" class=\"elementor elementor-9121\" data-elementor-settings=\"[]\">\n\t\t\t\t\t\t\t<div class=\"elementor-section-wrap\">\n\t\t\t\t\t\t\t<section class=\"elementor-section elementor-top-section elementor-element elementor-element-bcea1a8 elementor-section-boxed elementor-section-height-default elementor-section-height-default\" data-id=\"bcea1a8\" data-element_type=\"section\">\n\t\t\t\t\t\t<div class=\"elementor-container elementor-column-gap-default\">\n\t\t\t\t\t<div class=\"elementor-column elementor-col-100 elementor-top-column elementor-element elementor-element-e7183bf\" data-id=\"e7183bf\" data-element_type=\"column\">\n\t\t\t<div class=\"elementor-widget-wrap elementor-element-populated\">\n\t\t\t\t\t\t\t\t<div class=\"elementor-element elementor-element-5ffbb87 elementor-widget elementor-widget-text-editor\" data-id=\"5ffbb87\" data-element_type=\"widget\" data-widget_type=\"text-editor.default\">\n\t\t\t\t<div class=\"elementor-widget-container\">\n\t\t\t\t\t\t\t\t<div><div>\u00a0<\/div><div>\u00a0<\/div><\/div><div><div><p><b>G5 NOTICIAS<\/b>\u00a0<\/p><p><a href=\"https:\/\/g5noticias.cl\/2024\/01\/24\/universidad-de-talca-efectuo-exitoso-proceso-de-matriculas\/\">Universidad de Talca efectu\u00f3 exitoso proceso de matr\u00edculas. Se refiere Paola Morales Norambuena, directora de Ciclo de Vida Estudiantil y Tania Mascar\u00f3, coordinadora de Admisi\u00f3n y Acceso.\u00a0<\/a><br aria-hidden=\"true\" \/><br \/><\/p><\/div><div><p><b>DIARIO EL HERALDO<\/b>\u00a0<br aria-hidden=\"true\" \/><a href=\"https:\/\/www.diarioelheraldo.cl\/noticia\/universidad-de-talca-efectuo-exitoso-proceso-de-matriculas\">Universidad de Talca efectu\u00f3 exitoso proceso de matr\u00edculas. Se refiere Paola Morales Norambuena, directora de Ciclo de Vida Estudiantil y Tania Mascar\u00f3, coordinadora de Admisi\u00f3n y Acceso.<\/a>\u00a0<br aria-hidden=\"true\" \/><br \/><\/p><\/div><div><p><b>AD PRENSA<\/b><b>\u00a0<br aria-hidden=\"true\" \/><\/b><a href=\"https:\/\/www.adprensa.cl\/cronica\/universidad-de-talca-efectuo-exitoso-proceso-de-matriculas\/\">Universidad de Talca efectu\u00f3 exitoso proceso de matr\u00edculas. Se refiere Paola Morales Norambuena, directora de Ciclo de Vida Estudiantil y Tania Mascar\u00f3, coordinadora de Admisi\u00f3n y Acceso.<\/a><a href=\"https:\/\/www.adprensa.cl\/cronica\/universidad-de-talca-efectuo-exitoso-proceso-de-matriculas\/\">\u00a0<\/a><b><br aria-hidden=\"true\" \/><\/b><\/p><\/div><div><p>\u00a0<\/p><p><b>MEDIA BANCO<\/b>\u00a0<br aria-hidden=\"true\" \/><a href=\"https:\/\/www.mediabanco.com\/universidad-de-talca-efectuo-exitoso-proceso-de-matriculas\/\">Universidad de Talca efectu\u00f3 exitoso proceso de matr\u00edculas. Se refiere Paola Morales Norambuena, directora de Ciclo de Vida Estudiantil y Tania Mascar\u00f3, coordinadora de Admisi\u00f3n y Acceso.\u00a0<\/a><\/p><p>\u00a0<\/p><div><p><b>EL LECTOR<\/b><b>\u00a0<br aria-hidden=\"true\" \/><\/b><a href=\"https:\/\/www.litoralpress.cl\/paginaconsultas\/Servicios_NClipSitioWeb\/Get_Imagen_Nota.aspx?LPKey=Z4F6D4AQPIBKHPXMF2P4JCPGPDELRBVXBRDMUUPBS6PI5E5DLHRXRXBVGLIOBPUB5DZ52AZYGOJ3I\">Avanza proyecto que permitir\u00e1 el traslado del Cesfam\u00a0Carlos Trupp. Se refiere la jefa del Departamento Red Salud y Campos Cl\u00ednicos, Patricia Poblete Tapia y el director de la Escuela de Medicina, Ernesto Sol\u00eds A\u00f1es.\u00a0<\/a><\/p><\/div><div>\u00a0<\/div><\/div><div><p><b>EL CIUDADANO<\/b><b>\u00a0<br aria-hidden=\"true\" \/><\/b><a href=\"https:\/\/www.elciudadano.com\/actualidad\/estudio-de-la-u-de-talca-advierte-un-deficit-de-750-mil-viviendas-sociales-para-el-2025\/01\/24\/\">Estudio de la U de Talca advierte un d\u00e9ficit de 750 mil viviendas sociales para el 2025. Se refiero Armando Dur\u00e1n Bustamante, acad\u00e9mico de la Facultad de Ingenier\u00eda.<\/a><a href=\"https:\/\/www.elciudadano.com\/actualidad\/estudio-de-la-u-de-talca-advierte-un-deficit-de-750-mil-viviendas-sociales-para-el-2025\/01\/24\/\">\u00a0<\/a><b><br aria-hidden=\"true\" \/><\/b><\/p><p>\u00a0<\/p><\/div><div><p><b>EL MOSTRADOR<\/b><b>\u00a0<br aria-hidden=\"true\" \/><\/b><a href=\"https:\/\/www.elmostrador.cl\/agenda-pais\/agenda-sustentable\/2024\/01\/24\/representando-a-chile-en-conferencia-apec-y-una-vision-de-desarrollo-sostenible\/\">Representando a Chile en Conferencia APEC y una visi\u00f3n de desarrollo sostenible. Se refiere la acad\u00e9mica de la Facultad de Ciencias Agrarias,\u00a0Gilda Carrasco Silva.\u00a0<\/a><\/p><p>\u00a0<\/p><p><b>LAS \u00daLTIMAS NOTICIAS<\/b><b>\u00a0<\/b><\/p><p><a href=\"https:\/\/www.litoralpress.cl\/paginaconsultas\/Servicios_NClipSitioWeb\/Get_Imagen_Nota.aspx?LPKey=QX7IV5KLNBIYJSXUROTBOVQSK6GXOD4M3ZB2CLFZP6UL53AS76YJMMH5TDMI6JIWSUWDFSNH3WB5I\">Choclos a la baja: cinco por $1000.\u00a0 Se refiere Roberto Jara Rojas, acad\u00e9mico de la Facultad de Ciencias Agrarias.\u00a0<\/a><\/p><div>\u00a0<\/div><div><p><b>LAS \u00daLTIMAS NOTICIAS<\/b><b>\u00a0<\/b><\/p><p><a href=\"https:\/\/www.litoralpress.cl\/paginaconsultas\/Servicios_NClipSitioWeb\/Get_Imagen_Nota.aspx?LPKey=DYIOISCN2AN4KJIPQ6NGBZVC3KGX4ZNSDJBCKZ7I7SHEJ6GNCDQ2H2GHKRGKQUF4BFAIQDNLXNF3U\">Ahora el tomate exige al bolsillo: hasta $2.000 el kilo en pleno verano. Se refiere Roberto Jara Rojas, acad\u00e9mico de la Facultad de Ciencias Agrarias.\u00a0 <\/a><\/p><\/div><div>\u00a0<\/div><div><p><b>AGENCIA XINHUA EN ESPA\u00d1OL (CHINA)<\/b><\/p><p><a href=\"https:\/\/www.litoralpress.cl\/paginaconsultas\/Servicios_NClipSitioWeb\/Get_Imagen_Nota.aspx?LPKey=LGNVDZ3NFW26LUFASVOOD3TJB5NOCULB344GEZRSXZXASBLSZOKSILV2KHLTHXRLD3BXPXMDA4NYW\">Chile se prepara para &#8220;mantener a raya&#8221; a la variante Pirola\u00a0del coronavirus. Se refiere la directora del Departamento de Salud P\u00fablica, Erika Retamal Contreras.<\/a><b>\u00a0<br aria-hidden=\"true\" \/><\/b><\/p><\/div><div><p>\u00a0<\/p><p><b>EL MOSTRADOR<\/b><b>\u00a0<br aria-hidden=\"true\" \/><\/b><a href=\"https:\/\/www.elmostrador.cl\/agenda-pais\/agenda-digital\/2024\/01\/24\/chatgpt-que-nos-ha-ensenado-y-cual-es-su-potencial-en-educacion\/\">ChatGPT: \u00bfQu\u00e9 nos ha ense\u00f1ado y cu\u00e1l es su potencial en educaci\u00f3n?.\u00a0Se refiere C\u00e9sar Astudillo Hern\u00e1ndez, acad\u00e9mico de la Facultad de Ingenier\u00eda.\u00a0<\/a><a href=\"https:\/\/www.elmostrador.cl\/agenda-pais\/agenda-digital\/2024\/01\/24\/chatgpt-que-nos-ha-ensenado-y-cual-es-su-potencial-en-educacion\/\">\u00a0<\/a><b><br aria-hidden=\"true\" \/><\/b><\/p><\/div><div><b>\u00a0<\/b><\/div><\/div><div><p><b>CODEX VERDE<\/b>\u00a0<br aria-hidden=\"true\" \/><a href=\"https:\/\/codexverde.cl\/reconocen-los-principales-avances-y-logros-en-sustentabilidad-de-las-instituciones-de-educacion-superior-durante-2023\/\">Reconocen los principales avances y logros en sustentabilidad de las Instituciones de Educaci\u00f3n Superior durante 2023. Se menciona la Universidad de Talca.\u00a0\u00a0<\/a><br aria-hidden=\"true\" \/><br \/><\/p><\/div><div><p><b>TECNOEDUCACI\u00d3N<\/b>\u00a0<br aria-hidden=\"true\" \/><a href=\"https:\/\/tecnoeducacion.cl\/universidad\/ranking-de-las-mejores-universidades-de-chile\/\">Ranking de las Mejores Universidades de Chile: las 10 mejores del 2023. Se menciona la Universidad de Talca.\u00a0<\/a><br aria-hidden=\"true\" \/><br \/><\/p><\/div><div><p><b>CANAL 13 \u2013 TU D\u00cdA<\/b>\u00a0<br aria-hidden=\"true\" \/><a href=\"https:\/\/www.litoralpress.cl\/sitio\/RadioTV_Detalles.cshtml?LPKey=E2OAQ3L4A3DB4GE5DKGO2Q5FOGZ7BLP5LO7NMYOHURGRNTBCKPNJTKSCXFYV57DEC7E56FH5PISSC\">Informe del tiempo. Se menciona Patricio Gonz\u00e1lez Colville, agroclimat\u00f3logo y acad\u00e9mico del Centro de Investigaci\u00f3n y Transferencia en Riego y Agroclimatolog\u00eda (CITRA).\u00a0<\/a><\/p><\/div><div>\u00a0<\/div><div><p><b>TVN RED MAULE<\/b><b>\u00a0<br aria-hidden=\"true\" \/><\/b><a href=\"https:\/\/www.litoralpress.cl\/sitio\/RadioTV_Detalles.cshtml?LPKey=ESHZT5TNLPPTSJKQDCFY64GWBNLHO62RWVPM2KXWQYHBQNGLYY5MH5IRGVMO2G4A6KETYR7KLNGUG\">Ola de Calor La estaci\u00f3n climatol\u00f3gica de la Universidad de Talca marc\u00f3 la m\u00e1xima de 38 grados. Se refiere Patricio Gonz\u00e1lez Colville, agroclimat\u00f3logo\u00a0y acad\u00e9mico del Centro de Investigaci\u00f3n y Transferencia en Riego y Agroclimatolog\u00eda\u00a0(CITRA).<\/a><a href=\"https:\/\/www.litoralpress.cl\/sitio\/RadioTV_Detalles.cshtml?LPKey=ESHZT5TNLPPTSJKQDCFY64GWBNLHO62RWVPM2KXWQYHBQNGLYY5MH5IRGVMO2G4A6KETYR7KLNGUG\">\u00a0<\/a><b><br aria-hidden=\"true\" \/><\/b><\/p><\/div><div><p>\u00a0<\/p><p><b>DIARIO LA PRENSA<\/b>\u00a0<br aria-hidden=\"true\" \/><a href=\"https:\/\/new.diariolaprensa.cl\/index.php\/2024\/01\/24\/para-hoy-se-espera-nuevo-record-de-temperatura-maxima-en-el-maule\/\">Para hoy se espera nuevo r\u00e9cord de temperatura m\u00e1xima en el Maule. Se refiere Patricio Gonz\u00e1lez Colville, agroclimat\u00f3logo\u00a0y acad\u00e9mico del Centro de Investigaci\u00f3n y Transferencia en Riego y Agroclimatolog\u00eda\u00a0(CITRA).\u00a0<\/a><br aria-hidden=\"true\" \/><br \/><\/p><\/div><div><p><b>EL DIARIO DE SANTIAGO<\/b>\u00a0<br aria-hidden=\"true\" \/><a href=\"https:\/\/eldiariodesantiago.cl\/archivos\/30151\">C\u00f3mo lograr dormir pese al calor y las altas temperaturas, seg\u00fan los doctores. Se refiere Patricio Gonz\u00e1lez Colville, agroclimat\u00f3logo\u00a0y acad\u00e9mico del Centro de Investigaci\u00f3n y Transferencia en Riego y Agroclimatolog\u00eda\u00a0(CITRA).\u00a0<\/a><br aria-hidden=\"true\" \/><br \/><\/p><\/div><div><p><b>DIARIO SUSTENTABLE<\/b>\u00a0<br aria-hidden=\"true\" \/><a href=\"https:\/\/www.diariosustentable.com\/2024\/01\/chile-se-enfrenta-a-las-olas-de-calor-mas-intensas-de-los-ultimos-anos\/\">Chile se enfrenta a las olas de calor m\u00e1s intensas de los \u00faltimos a\u00f1os. Se refiere Patricio Gonz\u00e1lez Colville, agroclimat\u00f3logo\u00a0y acad\u00e9mico del Centro de Investigaci\u00f3n y Transferencia en Riego y Agroclimatolog\u00eda\u00a0(CITRA).\u00a0<\/a><br aria-hidden=\"true\" \/><br \/><\/p><\/div><div><p><b>LA PRENSA DE CURIC\u00d3<\/b>\u00a0<\/p><p><a href=\"https:\/\/www.litoralpress.cl\/paginaconsultas\/Servicios_NClipSitioWeb\/Get_Imagen_Nota.aspx?LPKey=KLCPS4MVPEHBBXKE4PUXWW2BUDNUJDHL4I5ZI2LA7V7WFPXOEDNHV6TQJPX6DVA72CFFEO77F5BFI\">Para hoy se espera nuevo r\u00e9cord de temperatura m\u00e1xima en el Maule. Se refiere Patricio Gonz\u00e1lez Colville, agroclimat\u00f3logo\u00a0y acad\u00e9mico del Centro de Investigaci\u00f3n y Transferencia en Riego y Agroclimatolog\u00eda\u00a0(CITRA).\u00a0<\/a><a id=\"OWAdfd95cfd-e7a8-7a81-9da6-d54aae35a7e5\" class=\"x_x_Hyperlink x_x_SCXW220660915 x_x_BCX0 x_x_OWAAutoLink\" href=\"https:\/\/www.litoralpress.cl\/paginaconsultas\/Servicios_NClipSitioWeb\/Get_Imagen_Nota.aspx?LPKey=KLCPS4MVPEHBBXKE4PUXWW2BUDNUJDHL4I5ZI2LA7V7WFPXOEDNHV6TQJPX6DVA72CFFEO77F5BFI\" target=\"_blank\" rel=\"noopener noreferrer\" data-auth=\"NotApplicable\" data-loopstyle=\"linkonly\" data-linkindex=\"18\"><\/a><\/p><p>\u00a0<\/p><\/div><div><p><b>CANAL CHILEVISI\u00d3N\u00a0<\/b><\/p><p><a href=\"https:\/\/www.litoralpress.cl\/sitio\/RadioTV_Detalles.cshtml?LPKey=GHHAX6QF3W3NFWJ23DERDR2ALFMZ4XYVO5FFIPKCHZWNWFNRTDRCROOLL4Q36CVJGFWEXD6KUN77G\">Nuevo modelo para frenar la delincuencia juvenil. Se refiere Francisco Maldonado, acad\u00e9mico Facultad de Ciencias Jur\u00eddicas y Sociales.<\/a><a href=\"https:\/\/www.litoralpress.cl\/sitio\/RadioTV_Detalles.cshtml?LPKey=GHHAX6QF3W3NFWJ23DERDR2ALFMZ4XYVO5FFIPKCHZWNWFNRTDRCROOLL4Q36CVJGFWEXD6KUN77G\">\u00a0<\/a><b><br aria-hidden=\"true\" \/><\/b><\/p><\/div><div><p>\u00a0<\/p><p><b>CANAL SUR PATAGONIA<\/b>\u00a0<br aria-hidden=\"true\" \/><a href=\"https:\/\/www.canalsurpatagonia.cl\/seremi-paulina-ruz-en-2023-entregamos-mas-de-400-viviendas-e-iniciamos-la-construccion-de-otras-250-en-diferentes-comunas-de-la-region\/#comments\">Seremi Paulina Ruz: \u201cEn 2023 entregamos m\u00e1s de 400 viviendas e iniciamos la construcci\u00f3n de otras 250 en diferentes comunas de la regi\u00f3n\u201d. Se menciona la Universidad de Talca.\u00a0\u00a0<\/a><br aria-hidden=\"true\" \/><br \/><\/p><\/div><div><p><b>EL AUSTRAL DE LA ARAUCAN\u00cdA<\/b><b>\u00a0<\/b><\/p><p><a href=\"https:\/\/www.litoralpress.cl\/paginaconsultas\/Servicios_NClipSitioWeb\/Get_Imagen_Nota.aspx?LPKey=AYFGWY3R7YVHZ7R4TI74QUUPVX3G5A3QFUZAWRLA2N4FJUGFWUXD65IX7VIOYKABLSHGHRJUNW3ZS\">Certifican a 50 funcionarios en curso de Hidrolog\u00eda y Gesti\u00f3n de Cuencas Hidrogr\u00e1ficas. Se refiere el director de la C\u00e1tedra UNESCO en Hidrolog\u00eda de Superficie, Roberto Pizarro Tapia.<\/a><\/p><p><b>\u00a0<\/b><\/p><p><b>CANAL TVN RED MAULE<\/b>\u00a0<\/p><p><a href=\"https:\/\/www.litoralpress.cl\/sitio\/RadioTV_Detalles.cshtml?LPKey=VTO4MM64QESYIIFRONNFLCM6AF7SMGXMHN6J2H6X6SPA5ETF4MHJWZPQDASQT7ZDAW67UJMGTTIKY\">Temor por captura de gigantesco tibur\u00f3n. Se refiere Samy Hawa, acad\u00e9mico Facultad de Ciencias Jur\u00eddicas y Sociales.\u00a0<\/a><\/p><p>\u00a0<\/p><\/div><div><p><b>RADIO INFINITA<\/b>\u00a0<br aria-hidden=\"true\" \/><a href=\"https:\/\/www.litoralpress.cl\/sitio\/RadioTV_Detalles.cshtml?LPKey=GNHQ7MSCVYFWLAVRMUZUX2LH6RBHIVRSTVLXR5ZDQOOG2LKTHYWHJ7ESVLYXLALD5WHIMV3DQ356S\">Comentario de pol\u00edtica de Mauricio Morales, acad\u00e9mico Faculatd de Ciencias Jur\u00eddicas y Sociales.\u00a0<\/a><\/p><\/div><div>\u00a0<\/div><div><b>EL MAULE INFORMA<\/b>\u00a0<br aria-hidden=\"true\" \/><a href=\"https:\/\/elmauleinforma.cl\/peer-maule-avanza-en-la-delimitacion-de-las-macrozonas-energeticas-regionales\/\">PEER Maule avanza en la delimitaci\u00f3n de las macrozonas energ\u00e9ticas regionales. Se refiere Mar\u00eda Luisa del Campo, directora del Centro Tecnol\u00f3gico Kipus.\u00a0<\/a><\/div><div>\u00a0<\/div><p><b>DIARIO EL HERALDO<\/b>\u00a0<\/p><p><a href=\"https:\/\/www.litoralpress.cl\/paginaconsultas\/Servicios_NClipSitioWeb\/Get_Imagen_Nota.aspx?LPKey=B5BMPBH2HRZXFHTMFQ7WX6HPFT5UJK22AIJQ6U5WMYHF27SBD3KPYWSB7H3XLM7RJZKV6WKAJNPHE\">Parral: Direcci\u00f3n de Seguridad Municipal contar\u00e1 con dos lectores de patentes para combatir el robo de veh\u00edculos. Se menciona la Universidad de Talca.\u00a0<\/a><\/p><p>\u00a0<\/p><\/div>\t\t\t\t\t\t<\/div>\n\t\t\t\t<\/div>\n\t\t\t\t\t<\/div>\n\t\t<\/div>\n\t\t\t\t\t\t\t<\/div>\n\t\t<\/section>\n\t\t\t\t\t\t<\/div>\n\t\t\t\t\t<\/div>\n\t\t","protected":false},"excerpt":{"rendered":"<p>\u00a0\u00a0 G5 NOTICIAS\u00a0 Universidad de Talca efectu\u00f3 exitoso proceso de matr\u00edculas. Se refiere Paola Morales Norambuena, directora de Ciclo de Vida Estudiantil y Tania Mascar\u00f3, coordinadora de Admisi\u00f3n y Acceso.\u00a0 DIARIO EL HERALDO\u00a0Universidad de Talca efectu\u00f3 exitoso proceso de matr\u00edculas. Se refiere Paola Morales Norambuena, directora de Ciclo de Vida Estudiantil y Tania Mascar\u00f3, coordinadora &hellip;<\/p>\n<p class=\"read-more\"> <a class=\"\" href=\"https:\/\/www.reportedeprensa.utalca.cl\/?p=9121\"> <span class=\"screen-reader-text\">25 de enero de 2024<\/span> Read More &raquo;<\/a><\/p>\n","protected":false},"author":1,"featured_media":0,"comment_status":"closed","ping_status":"open","sticky":false,"template":"","format":"standard","meta":{"_monsterinsights_skip_tracking":false,"_monsterinsights_sitenote_active":false,"_monsterinsights_sitenote_note":"","_monsterinsights_sitenote_category":0},"categories":[44],"tags":[],"_links":{"self":[{"href":"https:\/\/www.reportedeprensa.utalca.cl\/index.php?rest_route=\/wp\/v2\/posts\/9121"}],"collection":[{"href":"https:\/\/www.reportedeprensa.utalca.cl\/index.php?rest_route=\/wp\/v2\/posts"}],"about":[{"href":"https:\/\/www.reportedeprensa.utalca.cl\/index.php?rest_route=\/wp\/v2\/types\/post"}],"author":[{"embeddable":true,"href":"https:\/\/www.reportedeprensa.utalca.cl\/index.php?rest_route=\/wp\/v2\/users\/1"}],"replies":[{"embeddable":true,"href":"https:\/\/www.reportedeprensa.utalca.cl\/index.php?rest_route=%2Fwp%2Fv2%2Fcomments&post=9121"}],"version-history":[{"count":4,"href":"https:\/\/www.reportedeprensa.utalca.cl\/index.php?rest_route=\/wp\/v2\/posts\/9121\/revisions"}],"predecessor-version":[{"id":9128,"href":"https:\/\/www.reportedeprensa.utalca.cl\/index.php?rest_route=\/wp\/v2\/posts\/9121\/revisions\/9128"}],"wp:attachment":[{"href":"https:\/\/www.reportedeprensa.utalca.cl\/index.php?rest_route=%2Fwp%2Fv2%2Fmedia&parent=9121"}],"wp:term":[{"taxonomy":"category","embeddable":true,"href":"https:\/\/www.reportedeprensa.utalca.cl\/index.php?rest_route=%2Fwp%2Fv2%2Fcategories&post=9121"},{"taxonomy":"post_tag","embeddable":true,"href":"https:\/\/www.reportedeprensa.utalca.cl\/index.php?rest_route=%2Fwp%2Fv2%2Ftags&post=9121"}],"curies":[{"name":"wp","href":"https:\/\/api.w.org\/{rel}","templated":true}]}}