{"id":9136,"date":"2024-02-27T11:18:56","date_gmt":"2024-02-27T14:18:56","guid":{"rendered":"https:\/\/www.reportedeprensa.utalca.cl\/?p=9136"},"modified":"2024-02-27T11:39:46","modified_gmt":"2024-02-27T14:39:46","slug":"27-de-febrero-de-2024","status":"publish","type":"post","link":"https:\/\/www.reportedeprensa.utalca.cl\/?p=9136","title":{"rendered":"27 de febrero de 2024"},"content":{"rendered":"\t\t<div data-elementor-type=\"wp-post\" data-elementor-id=\"9136\" class=\"elementor elementor-9136\" data-elementor-settings=\"[]\">\n\t\t\t\t\t\t\t<div class=\"elementor-section-wrap\">\n\t\t\t\t\t\t\t<section class=\"elementor-section elementor-top-section elementor-element elementor-element-bcea1a8 elementor-section-boxed elementor-section-height-default elementor-section-height-default\" data-id=\"bcea1a8\" data-element_type=\"section\">\n\t\t\t\t\t\t<div class=\"elementor-container elementor-column-gap-default\">\n\t\t\t\t\t<div class=\"elementor-column elementor-col-100 elementor-top-column elementor-element elementor-element-e7183bf\" data-id=\"e7183bf\" data-element_type=\"column\">\n\t\t\t<div class=\"elementor-widget-wrap elementor-element-populated\">\n\t\t\t\t\t\t\t\t<div class=\"elementor-element elementor-element-5ffbb87 elementor-widget elementor-widget-text-editor\" data-id=\"5ffbb87\" data-element_type=\"widget\" data-widget_type=\"text-editor.default\">\n\t\t\t\t<div class=\"elementor-widget-container\">\n\t\t\t\t\t\t\t\t<p><b>LA TERCERA<\/b><\/p><p><a href=\"https:\/\/www.litoralpress.cl\/paginaconsultas\/Servicios_NClipSitio\/Get_Imagen_Nota.aspx?LPKey=UMDF3VTAWR4RF2LWATRN476HHWWO7ULMA5ON2W7RRQIYPI6GVAFVK4OUJ6VYQQOY3262DDOKGESQC\">Medicina sube, Derecho baja: las variaciones en los puntajes de corte de la Admisi\u00f3n 2024. Se refiere Eduardo \u00c1lvarez Miranda, director de Planificaci\u00f3n y An\u00e1lisis Institucional.<\/a><\/p><p>\u00a0<\/p><p><b>EL MOSTRADOR\u00a0<br aria-hidden=\"true\" \/><\/b><a href=\"https:\/\/www.elmostrador.cl\/agenda-pais\/agenda-sustentable\/2024\/01\/30\/universidad-destaca-dentro-de-las-cinco-universidades-mas-sustentables-del-pais\/\">Universidad regional destaca dentro de las cinco universidades m\u00e1s sustentables del pa\u00eds. Se refiere Carlos Torres Fuchslocher, rector UTalca y Patricia Opazo Barraza, directora ejecutiva de la Red Campus Sustentable.<\/a>\u00a0<b><br aria-hidden=\"true\" \/><\/b><\/p><p>\u00a0<\/p><p><b>CAUQUENES.NET<\/b>\u00a0<br aria-hidden=\"true\" \/><a href=\"https:\/\/cauquenesnet.cl\/2024\/01\/27\/utalca-destaca-dentro-de-las-cinco-universidades-mas-sustentables-del-pais\/\">UTalca destaca dentro de las cinco universidades m\u00e1s sustentables del pa\u00eds. Se refiere Carlos Torres Fuchslocher, rector UTalca y Patricia Opazo Barraza, directora ejecutiva de la Red Campus Sustentable.\u00a0<\/a><\/p><p>\u00a0<\/p><p><b>DIARIO TALCA<\/b><b>\u00a0<br aria-hidden=\"true\" \/><\/b><a href=\"https:\/\/diariotalca.cl\/utalca-recibio-a-estudiantes-destacados-en-proceso-deadmision-2024\/\">UTalca recibi\u00f3 a estudiantes destacados en proceso de Admisi\u00f3n 2024. Se refiere Carlos Torres Fuchslocher, rector UTalca y Paola Morales, directora del Ciclo de Vida Estudiantil.<\/a><a href=\"https:\/\/diariotalca.cl\/utalca-recibio-a-estudiantes-destacados-en-proceso-deadmision-2024\/\">\u00a0<\/a><b><br aria-hidden=\"true\" \/><\/b><\/p><p>\u00a0<\/p><p><b>EL LECTOR<\/b>\u00a0<br aria-hidden=\"true\" \/><a href=\"https:\/\/www.litoralpress.cl\/paginaconsultas\/Servicios_NClipSitioWeb\/Get_Imagen_Nota.aspx?LPKey=5N7NWZFIUE6OM35LPQTEYMKFCH4MDS7NHIJDG57ISYPSHBDUAT5KJXPPZ7SS2DFNSYQXSDWRFQGHO\">UTalca recibi\u00f3 a estudiantes destacados de Admisi\u00f3n 2024. Se refiere Carlos Torres Fuchslocher, rector UTalca y Paola Morales, directora del Ciclo de Vida Estudiantil.\u00a0<\/a><br aria-hidden=\"true\" \/><br aria-hidden=\"true\" \/><b>CAUQUENES.NET<\/b>\u00a0<br aria-hidden=\"true\" \/><a href=\"https:\/\/cauquenesnet.cl\/2024\/01\/26\/utalca-recibio-a-sus-estudiantes-destacados-de-admision-2024\/\">UTalca recibi\u00f3 a estudiantes destacados de Admisi\u00f3n 2024. Se refiere Carlos Torres Fuchslocher, rector UTalca y Paola Morales, directora del Ciclo de Vida Estudiantil.\u00a0<\/a><\/p><p>\u00a0<\/p><p><b>PUBLIMETRO<\/b><\/p><p><a href=\"https:\/\/www.litoralpress.cl\/paginaconsultas\/Servicios_NClipSitioWeb\/Get_Imagen_Nota.aspx?LPKey=ZEERBV2TKQ7QPO3BMSPHIVENOIR4DKXUOUXDHXYIBBHVKYPPUZMQP2H2TJZG2OGYAFHTZWGSSU6CC\">C\u00f3mo manejar lo mejor posible los &#8220;temidos gastos de marzo&#8221;. Se refiere Juan Riquelme, acad\u00e9mico de la Facultad de Econom\u00eda y Negocios.<\/a><\/p><p>\u00a0<\/p><p><b>EL CIUDADANO<\/b>\u00a0<br aria-hidden=\"true\" \/><a href=\"https:\/\/www.elciudadano.com\/chile\/investigadores-alertan-sobre-el-fenomeno-de-la-nina-y-su-alto-impacto-en-la-agricultura-en-2024\/01\/27\/\">Investigadores alertan sobre el fen\u00f3meno de La Ni\u00f1a y su alto impacto en la agricultura en 2024. Se refiere decano Facultad de Ciencias Agrarias, Gonzalo D\u00edaz\u00a0y Patricio Gonz\u00e1lez, agroclimat\u00f3logo Citra.<\/a><\/p><p>\u00a0<\/p><p><b>EL MOSTRADOR<\/b><b>\u00a0<br aria-hidden=\"true\" \/><\/b><a href=\"https:\/\/www.elmostrador.cl\/agenda-pais\/agenda-sustentable\/2024\/02\/06\/alertan-sobre-el-fenomeno-de-la-nina-y-su-alto-impacto-en-la-agricultura-este-2024\/\">Alertan sobre el Fen\u00f3meno de La Ni\u00f1a y su alto impacto en la agricultura este 2024. Se refiere el decano Facultad de Ciencias Agrarias, Gonzalo D\u00edaz y Patricio Gonz\u00e1lez, agroclimat\u00f3logo Citra.<\/a><b><br aria-hidden=\"true\" \/><\/b><\/p><p>\u00a0<\/p><p><b>COOPERATIVA CIENCIA<\/b>\u00a0<br aria-hidden=\"true\" \/><a href=\"https:\/\/www.cooperativaciencia.cl\/medio-ambiente\/2024\/01\/31\/alertan-por-efectos-de-la-nina-en-la-agricultura-del-pais\/\">Alertan por efectos de La Ni\u00f1a en la agricultura del pa\u00eds. Se refiere el decano Facultad de Ciencias Agrarias, Gonzalo D\u00edaz y Patricio Gonz\u00e1lez, agroclimat\u00f3logo Citra.<\/a><br aria-hidden=\"true\" \/><a id=\"OWA8fd1357e-9938-5a61-dc0c-4600f6561cc9\" class=\"x_OWAAutoLink\" href=\"https:\/\/www.cooperativaciencia.cl\/medio-ambiente\/2024\/01\/31\/alertan-por-efectos-de-la-nina-en-la-agricultura-del-pais\/\" target=\"_blank\" rel=\"noopener noreferrer\" data-auth=\"NotApplicable\" data-linkindex=\"9\"><\/a><\/p><p>\u00a0<\/p><p><b>RADIO AGRICULTURA<\/b>\u00a0<br aria-hidden=\"true\" \/><a href=\"https:\/\/www.radioagricultura.cl\/dato-practico\/2024\/01\/28\/expertos-alertan-sobre-el-fenomeno-de-la-nina-y-su-impacto-en-la-agricultura-este-2024\/\">Expertos alertan sobre el Fen\u00f3meno de La Ni\u00f1a y su impacto en la agricultura este 2024. Se refiere decano Facultad de Ciencias Agrarias, Gonzalo D\u00edaz y Patricio Gonz\u00e1lez, agroclimat\u00f3logo Citra.<\/a><\/p><p>\u00a0<\/p><p><b>ANTOFAGASTA TELEVISI\u00d3N<\/b>\u00a0<br aria-hidden=\"true\" \/><a href=\"https:\/\/www.litoralpress.cl\/sitio\/RadioTV_Detalles.cshtml?LPKey=4CIT2J2SHB3JK6EH4Z3SFU5DLFJ5LLMOOABPTUMU75UWJSL2L5NFJQWQXS23OQATYIG2WUTKKNUY6\">El impacto de la ola de calor en la agricultura. Se refiere decano Facultad de Ciencias Agrarias, Gonzalo D\u00edaz.\u00a0<\/a><br aria-hidden=\"true\" \/><br \/><\/p><p><b>DIARIO TALCA<\/b>\u00a0<br aria-hidden=\"true\" \/><a href=\"https:\/\/diariotalca.cl\/explican-la-estrecha-relacion-entre-alimentacion-y-salud-mental\/\">Explican la estrecha relaci\u00f3n entre alimentaci\u00f3n y salud mental. Se refiere Alonso Hern\u00e1ndez, acad\u00e9mico Escuela de Nutrici\u00f3n y Diet\u00e9tica\u00a0<\/a><br aria-hidden=\"true\" \/><br \/><\/p><p><b>AD PRENSA<\/b>\u00a0<br aria-hidden=\"true\" \/><a href=\"https:\/\/www.adprensa.cl\/cronica\/especialista-explico-la-estrecha-relacion-entre-alimentacion-y-salud-mental\/\">Especialista explic\u00f3 la estrecha relaci\u00f3n entre alimentaci\u00f3n y salud mental. Se refiere Alonso Hern\u00e1ndez, acad\u00e9mico de la Escuela de Nutrici\u00f3n y Diet\u00e9tica\u00a0<\/a><br aria-hidden=\"true\" \/><br \/><\/p><p><b>EL DIARIO SANTIAGO<\/b>\u00a0<br aria-hidden=\"true\" \/><a href=\"http:\/\/eldiariosantiago.cl\/especialista-explico-la-estrecha-relacion-entre-alimentacion-y-salud-mental\/\">Especialista explic\u00f3 la estrecha relaci\u00f3n entre alimentaci\u00f3n y salud mental. Se refiere Alonso Hern\u00e1ndez, acad\u00e9mico Escuela de Nutrici\u00f3n y Diet\u00e9tica.\u00a0\u00a0<\/a><\/p><p>\u00a0<\/p><p><b>MEDIA BANCO<\/b>\u00a0<br aria-hidden=\"true\" \/><a href=\"https:\/\/www.mediabanco.com\/jardin-botanico-y-arboretum-de-la-utalca-panoramas-imperdibles-durante-el-verano\/\">Jard\u00edn Bot\u00e1nico y Arboretum de la UTalca: Panoramas imperdibles durante el verano. Se refiere Karin Saavedra, directora de la Direcci\u00f3n General de Vinculaci\u00f3n con el Medio.<\/a>\u00a0\u00a0<br aria-hidden=\"true\" \/><br \/><\/p><p><b>\u00a0<\/b><b>EL MOSTRADOR<\/b><b>\u00a0<br aria-hidden=\"true\" \/><\/b><a href=\"https:\/\/www.elmostrador.cl\/agenda-pais\/vida-en-linea\/2024\/02\/07\/alertan-sobre-presencia-de-virus-respiratorios-durante-el-periodo-estival\/\">Alertan sobre presencia de virus respiratorios durante el periodo estival. Se refiere Erika Retamal, directora del Departamento de Salud P\u00fablica.\u00a0\u00a0<\/a><a href=\"https:\/\/www.elmostrador.cl\/agenda-pais\/vida-en-linea\/2024\/02\/07\/alertan-sobre-presencia-de-virus-respiratorios-durante-el-periodo-estival\/\">\u00a0<\/a><b><br aria-hidden=\"true\" \/><\/b><\/p><p>\u00a0<\/p><p><b>COOPERATIVA CIENCIA\u00a0<\/b>\u00a0<br aria-hidden=\"true\" \/><a href=\"https:\/\/www.cooperativaciencia.cl\/salud\/2024\/02\/08\/alertan-sobre-presencia-de-virus-respiratorios-durante-el-verano\/\">Alertan sobre presencia de virus respiratorios durante el verano.\u00a0Se refiere Erika Retamal, directora del Departamento de Salud P\u00fablica.\u00a0<\/a>\u00a0\u00a0<br aria-hidden=\"true\" \/><br \/><\/p><p><b>RED BIOBIO<\/b>\u00a0<br aria-hidden=\"true\" \/><a href=\"https:\/\/redbiobio.com\/nacional\/alertan-sobre-presencia-de-virus-respiratorios-durante-el-periodo-estival\">Alertan sobre presencia de virus respiratorios durante el periodo estival. Se refiere Erika Retamal, directora del Departamento de Salud P\u00fablica.\u00a0\u00a0<\/a><br aria-hidden=\"true\" \/><br aria-hidden=\"true\" \/><b>RED VALPARA\u00cdSO<\/b>\u00a0<br aria-hidden=\"true\" \/><a href=\"https:\/\/redvalparaiso.com\/nacional\/alertan-sobre-presencia-de-virus-respiratorios-durante-el-periodo-estival\">Alertan sobre presencia de virus respiratorios durante el periodo estival. Se refiere Erika Retamal, directora del Departamento de Salud P\u00fablica.\u00a0\u00a0<\/a><\/p><p>\u00a0<\/p><p><b>DIARIOS EN RED<\/b>\u00a0<br aria-hidden=\"true\" \/><a href=\"https:\/\/diariosenred.com\/nacional\/alertan-sobre-presencia-de-virus-respiratorios-durante-el-periodo-estival\">Alertan sobre presencia de virus respiratorios durante el periodo estival. Se refiere Erika Retamal, directora del Departamento de Salud P\u00fablica.\u00a0<\/a><\/p><p>\u00a0<\/p><p><b>CIENCIA Y SALUD<\/b><b>\u00a0<br aria-hidden=\"true\" \/><\/b><a href=\"https:\/\/cienciaysalud.cl\/2024\/02\/08\/u-de-talca-capacito-a-equipos-de-atencion-primaria-en-la-intervencion-de-pacientes-con-depresion\/\">U. de Talca capacit\u00f3 a equipos de atenci\u00f3n primaria en la intervenci\u00f3n de pacientes con depresi\u00f3n. Se refiere Ver\u00f3nica Vitriol, directora de la Especializaci\u00f3n en Psiquiatr\u00eda Adultos de la Facultad de Medicina.\u00a0<\/a><b>\u00a0<br aria-hidden=\"true\" \/><\/b><\/p><p><b>\u00a0<\/b><\/p><p><b>EL DIARIO SANTIAGO<\/b>\u00a0<br aria-hidden=\"true\" \/><a href=\"http:\/\/eldiariosantiago.cl\/utalca-capacito-a-equipos-de-atencion-primaria-en-la-intervencion-de-pacientes-con-depresion\/\">U. de Talca capacit\u00f3 a equipos de atenci\u00f3n primaria en la intervenci\u00f3n de pacientes con depresi\u00f3n. Se refiere Ver\u00f3nica Vitriol, directora de la Especializaci\u00f3n en Psiquiatr\u00eda Adultos de la Facultad de Medicina.\u00a0<\/a><\/p><p>\u00a0<\/p><p><b>EL MOSTRADOR<\/b><b>\u00a0<br aria-hidden=\"true\" \/><\/b><a href=\"https:\/\/www.elmostrador.cl\/agenda-pais\/vida-en-linea\/2024\/02\/09\/cancer-de-cuello-uterino-sepa-como-prevenir-y-tratar-esta-enfermedad\/\">C\u00e1ncer de cuello uterino: enfermedad que anualmente causa la muerte de 600 mujeres en Chile. Se refiere Marjorie Medel, acad\u00e9mica de Obstetricia y Puericultura. \u00a0<\/a><a href=\"https:\/\/www.elmostrador.cl\/agenda-pais\/vida-en-linea\/2024\/02\/09\/cancer-de-cuello-uterino-sepa-como-prevenir-y-tratar-esta-enfermedad\/\">\u00a0<\/a><b><br aria-hidden=\"true\" \/><\/b><\/p><p>\u00a0<\/p><p><b>CIENCIA Y SALUD<\/b>\u00a0<br aria-hidden=\"true\" \/><a href=\"https:\/\/cienciaysalud.cl\/2024\/02\/09\/cancer-de-cuello-uterino-enfermedad-que-anualmente-causa-la-muerte-de-600-mujeres-en-chile\/\">C\u00e1ncer de cuello uterino: enfermedad que anualmente causa la muerte de 600 mujeres en Chile. Se refiere Marjorie Medel, acad\u00e9mica de Obstetricia y Puericultura. \u00a0\u00a0<\/a><\/p><p>\u00a0<\/p><p><b>PORTAL INNOVA<\/b>\u00a0<br aria-hidden=\"true\" \/><a href=\"https:\/\/portalinnova.cl\/becas-de-doctorado-anid-210-profesionales-altamente-calificados-se-formaran-en-universidades-de-la-macrozona-centro-sur\/\">Becas de doctorado ANID, 210 profesionales altamente calificados se formar\u00e1n en universidades de la Macrozona Centro Sur. Se menciona la Universidad de Talca.\u00a0\u00a0<\/a><\/p><p>\u00a0<\/p><p><b>LA TERCERA<\/b><b>\u00a0<br aria-hidden=\"true\" \/><\/b><a href=\"https:\/\/www.litoralpress.cl\/sitio\/Prensa_Detalles.cshtml?LPKey=FN6OJ5PJU2BDL3YQPGFTYRVW6TSZIUL3PCMR2Q6HFV6UV232E77A\">Por primera vez separaci\u00f3n de bienes iguala a sociedad conyugal en r\u00e9gimen matrimonial en Chile. Se refiere Marcela Acu\u00f1a, acad\u00e9mico Facultad de Ciencias Jur\u00eddicas y Sociales.\u00a0<\/a><a href=\"https:\/\/www.litoralpress.cl\/sitio\/Prensa_Detalles.cshtml?LPKey=FN6OJ5PJU2BDL3YQPGFTYRVW6TSZIUL3PCMR2Q6HFV6UV232E77A\">\u00a0<\/a><b><br aria-hidden=\"true\" \/><\/b><\/p><p>\u00a0<\/p><p><b>LA TERCERA<\/b><b>\u00a0<br aria-hidden=\"true\" \/><\/b><a href=\"https:\/\/www.litoralpress.cl\/sitio\/Prensa_Detalles.cshtml?LPKey=ABIRCXKOITGPIQ6ZC7QHAOSDHKYSGIK4AQKKB633BESCEYHSSHJA\">Calor extremo: climat\u00f3logos y meteor\u00f3logos anticipan que temperatura en Santiago podr\u00eda llegar a 40\u00b0C. Se refiere Patricio Gonz\u00e1lez, agroclimat\u00f3logo Citra UTalca.<\/a><a href=\"https:\/\/www.litoralpress.cl\/sitio\/Prensa_Detalles.cshtml?LPKey=ABIRCXKOITGPIQ6ZC7QHAOSDHKYSGIK4AQKKB633BESCEYHSSHJA\">\u00a0<\/a><b><br aria-hidden=\"true\" \/><\/b><\/p><p>\u00a0<\/p><p><b>ADN RADIO<\/b>\u00a0<br aria-hidden=\"true\" \/><a href=\"https:\/\/www.adnradio.cl\/2024\/01\/31\/agroclimatologo-patricio-gonzalez-por-ola-de-calor-no-solo-nos-vamos-a-tener-que-acostumbrar-vamos-a-tener-que-tomar-medidas-politicas-serias\/\">ADN Hoy. Agroclimat\u00f3logo Patricio Gonz\u00e1lez por ola de calor: \u201cNo solo nos vamos a tener que acostumbrar; vamos a tener que tomar medidas pol\u00edticas serias\u201d.\u00a0\u00a0<\/a><\/p><p>\u00a0<\/p><p><b>LA TERCERA ONLINE<\/b>\u00a0<br aria-hidden=\"true\" \/><a href=\"https:\/\/www.latercera.com\/que-pasa\/noticia\/calor-extremo-climatologos-y-meteorologos-anticipan-que-temperatura-en-santiago-podria-llegar-a-40c\/LMI2CAGS7NE4RN6OUHWNO223NA\/\">Calor extremo: climat\u00f3logos y meteor\u00f3logos anticipan que temperatura en Santiago podr\u00eda llegar a 40\u00b0C. Se refiere Patricio Gonz\u00e1lez, agroclimat\u00f3logo Citra UTalca.\u00a0\u00a0<\/a><\/p><p>\u00a0<\/p><p><b>24 HORAS<\/b>\u00a0<br aria-hidden=\"true\" \/><a href=\"https:\/\/www.24horas.cl\/deportes\/mas-deportes\/olas-de-calor-y-deporte-consejos-para-realizar-actividades-fisicas-\">Olas de calor y deporte: consejos para realizar actividades f\u00edsicas en esta temporada. Se menciona la Universidad de Talca.\u00a0\u00a0<\/a><\/p><p>\u00a0<\/p><p class=\"x_elementToProof\"><b>FM DOS<\/b>\u00a0<\/p><p><a href=\"https:\/\/www.fmdos.cl\/vida-sana\/estos-son-los-alimentos-que-por-ningun-motivo-debes-guardar-en-el-refrigerador-y-pocos-lo-saben-segun-nutricionista-chilena\/\">Estos son los alimentos que por ning\u00fan motivo debes guardar en el refrigerador y pocos lo saben, seg\u00fan nutricionista chilena. Se menciona la Universidad de Talca.\u00a0\u00a0<\/a><\/p><p class=\"x_elementToProof\">\u00a0<\/p><p class=\"x_elementToProof\"><b>TVN RED MAULE<\/b><b>\u00a0<\/b><br aria-hidden=\"true\" \/><a href=\"https:\/\/www.litoralpress.cl\/sitio\/RadioTV_Detalles.cshtml?LPKey=HFXS6BUGSHKQNHUBJM5BOLGAUDPWPUTRVFNBNJWRXBRJ6RRJJNKFFX5FFSA5R3HD6XQOKD6SFI2W6\">Jard\u00edn Bot\u00e1nico U. de Talca invita a disfrutar de la naturaleza. Se menciona la Universidad de Talca.\u00a0<\/a><\/p><p class=\"x_elementToProof\">\u00a0\u00a0<\/p><p><b>EL HERALDO<\/b>\u00a0<br aria-hidden=\"true\" \/><a href=\"https:\/\/www.litoralpress.cl\/paginaconsultas\/Servicios_NClipSitioWeb\/Get_Imagen_Nota.aspx?LPKey=OLTDBWBXJHMM2U7SDKTTZSLWT7COI5JICEVV27E3QY3YMITCTPUKC3H5UHNYFHO2NEC5M6DHUAJTC\">Editorial UTalca ofrece eBooks gratuitos para leer estas vacaciones. Se refiere Marcela Albornoz, directora Editorial UTalca.\u00a0\u00a0<\/a><br aria-hidden=\"true\" \/>\u00a0<\/p><p><b>LA PRENSA DE CURIC\u00d3<\/b>\u00a0<br aria-hidden=\"true\" \/><a href=\"https:\/\/www.litoralpress.cl\/sitio\/Prensa_Detalles.cshtml?LPKey=OQGP56KYCNS27XAOUDZGIX4HFV53SWYK6WLZLBI3243BAP44JNTQ\">Editorial UTalca ofrece eBooks gratuitos para leer estas vacaciones. Se refiere Marcela Albornoz, directora Editorial UTalca.\u00a0\u00a0<\/a>\u00a0<br aria-hidden=\"true\" \/><br \/><\/p><p><b>EL LECTOR<\/b>\u00a0<br aria-hidden=\"true\" \/><a href=\"https:\/\/www.litoralpress.cl\/paginaconsultas\/Servicios_NClipSitioWeb\/Get_Imagen_Nota.aspx?LPKey=7NFEQUZCYYK6S46U43YMYZK2ENXJ6UV2UYVUESKC7Q36XQLWDUJI57H3DD35B3W2LW35FESACV7V4\">Editorial UTalca ofrece eBooks gratuitos para leer estas vacaciones. Se refiere Marcela Albornoz, directora Editorial UTalca.\u00a0\u00a0\u00a0<\/a><\/p><p>\u00a0<\/p><p><b>MEDIA BANCO<\/b>\u00a0<br aria-hidden=\"true\" \/><a href=\"https:\/\/www.mediabanco.com\/editorial-utalca-ofrece-ebooks-gratuitos-para-leer-estas-vacaciones\/\">Editorial UTalca ofrece eBooks gratuitos para leer estas vacaciones. Se refiere Marcela Albornoz, directora Editorial UTalca.\u00a0\u00a0<\/a><\/p><p class=\"x_elementToProof\">\u00a0<\/p>\t\t\t\t\t\t<\/div>\n\t\t\t\t<\/div>\n\t\t\t\t\t<\/div>\n\t\t<\/div>\n\t\t\t\t\t\t\t<\/div>\n\t\t<\/section>\n\t\t\t\t\t\t<\/div>\n\t\t\t\t\t<\/div>\n\t\t","protected":false},"excerpt":{"rendered":"<p>LA TERCERA Medicina sube, Derecho baja: las variaciones en los puntajes de corte de la Admisi\u00f3n 2024. Se refiere Eduardo \u00c1lvarez Miranda, director de Planificaci\u00f3n y An\u00e1lisis Institucional. \u00a0 EL MOSTRADOR\u00a0Universidad regional destaca dentro de las cinco universidades m\u00e1s sustentables del pa\u00eds. Se refiere Carlos Torres Fuchslocher, rector UTalca y Patricia Opazo Barraza, directora ejecutiva &hellip;<\/p>\n<p class=\"read-more\"> <a class=\"\" href=\"https:\/\/www.reportedeprensa.utalca.cl\/?p=9136\"> <span class=\"screen-reader-text\">27 de febrero de 2024<\/span> Read More &raquo;<\/a><\/p>\n","protected":false},"author":1,"featured_media":0,"comment_status":"closed","ping_status":"open","sticky":false,"template":"","format":"standard","meta":{"_monsterinsights_skip_tracking":false,"_monsterinsights_sitenote_active":false,"_monsterinsights_sitenote_note":"","_monsterinsights_sitenote_category":0},"categories":[45],"tags":[],"_links":{"self":[{"href":"https:\/\/www.reportedeprensa.utalca.cl\/index.php?rest_route=\/wp\/v2\/posts\/9136"}],"collection":[{"href":"https:\/\/www.reportedeprensa.utalca.cl\/index.php?rest_route=\/wp\/v2\/posts"}],"about":[{"href":"https:\/\/www.reportedeprensa.utalca.cl\/index.php?rest_route=\/wp\/v2\/types\/post"}],"author":[{"embeddable":true,"href":"https:\/\/www.reportedeprensa.utalca.cl\/index.php?rest_route=\/wp\/v2\/users\/1"}],"replies":[{"embeddable":true,"href":"https:\/\/www.reportedeprensa.utalca.cl\/index.php?rest_route=%2Fwp%2Fv2%2Fcomments&post=9136"}],"version-history":[{"count":4,"href":"https:\/\/www.reportedeprensa.utalca.cl\/index.php?rest_route=\/wp\/v2\/posts\/9136\/revisions"}],"predecessor-version":[{"id":9153,"href":"https:\/\/www.reportedeprensa.utalca.cl\/index.php?rest_route=\/wp\/v2\/posts\/9136\/revisions\/9153"}],"wp:attachment":[{"href":"https:\/\/www.reportedeprensa.utalca.cl\/index.php?rest_route=%2Fwp%2Fv2%2Fmedia&parent=9136"}],"wp:term":[{"taxonomy":"category","embeddable":true,"href":"https:\/\/www.reportedeprensa.utalca.cl\/index.php?rest_route=%2Fwp%2Fv2%2Fcategories&post=9136"},{"taxonomy":"post_tag","embeddable":true,"href":"https:\/\/www.reportedeprensa.utalca.cl\/index.php?rest_route=%2Fwp%2Fv2%2Ftags&post=9136"}],"curies":[{"name":"wp","href":"https:\/\/api.w.org\/{rel}","templated":true}]}}