{"id":9168,"date":"2024-02-29T12:25:16","date_gmt":"2024-02-29T15:25:16","guid":{"rendered":"https:\/\/www.reportedeprensa.utalca.cl\/?p=9168"},"modified":"2024-02-29T12:32:42","modified_gmt":"2024-02-29T15:32:42","slug":"29-de-febrero-de-2024","status":"publish","type":"post","link":"https:\/\/www.reportedeprensa.utalca.cl\/?p=9168","title":{"rendered":"29 de febrero de 2024"},"content":{"rendered":"\t\t<div data-elementor-type=\"wp-post\" data-elementor-id=\"9168\" class=\"elementor elementor-9168\" data-elementor-settings=\"[]\">\n\t\t\t\t\t\t\t<div class=\"elementor-section-wrap\">\n\t\t\t\t\t\t\t<section class=\"elementor-section elementor-top-section elementor-element elementor-element-bcea1a8 elementor-section-boxed elementor-section-height-default elementor-section-height-default\" data-id=\"bcea1a8\" data-element_type=\"section\">\n\t\t\t\t\t\t<div class=\"elementor-container elementor-column-gap-default\">\n\t\t\t\t\t<div class=\"elementor-column elementor-col-100 elementor-top-column elementor-element elementor-element-e7183bf\" data-id=\"e7183bf\" data-element_type=\"column\">\n\t\t\t<div class=\"elementor-widget-wrap elementor-element-populated\">\n\t\t\t\t\t\t\t\t<div class=\"elementor-element elementor-element-5ffbb87 elementor-widget elementor-widget-text-editor\" data-id=\"5ffbb87\" data-element_type=\"widget\" data-widget_type=\"text-editor.default\">\n\t\t\t\t<div class=\"elementor-widget-container\">\n\t\t\t\t\t\t\t\t<p class=\"x_elementToProof\"><b>RADIO AGRICULTURA<\/b><b>\u00a0<\/b><\/p><p class=\"x_elementToProof\"><a href=\"https:\/\/www.radioagricultura.cl\/nacional\/2024\/02\/27\/14-anos-del-27-f-cuales-son-lecciones-claves-para-un-exitoso-proceso-de-reconstruccion\/\">A 14 a\u00f1os del 27-F: \u00bfCu\u00e1les son lecciones claves para un exitoso proceso de reconstrucci\u00f3n? Se refiere Armando Dur\u00e1n Bustamante, acad\u00e9mico de la Facultad de Ingenier\u00eda.\u00a0\u00a0<\/a><\/p><p><b>\u00a0<\/b><\/p><p><b>EL HERALDO<\/b>\u00a0<\/p><p class=\"x_elementToProof\"><a href=\"https:\/\/www.litoralpress.cl\/paginaconsultas\/Servicios_NClipSitio\/Get_Imagen_Nota.aspx?LPKey=4X3NA4GRPIN7OHVRELGFOS7UGWMRLH4L2NOEYMNJ4PZBY2AT7ZJ7PDUMROXFZWEXXQ6S334HDCATA\">A 14 a\u00f1os del 27F: cu\u00e1les son lecciones claves para un exitoso proceso de reconstrucci\u00f3n. Se refiere Armando Dur\u00e1n Bustamante, acad\u00e9mico de la Facultad de Ingenier\u00eda.\u00a0\u00a0<\/a><\/p><p>\u00a0<\/p><p><b>EL LECTOR<\/b>\u00a0<\/p><p class=\"x_elementToProof\"><a href=\"https:\/\/www.litoralpress.cl\/paginaconsultas\/Servicios_NClipSitio\/Get_Imagen_Nota.aspx?LPKey=Z6MPQ5U7VO5U553Q4OUXQ6WPMTKXNJUSCX6ASSEZPLPAYAGXJYTD4VZEPYSQXW6X7N7JTLRQTWPXI\">A 14 a\u00f1os del 27F: cu\u00e1les son lecciones claves para un exitoso proceso de reconstrucci\u00f3n. Se refiere Armando Dur\u00e1n Bustamante, acad\u00e9mico de la Facultad de Ingenier\u00eda.\u00a0\u00a0<\/a><\/p><p>\u00a0<\/p><p><b>DIARIO EL HERALDO <\/b>\u00a0<\/p><p class=\"x_elementToProof\"><a href=\"https:\/\/www.diarioelheraldo.cl\/noticia\/a-14-anos-del-27f-cuales-son-lecciones-claves-para-un-exitoso-proceso-de-reconstruccion\">A 14 a\u00f1os del 27F: cu\u00e1les son lecciones claves para un exitoso proceso de reconstrucci\u00f3n. Se refiere Armando Dur\u00e1n Bustamante, acad\u00e9mico de la Facultad de Ingenier\u00eda.\u00a0\u00a0<\/a><\/p><p>\u00a0<\/p><p><b>CAUQUENES.NET<\/b>\u00a0<\/p><p class=\"x_elementToProof\"><a href=\"https:\/\/cauquenesnet.cl\/2024\/02\/27\/a-14-anos-del-27f-cuales-son-lecciones-claves-para-un-exitosoproceso-de-reconstruccion\/\">A 14 a\u00f1os del 27F: cu\u00e1les son lecciones claves para un exitoso proceso de reconstrucci\u00f3n. Se refiere Armando Dur\u00e1n Bustamante, acad\u00e9mico de la Facultad de Ingenier\u00eda.\u00a0<\/a><\/p><p>\u00a0<\/p><p class=\"x_elementToProof\"><b>G5 NOTICIAS<\/b>\u00a0 <br \/><a href=\"https:\/\/g5noticias.cl\/2024\/02\/27\/a-14-anos-del-27f-cuales-son-lecciones-claves-para-un-exitoso-proceso-de-reconstruccion\/\">A 14 a\u00f1os del 27F: cu\u00e1les son lecciones claves para un exitoso proceso de reconstrucci\u00f3n. Se refiere Armando Dur\u00e1n Bustamante, acad\u00e9mico de la Facultad de Ingenier\u00eda.\u00a0\u00a0<\/a><\/p><p>\u00a0<\/p><p><b>EL MAULE INFORMA<\/b>\u00a0<\/p><p class=\"x_elementToProof\"><a href=\"https:\/\/elmauleinforma.cl\/a-14-anos-del-27f-cuales-son-lecciones-claves-para-un-exitoso-proceso-de-reconstruccion\/\">A 14 a\u00f1os del 27F: cu\u00e1les son lecciones claves para un exitoso proceso de reconstrucci\u00f3n. Se refiere Armando Dur\u00e1n Bustamante, acad\u00e9mico de la Facultad de Ingenier\u00eda.\u00a0\u00a0<\/a><\/p><p>\u00a0<\/p><p class=\"x_elementToProof\"><b>EL REPORTE DIARIO<\/b>\u00a0 <br \/><a href=\"https:\/\/reportediario.cl\/2024\/02\/27\/14-anos-del-27-f-descubre-las-lecciones-clave-para-una-exitosa-reconstruccion\/\">14 a\u00f1os del 27-F: Descubre las lecciones clave para una exitosa reconstrucci\u00f3n. Se refiere Armando Dur\u00e1n Bustamante, acad\u00e9mico de la Facultad de Ingenier\u00eda.\u00a0<\/a><\/p><p class=\"x_elementToProof\">\u00a0<\/p><p><b>EL MERCURIO<\/b><\/p><p><a href=\"https:\/\/www.litoralpress.cl\/paginaconsultas\/Servicios_NClipSitioWeb\/Get_Imagen_Nota.aspx?LPKey=QPJCSJMREDG4PKF44T65AFKE4OQPHO4UTJ7XNUOUYJ6BQQOQ2HNIKALHJ6JEDN4WUDOH4U54PPXLE\">M\u00e1s de tres d\u00edas sobre 33 *C elevan riesgo de incendios forestales y da\u00f1os a frutales. Se refiere Patricio Gonz\u00e1lez Colville, agroclimat\u00f3logo y acad\u00e9mico del Centro de Investigaci\u00f3n y Transferencia en Riego y Agroclimatolog\u00eda (CITRA).\u00a0<\/a><\/p><p><b>\u00a0<\/b><\/p><p><b>DIARIO TALCA<\/b><\/p><p><a href=\"https:\/\/www.litoralpress.cl\/paginaconsultas\/Servicios_NClipSitioWeb\/Get_Imagen_Nota.aspx?LPKey=2THW3IASUXMMPYTXDNYITK2ZLIKYYG6DR5UQGF4EIL6QDRGL2GB6FMP4RR4YF4WB46MORXKVHONMK\">El estudio que anticip\u00f3 las temperaturas extremas. Se refiere Patricio Gonz\u00e1lez Colville, agroclimat\u00f3logo y acad\u00e9mico del Centro de Investigaci\u00f3n y Transferencia en Riego y Agroclimatolog\u00eda (CITRA).<\/a><b><\/b><\/p><p>\u00a0<\/p><p class=\"x_elementToProof\"><b>EL TIP\u00d3GRAFO<\/b><b>\u00a0 <br \/><\/b><a href=\"https:\/\/eltipografo.cl\/2024\/02\/regresa-el-fenomeno-de-la-nina-en-que-consiste-y-como-impactara-a-chile\">Regresa el Fen\u00f3meno de la Ni\u00f1a: \u00bfEn qu\u00e9 consiste y c\u00f3mo impactar\u00e1 a Chile? Se refiere Patricio Gonz\u00e1lez Colville, agroclimat\u00f3logo y acad\u00e9mico del Centro de Investigaci\u00f3n y Transferencia en Riego y Agroclimatolog\u00eda (CITRA).<\/a><b><a href=\"https:\/\/eltipografo.cl\/2024\/02\/regresa-el-fenomeno-de-la-nina-en-que-consiste-y-como-impactara-a-chile\"> \u00a0<\/a>\u00a0<\/b><\/p><p>\u00a0<\/p><p><b>DIARIO LA PRENSA<\/b>\u00a0<\/p><p class=\"x_elementToProof\"><a href=\"https:\/\/new.diariolaprensa.cl\/index.php\/2024\/02\/28\/sepa-como-impactara-a-chile-el-fenomeno-de-la-nina\/\">Sepa c\u00f3mo impactar\u00e1 a Chile el fen\u00f3meno de La Ni\u00f1a. Se refiere Patricio Gonz\u00e1lez Colville, agroclimat\u00f3logo y acad\u00e9mico del Centro de Investigaci\u00f3n y Transferencia en Riego y Agroclimatolog\u00eda (CITRA).<\/a> \u00a0<\/p><p>\u00a0<\/p><p><b>HORA 12<\/b>\u00a0<\/p><p class=\"x_elementToProof\"><a href=\"https:\/\/hora12.cl\/2024\/02\/27\/se-anuncia-el-retorno-del-fenomeno-climatico-de-la-nina-para-finales-del-otono\/\">Se anuncia el retorno del fen\u00f3meno clim\u00e1tico de La Ni\u00f1a para finales del Oto\u00f1o. Se refiere Patricio Gonz\u00e1lez Colville, agroclimat\u00f3logo y acad\u00e9mico del Centro de Investigaci\u00f3n y Transferencia en Riego y Agroclimatolog\u00eda (CITRA).\u00a0<\/a><\/p><p>\u00a0<\/p><p class=\"x_elementToProof\"><b>LA PRENSA DE CURIC\u00d3<\/b>\u00a0<\/p><p class=\"x_elementToProof\"><a href=\"https:\/\/www.litoralpress.cl\/paginaconsultas\/Servicios_NClipSitio\/Get_Imagen_Nota.aspx?LPKey=J5EHSPVNZEOORHC23OB6CKQZM5LLL26PPJ64MI3BYC3UYMQY736CESV4XF34FQSFUOONX36TRU4RW\"> C\u00f3mo impactar\u00e1 a Chile el fen\u00f3meno de La Ni\u00f1a. Se refiere Patricio Gonz\u00e1lez Colville, agroclimat\u00f3logo y acad\u00e9mico del Centro de Investigaci\u00f3n y Transferencia en Riego y Agroclimatolog\u00eda (CITRA).\u00a0<\/a><\/p><p>\u00a0<\/p><p><b>RADIO VLN<\/b>\u00a0<\/p><p class=\"x_elementToProof\"><a href=\"https:\/\/www.litoralpress.cl\/sitio\/RadioTV_Detalles.cshtml?LPKey=OR7NYW3GXLRPH46R5GIJEBUAGU2MD7R4QM4GA2FMM6R3YCXVDCGE66S2HZHHFLZR5ZXKUVULDRBFI\">Entrevista a Patricio Gonz\u00e1lez, agroclimat\u00f3logo de la UTalca. \u00a0<\/a>\u00a0<\/p><p>\u00a0<\/p><p><b>EL MERCURIO<\/b><\/p><p><a href=\"https:\/\/www.litoralpress.cl\/paginaconsultas\/Servicios_NClipSitioWeb\/Get_Imagen_Nota.aspx?LPKey=AQQK5YSFJQH3WY6HFTOVBYAB2PGZBXPV7YMPWOZBM3MHX2OINVEV5CJA7SVC264MSR24Z5JOKBTB2\">Las personas mayores tienen cada vez menos reservas para hablar de su sexualidad. Se refiere Carolina Riveros Ferrada, acad\u00e9mica de la Facultad de Ciencias Jur\u00eddicas y Sociales.\u00a0<\/a><b><\/b><\/p><p>\u00a0<\/p><p><b>AD PRENSA<\/b><b>\u00a0<\/b><\/p><p class=\"x_elementToProof\"><a href=\"https:\/\/www.adprensa.cl\/cronica\/expertos-piden-celeridad-en-la-aprobacion-de-ley-integral-de-las-personas-mayores\/\">Expertos piden celeridad en la aprobaci\u00f3n de Ley Integral de las Personas Mayores. Se refiere Iv\u00e1n Palomo Gonz\u00e1lez, acad\u00e9mico de la\u00a0Facultad de Ciencias\u202fde la Salud\u00a0<\/a><\/p><p>\u00a0<\/p><p><b>MEDIA BANCO<\/b>\u00a0<\/p><p class=\"x_elementToProof\"><a href=\"https:\/\/www.mediabanco.com\/expertos-piden-celeridad-en-la-aprobacion-de-ley-integral-de-las-personas-mayores\/\">Expertos piden celeridad en la aprobaci\u00f3n de Ley Integral de las Personas Mayores. Se refiere Iv\u00e1n Palomo Gonz\u00e1lez, acad\u00e9mico de la\u00a0Facultad de Ciencias\u202fde la Salud.\u00a0<\/a><\/p><p>\u00a0<\/p><p><b>DIARIO EL HERALDO<\/b>\u00a0<\/p><p class=\"x_elementToProof\"><a href=\"https:\/\/www.diarioelheraldo.cl\/noticia\/expertos-piden-celeridad-en-la-aprobacion-de-ley-integral-de-las-personas-mayores\">Expertos piden celeridad en la aprobaci\u00f3n de Ley Integral de las Personas Mayores. Se refiere Iv\u00e1n Palomo Gonz\u00e1lez, acad\u00e9mico de la Facultad de Ciencias\u202fde la Salud.\u00a0<\/a><\/p><p>\u00a0<\/p><p><b>EL LECTOR<\/b>\u00a0<\/p><p class=\"x_elementToProof\"><a href=\"https:\/\/www.litoralpress.cl\/paginaconsultas\/Servicios_NClipSitio\/Get_Imagen_Nota.aspx?LPKey=7SSNA3M3TQXE6IXUYKIWZFGHLITU74PPQ2CCE7STVMAKTTGZUREBGMBVPZSVBMJ37OFWGYYMPZC34\">Expertos piden celeridad en la aprobaci\u00f3n de Ley Integral de las Personas Mayores. Se refiere Iv\u00e1n Palomo Gonz\u00e1lez, acad\u00e9mico de la\u00a0Facultad de Ciencias\u202fde la Salud.\u00a0<\/a><\/p><p>\u00a0<\/p><p><b>EL LECTOR<\/b>\u00a0<\/p><p class=\"x_elementToProof\"><a href=\"https:\/\/www.litoralpress.cl\/paginaconsultas\/Servicios_NClipSitio\/Get_Imagen_Nota.aspx?LPKey=V74YDXJL2OJAR3MKOAL2HEU4HIQ7NSRI4AEBF23IWUSDETZN5ZGRJMHFPHDRH2ENEUBSRRWAL3WEK\">Centro Interuniversitario de Envejecimiento Saludable es reconocido por la ONU como una iniciativa innovadora. Se refiere Iv\u00e1n Palomo Gonz\u00e1lez, acad\u00e9mico de la\u00a0Facultad de Ciencias\u202fde la Salud.\u00a0<\/a><\/p><p>\u00a0<\/p><p><b>\u00a0<\/b><b>PORTAL RED SALUD<\/b>\u00a0<br aria-hidden=\"true\" \/><a href=\"https:\/\/portalprensasalud.cl\/2024\/02\/05\/experta-utalca-entrego-recomendaciones-para-evitar-el-contagio-por-hantavirus\/\">Experta UTalca entreg\u00f3 recomendaciones para evitar el contagio por Hantavirus. Se refiere Barbra Fern\u00e1ndez, acad\u00e9mica de la Escuela de Enfermer\u00eda.<\/a><a href=\"https:\/\/portalprensasalud.cl\/2024\/02\/05\/experta-utalca-entrego-recomendaciones-para-evitar-el-contagio-por-hantavirus\/\">\u00a0<\/a><b><br aria-hidden=\"true\" \/><\/b><\/p><p>\u00a0<\/p><p><b>G5 NOTICIA<\/b>\u00a0<br aria-hidden=\"true\" \/><a href=\"https:\/\/g5noticias.cl\/2024\/02\/05\/experta-utalca-entrego-recomendaciones-para-evitar-el-contagio-por-hantavirus\/\">Experta UTalca entreg\u00f3 recomendaciones para evitar el contagio por Hantavirus. Se refiere Barbra Fern\u00e1ndez, acad\u00e9mica de la Escuela de Enfermer\u00eda.\u00a0<\/a><br aria-hidden=\"true\" \/><br \/><\/p><p><b>CANAL CNN CHILE<\/b><\/p><p><a href=\"https:\/\/www.litoralpress.cl\/sitio\/RadioTV_Detalles.cshtml?LPKey=VV4ANUZMKASCOU2WP2DCTCCC4QRMSK2FRAX22NBGZA6MRM3AFJHSJRDYWGDUIIKBQNRFBHL4EDSNE\">Este lunes comenz\u00f3 el periodo de campa\u00f1a que definir\u00e1 la posible unificaci\u00f3n del Frente Amplio. Se refiere, Mauricio Morales Quiroga, director del Centro de An\u00e1lisis Pol\u00edtico.\u00a0<\/a><\/p><p><b>\u00a0<\/b><\/p><p><b>RED AGR\u00cdCOLA<\/b><\/p><p><a href=\"https:\/\/redagricola.com\/como-enfrentan-las-variedades-de-cerezo-la-inestabilidad-climatica\/\">C\u00f3mo enfrentan las variedades de cerezo la inestabilidad clim\u00e1tica. Se refiere \u00c1lvaro Sep\u00falveda Le\u00f3n, investigador del Centro de Pom\u00e1ceas.<\/a><\/p><p>\u00a0<\/p><p><b>EL LECTOR<\/b>\u00a0<br aria-hidden=\"true\" \/><a href=\"https:\/\/www.litoralpress.cl\/paginaconsultas\/Servicios_NClipSitioWeb\/Get_Imagen_Nota.aspx?LPKey=5UQFP6CEILMEKSRTGV4PWDMYRUXCKXD5IOXVUE4YGR3JX6MHOKTLQSF7BYGRYC5JHRQNEFGC6JSUG\">UTalca invita a profesores de matem\u00e1ticas a realizar proyectos para sus aulas. Se refiere Manuel O\u2019Ryan, director Instituto de Matem\u00e1ticas.\u00a0<\/a><\/p>\t\t\t\t\t\t<\/div>\n\t\t\t\t<\/div>\n\t\t\t\t\t<\/div>\n\t\t<\/div>\n\t\t\t\t\t\t\t<\/div>\n\t\t<\/section>\n\t\t\t\t\t\t<\/div>\n\t\t\t\t\t<\/div>\n\t\t","protected":false},"excerpt":{"rendered":"<p>RADIO AGRICULTURA\u00a0 A 14 a\u00f1os del 27-F: \u00bfCu\u00e1les son lecciones claves para un exitoso proceso de reconstrucci\u00f3n? Se refiere Armando Dur\u00e1n Bustamante, acad\u00e9mico de la Facultad de Ingenier\u00eda.\u00a0\u00a0 \u00a0 EL HERALDO\u00a0 A 14 a\u00f1os del 27F: cu\u00e1les son lecciones claves para un exitoso proceso de reconstrucci\u00f3n. Se refiere Armando Dur\u00e1n Bustamante, acad\u00e9mico de la Facultad &hellip;<\/p>\n<p class=\"read-more\"> <a class=\"\" href=\"https:\/\/www.reportedeprensa.utalca.cl\/?p=9168\"> <span class=\"screen-reader-text\">29 de febrero de 2024<\/span> Read More &raquo;<\/a><\/p>\n","protected":false},"author":1,"featured_media":0,"comment_status":"closed","ping_status":"open","sticky":false,"template":"","format":"standard","meta":{"_monsterinsights_skip_tracking":false,"_monsterinsights_sitenote_active":false,"_monsterinsights_sitenote_note":"","_monsterinsights_sitenote_category":0},"categories":[45],"tags":[],"_links":{"self":[{"href":"https:\/\/www.reportedeprensa.utalca.cl\/index.php?rest_route=\/wp\/v2\/posts\/9168"}],"collection":[{"href":"https:\/\/www.reportedeprensa.utalca.cl\/index.php?rest_route=\/wp\/v2\/posts"}],"about":[{"href":"https:\/\/www.reportedeprensa.utalca.cl\/index.php?rest_route=\/wp\/v2\/types\/post"}],"author":[{"embeddable":true,"href":"https:\/\/www.reportedeprensa.utalca.cl\/index.php?rest_route=\/wp\/v2\/users\/1"}],"replies":[{"embeddable":true,"href":"https:\/\/www.reportedeprensa.utalca.cl\/index.php?rest_route=%2Fwp%2Fv2%2Fcomments&post=9168"}],"version-history":[{"count":4,"href":"https:\/\/www.reportedeprensa.utalca.cl\/index.php?rest_route=\/wp\/v2\/posts\/9168\/revisions"}],"predecessor-version":[{"id":9175,"href":"https:\/\/www.reportedeprensa.utalca.cl\/index.php?rest_route=\/wp\/v2\/posts\/9168\/revisions\/9175"}],"wp:attachment":[{"href":"https:\/\/www.reportedeprensa.utalca.cl\/index.php?rest_route=%2Fwp%2Fv2%2Fmedia&parent=9168"}],"wp:term":[{"taxonomy":"category","embeddable":true,"href":"https:\/\/www.reportedeprensa.utalca.cl\/index.php?rest_route=%2Fwp%2Fv2%2Fcategories&post=9168"},{"taxonomy":"post_tag","embeddable":true,"href":"https:\/\/www.reportedeprensa.utalca.cl\/index.php?rest_route=%2Fwp%2Fv2%2Ftags&post=9168"}],"curies":[{"name":"wp","href":"https:\/\/api.w.org\/{rel}","templated":true}]}}