{"id":917,"date":"2021-05-05T09:35:10","date_gmt":"2021-05-05T12:35:10","guid":{"rendered":"https:\/\/www.reportedeprensa.utalca.cl\/?p=917"},"modified":"2021-05-05T09:45:28","modified_gmt":"2021-05-05T12:45:28","slug":"05-de-mayo-de-2021","status":"publish","type":"post","link":"https:\/\/www.reportedeprensa.utalca.cl\/?p=917","title":{"rendered":"05 de mayo de 2021"},"content":{"rendered":"\t\t<div data-elementor-type=\"wp-post\" data-elementor-id=\"917\" class=\"elementor elementor-917\" data-elementor-settings=\"[]\">\n\t\t\t\t\t\t\t<div class=\"elementor-section-wrap\">\n\t\t\t\t\t\t\t<section class=\"elementor-section elementor-top-section elementor-element elementor-element-a06ca45 elementor-section-boxed elementor-section-height-default elementor-section-height-default\" data-id=\"a06ca45\" data-element_type=\"section\">\n\t\t\t\t\t\t<div class=\"elementor-container elementor-column-gap-default\">\n\t\t\t\t\t<div class=\"elementor-column elementor-col-100 elementor-top-column elementor-element elementor-element-1486c35\" data-id=\"1486c35\" data-element_type=\"column\">\n\t\t\t<div class=\"elementor-widget-wrap elementor-element-populated\">\n\t\t\t\t\t\t\t\t<div class=\"elementor-element elementor-element-42b145e elementor-widget elementor-widget-text-editor\" data-id=\"42b145e\" data-element_type=\"widget\" data-widget_type=\"text-editor.default\">\n\t\t\t\t<div class=\"elementor-widget-container\">\n\t\t\t\t\t\t\t\t<p><b>UNIVERSIDADESESTATALES.CL<\/b><\/p><p><a style=\"font-style: inherit; font-weight: inherit; background-color: #ffffff; font-family: -apple-system, BlinkMacSystemFont,;\" href=\"http:\/\/www.universidadesestatales.cl\/cue\/?q=node\/8708\" target=\"_blank\" rel=\"noopener\">Estudio analiz\u00f3 competencias digitales docentes en Chile. Se refieren \u00c1lvaro Rojas, director de la UTalca; y Carlos Torres, vicerrector de Gesti\u00f3n Econ\u00f3mica y Administraci\u00f3n.<\/a><\/p>\t\t\t\t\t\t<\/div>\n\t\t\t\t<\/div>\n\t\t\t\t<div class=\"elementor-element elementor-element-3bcfb55 elementor-widget elementor-widget-text-editor\" data-id=\"3bcfb55\" data-element_type=\"widget\" data-widget_type=\"text-editor.default\">\n\t\t\t\t<div class=\"elementor-widget-container\">\n\t\t\t\t\t\t\t\t<p><b>ADPRENSA.CL<\/b><\/p><p><a style=\"font-style: inherit; font-weight: inherit; background-color: #ffffff; font-family: -apple-system, BlinkMacSystemFont,;\" href=\"https:\/\/www.adprensa.cl\/cronica\/estudio-analizo-competencias-digitales-docentes-en-chile\/\" target=\"_blank\" rel=\"noopener\">Estudio analiz\u00f3 competencias digitales docentes en Chile. Se refieren \u00c1lvaro Rojas, director de la UTalca; y Carlos Torres, vicerrector de Gesti\u00f3n Econ\u00f3mica y Administraci\u00f3n.<\/a><\/p>\t\t\t\t\t\t<\/div>\n\t\t\t\t<\/div>\n\t\t\t\t<div class=\"elementor-element elementor-element-e861846 elementor-widget elementor-widget-text-editor\" data-id=\"e861846\" data-element_type=\"widget\" data-widget_type=\"text-editor.default\">\n\t\t\t\t<div class=\"elementor-widget-container\">\n\t\t\t\t\t\t\t\t<p><b>EL HERALDO<\/b><\/p><p><a style=\"font-style: inherit; font-weight: inherit; background-color: #ffffff; font-family: -apple-system, BlinkMacSystemFont,;\" href=\"https:\/\/www.litoralpress.cl\/paginaconsultas\/Servicios_NClip\/Get_Imagen_Nota.aspx?LPKey=WA3FPF6TNU3BCURGVVTR7VZF5P6PDKSW4B73LWEJDUCVKVSKA7XB3MN6L6GC7FL3J5FEDQWKALJIQ\" target=\"_blank\" rel=\"noopener\">Estudio analiz\u00f3 competencias digitales docentes en Chile. Se refieren \u00c1lvaro Rojas, director de la UTalca; y Carlos Torres, vicerrector de Gesti\u00f3n Econ\u00f3mica y Administraci\u00f3n.<\/a><\/p>\t\t\t\t\t\t<\/div>\n\t\t\t\t<\/div>\n\t\t\t\t<div class=\"elementor-element elementor-element-e42a1b7 elementor-widget elementor-widget-text-editor\" data-id=\"e42a1b7\" data-element_type=\"widget\" data-widget_type=\"text-editor.default\">\n\t\t\t\t<div class=\"elementor-widget-container\">\n\t\t\t\t\t\t\t\t<p><b>RADIOMAGALLANES.CL<\/b><\/p><p><a style=\"font-style: inherit; font-weight: inherit; background-color: #ffffff; font-family: -apple-system, BlinkMacSystemFont,;\" href=\"https:\/\/www.radiomagallanes.cl\/noticia.php?id_not=95898\" target=\"_blank\" rel=\"noopener\">Estudio analiz\u00f3 competencias digitales docentes en Chile. Se refieren \u00c1lvaro Rojas, director de la UTalca; y Carlos Torres, vicerrector de Gesti\u00f3n Econ\u00f3mica y Administraci\u00f3n.<\/a><\/p>\t\t\t\t\t\t<\/div>\n\t\t\t\t<\/div>\n\t\t\t\t<div class=\"elementor-element elementor-element-4edc0bc elementor-widget elementor-widget-text-editor\" data-id=\"4edc0bc\" data-element_type=\"widget\" data-widget_type=\"text-editor.default\">\n\t\t\t\t<div class=\"elementor-widget-container\">\n\t\t\t\t\t\t\t\t<p><b>CANAL MEGA<\/b><\/p><p><a style=\"font-style: inherit; font-weight: inherit; background-color: #ffffff; font-family: -apple-system, BlinkMacSystemFont,;\" href=\"https:\/\/www.litoralpress.cl\/Archivos\/OZN3CVXVU7QR4P7FMW6ZS4C22Q.mp4\" target=\"_blank\" rel=\"noopener\">El &#8220;D\u00eda de la madre&#8221; recarga los malls: gran cantidad de demanda. Se refiere Erika Retamal, directora de Salud P\u00fablica de la UTalca.<\/a><\/p>\t\t\t\t\t\t<\/div>\n\t\t\t\t<\/div>\n\t\t\t\t<div class=\"elementor-element elementor-element-115928c elementor-widget elementor-widget-text-editor\" data-id=\"115928c\" data-element_type=\"widget\" data-widget_type=\"text-editor.default\">\n\t\t\t\t<div class=\"elementor-widget-container\">\n\t\t\t\t\t\t\t\t<p><b>CANAL MEGA PLUS<\/b><\/p><p><a style=\"font-style: inherit; font-weight: inherit; background-color: #ffffff; font-family: -apple-system, BlinkMacSystemFont,;\" href=\"https:\/\/www.litoralpress.cl\/Archivos\/DFX536SKXDUBSCZM34WQ2RG3BY.mp4\" target=\"_blank\" rel=\"noopener\">El &#8220;D\u00eda de la madre&#8221; recarga los malls: gran cantidad de demanda. Se refiere Erika Retamal, directora de Salud P\u00fablica de la UTalca.<\/a><\/p>\t\t\t\t\t\t<\/div>\n\t\t\t\t<\/div>\n\t\t\t\t<div class=\"elementor-element elementor-element-56902f8 elementor-widget elementor-widget-text-editor\" data-id=\"56902f8\" data-element_type=\"widget\" data-widget_type=\"text-editor.default\">\n\t\t\t\t<div class=\"elementor-widget-container\">\n\t\t\t\t\t\t\t\t<p><b>LA PRENSA<\/b><\/p><p><a style=\"font-style: inherit; font-weight: inherit; background-color: #ffffff; font-family: -apple-system, BlinkMacSystemFont,;\" href=\"https:\/\/www.litoralpress.cl\/paginaconsultas\/Servicios_NClip\/Get_Imagen_Nota.aspx?LPKey=DFCLSRI2JK2TKF5E2DNTQGMCGFGCXVE6RDZUCFIEAMS6OUYASVFUMNPBQFE32WKGBKVJPZPR4WEWE\" target=\"_blank\" rel=\"noopener\">Formulan llamado a evitar concurrir a lugares donde exista \u201caglomeraci\u00f3n\u201d. Se refiere Erika Retamal, directora de Salud P\u00fablica de la UTalca.<\/a><\/p>\t\t\t\t\t\t<\/div>\n\t\t\t\t<\/div>\n\t\t\t\t<div class=\"elementor-element elementor-element-b116bb6 elementor-widget elementor-widget-text-editor\" data-id=\"b116bb6\" data-element_type=\"widget\" data-widget_type=\"text-editor.default\">\n\t\t\t\t<div class=\"elementor-widget-container\">\n\t\t\t\t\t\t\t\t<p><b>DIARIOELHERALDO.CL<\/b><\/p><p><a style=\"font-style: inherit; font-weight: inherit; background-color: #ffffff; font-family: -apple-system, BlinkMacSystemFont,;\" href=\"http:\/\/www.diarioelheraldo.cl\/noticia\/llaman-a-mantener-medidas-de-cuidado-en-visperas-del-dia-de-la-madre\" target=\"_blank\" rel=\"noopener\">Llaman a mantener medidas de cuidado en v\u00edsperas del D\u00eda de la Madre. Se refiere Erika Retamal, directora de Salud P\u00fablica de la UTalca.<\/a><\/p>\t\t\t\t\t\t<\/div>\n\t\t\t\t<\/div>\n\t\t\t\t<div class=\"elementor-element elementor-element-c0d5b6c elementor-widget elementor-widget-text-editor\" data-id=\"c0d5b6c\" data-element_type=\"widget\" data-widget_type=\"text-editor.default\">\n\t\t\t\t<div class=\"elementor-widget-container\">\n\t\t\t\t\t\t\t\t<p><b>ELDIARIODEMAULE.CL<\/b><\/p><p><a style=\"font-style: inherit; font-weight: inherit; background-color: #ffffff; font-family: -apple-system, BlinkMacSystemFont,;\" href=\"https:\/\/eldiariodemaule.cl\/llaman-a-mantener-medidas-de-cuidado-en-visperas-del-dia-de-la-madre\/\" target=\"_blank\" rel=\"noopener\">Llaman a mantener medidas de cuidado en v\u00edsperas del D\u00eda de la Madre. Se refiere Erika Retamal, directora de Salud P\u00fablica de la UTalca.<\/a><\/p>\t\t\t\t\t\t<\/div>\n\t\t\t\t<\/div>\n\t\t\t\t<div class=\"elementor-element elementor-element-835bfaf elementor-widget elementor-widget-text-editor\" data-id=\"835bfaf\" data-element_type=\"widget\" data-widget_type=\"text-editor.default\">\n\t\t\t\t<div class=\"elementor-widget-container\">\n\t\t\t\t\t\t\t\t<p><b>G5NOTICIAS.CL<\/b><\/p><p><a style=\"font-style: inherit; font-weight: inherit; background-color: #ffffff; font-family: -apple-system, BlinkMacSystemFont,;\" href=\"https:\/\/g5noticias.cl\/2021\/05\/04\/llaman-a-mantener-medidas-de-cuidado-en-visperas-del-dia-de-la-madre\/\" target=\"_blank\" rel=\"noopener\">Llaman a mantener medidas de cuidado en v\u00edsperas del D\u00eda de la Madre. Se refiere Erika Retamal, directora de Salud P\u00fablica de la UTalca.<\/a><\/p>\t\t\t\t\t\t<\/div>\n\t\t\t\t<\/div>\n\t\t\t\t<div class=\"elementor-element elementor-element-f974f2f elementor-widget elementor-widget-text-editor\" data-id=\"f974f2f\" data-element_type=\"widget\" data-widget_type=\"text-editor.default\">\n\t\t\t\t<div class=\"elementor-widget-container\">\n\t\t\t\t\t\t\t\t<p><b>LA PRENSA<\/b><\/p><p><a style=\"font-style: inherit; font-weight: inherit; background-color: #ffffff; font-family: -apple-system, BlinkMacSystemFont,;\" href=\"https:\/\/www.litoralpress.cl\/paginaconsultas\/Servicios_NClip\/Get_Imagen_Nota.aspx?LPKey=WRIFRKOCT5XAN64VREGOY3ICHIGCYSSOIOWUFHRZK5DV2Q6ATGM3QKUAKCEPAV46EYXGDJVVFJPDO\" target=\"_blank\" rel=\"noopener\">Especialista advierte da\u00f1os que provoca el alto consumo de sal. Se refiere Sergio Wehinger, director del Mag\u00edster en Ciencias Biom\u00e9dicas de la UTalca.<\/a><\/p>\t\t\t\t\t\t<\/div>\n\t\t\t\t<\/div>\n\t\t\t\t<div class=\"elementor-element elementor-element-f5ea9f2 elementor-widget elementor-widget-text-editor\" data-id=\"f5ea9f2\" data-element_type=\"widget\" data-widget_type=\"text-editor.default\">\n\t\t\t\t<div class=\"elementor-widget-container\">\n\t\t\t\t\t\t\t\t<p><b>EL HERALDO<\/b><\/p><p><a style=\"font-style: inherit; font-weight: inherit; background-color: #ffffff; font-family: -apple-system, BlinkMacSystemFont,;\" href=\"https:\/\/www.litoralpress.cl\/paginaconsultas\/Servicios_NClip\/Get_Imagen_Nota.aspx?LPKey=FWPMJQWD66FETBMAMVB2UN3VRR6O2DCCJVJOBIQCRKBSUDLEQSCX6MDAK3OPRV5RTYKEZCZUW436A\" target=\"_blank\" rel=\"noopener\">Especialista advierte da\u00f1os que provoca el alto consumo de sal. Se refiere Sergio Wehinger, director del Mag\u00edster en Ciencias Biom\u00e9dicas de la UTalca.<\/a><\/p>\t\t\t\t\t\t<\/div>\n\t\t\t\t<\/div>\n\t\t\t\t<div class=\"elementor-element elementor-element-118e44d elementor-widget elementor-widget-text-editor\" data-id=\"118e44d\" data-element_type=\"widget\" data-widget_type=\"text-editor.default\">\n\t\t\t\t<div class=\"elementor-widget-container\">\n\t\t\t\t\t\t\t\t<p><b>DIARIOELHERALDO.CL<\/b><\/p><p><a style=\"font-style: inherit; font-weight: inherit; background-color: #ffffff; font-family: -apple-system, BlinkMacSystemFont,;\" href=\"http:\/\/www.diarioelheraldo.cl\/noticia\/especialista-advierte-danos-que-provoca-el-alto-consumo-de-sal-\" target=\"_blank\" rel=\"noopener\">Especialista advierte da\u00f1os que provoca el alto consumo de sal. Se refiere Sergio Wehinger, director del Mag\u00edster en Ciencias Biom\u00e9dicas de la UTalca.<\/a><\/p>\t\t\t\t\t\t<\/div>\n\t\t\t\t<\/div>\n\t\t\t\t<div class=\"elementor-element elementor-element-d7a305b elementor-widget elementor-widget-text-editor\" data-id=\"d7a305b\" data-element_type=\"widget\" data-widget_type=\"text-editor.default\">\n\t\t\t\t<div class=\"elementor-widget-container\">\n\t\t\t\t\t\t\t\t<p><b>LINARESENLINEA.CL<\/b><\/p><p><a style=\"font-style: inherit; font-weight: inherit; background-color: #ffffff; font-family: -apple-system, BlinkMacSystemFont,;\" href=\"https:\/\/www.linaresenlinea.cl\/2021\/05\/04\/especialista-advierte-danos-que-provoca-el-alto-consumo-de-sal\/\" target=\"_blank\" rel=\"noopener\">Especialista advierte da\u00f1os que provoca el alto consumo de sal. Se refiere Sergio Wehinger, director del Mag\u00edster en Ciencias Biom\u00e9dicas de la UTalca.<\/a><\/p>\t\t\t\t\t\t<\/div>\n\t\t\t\t<\/div>\n\t\t\t\t<div class=\"elementor-element elementor-element-7b231fc elementor-widget elementor-widget-text-editor\" data-id=\"7b231fc\" data-element_type=\"widget\" data-widget_type=\"text-editor.default\">\n\t\t\t\t<div class=\"elementor-widget-container\">\n\t\t\t\t\t\t\t\t<p><b>EL LECTOR<\/b><\/p><p><a style=\"font-style: inherit; font-weight: inherit; background-color: #ffffff; font-family: -apple-system, BlinkMacSystemFont,;\" href=\"https:\/\/www.litoralpress.cl\/paginaconsultas\/Servicios_NClip\/Get_Imagen_Nota.aspx?LPKey=4BJ2SI5C3ORDADFBPW5Y64Q32VUCSS3SJB6XAQCCYEJRAFUWRAJ4CYHANB7GVTLXH7SMOJUAESC7S\" target=\"_blank\" rel=\"noopener\">Especialista advierte da\u00f1o que provoca el alto consumo de sal. Se refiere Sergio Wehinger, director del Mag\u00edster en Ciencias Biom\u00e9dicas de la UTalca.<\/a><\/p>\t\t\t\t\t\t<\/div>\n\t\t\t\t<\/div>\n\t\t\t\t<div class=\"elementor-element elementor-element-ab4022c elementor-widget elementor-widget-text-editor\" data-id=\"ab4022c\" data-element_type=\"widget\" data-widget_type=\"text-editor.default\">\n\t\t\t\t<div class=\"elementor-widget-container\">\n\t\t\t\t\t\t\t\t<p><b>G5NOTICIAS.CL<\/b><\/p><p><a style=\"font-style: inherit; font-weight: inherit; background-color: #ffffff; font-family: -apple-system, BlinkMacSystemFont,;\" href=\"https:\/\/g5noticias.cl\/2021\/05\/04\/especialista-advierte-los-danos-que-provoca-el-alto-consumo-de-sal\/\" target=\"_blank\" rel=\"noopener\">Especialista advierte los da\u00f1os que provoca el alto consumo de sal. Se refiere Sergio Wehinger, director del Mag\u00edster en Ciencias Biom\u00e9dicas de la UTalca.<\/a><\/p>\t\t\t\t\t\t<\/div>\n\t\t\t\t<\/div>\n\t\t\t\t<div class=\"elementor-element elementor-element-c364c1e elementor-widget elementor-widget-text-editor\" data-id=\"c364c1e\" data-element_type=\"widget\" data-widget_type=\"text-editor.default\">\n\t\t\t\t<div class=\"elementor-widget-container\">\n\t\t\t\t\t\t\t\t<p><b>ARAUCANIANOTICIAS.CL<\/b><\/p><p><a style=\"font-style: inherit; font-weight: inherit; background-color: #ffffff; font-family: -apple-system, BlinkMacSystemFont,;\" href=\"https:\/\/araucanianoticias.cl\/2021\/nueva-constitucin-descentralizacin-con-participacin\/0503200265\" target=\"_blank\" rel=\"noopener\">Nueva Constituci\u00f3n: Descentralizaci\u00f3n con participaci\u00f3n. Se menciona a Alejandro Ferreiro, presidente de la Junta Directiva de la UTalca y Humberto Nogueira, director del Centro de Estudios Constitucionales de Chile (CECOCH).<\/a><\/p>\t\t\t\t\t\t<\/div>\n\t\t\t\t<\/div>\n\t\t\t\t<div class=\"elementor-element elementor-element-2599f49 elementor-widget elementor-widget-text-editor\" data-id=\"2599f49\" data-element_type=\"widget\" data-widget_type=\"text-editor.default\">\n\t\t\t\t<div class=\"elementor-widget-container\">\n\t\t\t\t\t\t\t\t<p><b>EL HERALDO<\/b><\/p><p><a style=\"font-style: inherit; font-weight: inherit; background-color: #ffffff; font-family: -apple-system, BlinkMacSystemFont,;\" href=\"https:\/\/www.litoralpress.cl\/paginaconsultas\/Servicios_NClip\/Get_Imagen_Nota.aspx?LPKey=NX27ZJCHAVMP6VTMABEBH4KHJZ7QNLVLDDPACQRHJNR7NG3HZUN74MPWLWXA5UDV7GPQR2L5GL2WU\" target=\"_blank\" rel=\"noopener\">Malas pr\u00e1cticas en el uso de plaguicidas afectan la inocuidad de los alimentos. Se refiere Hermine Vogel, decana de la Facultad de Ciencias Agrarias y Ana Karina Peralta, directora del Centro de Inocuidad Alimentaria de la UTalca.<\/a><\/p>\t\t\t\t\t\t<\/div>\n\t\t\t\t<\/div>\n\t\t\t\t<div class=\"elementor-element elementor-element-466e5ce elementor-widget elementor-widget-text-editor\" data-id=\"466e5ce\" data-element_type=\"widget\" data-widget_type=\"text-editor.default\">\n\t\t\t\t<div class=\"elementor-widget-container\">\n\t\t\t\t\t\t\t\t<p><b>DIARIOELHERALDO.CL<\/b><\/p><p><a style=\"font-style: inherit; font-weight: inherit; background-color: #ffffff; font-family: -apple-system, BlinkMacSystemFont,;\" href=\"http:\/\/www.diarioelheraldo.cl\/noticia\/malas-practicas-en-el-uso-de-plaguicidas-afectan-la-inocuidad-de-los-alimentos\" target=\"_blank\" rel=\"noopener\">Malas pr\u00e1cticas en el uso de plaguicidas afectan la inocuidad de los alimentos. Se refiere Hermine Vogel, decana de la Facultad de Ciencias Agrarias y Ana Karina Peralta, directora del Centro de Inocuidad Alimentaria de la UTalca.<\/a><\/p>\t\t\t\t\t\t<\/div>\n\t\t\t\t<\/div>\n\t\t\t\t<div class=\"elementor-element elementor-element-174704a elementor-widget elementor-widget-text-editor\" data-id=\"174704a\" data-element_type=\"widget\" data-widget_type=\"text-editor.default\">\n\t\t\t\t<div class=\"elementor-widget-container\">\n\t\t\t\t\t\t\t\t<p><b>PORTALFRUTICOLA.COM<\/b><\/p><p><a style=\"font-style: inherit; font-weight: inherit; background-color: #ffffff; font-family: -apple-system, BlinkMacSystemFont,;\" href=\"https:\/\/www.portalfruticola.com\/noticias\/2021\/05\/04\/malas-practicas-en-el-uso-de-plaguicidas-afectan-la-inocuidad-de-los-alimentos\/\" target=\"_blank\" rel=\"noopener\">Malas pr\u00e1cticas en el uso de plaguicidas afectan la inocuidad de los alimentos. Se refiere Hermine Vogel, decana de la Facultad de Ciencias Agrarias y Ana Karina Peralta, directora del Centro de Inocuidad Alimentaria de la UTalca.<\/a><\/p>\t\t\t\t\t\t<\/div>\n\t\t\t\t<\/div>\n\t\t\t\t<div class=\"elementor-element elementor-element-5217738 elementor-widget elementor-widget-text-editor\" data-id=\"5217738\" data-element_type=\"widget\" data-widget_type=\"text-editor.default\">\n\t\t\t\t<div class=\"elementor-widget-container\">\n\t\t\t\t\t\t\t\t<p><b>LINARESENLINEA.CL<\/b><\/p><p><a style=\"font-style: inherit; font-weight: inherit; background-color: #ffffff; font-family: -apple-system, BlinkMacSystemFont,;\" href=\"https:\/\/www.linaresenlinea.cl\/2021\/05\/04\/hongo-deshidratado-con-propiedades-inmunopotenciadoras-se-produce-en-region-del-maule\/\" target=\"_blank\" rel=\"noopener\">Hongo deshidratado con propiedades inmunopotenciadoras se produce en Regi\u00f3n del Maule. Se refiere Carlos Sanhueza, gerente del Centro de Emprendimiento e Innovaci\u00f3n Abierta Hub Alimentos de la UTalca.<\/a><\/p>\t\t\t\t\t\t<\/div>\n\t\t\t\t<\/div>\n\t\t\t\t<div class=\"elementor-element elementor-element-a89a610 elementor-widget elementor-widget-text-editor\" data-id=\"a89a610\" data-element_type=\"widget\" data-widget_type=\"text-editor.default\">\n\t\t\t\t<div class=\"elementor-widget-container\">\n\t\t\t\t\t\t\t\t<p><b>LANACION.COM.AR (Argentina)<\/b><\/p><p><a style=\"font-style: inherit; font-weight: inherit; background-color: #ffffff; font-family: -apple-system, BlinkMacSystemFont,;\" href=\"https:\/\/www.lanacion.com.ar\/el-mundo\/las-horas-criticas-de-sebastian-pinera-abandonos-baja-popularidad-y-un-pais-que-sigue-polarizado-nid02052021\/\" target=\"_blank\" rel=\"noopener\">Las horas cr\u00edticas de Sebasti\u00e1n Pi\u00f1era: abandono, baja popularidad y un pa\u00eds que sigue polarizado. Se refiere Mario Herrera, acad\u00e9mico del Centro de An\u00e1lisis Pol\u00edtico (CAP) de la UTalca.<\/a><\/p>\t\t\t\t\t\t<\/div>\n\t\t\t\t<\/div>\n\t\t\t\t<div class=\"elementor-element elementor-element-10cef13 elementor-widget elementor-widget-text-editor\" data-id=\"10cef13\" data-element_type=\"widget\" data-widget_type=\"text-editor.default\">\n\t\t\t\t<div class=\"elementor-widget-container\">\n\t\t\t\t\t\t\t\t<p><b>CANAL MEGA<\/b><\/p><p><a style=\"font-style: inherit; font-weight: inherit; background-color: #ffffff; font-family: -apple-system, BlinkMacSystemFont,;\" href=\"https:\/\/www.litoralpress.cl\/Archivos\/QTC5LD57236QXVCW7FBBABJK3Q.mp4\" target=\"_blank\" rel=\"noopener\">El poder de tu voto: la recta final de cara a las elecciones. Se refiere Mauricio Morales, director del Centro de An\u00e1lisis Pol\u00edtico (CAP) de la UTalca.<\/a><\/p>\t\t\t\t\t\t<\/div>\n\t\t\t\t<\/div>\n\t\t\t\t<div class=\"elementor-element elementor-element-af03413 elementor-widget elementor-widget-text-editor\" data-id=\"af03413\" data-element_type=\"widget\" data-widget_type=\"text-editor.default\">\n\t\t\t\t<div class=\"elementor-widget-container\">\n\t\t\t\t\t\t\t\t<p><b>CANAL MEGA PLUS<\/b><\/p><p><a style=\"font-style: inherit; font-weight: inherit; background-color: #ffffff; font-family: -apple-system, BlinkMacSystemFont,;\" href=\"https:\/\/www.litoralpress.cl\/Archivos\/MSFOHTMMGM3IUY5YBY3TX5JTEI.mp4\" target=\"_blank\" rel=\"noopener\">El poder de tu voto: la recta final de cara a las elecciones. Se refiere Mauricio Morales, director del Centro de An\u00e1lisis Pol\u00edtico (CAP) de la UTalca.<\/a><\/p>\t\t\t\t\t\t<\/div>\n\t\t\t\t<\/div>\n\t\t\t\t<div class=\"elementor-element elementor-element-922d785 elementor-widget elementor-widget-text-editor\" data-id=\"922d785\" data-element_type=\"widget\" data-widget_type=\"text-editor.default\">\n\t\t\t\t<div class=\"elementor-widget-container\">\n\t\t\t\t\t\t\t\t<p><b>DERECHO.UC.CL<\/b><\/p><p><a style=\"font-style: inherit; font-weight: inherit; background-color: #ffffff; font-family: -apple-system, BlinkMacSystemFont,;\" href=\"http:\/\/derecho.uc.cl\/es\/noticias\/28395-expertos-analizaron-las-particularidades-y-desafios-de-la-nueva-norma-de-cobranzas-extrajudiciales-y-su-proteccion-al-consumidorSociales de la UTalca.\" target=\"_blank\" rel=\"noopener\" data-wplink-url-error=\"true\">Expertos analizaron las particularidades y desaf\u00edos de la nueva norma de cobranzas extrajudiciales y su protecci\u00f3n al consumidor. Se menciona a Erika Isler, acad\u00e9mica de la Facultad de Ciencias Jur\u00eddicas y Sociales de la UTalca.<\/a><\/p>\t\t\t\t\t\t<\/div>\n\t\t\t\t<\/div>\n\t\t\t\t\t<\/div>\n\t\t<\/div>\n\t\t\t\t\t\t\t<\/div>\n\t\t<\/section>\n\t\t\t\t\t\t<\/div>\n\t\t\t\t\t<\/div>\n\t\t","protected":false},"excerpt":{"rendered":"<p>UNIVERSIDADESESTATALES.CL Estudio analiz\u00f3 competencias digitales docentes en Chile. Se refieren \u00c1lvaro Rojas, director de la UTalca; y Carlos Torres, vicerrector de Gesti\u00f3n Econ\u00f3mica y Administraci\u00f3n. ADPRENSA.CL Estudio analiz\u00f3 competencias digitales docentes en Chile. Se refieren \u00c1lvaro Rojas, director de la UTalca; y Carlos Torres, vicerrector de Gesti\u00f3n Econ\u00f3mica y Administraci\u00f3n. EL HERALDO Estudio analiz\u00f3 competencias &hellip;<\/p>\n<p class=\"read-more\"> <a class=\"\" href=\"https:\/\/www.reportedeprensa.utalca.cl\/?p=917\"> <span class=\"screen-reader-text\">05 de mayo de 2021<\/span> Read More &raquo;<\/a><\/p>\n","protected":false},"author":1,"featured_media":0,"comment_status":"closed","ping_status":"open","sticky":false,"template":"elementor_theme","format":"standard","meta":{"_monsterinsights_skip_tracking":false,"_monsterinsights_sitenote_active":false,"_monsterinsights_sitenote_note":"","_monsterinsights_sitenote_category":0},"categories":[8],"tags":[],"_links":{"self":[{"href":"https:\/\/www.reportedeprensa.utalca.cl\/index.php?rest_route=\/wp\/v2\/posts\/917"}],"collection":[{"href":"https:\/\/www.reportedeprensa.utalca.cl\/index.php?rest_route=\/wp\/v2\/posts"}],"about":[{"href":"https:\/\/www.reportedeprensa.utalca.cl\/index.php?rest_route=\/wp\/v2\/types\/post"}],"author":[{"embeddable":true,"href":"https:\/\/www.reportedeprensa.utalca.cl\/index.php?rest_route=\/wp\/v2\/users\/1"}],"replies":[{"embeddable":true,"href":"https:\/\/www.reportedeprensa.utalca.cl\/index.php?rest_route=%2Fwp%2Fv2%2Fcomments&post=917"}],"version-history":[{"count":4,"href":"https:\/\/www.reportedeprensa.utalca.cl\/index.php?rest_route=\/wp\/v2\/posts\/917\/revisions"}],"predecessor-version":[{"id":921,"href":"https:\/\/www.reportedeprensa.utalca.cl\/index.php?rest_route=\/wp\/v2\/posts\/917\/revisions\/921"}],"wp:attachment":[{"href":"https:\/\/www.reportedeprensa.utalca.cl\/index.php?rest_route=%2Fwp%2Fv2%2Fmedia&parent=917"}],"wp:term":[{"taxonomy":"category","embeddable":true,"href":"https:\/\/www.reportedeprensa.utalca.cl\/index.php?rest_route=%2Fwp%2Fv2%2Fcategories&post=917"},{"taxonomy":"post_tag","embeddable":true,"href":"https:\/\/www.reportedeprensa.utalca.cl\/index.php?rest_route=%2Fwp%2Fv2%2Ftags&post=917"}],"curies":[{"name":"wp","href":"https:\/\/api.w.org\/{rel}","templated":true}]}}