{"id":9185,"date":"2024-03-01T10:30:58","date_gmt":"2024-03-01T13:30:58","guid":{"rendered":"https:\/\/www.reportedeprensa.utalca.cl\/?p=9185"},"modified":"2024-03-01T12:17:41","modified_gmt":"2024-03-01T15:17:41","slug":"01-de-marzo-de-2024","status":"publish","type":"post","link":"https:\/\/www.reportedeprensa.utalca.cl\/?p=9185","title":{"rendered":"01 de marzo de 2024"},"content":{"rendered":"\t\t<div data-elementor-type=\"wp-post\" data-elementor-id=\"9185\" class=\"elementor elementor-9185\" data-elementor-settings=\"[]\">\n\t\t\t\t\t\t\t<div class=\"elementor-section-wrap\">\n\t\t\t\t\t\t\t<section class=\"elementor-section elementor-top-section elementor-element elementor-element-bcea1a8 elementor-section-boxed elementor-section-height-default elementor-section-height-default\" data-id=\"bcea1a8\" data-element_type=\"section\">\n\t\t\t\t\t\t<div class=\"elementor-container elementor-column-gap-default\">\n\t\t\t\t\t<div class=\"elementor-column elementor-col-100 elementor-top-column elementor-element elementor-element-e7183bf\" data-id=\"e7183bf\" data-element_type=\"column\">\n\t\t\t<div class=\"elementor-widget-wrap elementor-element-populated\">\n\t\t\t\t\t\t\t\t<div class=\"elementor-element elementor-element-5ffbb87 elementor-widget elementor-widget-text-editor\" data-id=\"5ffbb87\" data-element_type=\"widget\" data-widget_type=\"text-editor.default\">\n\t\t\t\t<div class=\"elementor-widget-container\">\n\t\t\t\t\t\t\t\t<p><b>LA TERCERA<\/b><\/p><p><a href=\"https:\/\/www.litoralpress.cl\/sitio\/Prensa_PaginaCompleta.cshtml?LPKey=WZDBLNDZU3G4MPRAL3UICJ2JOBLAERUFB7656UHNFE3BBNKD4WPA\">Los efectos que sufrir\u00e1 Chile por inminente llegada del fen\u00f3meno de La Ni\u00f1a.\u00a0Se refiere Patricio Gonz\u00e1lez Colville, agroclimat\u00f3logo y acad\u00e9mico del Centro de Investigaci\u00f3n y Transferencia en Riego y Agroclimatolog\u00eda (CITRA). \u00a0<\/a><\/p><p>\u00a0<\/p><p><b>LA TERCERA ONLINE<\/b>\u00a0<br aria-hidden=\"true\" \/><a href=\"https:\/\/www.latercera.com\/que-pasa\/noticia\/los-duros-efectos-que-vivira-el-pais-por-inminente-llegada-del-fenomeno-de-la-nina-podria-durar-3-anos\/CUBGOAK2GVGFHINTITYNWQP33Y\/\">Los duros efectos que vivir\u00e1 el pa\u00eds por inminente llegada del fen\u00f3meno de La Ni\u00f1a: podr\u00eda durar 3 a\u00f1os. Se refiere Patricio Gonz\u00e1lez Colville, agroclimat\u00f3logo y acad\u00e9mico del Centro de Investigaci\u00f3n y Transferencia en Riego y Agroclimatolog\u00eda (CITRA).<\/a> \u00a0<br aria-hidden=\"true\" \/><br \/><\/p><p><b>LA TERCERA ONLINE<\/b>\u00a0<br aria-hidden=\"true\" \/><a href=\"https:\/\/www.latercera.com\/que-pasa\/noticia\/el-nuevo-fenomeno-climatico-que-llegaria-a-chile-y-que-podria-durar-hasta-3-anos\/3DIOXW2DHRCFVCPI2Q5X6DLRRI\/#\">El nuevo fen\u00f3meno clim\u00e1tico que llegar\u00eda a Chile y que podr\u00eda durar hasta 3 a\u00f1os. Se refiere Patricio Gonz\u00e1lez Colville, agroclimat\u00f3logo y acad\u00e9mico del Centro de Investigaci\u00f3n y Transferencia en Riego y Agroclimatolog\u00eda (CITRA). \u00a0<\/a><\/p><p>\u00a0<\/p><p><b>COOPERATIVA CIENCIA<\/b>\u00a0<br aria-hidden=\"true\" \/><a href=\"https:\/\/www.cooperativaciencia.cl\/medio-ambiente\/2024\/02\/27\/regresa-el-fenomeno-de-la-nina-como-impactara-a-chile\/\">Regresa el Fen\u00f3meno de la Ni\u00f1a: \u00bfC\u00f3mo impactar\u00e1 a Chile? Se refiere Patricio Gonz\u00e1lez Colville, agroclimat\u00f3logo y acad\u00e9mico del Centro de Investigaci\u00f3n y Transferencia en Riego y Agroclimatolog\u00eda (CITRA).\u00a0<\/a><br aria-hidden=\"true\" \/><br aria-hidden=\"true\" \/><b>DIARIO USACH<\/b>\u00a0<br aria-hidden=\"true\" \/><a href=\"https:\/\/www.diariousach.cl\/se-va-el-nino-y-llega-la-nina-habra-menos-lluvias-pero-con-mas-frio-en\">Se va El Ni\u00f1o y llega La Ni\u00f1a: Habr\u00e1 menos lluvias, pero con m\u00e1s fr\u00edo en Chile. Se refiere Patricio Gonz\u00e1lez Colville, agroclimat\u00f3logo y acad\u00e9mico del Centro de Investigaci\u00f3n y Transferencia en Riego y Agroclimatolog\u00eda (CITRA).\u00a0<\/a><\/p><p>\u00a0<\/p><p><b>RADIO SAGO<\/b>\u00a0<br aria-hidden=\"true\" \/><a href=\"https:\/\/www.radiosago.cl\/el-nuevo-fenomeno-climatico-que-llegaria-a-chile-y-que-podria-durar-hasta-3-anos\/\">El nuevo fen\u00f3meno clim\u00e1tico que llegar\u00eda a Chile y que podr\u00eda durar hasta 3 a\u00f1os. Se refiere Patricio Gonz\u00e1lez Colville, agroclimat\u00f3logo y acad\u00e9mico del Centro de Investigaci\u00f3n y Transferencia en Riego y Agroclimatolog\u00eda (CITRA).\u00a0<\/a><\/p><p><br aria-hidden=\"true\" \/><b>EL DIARIO DE SANTIAGO<\/b>\u00a0<br aria-hidden=\"true\" \/><a href=\"https:\/\/eldiariodesantiago.cl\/archivos\/32780\">El nuevo fen\u00f3meno clim\u00e1tico que llegar\u00eda a Chile y que podr\u00eda durar hasta 3 a\u00f1os. Se refiere Patricio Gonz\u00e1lez Colville, agroclimat\u00f3logo y acad\u00e9mico del Centro de Investigaci\u00f3n y Transferencia en Riego y Agroclimatolog\u00eda (CITRA).\u00a0<\/a><\/p><p>\u00a0<\/p><p><b>MEDIA BANCO<\/b>\u00a0<br aria-hidden=\"true\" \/><a href=\"https:\/\/www.mediabanco.com\/centro-de-estudio-de-la-utalca-presento-informe-para-futura-ley-de-negociacion-colectiva\/\">Centro de Estudio de la UTalca present\u00f3 informe para futura Ley de Negociaci\u00f3n Colectiva. Se refiere Rodrigo Palomo, acad\u00e9mico de la Facultad de Ciencias Jur\u00eddicas y Sociales.\u00a0<\/a><br aria-hidden=\"true\" \/><br \/><\/p><p><b>AD PRENSA\u00a0<br aria-hidden=\"true\" \/><\/b><a href=\"https:\/\/www.adprensa.cl\/cronica\/centro-de-estudio-de-la-utalca-presento-informe-para-futura-ley-de-negociacion-colectiva\/\">Centro de Estudio de la UTalca present\u00f3 informe para futura Ley de Negociaci\u00f3n Colectiva. Se refiere Rodrigo Palomo, acad\u00e9mico de la Facultad de Ciencias Jur\u00eddicas y Sociales.\u00a0<\/a><b><br aria-hidden=\"true\" \/><\/b><\/p><p>\u00a0<\/p><p><b>LA PRENSA DE CURIC\u00d3\u00a0<br aria-hidden=\"true\" \/><\/b><a href=\"https:\/\/www.litoralpress.cl\/paginaconsultas\/Servicios_NClipSitio\/Get_Imagen_Nota.aspx?LPKey=INXSADAL6FGWKOAZRQGXUDTFPRJOLZSK2USUNY5QMONEK3KBXE3PFC6P2JQZR75C5SO4GQIDU2VFC\">Acad\u00e9mico abord\u00f3 proceso de reconstrucci\u00f3n post 27\/F. Se refiere Armando Duran Bustamante, acad\u00e9mico de la Facultad de Ingenier\u00eda.\u00a0<\/a><b><br aria-hidden=\"true\" \/><\/b><\/p><p>\u00a0<\/p><p><b>RADIO AMIGA<\/b>\u00a0<br aria-hidden=\"true\" \/><a href=\"https:\/\/www.litoralpress.cl\/sitio\/RadioTV_Detalles.cshtml?LPKey=CBZ4ASN2QXPLJUVE76FFA2X4WVTUH53ZGTKL45REAE4ZOXYIE5SWRI4OZ6LJ3TD7ZB35YCBAMO3TO\">Expertos analizan las ense\u00f1anzas dejadas por el 27-F en materia de reconstrucci\u00f3n y toma de decisiones. Se refiere Armando Dur\u00e1n Bustamante, acad\u00e9mico de la Facultad de Ingenier\u00eda.\u00a0<\/a><\/p><p>\u00a0<\/p><p><b>CHILL\u00c1N ONLINE\u00a0<\/b>\u00a0<br aria-hidden=\"true\" \/><a href=\"https:\/\/www.chillanonline.cl\/V7\/2024\/02\/27\/a-14-anos-del-27f-cuales-son-lecciones-claves-para-un-exitoso-proceso-de-reconstruccion\/\">A 14 a\u00f1os del 27F: cu\u00e1les son lecciones claves para un exitoso proceso de reconstrucci\u00f3n. Se refiere Armando Duran Bustamante, acad\u00e9mico de la Facultad de Ingenier\u00eda.\u00a0<\/a><\/p><p>\u00a0<\/p><p><b>RADIO ADN\u00a0<br aria-hidden=\"true\" \/><\/b><a href=\"https:\/\/twitter.com\/adnradiochile\/status\/1752667586808979518\">Estudio U. de Talca: D\u00e9ficit de viviendas sociales ser\u00eda de 750 mil en 2025. Se menciona la Universidad de Talca.\u00a0<\/a><b><br aria-hidden=\"true\" \/><\/b><b><a id=\"OWA6d1ee76e-b876-7d74-e1ba-e1ce76374f07\" class=\"x_OWAAutoLink\" href=\"https:\/\/twitter.com\/adnradiochile\/status\/1752667586808979518\" target=\"_blank\" rel=\"noopener noreferrer\" data-auth=\"NotApplicable\" data-linkindex=\"12\"><\/a><\/b><b>\u00a0<\/b><\/p><p><b>EL HERALDO\u00a0<br aria-hidden=\"true\" \/><\/b><a href=\"https:\/\/www.litoralpress.cl\/paginaconsultas\/Servicios_NClipSitio\/Get_Imagen_Nota.aspx?LPKey=744YMXWP3DZ76EPJR3ICQ3LPFLXAYJ4T6QOELJFL46XQPS24UP7AM2PNWOZEGOAOBOHTMKSZDIXIG\">Expertos piden celeridad en la aprobaci\u00f3n de Ley Integral de las Personas Mayores.<\/a><a href=\"https:\/\/www.litoralpress.cl\/paginaconsultas\/Servicios_NClipSitio\/Get_Imagen_Nota.aspx?LPKey=744YMXWP3DZ76EPJR3ICQ3LPFLXAYJ4T6QOELJFL46XQPS24UP7AM2PNWOZEGOAOBOHTMKSZDIXIG\">\u00a0Se refiere Iv\u00e1n Palomo Gonz\u00e1lez, acad\u00e9mico de la Facultad de Ciencias\u202fde la Salud.<\/a><a href=\"https:\/\/www.litoralpress.cl\/paginaconsultas\/Servicios_NClipSitio\/Get_Imagen_Nota.aspx?LPKey=744YMXWP3DZ76EPJR3ICQ3LPFLXAYJ4T6QOELJFL46XQPS24UP7AM2PNWOZEGOAOBOHTMKSZDIXIG\">\u00a0<\/a><b><br aria-hidden=\"true\" \/><\/b><b>\u00a0<\/b><\/p><p><b>PUBLIMICRO<\/b>\u00a0<br aria-hidden=\"true\" \/><a href=\"https:\/\/publimicro.cl\/expertos-del-cuech-piden-celeridad-en-la-aprobacion-de-ley-integral-de-las-personas-mayores-entidad-es-liderada-por-la-utalca\/\">Expertos del CUECH, piden celeridad en la aprobaci\u00f3n de Ley Integral de las Personas Mayores. Entidad es liderada por la Utalca.\u00a0Se refiere Iv\u00e1n Palomo Gonz\u00e1lez, acad\u00e9mico de la Facultad de Ciencias\u202fde la Salud.\u00a0<\/a><\/p><p>\u00a0<\/p><p><b>DIARIO<\/b>\u00a0<b>EL HERALDO<\/b>\u00a0<br aria-hidden=\"true\" \/><a href=\"https:\/\/www.diarioelheraldo.cl\/noticia\/expertos-piden-celeridad-en-la-aprobacion-de-ley-integral-de-las-personas-mayores\">Expertos piden celeridad en la aprobaci\u00f3n de Ley Integral de las Personas Mayores.\u00a0Se refiere Iv\u00e1n Palomo Gonz\u00e1lez, acad\u00e9mico de la Facultad de Ciencias\u202fde la Salud.\u00a0<\/a><\/p><p>\u00a0<\/p><p><b>CHILL\u00c1N ONLINE<\/b>\u00a0<br aria-hidden=\"true\" \/><a href=\"https:\/\/www.chillanonline.cl\/V7\/2024\/02\/28\/expertos-piden-celeridad-en-la-aprobacion-de-ley-integral-de-las-personas-mayores\/\">Expertos piden celeridad en la aprobaci\u00f3n de Ley Integral de las Personas Mayores.\u00a0Se refiere Iv\u00e1n Palomo Gonz\u00e1lez, acad\u00e9mico de la Facultad de Ciencias\u202fde la Salud.\u00a0<\/a><\/p><p>\u00a0<\/p><p><b>EL LECTOR<\/b>\u00a0<br aria-hidden=\"true\" \/><a href=\"https:\/\/www.litoralpress.cl\/paginaconsultas\/Servicios_NClipSitio\/Get_Imagen_Nota.aspx?LPKey=7SSNA3M3TQXE6IXUYKIWZFGHLITU74PPQ2CCE7STVMAKTTGZUREBGMBVPZSVBMJ37OFWGYYMPZC34\">Expertos piden celeridad en la aprobaci\u00f3n de Ley Integral de las Personas Mayores.\u00a0Se refiere Iv\u00e1n Palomo Gonz\u00e1lez, acad\u00e9mico de la Facultad de Ciencias\u202fde la Salud.\u00a0<\/a><\/p><p>\u00a0<\/p><p><b>EL LECTOR<\/b>\u00a0<br aria-hidden=\"true\" \/><a href=\"https:\/\/www.litoralpress.cl\/paginaconsultas\/Servicios_NClipSitio\/Get_Imagen_Nota.aspx?LPKey=V74YDXJL2OJAR3MKOAL2HEU4HIQ7NSRI4AEBF23IWUSDETZN5ZGRJMHFPHDRH2ENEUBSRRWAL3WEK\">Centro Interuniversitario de Envejecimiento Saludable es reconocido por la ONU como una iniciativa innovadora.\u00a0Se refiere Iv\u00e1n Palomo Gonz\u00e1lez, acad\u00e9mico de la Facultad de Ciencias\u202fde la Salud.\u00a0<\/a><\/p><p>\u00a0<\/p><p><b>CHILL\u00c1N ONLINE<\/b>\u00a0<br aria-hidden=\"true\" \/><a href=\"https:\/\/www.chillanonline.cl\/V7\/2024\/02\/28\/centro-interuniversitario-de-envejecimiento-saludable-es-reconocido-por-la-onu-como-una-iniciativa-innovadora\/\">Centro Interuniversitario de Envejecimiento Saludable es reconocido por la ONU como una iniciativa innovadora.\u00a0Se refiere Iv\u00e1n Palomo Gonz\u00e1lez, acad\u00e9mico de la Facultad de Ciencias\u202fde la Salud.\u00a0<\/a><\/p><p>\u00a0<\/p><p><b>DIARIO LA QUINTA<\/b>\u00a0<br aria-hidden=\"true\" \/><a href=\"https:\/\/diariolaquinta.cl\/2024\/02\/29\/centro-interuniversitario-de-envejecimiento-saludable-es-reconocido-por-la-onu-como-una-iniciativa-innovadora\/\">Centro Interuniversitario de Envejecimiento Saludable es reconocido por la ONU como una iniciativa innovadora.\u00a0Se refiere Iv\u00e1n Palomo Gonz\u00e1lez, acad\u00e9mico de la Facultad de Ciencias\u202fde la Salud.\u00a0<\/a><\/p><p>\u00a0<\/p><p><b>MEGANOTICIAS ONLINE<\/b><\/p><p><a href=\"https:\/\/www.meganoticias.cl\/nacional\/440582-detienen-padres-bebe-8-meses-riesgo-vital-lesiones-graves-26-2-2024.html\">C\u00e1ncer de cuello uterino: C\u00f3mo prevenir y tratar esta enfermedad provocada por el Virus del Papiloma Humano. Se refiere Marjorie Medel Illanes, acad\u00e9mica de Obstetricia y Puericultura.<\/a><\/p><p>\u00a0<\/p><p><b>\u00a0<\/b><b>EL TIP\u00d3GRAFO<\/b><\/p><p><a href=\"https:\/\/eltipografo.cl\/2024\/02\/expertos-destacan-el-uso-de-videojuegos-como-herramienta-para-ensenar-ciencias\">Expertos destacan el uso de videojuegos como herramienta para ense\u00f1ar ciencias. Se refiere, Pablo Rojas, acad\u00e9mico de la Facultad de Ingenier\u00eda, Karin Saavedra directora Vinculaci\u00f3n con el Medio y Manuel Ortiz, profesional de la mencionada Unidad.<\/a><\/p><p>\u00a0<\/p><p><b>RADIO AMIGA\u00a0<br aria-hidden=\"true\" \/><\/b><a href=\"https:\/\/www.litoralpress.cl\/sitio\/RadioTV_Detalles.cshtml?LPKey=2RZW2FG4QOLUIPLVXPRIHWF47PDQWTXIB5ZNDJXDYHKAS66JGPIMC7XFYYKV6VQLIRLR25RPSPINO\">Lleg\u00f3 el temido mes de marzo. Se refiere, Juan Andr\u00e9s Riquelme Won, acad\u00e9mico de la Facultad de Econom\u00eda y Negocios, \u00a0<\/a><b><br aria-hidden=\"true\" \/><\/b><\/p><p>\u00a0<\/p><p><b>RADIO INFINITA<\/b>\u00a0<br aria-hidden=\"true\" \/><a href=\"https:\/\/www.litoralpress.cl\/sitio\/RadioTV_Detalles.cshtml?LPKey=AAXRQ4UVWFNRJAGLS5XKEXEEJWY6CHSU5B2N57WVUITMV4LYGTDB5VAH7MRBFDDBXHLDUCRLT2BQ2\">Comentario de pol\u00edtica de Mauricio Morales, acad\u00e9mico de la Facultad de Ciencias Jur\u00eddicas y Sociales.\u00a0<\/a><br aria-hidden=\"true\" \/><br \/><\/p><p><b>DIARIO EL CENTRO<\/b>\u00a0<br aria-hidden=\"true\" \/><a href=\"https:\/\/www.diarioelcentro.cl\/2024\/02\/29\/dia-de-la-inclusion-social-y-discriminacion-cero-debemos-considerar-a-las-personas-mayores\/\">D\u00eda de la Inclusi\u00f3n Social y Discriminaci\u00f3n Cero: Debemos considerar a las personas mayores. Columna. Se refiere Emilio Moyano, acad\u00e9mico Facultad de Psicolog\u00eda.\u00a0<\/a><b><br aria-hidden=\"true\" \/><\/b><\/p><p>\u00a0<\/p><p><b>CANAL ANTOFAGASTA<\/b><b>\u00a0<br aria-hidden=\"true\" \/><\/b><a href=\"https:\/\/www.litoralpress.cl\/sitio\/RadioTV_Detalles.cshtml?LPKey=EX3XGHGY3KYKLPGME3HU27NMCG4KYZMF7XVKBX4XMX2GZRESL3SUFIMU2YGSQFJF42KBIUMLBX6DG\">Prevenci\u00f3n del hanta virus en regi\u00f3n del Maule. Se refiere Barbra Fern\u00e1ndez, acad\u00e9mica de la Escuela de Enfermer\u00eda.<\/a><b>\u00a0<br aria-hidden=\"true\" \/><\/b><\/p><p>\u00a0<\/p><p><b>RADIO BIO-BIO<\/b>\u00a0<br aria-hidden=\"true\" \/><a href=\"https:\/\/www.biobiochile.cl\/noticias\/opinion\/tu-voz\/2024\/02\/29\/se-aleja-el-sueno-de-la-casa-propia.shtml\">Se aleja el sue\u00f1o de la casa propia. Se menciona la Universidad de Talca. \u00a0<\/a><\/p><p>\u00a0<\/p><p><b>EL HERALDO AUSTRAL<\/b>\u00a0<br aria-hidden=\"true\" \/><a href=\"https:\/\/eha.cl\/noticia\/local\/trio-lircay-se-presentara-en-una-nueva-fecha-de-conciertos-de-centro-cultural-bosque-nativo\">\u201cTr\u00edo Lircay\u201d se presentar\u00e1 en una nueva fecha de conciertos de Centro Cultural Bosque Nativo. Se menciona la Universidad de Talca.<\/a> \u00a0<\/p><p>\u00a0<\/p><p><b>EL HERALDO AUSTRAL<\/b>\u00a0<br aria-hidden=\"true\" \/><a href=\"https:\/\/www.litoralpress.cl\/paginaconsultas\/Servicios_NClipSitio\/Get_Imagen_Nota.aspx?LPKey=JCAEQYTQI4OXVPS763I4VQRKY62KCWR7E6AUHL2ZYP6YV7NTR4S2JQEO6ZT5EUCEIFL3K5XLJO4GE\">\u201cTr\u00edo Lircay\u201d se presentar\u00e1 en una nueva fecha de conciertos de Centro Cultural Bosque Nativo. Se menciona la Universidad de Talca.<\/a>\u00a0<\/p><p>\u00a0<\/p><p><b>EL CALBUCANO<\/b>\u00a0<br aria-hidden=\"true\" \/><a href=\"https:\/\/www.elcalbucano.cl\/2024\/02\/trio-lircay-se-presentara-en-una-nueva-fecha-de-conciertos-de-centro-cultural\/\">\u201cTr\u00edo Lircay\u201d se presentar\u00e1 en una nueva fecha de conciertos de Centro Cultural Bosque Nativo. Se menciona la Universidad de Talca.<\/a>\u00a0<\/p>\t\t\t\t\t\t<\/div>\n\t\t\t\t<\/div>\n\t\t\t\t\t<\/div>\n\t\t<\/div>\n\t\t\t\t\t\t\t<\/div>\n\t\t<\/section>\n\t\t\t\t\t\t<\/div>\n\t\t\t\t\t<\/div>\n\t\t","protected":false},"excerpt":{"rendered":"<p>LA TERCERA Los efectos que sufrir\u00e1 Chile por inminente llegada del fen\u00f3meno de La Ni\u00f1a.\u00a0Se refiere Patricio Gonz\u00e1lez Colville, agroclimat\u00f3logo y acad\u00e9mico del Centro de Investigaci\u00f3n y Transferencia en Riego y Agroclimatolog\u00eda (CITRA). \u00a0 \u00a0 LA TERCERA ONLINE\u00a0Los duros efectos que vivir\u00e1 el pa\u00eds por inminente llegada del fen\u00f3meno de La Ni\u00f1a: podr\u00eda durar 3 &hellip;<\/p>\n<p class=\"read-more\"> <a class=\"\" href=\"https:\/\/www.reportedeprensa.utalca.cl\/?p=9185\"> <span class=\"screen-reader-text\">01 de marzo de 2024<\/span> Read More &raquo;<\/a><\/p>\n","protected":false},"author":1,"featured_media":0,"comment_status":"closed","ping_status":"open","sticky":false,"template":"","format":"standard","meta":{"_monsterinsights_skip_tracking":false,"_monsterinsights_sitenote_active":false,"_monsterinsights_sitenote_note":"","_monsterinsights_sitenote_category":0},"categories":[46],"tags":[],"_links":{"self":[{"href":"https:\/\/www.reportedeprensa.utalca.cl\/index.php?rest_route=\/wp\/v2\/posts\/9185"}],"collection":[{"href":"https:\/\/www.reportedeprensa.utalca.cl\/index.php?rest_route=\/wp\/v2\/posts"}],"about":[{"href":"https:\/\/www.reportedeprensa.utalca.cl\/index.php?rest_route=\/wp\/v2\/types\/post"}],"author":[{"embeddable":true,"href":"https:\/\/www.reportedeprensa.utalca.cl\/index.php?rest_route=\/wp\/v2\/users\/1"}],"replies":[{"embeddable":true,"href":"https:\/\/www.reportedeprensa.utalca.cl\/index.php?rest_route=%2Fwp%2Fv2%2Fcomments&post=9185"}],"version-history":[{"count":8,"href":"https:\/\/www.reportedeprensa.utalca.cl\/index.php?rest_route=\/wp\/v2\/posts\/9185\/revisions"}],"predecessor-version":[{"id":9196,"href":"https:\/\/www.reportedeprensa.utalca.cl\/index.php?rest_route=\/wp\/v2\/posts\/9185\/revisions\/9196"}],"wp:attachment":[{"href":"https:\/\/www.reportedeprensa.utalca.cl\/index.php?rest_route=%2Fwp%2Fv2%2Fmedia&parent=9185"}],"wp:term":[{"taxonomy":"category","embeddable":true,"href":"https:\/\/www.reportedeprensa.utalca.cl\/index.php?rest_route=%2Fwp%2Fv2%2Fcategories&post=9185"},{"taxonomy":"post_tag","embeddable":true,"href":"https:\/\/www.reportedeprensa.utalca.cl\/index.php?rest_route=%2Fwp%2Fv2%2Ftags&post=9185"}],"curies":[{"name":"wp","href":"https:\/\/api.w.org\/{rel}","templated":true}]}}