{"id":9198,"date":"2024-03-04T15:10:10","date_gmt":"2024-03-04T18:10:10","guid":{"rendered":"https:\/\/www.reportedeprensa.utalca.cl\/?p=9198"},"modified":"2024-03-04T15:23:03","modified_gmt":"2024-03-04T18:23:03","slug":"04-de-marzo-de-2024","status":"publish","type":"post","link":"https:\/\/www.reportedeprensa.utalca.cl\/?p=9198","title":{"rendered":"04 de marzo de 2024"},"content":{"rendered":"\t\t<div data-elementor-type=\"wp-post\" data-elementor-id=\"9198\" class=\"elementor elementor-9198\" data-elementor-settings=\"[]\">\n\t\t\t\t\t\t\t<div class=\"elementor-section-wrap\">\n\t\t\t\t\t\t\t<section class=\"elementor-section elementor-top-section elementor-element elementor-element-bcea1a8 elementor-section-boxed elementor-section-height-default elementor-section-height-default\" data-id=\"bcea1a8\" data-element_type=\"section\">\n\t\t\t\t\t\t<div class=\"elementor-container elementor-column-gap-default\">\n\t\t\t\t\t<div class=\"elementor-column elementor-col-100 elementor-top-column elementor-element elementor-element-e7183bf\" data-id=\"e7183bf\" data-element_type=\"column\">\n\t\t\t<div class=\"elementor-widget-wrap elementor-element-populated\">\n\t\t\t\t\t\t\t\t<div class=\"elementor-element elementor-element-5ffbb87 elementor-widget elementor-widget-text-editor\" data-id=\"5ffbb87\" data-element_type=\"widget\" data-widget_type=\"text-editor.default\">\n\t\t\t\t<div class=\"elementor-widget-container\">\n\t\t\t\t\t\t\t\t<p><b>LA TERCERA ONLINE<br aria-hidden=\"true\" \/><\/b><a href=\"https:\/\/www.latercera.com\/paula-cocina\/noticia\/dia-mundial-de-la-eficiencia-energetica-como-hacer-que-tu-hogar-consuma-menos-y-rinda-mas\/KLIIOM2UMNCBJL3K6WMRLZ4TBQ\/#\">D\u00eda Mundial de la Eficiencia Energ\u00e9tica: c\u00f3mo hacer que tu hogar consuma menos y rinda m\u00e1s. Se refiere Carlos Torres Fuchslocher, rector.<\/a><b><br aria-hidden=\"true\" \/><\/b><b><u><\/u><\/b><\/p><p>\u00a0<\/p><p><b>24 HORAS<\/b><\/p><p><a href=\"https:\/\/www.litoralpress.cl\/sitio\/RadioTV_Detalles.cshtml?LPKey=K5GRXMRTS5CEHYNMVTKI7A5M3DY2AURGAAZACPFNGYOQEHWONIKL4CWA2JMQCQ5ZXUCAQC2BJB3SS\">Fen\u00f3meno de La Ni\u00f1a llegar\u00eda este a\u00f1o.\u00a0Se refiere Patricio Gonz\u00e1lez Colville, agroclimat\u00f3logo y acad\u00e9mico del Centro de Investigaci\u00f3n y Transferencia en Riego y Agroclimatolog\u00eda (CITRA).\u00a0<\/a><\/p><p><b>\u00a0<\/b><\/p><p><b>24 HORAS<br aria-hidden=\"true\" \/><\/b><a href=\"https:\/\/www.24horas.cl\/programas\/noticias-24\/investigador-y-pronostico-para-el-ano-2024-cuando-hay-un-evento-de-la-nina-sequia\">Investigador y pron\u00f3stico para el a\u00f1o 2024: \u201cCuando hay un evento de la Ni\u00f1a la sequ\u00eda se intensifica\u201d. Se refiere Patricio Gonz\u00e1lez Colville, agroclimat\u00f3logo y acad\u00e9mico del Centro de Investigaci\u00f3n y Transferencia en Riego y Agroclimatolog\u00eda (CITRA).\u00a0<\/a><\/p><p>\u00a0<\/p><p><b>LA TERCERA<br aria-hidden=\"true\" \/><\/b><a href=\"https:\/\/www.litoralpress.cl\/paginaconsultas\/Servicios_NClipSitio\/Get_Imagen_Nota.aspx?LPKey=H3DWV6BC6BSWN2NZPBLMNEIYKKXYATMOEKGQUF33YG5362XSYB6WAK4WFDWTHPN7FER2YUKGJIRGI\">Los efectos que sufrir\u00e1 Chile por inminente llegada del fen\u00f3meno de La Ni\u00f1a. Se refiere Patricio Gonz\u00e1lez Colville, agroclimat\u00f3logo y acad\u00e9mico del Centro de Investigaci\u00f3n y Transferencia en Riego y Agroclimatolog\u00eda (CITRA).\u00a0<\/a><\/p><p>\u00a0<\/p><p><b>EL INSULAR<br aria-hidden=\"true\" \/><\/b><a href=\"https:\/\/elinsular.cl\/noticias\/nacional\/2024\/03\/03\/el-nuevo-fenomeno-climatico-que-llegaria-a-chile\/\">El nuevo fen\u00f3meno clim\u00e1tico que llegar\u00eda a Chile.<b>\u00a0<\/b>Se refiere Patricio Gonz\u00e1lez Colville, agroclimat\u00f3logo y acad\u00e9mico del Centro de Investigaci\u00f3n y Transferencia en Riego y Agroclimatolog\u00eda (CITRA).\u00a0<\/a><br aria-hidden=\"true\" \/><br \/><\/p><p><b>LA DISCUSI\u00d3N<br aria-hidden=\"true\" \/><\/b><a href=\"https:\/\/www.litoralpress.cl\/paginaconsultas\/Servicios_NClipSitio\/Get_Imagen_Nota.aspx?LPKey=YLSO3COK4BBHHJ5CWBKPCH55WKE25IIFCN4ICIEJAO7PPLU6HECIIYMRGCQBJOCAH4N5FZ2X6ARU4\">Alertan sobre la llegada este a\u00f1o del Fen\u00f3meno de La Ni\u00f1a. Se refiere Patricio Gonz\u00e1lez Colville, agroclimat\u00f3logo y acad\u00e9mico del Centro de Investigaci\u00f3n y Transferencia en Riego y Agroclimatolog\u00eda (CITRA).\u00a0<\/a><br aria-hidden=\"true\" \/><br \/><\/p><p><b>LA DISCUSI\u00d3N<br aria-hidden=\"true\" \/><\/b><a href=\"https:\/\/www.ladiscusion.cl\/alertan-sobre-la-llegada-este-ano-del-fenomeno-de-la-nina\/\">Alertan sobre la llegada este a\u00f1o del Fen\u00f3meno de La Ni\u00f1a. Se refiere Patricio Gonz\u00e1lez Colville, agroclimat\u00f3logo y acad\u00e9mico del Centro de Investigaci\u00f3n y Transferencia en Riego y Agroclimatolog\u00eda (CITRA).\u00a0<\/a><br aria-hidden=\"true\" \/><br \/><\/p><p><b>CONTRAPLANO<br aria-hidden=\"true\" \/><\/b><a href=\"https:\/\/contraplano.cl\/2024\/03\/01\/el-nuevo-fenomeno-climatico-que-llegaria-a-chile-y-podria-durar-hasta-3-anos\/\">El nuevo fen\u00f3meno clim\u00e1tico que llegar\u00eda a chile y podr\u00eda durar hasta 3 a\u00f1os. Se refiere Patricio Gonz\u00e1lez Colville, agroclimat\u00f3logo y acad\u00e9mico del Centro de Investigaci\u00f3n y Transferencia en Riego y Agroclimatolog\u00eda (CITRA).\u00a0<\/a><br aria-hidden=\"true\" \/><br \/><\/p><p><b>MEDIA BANCO<br aria-hidden=\"true\" \/><\/b><a href=\"https:\/\/www.mediabanco.com\/academica-de-la-utalca-es-nombrada-abogada-integrante-de-la-corte-suprema\/\">Acad\u00e9mica de la UTalca es nombrada abogada integrante de la Corte Suprema. Se refiere, Irene Rojas Mi\u00f1o acad\u00e9mica de la Facultad de Ciencias Jur\u00eddicas y Sociales.<\/a><br aria-hidden=\"true\" \/><br \/><\/p><p><b>AD PRENSA<br aria-hidden=\"true\" \/><\/b><a href=\"https:\/\/www.adprensa.cl\/cronica\/academica-de-la-utalca-es-nombrada-abogada-integrante-de-la-corte-suprema\/\">Acad\u00e9mica de la UTalca es nombrada abogada integrante de la Corte Suprema. Se refiere, Irene Rojas Mi\u00f1o acad\u00e9mica de la Facultad de Ciencias Jur\u00eddicas y Sociales.<\/a><b><br aria-hidden=\"true\" \/><\/b><b><u><br \/><\/u><\/b><\/p><p><b>EL HERALDO<br aria-hidden=\"true\" \/><\/b><a href=\"https:\/\/www.litoralpress.cl\/paginaconsultas\/Servicios_NClipSitio\/Get_Imagen_Nota.aspx?LPKey=ACZPDWBW4MM5X7VSYDH2M35GBPYFZHZ2LTGO4OWOZH5EWOKJ4ZRXC46NAL5YM5GXPNT44Q5L3BPZY\">Acad\u00e9mica de la UTalca es nombrada abogada integrante de la Corte Suprema. Se refiere, Irene Rojas Mi\u00f1o acad\u00e9mica de la Facultad de Ciencias Jur\u00eddicas y Sociales.<\/a><br aria-hidden=\"true\" \/><br \/><\/p><p><b>EL LECTOR<br aria-hidden=\"true\" \/><\/b><a href=\"https:\/\/www.litoralpress.cl\/paginaconsultas\/Servicios_NClipSitio\/Get_Imagen_Nota.aspx?LPKey=IUVH6BKELPKYLT3PCEHVLU35AQJGASFTUSTCQJIKKVYDRXVJHBIFSXXMQ42JVB6CV62K2SVIQGGKK\">Acad\u00e9mica de la UTalca es nombrada abogada integrante de la Corte Suprema. Se refiere, Irene Rojas Mi\u00f1o acad\u00e9mica de la Facultad de Ciencias Jur\u00eddicas y Sociales.<\/a><br aria-hidden=\"true\" \/><br \/><\/p><p><b>CAUQUENES.NET<br aria-hidden=\"true\" \/><\/b><a href=\"https:\/\/cauquenesnet.cl\/2024\/03\/03\/academica-de-la-utalca-es-nombrada-abogada-integrante-de-la-corte-suprema\/\">Acad\u00e9mica de la UTalca Integra Corte Suprema. Se refiere, Irene Rojas Mi\u00f1o acad\u00e9mica de la Facultad de Ciencias Jur\u00eddicas y Sociales.<\/a><br aria-hidden=\"true\" \/><br \/><\/p><p><b>LA PRENSA DE CURIC\u00d3<br aria-hidden=\"true\" \/><\/b><a href=\"https:\/\/www.litoralpress.cl\/paginaconsultas\/Servicios_NClipSitio\/Get_Imagen_Nota.aspx?LPKey=EGADAPGKLW6M745YMCKRHOJWGYT5U4WCRJPS67XXO6YYRK4BYNDIQPDMJRX2UER4IPMA3OC34XAL6\">Acad\u00e9mica de la UTalca Integra Corte Suprema. Se refiere, Irene Rojas Mi\u00f1o acad\u00e9mica de la Facultad de Ciencias Jur\u00eddicas y Sociales.<\/a><br aria-hidden=\"true\" \/><br \/><\/p><p><b>PUBLIMICRO<\/b><br aria-hidden=\"true\" \/><a href=\"https:\/\/publimicro.cl\/academica-de-la-universidad-de-talca-es-nombrada-abogada-integrante-de-la-corte-suprema-hasta-el-2027\/\">Acad\u00e9mica de la Universidad de Talca es nombrada abogada integrante de la Corte Suprema, hasta el 2027<\/a><br aria-hidden=\"true\" \/><br \/><\/p><p><b>\u00a0<\/b><b>EL MAULE INFORMA<br aria-hidden=\"true\" \/><\/b><a href=\"https:\/\/elmauleinforma.cl\/centro-de-estudio-de-la-utalca-presento-informe-para-futura-ley-de-negociacion-colectiva\/\">Centro de Estudio de la UTalca present\u00f3 informe para futura Ley de Negociaci\u00f3n Colectiva. Se refiere Rodrigo Palomo, acad\u00e9mico de la Facultad de Ciencias Jur\u00eddicas y Sociales.<\/a><br aria-hidden=\"true\" \/><br \/><\/p><p><b>EL HERALDO<br aria-hidden=\"true\" \/><\/b><a href=\"https:\/\/www.litoralpress.cl\/paginaconsultas\/Servicios_NClipSitio\/Get_Imagen_Nota.aspx?LPKey=4UTTCDFZ36XW7T5POPXMXC3VMBO5HFXFHVSC2ZTKUCCATGLI2ZVF52FON7OK3AOUQV4MLWE7W63ZQ\">Centro de Estudio de la UTalca present\u00f3 informe para futura Ley de Negociaci\u00f3n Colectiva. Se refiere Rodrigo Palomo, acad\u00e9mico de la Facultad de Ciencias Jur\u00eddicas y Sociales.<\/a><b><br aria-hidden=\"true\" \/><\/b><b><u><br \/><\/u><\/b><\/p><p><b>EL LECTOR<br aria-hidden=\"true\" \/><\/b><a href=\"https:\/\/www.litoralpress.cl\/paginaconsultas\/Servicios_NClipSitio\/Get_Imagen_Nota.aspx?LPKey=Y4HLPFIGARRGPH7FHWMMOQGVPI3IGN3ZGSL3XEIYEW5M27CZ6IBDZ7GX3YF5WL24KG7YREQ4B7SCC\">Centro de Estudio de la UTalca present\u00f3 informe para futura Ley de Negociaci\u00f3n Colectiva. Se refiere Rodrigo Palomo, acad\u00e9mico de la Facultad de Ciencias Jur\u00eddicas y Sociales.<\/a><br aria-hidden=\"true\" \/><br \/><\/p><p><b>PUBLIMICRO<br aria-hidden=\"true\" \/><\/b><a href=\"https:\/\/publimicro.cl\/centro-de-estudio-de-la-universidad-de-talca-presento-informe-especializado-que-pueda-servir-de-base-para-futura-ley-de-negociacion-colectiva\/\">Centro de Estudio de la Universidad de Talca present\u00f3 informe especializado, que pueda servir de base para futura Ley de Negociaci\u00f3n Colectiva. Se refiere Rodrigo Palomo, acad\u00e9mico de la Facultad de Ciencias Jur\u00eddicas y Sociales.<\/a><br aria-hidden=\"true\" \/><br \/><\/p><p><b>EL DIARIO DE SANTIAGO<br aria-hidden=\"true\" \/><\/b><a href=\"http:\/\/eldiariosantiago.cl\/centro-de-estudio-de-la-utalca-presento-informe-para-futura-ley-de-negociacion-colectiva\/\">Centro de Estudio de la UTalca present\u00f3 informe para futura Ley de Negociaci\u00f3n Colectiva. Se refiere Rodrigo Palomo, acad\u00e9mico de la Facultad de Ciencias Jur\u00eddicas y Sociales.<\/a><br aria-hidden=\"true\" \/><br \/><\/p><p><b>G5 NOTICIAS<br aria-hidden=\"true\" \/><\/b><a href=\"https:\/\/g5noticias.cl\/2024\/03\/02\/centro-de-estudio-de-la-utalca-presento-informe-para-futura-ley-de-negociacion-colectiva\/\">Centro de Estudio de la UTalca present\u00f3 informe para futura Ley de Negociaci\u00f3n Colectiva. Se refiere Rodrigo Palomo, acad\u00e9mico de la Facultad de Ciencias Jur\u00eddicas y Sociales.<\/a><br aria-hidden=\"true\" \/><br \/><\/p><p><b>PORTAL RED SALUD<br aria-hidden=\"true\" \/><\/b><a href=\"https:\/\/portalprensasalud.cl\/2024\/03\/01\/a-cuatro-anos-de-la-llegada-del-covid-19-que-hemos-aprendido\/\">A cuatro a\u00f1os de la llegada del Covid-19: \u00bfQu\u00e9 hemos aprendido? Se refiere \u00c9rika Retamal Contreras, directora del Departamento de Salud P\u00fablica.<\/a><br aria-hidden=\"true\" \/><br \/><\/p><p><b>EL TIP\u00d3GRAFO<br aria-hidden=\"true\" \/><\/b><a href=\"https:\/\/eltipografo.cl\/2024\/03\/a-cuatro-anos-de-la-llegada-del-covid-19-que-hemos-aprendido\">A cuatro a\u00f1os de la llegada del Covid-19: \u00bfQu\u00e9 hemos aprendido? Se refiere \u00c9rika Retamal Contreras, directora del Departamento de Salud P\u00fablica.<\/a><b><br aria-hidden=\"true\" \/><\/b><b><u><br \/><\/u><\/b><\/p><p><b>MEDIA BANCO<br aria-hidden=\"true\" \/><\/b><a href=\"https:\/\/www.mediabanco.com\/a-cuatro-anos-de-la-llegada-del-covid-19-que-hemos-aprendido\/\">A cuatro a\u00f1os de la llegada del Covid-19: \u00bfQu\u00e9 hemos aprendido? Se refiere \u00c9rika Retamal Contreras, directora del Departamento de Salud P\u00fablica.<\/a><br aria-hidden=\"true\" \/><br \/><\/p><p><b>AD PRENSA<br aria-hidden=\"true\" \/><\/b><a href=\"https:\/\/www.adprensa.cl\/cronica\/a-cuatro-anos-de-la-llegada-del-covid-19-que-hemos-aprendido\/\">A cuatro a\u00f1os de la llegada del Covid-19: \u00bfQu\u00e9 hemos aprendido? Se refiere \u00c9rika Retamal Contreras, directora del Departamento de Salud P\u00fablica.<\/a><br aria-hidden=\"true\" \/><br \/><\/p><p><b>S\u00c9PTIMA P\u00c1GINA NOTICIAS<br aria-hidden=\"true\" \/><\/b><a href=\"https:\/\/www.septimapaginanoticias.cl\/a-cuatro-anos-de-la-llegada-del-covid-19-que-hemos-aprendido\">A cuatro a\u00f1os de la llegada del Covid-19: \u00bfQu\u00e9 hemos aprendido? Se refiere \u00c9rika Retamal Contreras, directora del Departamento de Salud P\u00fablica.<\/a><br aria-hidden=\"true\" \/><br \/><\/p><p><b>EL HERALDO<br aria-hidden=\"true\" \/><\/b><a href=\"https:\/\/www.litoralpress.cl\/paginaconsultas\/Servicios_NClipSitio\/Get_Imagen_Nota.aspx?LPKey=SK45MVAXGOCUUF6R4NPDOSCFOALV6ZI3V2FUVEWVTQCMALFGNVT77RWHAM6DMLN2LRQS3BMONAMA4\">A cuatro a\u00f1os de la llegada del Covid-19: \u00bfQu\u00e9 hemos aprendido? Se refiere \u00c9rika Retamal Contreras, directora del Departamento de Salud P\u00fablica.<\/a><br aria-hidden=\"true\" \/><br \/><\/p><p><b>EL LECTOR<br aria-hidden=\"true\" \/><\/b><a href=\"https:\/\/www.litoralpress.cl\/paginaconsultas\/Servicios_NClipSitio\/Get_Imagen_Nota.aspx?LPKey=YZUSDKZTPKYO4BKOV262NFQV36VUWMLMTQTAIGI3ONL5BQDRN7GIUWOEU22NR47YTF246R5SO5NXW\">A cuatro a\u00f1os de la llegada del Covid-19: \u00bfQu\u00e9 hemos aprendido? Se refiere \u00c9rika Retamal Contreras, directora del Departamento de Salud P\u00fablica.<\/a><\/p><p class=\"x_elementToProof\">\u00a0<\/p><p><b>CHILL\u00c1N ONLINE<br aria-hidden=\"true\" \/><\/b><a href=\"https:\/\/www.chillanonline.cl\/V7\/2024\/03\/01\/a-cuatro-anos-de-la-llegada-del-covid-19-que-hemos-aprendido\/\">A cuatro a\u00f1os de la llegada del Covid-19: \u00bfQu\u00e9 hemos aprendido? Se refiere \u00c9rika Retamal Contreras, directora del Departamento de Salud P\u00fablica.<\/a><br aria-hidden=\"true\" \/><br \/><\/p><p><b>ANALIZA MAULE<br aria-hidden=\"true\" \/><\/b><a href=\"https:\/\/analizamaule.cl\/a-cuatro-anos-de-la-llegada-del-covid-19-que-hemos-aprendido\/\">A cuatro a\u00f1os de la llegada del Covid-19: \u00bfQu\u00e9 hemos aprendido? Se refiere \u00c9rika Retamal Contreras, directora del Departamento de Salud P\u00fablica.<\/a><br aria-hidden=\"true\" \/><br \/><\/p><p><b>G5 NOTICIAS<br aria-hidden=\"true\" \/><\/b><a href=\"https:\/\/g5noticias.cl\/2024\/03\/03\/a-cuatro-anos-de-la-llegada-del-covid-19-que-hemos-aprendido\/\">A cuatro a\u00f1os de la llegada del Covid-19: \u00bfQu\u00e9 hemos aprendido? Se refiere \u00c9rika Retamal Contreras, directora del Departamento de Salud P\u00fablica.<\/a><br aria-hidden=\"true\" \/><br \/><\/p><p><b>DIARIO DE TALCA<br aria-hidden=\"true\" \/><\/b><a href=\"https:\/\/diariotalca.cl\/a-14-anos-del-27f-lecciones-claves-tras-el-proceso-de-reconstruccion\/\">A 14 a\u00f1os del 27F: lecciones claves tras el proceso de reconstrucci\u00f3n. Se refiere Armando Dur\u00e1n Bustamante.<\/a><b><br aria-hidden=\"true\" \/><\/b><b><u><br \/><\/u><\/b><\/p><p><b>EST\u00c1 PASANDO<br aria-hidden=\"true\" \/><\/b><a href=\"https:\/\/estapasando.cl\/regreso-a-clases-que-puedo-hacer-para-que-mi-hijo-duerma-mejor\/\">Regreso a clases: \u00bfQu\u00e9 puedo hacer para que mi hijo duerma mejor? Se refiere Carla Mendoza N\u00fa\u00f1ez coordinadora de la Unidad Cl\u00ednica del Centro de Psicolog\u00eda Aplicada.<\/a><b><br aria-hidden=\"true\" \/><\/b><b><u><br \/><\/u><\/b><\/p><p><b>MEDIA BANCO<\/b><\/p><p class=\"x_elementToProof\"><a href=\"https:\/\/www.mediabanco.com\/centro-de-envejecimiento-saludable-es-reconocido-por-la-onu-como-iniciativa-innovadora\/\">Centro de Envejecimiento Saludable es reconocido por la ONU como iniciativa innovadora. Se refiere Iv\u00e1n Palomo Gonz\u00e1lez, acad\u00e9mico de la Facultad de Ciencias de la Salud<\/a><\/p><p>\u00a0<\/p><p><b>RADIO INFINITA<br aria-hidden=\"true\" \/><\/b><a href=\"https:\/\/www.litoralpress.cl\/sitio\/RadioTV_Detalles.cshtml?LPKey=EBZZLS4IJZ6C6PBOQSS4YOFEZZNL6HPHQET25TGADUDQ7CPFZAXGRDM3OBIKFEONGXD3LGJ7BXEF4\">Entrevista a Mauricio Morales Quiroga, director del Centro de An\u00e1lisis Pol\u00edtico.<\/a><br aria-hidden=\"true\" \/><br \/><\/p><p><b>RADIO PORTALES<br aria-hidden=\"true\" \/><\/b><a href=\"https:\/\/radioportales.cl\/sitio\/dirigentes-politicos-comentan-con-discrepancias-impulso-desde-las-calles-de-reformas-pospuestas-por-el-gobierno\/\">Dirigentes pol\u00edticos comentan con discrepancias, impulso desde las calles de reformas pospuestas por el Gobierno. Se refiere Mauricio Morales Quiroga, director del Centro de An\u00e1lisis Pol\u00edtico.<\/a><br aria-hidden=\"true\" \/><br \/><\/p><p><b>EMOL<\/b><br aria-hidden=\"true\" \/><a href=\"https:\/\/www.emol.com\/noticias\/Nacional\/2024\/02\/29\/1123309\/descuadre-y-atrincheramiento-diputados-oficialistas.html\">&#8216;Reconquistar&#8217; al electorado: La estrategia que deja entrever el &#8216;atrincheramiento&#8217; de Winter (CS) y Cuello (PC). Se refiere Mauricio Morales Quiroga, director del Centro de An\u00e1lisis Pol\u00edtico.<\/a><br aria-hidden=\"true\" \/><br \/><\/p><p><b>EL LIBERO<br aria-hidden=\"true\" \/><\/b><a href=\"https:\/\/ellibero.cl\/actualidad\/la-reconfiguracion-del-mapa-de-poder-dentro-del-gabinete-de-boric\/\">La reconfiguraci\u00f3n del mapa de poder dentro del gabinete de Boric. Se refiere Mauricio Morales Quiroga, director del Centro de An\u00e1lisis Pol\u00edtico.<\/a><br aria-hidden=\"true\" \/><br \/><\/p><p><b>CIPER CHILE<br aria-hidden=\"true\" \/><\/b><a href=\"https:\/\/www.ciperchile.cl\/2024\/03\/01\/el-hastio\/\">El Hast\u00edo.<b>\u00a0<\/b>Se refiere Mauricio Morales Quiroga, director del Centro de An\u00e1lisis Pol\u00edtico.<\/a><br aria-hidden=\"true\" \/><br \/><\/p><p><b>MEGA NOTICIAS<br aria-hidden=\"true\" \/><\/b><a href=\"https:\/\/www.meganoticias.cl\/nacional\/441289-mauricio-morales-encuesta-cadem-gobierno-presidente-boric-partidos-politicos-03-03-2024.html\">Columna de Mauricio Morales: &#8220;Presidente, \u00a1no les haga caso!&#8221; Se refiere Mauricio Morales Quiroga, director del Centro de An\u00e1lisis Pol\u00edtico.<\/a><b><br aria-hidden=\"true\" \/><\/b><b><u><br \/><\/u><\/b><\/p><p><b>EL MERCURIO<br aria-hidden=\"true\" \/><\/b><a href=\"https:\/\/www.litoralpress.cl\/paginaconsultas\/Servicios_NClipSitio\/Get_Imagen_Nota.aspx?LPKey=YV7TVZX3KGCRCTPBDCVU56DSQFX5GYCPSZ3QYOSMNDB5G35ECQDACNMUURTNPR7GOAHZ5XERQ7OJK\">Francisca Cerda: \u201cNunca me he sentido discriminada\u201d. Se menciona la Universidad de Talca.<\/a><b><br aria-hidden=\"true\" \/><\/b><b><u><br \/><\/u><\/b><\/p><p><b>LA PRENSA DE CURIC\u00d3<br aria-hidden=\"true\" \/><\/b><a href=\"https:\/\/www.litoralpress.cl\/paginaconsultas\/Servicios_NClipSitio\/Get_Imagen_Nota.aspx?LPKey=IA46LUMZZBS44HM7UEL5DJB75CDDBBX3VN3WWL3C5TJU76G4FWNB5PLMIGOI73W2EQCDPIWQ6ZNUO\">Talquinos opinan de la Cultura y destacan su relevancia. Se menciona la Universidad de Talca.<\/a><br aria-hidden=\"true\" \/><br \/><\/p>\t\t\t\t\t\t<\/div>\n\t\t\t\t<\/div>\n\t\t\t\t\t<\/div>\n\t\t<\/div>\n\t\t\t\t\t\t\t<\/div>\n\t\t<\/section>\n\t\t\t\t\t\t<\/div>\n\t\t\t\t\t<\/div>\n\t\t","protected":false},"excerpt":{"rendered":"<p>LA TERCERA ONLINED\u00eda Mundial de la Eficiencia Energ\u00e9tica: c\u00f3mo hacer que tu hogar consuma menos y rinda m\u00e1s. Se refiere Carlos Torres Fuchslocher, rector. \u00a0 24 HORAS Fen\u00f3meno de La Ni\u00f1a llegar\u00eda este a\u00f1o.\u00a0Se refiere Patricio Gonz\u00e1lez Colville, agroclimat\u00f3logo y acad\u00e9mico del Centro de Investigaci\u00f3n y Transferencia en Riego y Agroclimatolog\u00eda (CITRA).\u00a0 \u00a0 24 HORASInvestigador &hellip;<\/p>\n<p class=\"read-more\"> <a class=\"\" href=\"https:\/\/www.reportedeprensa.utalca.cl\/?p=9198\"> <span class=\"screen-reader-text\">04 de marzo de 2024<\/span> Read More &raquo;<\/a><\/p>\n","protected":false},"author":1,"featured_media":0,"comment_status":"closed","ping_status":"open","sticky":false,"template":"","format":"standard","meta":{"_monsterinsights_skip_tracking":false,"_monsterinsights_sitenote_active":false,"_monsterinsights_sitenote_note":"","_monsterinsights_sitenote_category":0},"categories":[46],"tags":[],"_links":{"self":[{"href":"https:\/\/www.reportedeprensa.utalca.cl\/index.php?rest_route=\/wp\/v2\/posts\/9198"}],"collection":[{"href":"https:\/\/www.reportedeprensa.utalca.cl\/index.php?rest_route=\/wp\/v2\/posts"}],"about":[{"href":"https:\/\/www.reportedeprensa.utalca.cl\/index.php?rest_route=\/wp\/v2\/types\/post"}],"author":[{"embeddable":true,"href":"https:\/\/www.reportedeprensa.utalca.cl\/index.php?rest_route=\/wp\/v2\/users\/1"}],"replies":[{"embeddable":true,"href":"https:\/\/www.reportedeprensa.utalca.cl\/index.php?rest_route=%2Fwp%2Fv2%2Fcomments&post=9198"}],"version-history":[{"count":4,"href":"https:\/\/www.reportedeprensa.utalca.cl\/index.php?rest_route=\/wp\/v2\/posts\/9198\/revisions"}],"predecessor-version":[{"id":9202,"href":"https:\/\/www.reportedeprensa.utalca.cl\/index.php?rest_route=\/wp\/v2\/posts\/9198\/revisions\/9202"}],"wp:attachment":[{"href":"https:\/\/www.reportedeprensa.utalca.cl\/index.php?rest_route=%2Fwp%2Fv2%2Fmedia&parent=9198"}],"wp:term":[{"taxonomy":"category","embeddable":true,"href":"https:\/\/www.reportedeprensa.utalca.cl\/index.php?rest_route=%2Fwp%2Fv2%2Fcategories&post=9198"},{"taxonomy":"post_tag","embeddable":true,"href":"https:\/\/www.reportedeprensa.utalca.cl\/index.php?rest_route=%2Fwp%2Fv2%2Ftags&post=9198"}],"curies":[{"name":"wp","href":"https:\/\/api.w.org\/{rel}","templated":true}]}}