{"id":9207,"date":"2024-03-05T10:06:15","date_gmt":"2024-03-05T13:06:15","guid":{"rendered":"https:\/\/www.reportedeprensa.utalca.cl\/?p=9207"},"modified":"2024-03-05T10:23:04","modified_gmt":"2024-03-05T13:23:04","slug":"05-de-marzo-de-2024","status":"publish","type":"post","link":"https:\/\/www.reportedeprensa.utalca.cl\/?p=9207","title":{"rendered":"05 de marzo de 2024"},"content":{"rendered":"\t\t<div data-elementor-type=\"wp-post\" data-elementor-id=\"9207\" class=\"elementor elementor-9207\" data-elementor-settings=\"[]\">\n\t\t\t\t\t\t\t<div class=\"elementor-section-wrap\">\n\t\t\t\t\t\t\t<section class=\"elementor-section elementor-top-section elementor-element elementor-element-bcea1a8 elementor-section-boxed elementor-section-height-default elementor-section-height-default\" data-id=\"bcea1a8\" data-element_type=\"section\">\n\t\t\t\t\t\t<div class=\"elementor-container elementor-column-gap-default\">\n\t\t\t\t\t<div class=\"elementor-column elementor-col-100 elementor-top-column elementor-element elementor-element-e7183bf\" data-id=\"e7183bf\" data-element_type=\"column\">\n\t\t\t<div class=\"elementor-widget-wrap elementor-element-populated\">\n\t\t\t\t\t\t\t\t<div class=\"elementor-element elementor-element-5ffbb87 elementor-widget elementor-widget-text-editor\" data-id=\"5ffbb87\" data-element_type=\"widget\" data-widget_type=\"text-editor.default\">\n\t\t\t\t<div class=\"elementor-widget-container\">\n\t\t\t\t\t\t\t\t<div><p><b>MEDIABANCO<\/b><b>\u00a0<br aria-hidden=\"true\" \/><\/b><a href=\"https:\/\/www.mediabanco.com\/universidad-de-talca-da-la-bienvenida-a-mas-de-2-400-nuevos-estudiantes\/\">Universidad de Talca da la bienvenida a m\u00e1s de 2.400 nuevos estudiantes. Se refiere el rector Carlos Torres Fuchslocher.<\/a><a href=\"https:\/\/www.mediabanco.com\/universidad-de-talca-da-la-bienvenida-a-mas-de-2-400-nuevos-estudiantes\/\">\u00a0<\/a><b><br aria-hidden=\"true\" \/><\/b><\/p><p>\u00a0<\/p><\/div><div><p><b>DIARIO EL HERALDO<\/b>\u00a0<\/p><p><a href=\"https:\/\/www.diarioelheraldo.cl\/noticia\/universidad-de-talca-da-la-bienvenida-a-mas-de-2400-nuevos-estudiantes\">Universidad de Talca da la bienvenida a m\u00e1s de 2.400 nuevos estudiantes. Se refiere el rector Carlos Torres Fuchslocher.\u00a0<\/a><\/p><p>\u00a0<\/p><\/div><div><b>DIARIO TALCA<\/b><\/div><div><a href=\"https:\/\/www.litoralpress.cl\/paginaconsultas\/Servicios_NClipSitio\/Get_Imagen_Nota.aspx?LPKey=4IDLA6NWTHT5XFWVOB7WOUPFWA5TKMI7DVGHOP6PEBUPS3POWGXTRXC5BBZQEWX7NLPDUBJ3ILVJI\">Lecciones y desaf\u00edos tras 14 a\u00f1os del 27-F. Se refiere Armando Dur\u00e1n, acad\u00e9mico de la Facultad de Ingenier\u00eda.<\/a><\/div><div>\u00a0<\/div><div><div><p><b>DIARIO EL HERALDO<\/b>\u00a0<\/p><p><a href=\"https:\/\/www.diarioelheraldo.cl\/noticia\/especialista-explica-como-volver-a-la-rutina-posvacaciones\">Especialista explica c\u00f3mo volver a la rutina posvacaciones. Se refiere Carla Mendoza N\u00fa\u00f1ez, coordinadora de la Unidad Cl\u00ednica del Centro de Psicolog\u00eda Aplicada (CEPA).\u00a0<\/a><\/p><p>\u00a0<\/p><\/div><div><p><b>MEDIA BANCO<\/b>\u00a0<br aria-hidden=\"true\" \/><a href=\"https:\/\/www.mediabanco.com\/especialista-explica-como-volver-a-la-rutina-posvacaciones\/\">Especialista explica c\u00f3mo volver a la rutina posvacaciones. Se refiere Carla Mendoza N\u00fa\u00f1ez, coordinadora de la Unidad Cl\u00ednica del Centro de Psicolog\u00eda Aplicada (CEPA)\u00a0<\/a><br aria-hidden=\"true\" \/><br \/><\/p><\/div><div><p><b>G5 NOTICIAS<\/b>\u00a0<br aria-hidden=\"true\" \/><a href=\"https:\/\/g5noticias.cl\/2024\/03\/04\/especialista-explica-como-volver-a-la-rutina-posvacaciones\/\">Especialista explica c\u00f3mo volver a la rutina posvacaciones. Se refiere Carla Mendoza N\u00fa\u00f1ez, coordinadora de la Unidad Cl\u00ednica del Centro de Psicolog\u00eda Aplicada (CEPA).\u00a0<\/a><br aria-hidden=\"true\" \/><br \/><\/p><\/div><div><p><b>RADIO AGRICULTURA<\/b><b>\u00a0<br aria-hidden=\"true\" \/><\/b><a href=\"https:\/\/www.radioagricultura.cl\/dato-practico\/2024\/03\/04\/super-lunes-como-retomar-la-rutina-tras-el-fin-de-las-vacaciones\/\">S\u00faper lunes: \u00bfC\u00f3mo retomar la rutina tras el fin de las vacaciones? Se refiere Carla Mendoza N\u00fa\u00f1ez, coordinadora de la Unidad Cl\u00ednica del Centro de Psicolog\u00eda Aplicada (CEPA)<\/a><a href=\"https:\/\/www.radioagricultura.cl\/dato-practico\/2024\/03\/04\/super-lunes-como-retomar-la-rutina-tras-el-fin-de-las-vacaciones\/\">\u00a0<\/a><b><br aria-hidden=\"true\" \/><\/b><\/p><\/div><div><p>\u00a0<\/p><p><b>EL REPORTE DIARIO<\/b>\u00a0<br aria-hidden=\"true\" \/><a href=\"https:\/\/reportediario.cl\/2024\/03\/04\/descubre-como-retomar-la-rutina-tras-el-fin-de-las-vacaciones-y-evitar-el-estres\/\">\u00a1Descubre c\u00f3mo retomar la rutina tras el fin de las vacaciones y evitar el estr\u00e9s! Se refiere Carla Mendoza N\u00fa\u00f1ez, coordinadora de la Unidad Cl\u00ednica del Centro de Psicolog\u00eda Aplicada (CEPA).\u00a0<\/a><br aria-hidden=\"true\" \/><br \/><\/p><\/div><div><p><b>DIARIOS EN RED<\/b>\u00a0<br aria-hidden=\"true\" \/><a href=\"https:\/\/www.diariosenred.com\/tendencia\/especialista-explica-como-volver-a-la-rutina-posvacaciones\">Especialista explica c\u00f3mo volver a la rutina posvacaciones. Se refiere Carla Mendoza N\u00fa\u00f1ez, coordinadora de la Unidad Cl\u00ednica del Centro de Psicolog\u00eda Aplicada (CEPA).\u00a0<\/a><br aria-hidden=\"true\" \/><br \/><\/p><\/div><div><p><b>RED VALPARA\u00cdSO<\/b>\u00a0<br aria-hidden=\"true\" \/><a href=\"https:\/\/www.redvalparaiso.com\/tendencia\/especialista-explica-como-volver-a-la-rutina-posvacaciones\">Especialista explica c\u00f3mo volver a la rutina posvacaciones. Se refiere Carla Mendoza N\u00fa\u00f1ez, coordinadora de la Unidad Cl\u00ednica del Centro de Psicolog\u00eda Aplicada (CEPA).\u00a0<\/a><\/p><p>\u00a0<\/p><\/div><div><p><b>RED BIOB\u00cdO<\/b>\u00a0<br aria-hidden=\"true\" \/><a href=\"https:\/\/www.redbiobio.com\/tendencia\/especialista-explica-como-volver-a-la-rutina-posvacaciones\">Especialista explica c\u00f3mo volver a la rutina posvacaciones. Se refiere Carla Mendoza N\u00fa\u00f1ez, coordinadora de la Unidad Cl\u00ednica del Centro de Psicolog\u00eda Aplicada (CEPA).\u00a0<\/a><br aria-hidden=\"true\" \/><br \/><\/p><\/div><div><p><b>AD PRENSA<\/b> \u00a0<br aria-hidden=\"true\" \/><a href=\"https:\/\/www.adprensa.cl\/cronica\/especialista-explica-como-volver-a-la-rutina-posvacaciones\/\">Especialista explica c\u00f3mo volver a la rutina posvacaciones. Se refiere Carla Mendoza N\u00fa\u00f1ez, coordinadora de la Unidad Cl\u00ednica del Centro de Psicolog\u00eda Aplicada (CEPA)\u00a0<\/a><\/p><p>\u00a0<\/p><div><p><b>RADIO COOPERATIVA<\/b><b>\u00a0<\/b><\/p><p><a href=\"https:\/\/www.litoralpress.cl\/sitio\/RadioTV_Detalles.cshtml?LPKey=O2CFI4WNBMZVHBH74DOZFQ62ZYXTZ22GX3FAZX34FFWEPNSJWDOYZTK7XV7CCNCTH7DHRB2LRWVMU\">Chile enfrenta alza de Covid. Se refiere \u00c9rika Retamal Contreras, directora del Departamento de Salud P\u00fablica. <\/a><\/p><p>\u00a0<\/p><\/div><div><p><b>COOPERATIVA.CL<\/b>\u00a0<br aria-hidden=\"true\" \/><a href=\"https:\/\/www.cooperativa.cl\/noticias\/sociedad\/salud\/coronavirus\/a-cuatro-anos-del-primer-caso-confirmado-de-covid-19-en-chile\/2024-03-04\/005551.html\">A cuatro a\u00f1os del primer caso confirmado de Covid-19 en Chile. Se refiere \u00c9rika Retamal Contreras, directora del Departamento de Salud P\u00fablica.\u00a0<\/a><\/p><\/div><div>\u00a0<\/div><div><p><b>DIARIO TALCA<\/b>\u00a0<br aria-hidden=\"true\" \/><a href=\"https:\/\/diariotalca.cl\/a-cuatro-anos-de-la-llegada-del-covid-19-que-hemos-aprendido\/\">A cuatro a\u00f1os del primer caso confirmado de Covid-19 en Chile. Se refiere \u00c9rika Retamal Contreras, directora del Departamento de Salud P\u00fablica.\u00a0<\/a><br aria-hidden=\"true\" \/><br \/><\/p><\/div><div><p><b>DIARIO LA PRENSA<\/b>\u00a0<br aria-hidden=\"true\" \/><a href=\"https:\/\/new.diariolaprensa.cl\/index.php\/2024\/03\/04\/reiteran-urgente-llamado-a-vacunarse-contra-el-covid-19-a-los-grupos-de-riesgo\/\">Reiteran urgente llamado a vacunarse contra el Covid-19 a los grupos de riesgo. Se refiere \u00c9rika Retamal Contreras, directora del Departamento de Salud P\u00fablica.\u00a0<\/a><br aria-hidden=\"true\" \/><br \/><\/p><\/div><div><p><b>LA MEGA<\/b>\u00a0<br aria-hidden=\"true\" \/><a href=\"https:\/\/www.lamega.cl\/a-cuatro-anos-del-primer-caso-confirmado-de-covid-19-en-chile\/\">A cuatro a\u00f1os del primer caso confirmado de Covid-19 en Chile. Se refiere \u00c9rika Retamal Contreras, directora del Departamento de Salud P\u00fablica.\u00a0<\/a><\/p><p class=\"x_elementToProof\">\u00a0<\/p><\/div><div><p><b>LA TERCERA ONLINE<\/b><b>\u00a0<br aria-hidden=\"true\" \/><\/b><a href=\"https:\/\/www.latercera.com\/que-pasa\/noticia\/parte-otono-meteorologico-bajo-amenaza-de-llegada-de-intenso-fenomeno-climatico-asi-estara-el-tiempo-los-proximos-meses\/B3EWYBN3XFEDZATKUVG272RLPQ\/\">Parte oto\u00f1o meteorol\u00f3gico bajo amenaza de llegada de intenso fen\u00f3meno clim\u00e1tico: as\u00ed estar\u00e1 el tiempo los pr\u00f3ximos meses. Se refiere Patricio Gonz\u00e1lez Colville, agroclimat\u00f3logo y acad\u00e9mico del Centro de Investigaci\u00f3n y Transferencia en Riego y Agroclimatolog\u00eda (CITRA).\u00a0 \u00a0<\/a><\/p><p>\u00a0<\/p><\/div><div><p><b>24 HORAS<\/b>\u00a0<br aria-hidden=\"true\" \/><a href=\"https:\/\/www.24horas.cl\/actualidad\/nacional\/el-evento-metorologico-perverso-para-chile-que-llegaria-este-2024-\">El evento metorol\u00f3gico &#8220;perverso para Chile&#8221; que llegar\u00eda este 2024. e refiere Patricio Gonz\u00e1lez Colville, agroclimat\u00f3logo y acad\u00e9mico del Centro de Investigaci\u00f3n y Transferencia en Riego y Agroclimatolog\u00eda (CITRA).\u00a0 \u00a0<\/a><br aria-hidden=\"true\" \/><br \/><\/p><\/div><div><p><b>RADIO ADN<\/b><b>\u00a0<\/b><\/p><p><a href=\"https:\/\/www.litoralpress.cl\/sitio\/RadioTV_Detalles.cshtml?LPKey=M6IUAOQD2XA3KQJH3O5HOHJWBNAHDFLDO5JE2MUFQT3WVGVJF5NDOL2AVWYNZF6OFJNIURBRN6CVU\">Fen\u00f3meno de La Ni\u00f1a. Entrevista a Patricio Gonz\u00e1lez, agroclimat\u00f3logo y acad\u00e9mico del Centro de Investigaci\u00f3n y Transferencia en Riego y Agroclimatolog\u00eda (CITRA).\u00a0<\/a><\/p><p>\u00a0<\/p><\/div><div><p><b>PUBLIMETRO.CL<\/b>\u00a0<br aria-hidden=\"true\" \/><a href=\"https:\/\/www.publimetro.cl\/noticias\/2024\/03\/04\/llegada-del-fenomeno-de-la-nina-anticipa-otro-ano-de-sequia-para-chile\/\">Llegada del fen\u00f3meno de La Ni\u00f1a anticipa otro a\u00f1o de sequ\u00eda para Chile. Se refiere Patricio Gonz\u00e1lez Colville, agroclimat\u00f3logo y acad\u00e9mico del Centro de Investigaci\u00f3n y Transferencia en Riego y Agroclimatolog\u00eda (CITRA).\u00a0 \u00a0<\/a><br aria-hidden=\"true\" \/><br \/><\/p><\/div><div><p><b>PUBLIMETRO<\/b>\u00a0<br aria-hidden=\"true\" \/><a href=\"https:\/\/www.litoralpress.cl\/paginaconsultas\/Servicios_NClipSitio\/Get_Imagen_Nota.aspx?LPKey=UY4QEV3EXEALBXMMUZWU4H7AUIZCOBAMGKCMAV6ASHTPDZBZTM3OBBAOUQI57DHUJRUBIEYH4BMSM\">Llegada del fen\u00f3meno de La Ni\u00f1a anticipa otro a\u00f1o de sequ\u00eda para Chile. Se refiere Patricio Gonz\u00e1lez Colville, agroclimat\u00f3logo y acad\u00e9mico del Centro de Investigaci\u00f3n y Transferencia en Riego y Agroclimatolog\u00eda (CITRA).\u00a0 \u00a0<\/a><br aria-hidden=\"true\" \/><br \/><\/p><\/div><\/div><\/div><div><p><b>PUBLIMICRO<\/b>\u00a0<\/p><p><a href=\"https:\/\/publimicro.cl\/onu-reconoce-innovadora-iniciativa-realizada-por-el-centro-de-envejecimiento-saludable-entidad-liderada-por-academico-de-la-universidad-de-talca\/\">ONU reconoce innovadora iniciativa realizada por el Centro de Envejecimiento Saludable, entidad liderada por acad\u00e9mico de la Universidad de Talca. Se refiere Iv\u00e1n Palomo Gonz\u00e1lez, acad\u00e9mico de la Facultad de Ciencias de la Salud.\u00a0<\/a><\/p><p>\u00a0<\/p><\/div><div><p><b>AD PRENSA<\/b><b>\u00a0<\/b><\/p><p><a href=\"https:\/\/www.adprensa.cl\/cronica\/centro-de-envejecimiento-saludable-es-reconocido-por-la-onu-como-iniciativa-innovadora\/\">Centro de Envejecimiento Saludable es reconocido por la ONU como iniciativa innovadora. Se refiere Iv\u00e1n Palomo Gonz\u00e1lez, acad\u00e9mico de la Facultad de Ciencias de la Salud.\u00a0<\/a><\/p><p>\u00a0<\/p><\/div><div><p><b>GREENNETWORK.CL <\/b><b>\u00a0<br aria-hidden=\"true\" \/><\/b><a href=\"https:\/\/greennetwork.cl\/agroalimentacion\/agricultura-vertical-pensando-los-cultivos-del-futuro\/\">Agricultura vertical: Pensando los cultivos del futuro. Se refiere Gilda Carrasco, acad\u00e9mica Facultad de Ciencias Agrarias.<\/a><a href=\"https:\/\/greennetwork.cl\/agroalimentacion\/agricultura-vertical-pensando-los-cultivos-del-futuro\/\">\u00a0<\/a><b><br aria-hidden=\"true\" \/><\/b><\/p><\/div><div>\u00a0<\/div><div><p><b>LAS \u00daLTIMAS NOTICIAS<\/b>\u00a0<\/p><p><a href=\"https:\/\/www.litoralpress.cl\/paginaconsultas\/Servicios_NClipSitio\/Get_Imagen_Nota.aspx?LPKey=SAQF4KLZ42GBCGVIBBCVNEZFOTVNTJAOFNTTIFGA7GOO2M7X575BSB7L76CLKMYFFUPKJG4OLH446\">Vendimias: los pron\u00f3sticos 2024 para la producci\u00f3n y venta de vino. Se menciona la Universidad de Talca.\u00a0<\/a><br aria-hidden=\"true\" \/><br \/><\/p><\/div><div><p><b>MEGANOTICIAS<\/b><b>\u00a0<\/b><\/p><p><a href=\"https:\/\/www.meganoticias.cl\/nacional\/441289-mauricio-morales-encuesta-cadem-gobierno-presidente-boric-partidos-politicos-03-03-2024.html\">Columna de Mauricio Morales: &#8220;Presidente, \u00a1no les haga caso!&#8221;, director del Centro de An\u00e1lisis Pol\u00edtico (CAP).\u00a0<\/a><\/p><p>\u00a0<\/p><\/div><div><p><b>RADIO INFINITA<\/b>\u00a0<\/p><p><a href=\"https:\/\/www.litoralpress.cl\/sitio\/RadioTV_Detalles.cshtml?LPKey=S77OHAROCLJEUD72UYRGF4GEEQKUKDSS5LRLTRFRUHMDYEX4HZ3FFUFEPBAYRISFZJCLL75WTTXTA\">Comentario de pol\u00edtica de Mauricio Morales, director del Centro de An\u00e1lisis Pol\u00edtico (CAP)<\/a><\/p><p>\u00a0<\/p><\/div><div><p><b>PUBLIMETRO <\/b><b>\u00a0<br aria-hidden=\"true\" \/><\/b><a href=\"https:\/\/www.litoralpress.cl\/paginaconsultas\/Servicios_NClipSitio\/Get_Imagen_Nota.aspx?LPKey=MYD4ASG37EVAGH2ODDI4NXRFNREZC5DNFREN2XFOSLGEQFD64DEDSVZFTZ5BPVV4UK7FPQLNU4D6Y\">No s\u00f3lo seguridad: la cargada agenda del a\u00f1o nuevo parlamentario. Se refiere Mario Herrera Mu\u00f1oz, acad\u00e9mico del Centro de An\u00e1lisis Pol\u00edtico (CAP).<\/a><a href=\"https:\/\/www.litoralpress.cl\/paginaconsultas\/Servicios_NClipSitio\/Get_Imagen_Nota.aspx?LPKey=MYD4ASG37EVAGH2ODDI4NXRFNREZC5DNFREN2XFOSLGEQFD64DEDSVZFTZ5BPVV4UK7FPQLNU4D6Y\">\u00a0<\/a><b><br aria-hidden=\"true\" \/><\/b><b><a id=\"OWAcb9c1470-7544-7e21-ea4d-bdd462258a7d\" class=\"x_x_Hyperlink x_x_SCXW52253931 x_x_BCX0 x_x_OWAAutoLink\" href=\"https:\/\/www.litoralpress.cl\/paginaconsultas\/Servicios_NClipSitio\/Get_Imagen_Nota.aspx?LPKey=MYD4ASG37EVAGH2ODDI4NXRFNREZC5DNFREN2XFOSLGEQFD64DEDSVZFTZ5BPVV4UK7FPQLNU4D6Y\" target=\"_blank\" rel=\"noopener noreferrer\" data-auth=\"NotApplicable\" data-loopstyle=\"linkonly\" data-linkindex=\"29\"><\/a><\/b><\/p><\/div><div>\u00a0<\/div><div><b>DE MAR A CORDILLERA<\/b>\u00a0<br aria-hidden=\"true\" \/><a href=\"https:\/\/demaracordilleratv.cl\/2024\/03\/04\/investigadoras-de-la-macrozona-centro-sur-son-parte-libros-inspiradoras-del-ministerio-de-ciencias\/\">Investigadoras de la Macrozona Centro Sur son parte libros \u201cInspiradoras\u201d del Ministerio de Ciencias. Se refiere Karin Saavedra Redlich, directora de Vinculaci\u00f3n con el Medio.\u00a0<\/a><\/div>\t\t\t\t\t\t<\/div>\n\t\t\t\t<\/div>\n\t\t\t\t\t<\/div>\n\t\t<\/div>\n\t\t\t\t\t\t\t<\/div>\n\t\t<\/section>\n\t\t\t\t\t\t<\/div>\n\t\t\t\t\t<\/div>\n\t\t","protected":false},"excerpt":{"rendered":"<p>MEDIABANCO\u00a0Universidad de Talca da la bienvenida a m\u00e1s de 2.400 nuevos estudiantes. Se refiere el rector Carlos Torres Fuchslocher.\u00a0 \u00a0 DIARIO EL HERALDO\u00a0 Universidad de Talca da la bienvenida a m\u00e1s de 2.400 nuevos estudiantes. Se refiere el rector Carlos Torres Fuchslocher.\u00a0 \u00a0 DIARIO TALCALecciones y desaf\u00edos tras 14 a\u00f1os del 27-F. Se refiere Armando &hellip;<\/p>\n<p class=\"read-more\"> <a class=\"\" href=\"https:\/\/www.reportedeprensa.utalca.cl\/?p=9207\"> <span class=\"screen-reader-text\">05 de marzo de 2024<\/span> Read More &raquo;<\/a><\/p>\n","protected":false},"author":1,"featured_media":0,"comment_status":"closed","ping_status":"open","sticky":false,"template":"","format":"standard","meta":{"_monsterinsights_skip_tracking":false,"_monsterinsights_sitenote_active":false,"_monsterinsights_sitenote_note":"","_monsterinsights_sitenote_category":0},"categories":[46],"tags":[],"_links":{"self":[{"href":"https:\/\/www.reportedeprensa.utalca.cl\/index.php?rest_route=\/wp\/v2\/posts\/9207"}],"collection":[{"href":"https:\/\/www.reportedeprensa.utalca.cl\/index.php?rest_route=\/wp\/v2\/posts"}],"about":[{"href":"https:\/\/www.reportedeprensa.utalca.cl\/index.php?rest_route=\/wp\/v2\/types\/post"}],"author":[{"embeddable":true,"href":"https:\/\/www.reportedeprensa.utalca.cl\/index.php?rest_route=\/wp\/v2\/users\/1"}],"replies":[{"embeddable":true,"href":"https:\/\/www.reportedeprensa.utalca.cl\/index.php?rest_route=%2Fwp%2Fv2%2Fcomments&post=9207"}],"version-history":[{"count":7,"href":"https:\/\/www.reportedeprensa.utalca.cl\/index.php?rest_route=\/wp\/v2\/posts\/9207\/revisions"}],"predecessor-version":[{"id":9218,"href":"https:\/\/www.reportedeprensa.utalca.cl\/index.php?rest_route=\/wp\/v2\/posts\/9207\/revisions\/9218"}],"wp:attachment":[{"href":"https:\/\/www.reportedeprensa.utalca.cl\/index.php?rest_route=%2Fwp%2Fv2%2Fmedia&parent=9207"}],"wp:term":[{"taxonomy":"category","embeddable":true,"href":"https:\/\/www.reportedeprensa.utalca.cl\/index.php?rest_route=%2Fwp%2Fv2%2Fcategories&post=9207"},{"taxonomy":"post_tag","embeddable":true,"href":"https:\/\/www.reportedeprensa.utalca.cl\/index.php?rest_route=%2Fwp%2Fv2%2Ftags&post=9207"}],"curies":[{"name":"wp","href":"https:\/\/api.w.org\/{rel}","templated":true}]}}