{"id":9226,"date":"2024-03-06T12:09:55","date_gmt":"2024-03-06T15:09:55","guid":{"rendered":"https:\/\/www.reportedeprensa.utalca.cl\/?p=9226"},"modified":"2024-03-06T12:29:33","modified_gmt":"2024-03-06T15:29:33","slug":"06-de-marzo-de-2024","status":"publish","type":"post","link":"https:\/\/www.reportedeprensa.utalca.cl\/?p=9226","title":{"rendered":"06 de marzo de 2024"},"content":{"rendered":"\t\t<div data-elementor-type=\"wp-post\" data-elementor-id=\"9226\" class=\"elementor elementor-9226\" data-elementor-settings=\"[]\">\n\t\t\t\t\t\t\t<div class=\"elementor-section-wrap\">\n\t\t\t\t\t\t\t<section class=\"elementor-section elementor-top-section elementor-element elementor-element-bcea1a8 elementor-section-boxed elementor-section-height-default elementor-section-height-default\" data-id=\"bcea1a8\" data-element_type=\"section\">\n\t\t\t\t\t\t<div class=\"elementor-container elementor-column-gap-default\">\n\t\t\t\t\t<div class=\"elementor-column elementor-col-100 elementor-top-column elementor-element elementor-element-e7183bf\" data-id=\"e7183bf\" data-element_type=\"column\">\n\t\t\t<div class=\"elementor-widget-wrap elementor-element-populated\">\n\t\t\t\t\t\t\t\t<div class=\"elementor-element elementor-element-5ffbb87 elementor-widget elementor-widget-text-editor\" data-id=\"5ffbb87\" data-element_type=\"widget\" data-widget_type=\"text-editor.default\">\n\t\t\t\t<div class=\"elementor-widget-container\">\n\t\t\t\t\t\t\t\t<div><p><b>EL MOSTRADOR<\/b>\u00a0<br aria-hidden=\"true\" \/><a href=\"https:\/\/www.elmostrador.cl\/agenda-pais\/educacion\/2024\/03\/05\/universidad-regional-da-la-bienvenida-a-mas-de-2-400-nuevos-estudiantes\/\">Universidad regional da la bienvenida a m\u00e1s de 2.400 nuevos estudiantes. Se refiere el rector Carlos Torres Fuchslocher.<\/a><a href=\"https:\/\/www.elmostrador.cl\/agenda-pais\/educacion\/2024\/03\/05\/universidad-regional-da-la-bienvenida-a-mas-de-2-400-nuevos-estudiantes\/\">\u00a0<\/a><b><br aria-hidden=\"true\" \/><\/b><\/p><\/div><div><p>\u00a0<\/p><p><b>DIARIO EL HERALDO<\/b>\u00a0<br aria-hidden=\"true\" \/><a href=\"https:\/\/www.litoralpress.cl\/paginaconsultas\/Servicios_NClipSitio\/Get_Imagen_Nota.aspx?LPKey=H6ZVM4BP2BA2VGAZGF4ANTLCES5REHMGLK4MLMKSS5FJZBSWAA3UBVJBSO67TPTSAEGXY7UKC7SD6\">Universidad de Talca da la bienvenida a m\u00e1s de 2.400 nuevos estudiantes. Se refiere el rector Carlos Torres Fuchslocher.\u00a0<\/a><br aria-hidden=\"true\" \/><br \/><\/p><\/div><div><p><b>EL LECTOR<\/b>\u00a0<br aria-hidden=\"true\" \/><a href=\"https:\/\/www.litoralpress.cl\/paginaconsultas\/Servicios_NClipSitio\/Get_Imagen_Nota.aspx?LPKey=4MW2XG7FVZEPEYTNIKUGNNIUHH5Y4VTJ4LPBMRASZUHHRKUG766A7MNUHWMD5F4KPCHSPVIBQ3CP2\">Universidad de Talca da la bienvenida a m\u00e1s de 2.400 nuevos estudiantes. Se refiere el rector Carlos Torres Fuchslocher.\u00a0<\/a><br aria-hidden=\"true\" \/><a id=\"OWA01c29723-8025-a470-3925-44f82851b040\" class=\"x_x_Hyperlink x_x_SCXW78821438 x_x_BCX0 x_x_OWAAutoLink\" href=\"https:\/\/www.litoralpress.cl\/paginaconsultas\/Servicios_NClipSitio\/Get_Imagen_Nota.aspx?LPKey=4MW2XG7FVZEPEYTNIKUGNNIUHH5Y4VTJ4LPBMRASZUHHRKUG766A7MNUHWMD5F4KPCHSPVIBQ3CP2\" target=\"_blank\" rel=\"noopener noreferrer\" data-auth=\"NotApplicable\" data-loopstyle=\"linkonly\" data-linkindex=\"2\"><\/a><b><\/b><\/p><p>\u00a0<\/p><p><b>CHILL\u00c1N ONLINE<\/b>\u00a0<br aria-hidden=\"true\" \/><a href=\"https:\/\/www.chillanonline.cl\/V7\/2024\/03\/04\/universidad-de-talca-da-la-bienvenida-a-mas-de-2-400-nuevos-estudiantes\/\">Universidad de Talca da la bienvenida a m\u00e1s de 2.400 nuevos estudiantes. Se refiere el rector Carlos Torres Fuchslocher.\u00a0<\/a><br aria-hidden=\"true\" \/><br \/><\/p><\/div><div><p><b>MEDIABANCO<\/b>\u00a0<\/p><p><a href=\"https:\/\/www.mediabanco.com\/utalca-invita-a-estudiantes-con-vocacion-pedagogica-a-participar-de-programa-especial\/\">UTalca invita a estudiantes con vocaci\u00f3n pedag\u00f3gica a participar de programa especial. Se refiere el decano de la Facultad de Ciencias de la Educaci\u00f3n, Mauricio V\u00e9liz Campos.\u00a0<\/a><\/p><p>\u00a0<\/p><\/div><div><p><b>PORTAL RED SALUD<\/b><b>\u00a0<\/b><\/p><p><a href=\"https:\/\/portalprensasalud.cl\/2024\/03\/05\/centro-de-envejecimiento-saludable-es-reconocido-por-la-onu-como-iniciativa-innovadora\/\">Centro de Envejecimiento Saludable es reconocido por la ONU como iniciativa innovadora. Se refiere Iv\u00e1n Palomo Gonz\u00e1lez, acad\u00e9mico de la Facultad de Ciencias de la Salud.\u00a0<\/a><\/p><p>\u00a0<\/p><\/div><div><p><b>EL HERALDO<\/b><b>\u00a0<br aria-hidden=\"true\" \/><\/b><a href=\"https:\/\/www.litoralpress.cl\/paginaconsultas\/Servicios_NClipSitio\/Get_Imagen_Nota.aspx?LPKey=4CXKLTZ5U6NE4GT5J3N6IIEI5B3P52UR2WK4GAGP2O2DU3ZU2K5D3USR4UMPLGBVLKRW3TMJ6BEWO\">Centro de Estudio de la UTalca present\u00f3 informe para futura Ley de Negociaci\u00f3n Colectiva. Se refiere Rodrigo Palomo, acad\u00e9mico de la Facultad de Ciencias Jur\u00eddicas y Sociales.\u00a0<\/a><\/p><p>\u00a0<\/p><p><b>DIARIO TALCA<\/b>\u00a0<\/p><p><a href=\"https:\/\/diariotalca.cl\/presentan-informe-academico-para-futura-ley-de-negociacion-colectiva\/\">Presentan informe acad\u00e9mico para futura Ley de Negociaci\u00f3n Colectiva. Se refiere Rodrigo Palomo, acad\u00e9mico de la Facultad de Ciencias Jur\u00eddicas y Sociales.\u00a0<\/a><\/p><p>\u00a0<\/p><\/div><div><p><b>CHILL\u00c1N ONLINE<\/b><b>\u00a0<br aria-hidden=\"true\" \/><\/b><a href=\"https:\/\/www.chillanonline.cl\/V7\/2024\/03\/03\/academica-de-la-utalca-es-nombrada-abogada-integrante-de-la-corte-suprema\/\">Acad\u00e9mica de la UTalca es nombrada abogada integrante de la Corte Suprema. Se refiere Irene Rojas Mi\u00f1o, acad\u00e9mica de la Facultad de Ciencias Jur\u00eddicas y Sociales.<\/a><a href=\"https:\/\/www.chillanonline.cl\/V7\/2024\/03\/03\/academica-de-la-utalca-es-nombrada-abogada-integrante-de-la-corte-suprema\/\">\u00a0<\/a><b><br aria-hidden=\"true\" \/><\/b><\/p><\/div><div><p>\u00a0<\/p><p><b>TVN RED MAULE<\/b><b>\u00a0<\/b><\/p><p><a href=\"https:\/\/www.litoralpress.cl\/sitio\/RadioTV_Detalles.cshtml?LPKey=DVDWHVFTQYREQZL27RLTE64SEY5E7PTGGV7QIXS4SC3BVR6A7VPU2OF6C7TJEJ7VZYPS63RRXXVD6\">En colegio ingl\u00e9s de Talca: Estudiante denunci\u00f3 bullying a trav\u00e9s de TikTok. Se refiere Susana Campos, acad\u00e9mica del Centro de Psicolog\u00eda Aplicada (CEPA).\u00a0 \u00a0<\/a><\/p><p>\u00a0<\/p><\/div><div><p><b>EL HERALDO<\/b>\u00a0<br aria-hidden=\"true\" \/><a href=\"https:\/\/www.litoralpress.cl\/paginaconsultas\/Servicios_NClipSitio\/Get_Imagen_Nota.aspx?LPKey=N36AXHTP5FSBEKEWNATJ36B6ZIHN2CUMXR4QFS3VPDPQ5SIJ2OWXQXLGCDBQIYB2XVX5JHRLY2N3W\">Especialista explica c\u00f3mo volver a la rutina posvacaciones. Se refiere Carla Mendoza N\u00fa\u00f1ez, coordinadora de la Unidad Cl\u00ednica del Centro de Psicolog\u00eda Aplicada (CEPA).\u00a0<\/a><br aria-hidden=\"true\" \/><br \/><\/p><\/div><div><p><b>EL LECTOR<\/b>\u00a0<br aria-hidden=\"true\" \/><a href=\"https:\/\/www.litoralpress.cl\/paginaconsultas\/Servicios_NClipSitio\/Get_Imagen_Nota.aspx?LPKey=SX7SQGXVXMVSDKO3G2KDXG4TY7Y2GB24SQWRXYBS4OT7ZLVWEKO3SHUSXMGLVGE63ZNQNEJGSCGGC\">Especialista explica c\u00f3mo volver a la rutina posvacaciones. Se refiere Carla Mendoza N\u00fa\u00f1ez, coordinadora de la Unidad Cl\u00ednica del Centro de Psicolog\u00eda Aplicada (CEPA)\u00a0<\/a><br aria-hidden=\"true\" \/><br \/><\/p><\/div><div><p><b>DIARIO TALCA<\/b><b>\u00a0<br aria-hidden=\"true\" \/><\/b><a href=\"https:\/\/diariotalca.cl\/especialista-explica-como-volver-a-la-rutina-tras-vacaciones\/\">Especialista explica c\u00f3mo volver a la rutina posvacaciones. Se refiere Carla Mendoza N\u00fa\u00f1ez, coordinadora de la Unidad Cl\u00ednica del Centro de Psicolog\u00eda Aplicada (CEPA)<\/a><a href=\"https:\/\/diariotalca.cl\/especialista-explica-como-volver-a-la-rutina-tras-vacaciones\/\">\u00a0<\/a><b><br aria-hidden=\"true\" \/><\/b><\/p><\/div><div><p>\u00a0<\/p><p><b>LA PRENSA DE CURIC\u00d3<\/b>\u00a0<\/p><p><a href=\"https:\/\/www.litoralpress.cl\/paginaconsultas\/Servicios_NClipSitio\/Get_Imagen_Nota.aspx?LPKey=ETKESCXJJRSRXLL7PR3A3AEPAJDX7RVNTROFBYP5AQTR47ZK2GBQ4OQYTHPZO7MFCMDPOZ6XOBJ6Y\">Especialista aborda c\u00f3mo como dejar atr\u00e1s las vacaciones y volver a la rutina. Se refiere Carla Mendoza N\u00fa\u00f1ez, coordinadora de la Unidad Cl\u00ednica del Centro de Psicolog\u00eda Aplicada (CEPA).<\/a><\/p><p>\u00a0<\/p><\/div><div><p><b>DIARIOLAPRENSA.CL<\/b>\u00a0<br aria-hidden=\"true\" \/><a href=\"https:\/\/new.diariolaprensa.cl\/index.php\/2024\/03\/05\/especialista-aborda-como-como-dejar-atras-las-vacaciones\/\">Especialista aborda c\u00f3mo como dejar atr\u00e1s las vacaciones. Se refiere Carla Mendoza N\u00fa\u00f1ez, coordinadora de la Unidad Cl\u00ednica del Centro de Psicolog\u00eda Aplicada (CEPA)\u00a0<\/a><br aria-hidden=\"true\" \/><br \/><\/p><\/div><div><p><b>PORTALEDUCA<\/b>\u00a0<br aria-hidden=\"true\" \/><a href=\"https:\/\/portaleduca.cl\/especialista-explica-como-volver-a-la-rutina-posvacaciones\/\">Especialista explica c\u00f3mo volver a la rutina posvacaciones. Se refiere Carla Mendoza N\u00fa\u00f1ez, coordinadora de la Unidad Cl\u00ednica del Centro de Psicolog\u00eda Aplicada (CEPA)\u00a0<\/a><\/p><p class=\"x_elementToProof\">\u00a0<\/p><\/div><div><p><b>EL SURE\u00d1O<\/b>\u00a0<br aria-hidden=\"true\" \/><a href=\"https:\/\/elsureno.cl\/2024\/03\/04\/volver-a-la-rutina-post-vacaciones-como-hacerlo-sin-estres\/\">Volver a la rutina post vacaciones: \u00bfc\u00f3mo hacerlo sin estr\u00e9s? Se refiere Carla Mendoza N\u00fa\u00f1ez, coordinadora de la Unidad Cl\u00ednica del Centro de Psicolog\u00eda Aplicada (CEPA)\u00a0<\/a><br aria-hidden=\"true\" \/><br \/><\/p><\/div><div><p><b>EST\u00c1 PASANDO<\/b><b>\u00a0<br aria-hidden=\"true\" \/><\/b><a href=\"https:\/\/estapasando.cl\/francia-se-convierte-en-el-primer-pais-en-constitucionalizar-el-aborto\/\">Francia se convierte en el primer pa\u00eds en constitucionalizar el aborto. Se refiere Mar\u00eda Ignacia Sandoval, acad\u00e9mica Centro de Estudios Constitucionales. <\/a><a href=\"https:\/\/estapasando.cl\/francia-se-convierte-en-el-primer-pais-en-constitucionalizar-el-aborto\/\">\u00a0<\/a><b><br aria-hidden=\"true\" \/><\/b><\/p><\/div><div><p>\u00a0<\/p><p><b>DIARIO SANTIAGO<\/b>\u00a0<br aria-hidden=\"true\" \/><a href=\"https:\/\/eldiariodesantiago.cl\/archivos\/33057\">Comenz\u00f3 en Chile el oto\u00f1o meteorol\u00f3gico bajo amenaza de llegada de intenso fen\u00f3meno de sequ\u00eda. Se refiere Patricio Gonz\u00e1lez Colville, agroclimat\u00f3logo y acad\u00e9mico del Centro de Investigaci\u00f3n y Transferencia en Riego y Agroclimatolog\u00eda (CITRA).\u00a0<\/a> \u00a0<br aria-hidden=\"true\" \/><br \/><\/p><\/div><div><p><b>24 HORAS<\/b><b>\u00a0<br aria-hidden=\"true\" \/><\/b><a href=\"https:\/\/www.24horas.cl\/actualidad\/nacional\/el-evento-metorologico-perverso-para-chile-que-llegaria-este-2024-\">El evento metereol\u00f3gico &#8220;perverso para Chile&#8221; que llegar\u00eda este 2024. Se refiere Patricio Gonz\u00e1lez Colville, agroclimat\u00f3logo y acad\u00e9mico del Centro de Investigaci\u00f3n y Transferencia en Riego y Agroclimatolog\u00eda (CITRA).\u00a0 \u00a0<\/a><\/p><p>\u00a0<\/p><\/div><div><p><b>CIENCIA Y SALUD<\/b><b>\u00a0<br aria-hidden=\"true\" \/><\/b><a href=\"https:\/\/cienciaysalud.cl\/2024\/03\/05\/las-lecciones-aprendidas-a-cuatro-anos-de-la-llegada-del-covid-19\/\">Las lecciones aprendidas a cuatro a\u00f1os de la llegada del Covid-19. Se refiere \u00c9rika Retamal Contreras, directora del Departamento de Salud P\u00fablica.<\/a><a href=\"https:\/\/cienciaysalud.cl\/2024\/03\/05\/las-lecciones-aprendidas-a-cuatro-anos-de-la-llegada-del-covid-19\/\">\u00a0<\/a><b><br aria-hidden=\"true\" \/><\/b><\/p><\/div><div><p>\u00a0<\/p><p><b>RED GOL<\/b>\u00a0<br aria-hidden=\"true\" \/><a href=\"https:\/\/redgol.cl\/tendencias\/gratuidad-cuando-salen-los-resultados-del-beneficio-20240305-RDG-318322.html\">Informaci\u00f3n importante para estudiantes \u00bfCu\u00e1ndo salen los resultados de la gratuidad?. Se menciona la Universidad de Talca.\u00a0<\/a><br aria-hidden=\"true\" \/><br \/><\/p><\/div><div><p><b>LINARES EN L\u00cdNEA<\/b>\u00a0<br aria-hidden=\"true\" \/><a href=\"https:\/\/www.linaresenlinea.cl\/2024\/03\/05\/usuarios-de-prodesal-longavi-reciben-charla-tecnica-sobre-berries\/\">Usuarios de PRODESAL Longav\u00ed reciben charla t\u00e9cnica sobre Berries. Se refiere Roberto Jara Rojas, acad\u00e9micos de la Facultad de Ciencias Agrarias.\u00a0<\/a><br aria-hidden=\"true\" \/><br \/><\/p><\/div><div><p><b>DIARIO EL HERALDO<\/b><b>\u00a0<\/b><\/p><p><a href=\"https:\/\/www.diarioelheraldo.cl\/noticia\/usuarios-de-prodesal-de-longavi-reciben-charla-tecnica-de-berries\">Usuarios de Prodesal de Longav\u00ed reciben charla t\u00e9cnica de Berries. Se refiere Roberto Jara Rojas, acad\u00e9mico de la Facultad de Ciencias Agrarias.\u00a0<\/a><\/p><p>\u00a0<\/p><\/div><div><p><b>RADIO INFINITA <\/b>\u00a0<br aria-hidden=\"true\" \/><a href=\"https:\/\/www.litoralpress.cl\/sitio\/RadioTV_Detalles.cshtml?LPKey=S77OHAROCLJEUD72UYRGF4\">Comentario de Mauricio Morales, acad\u00e9mico de la Facultad de Ciencias Jur\u00edcias y Sociales.\u00a0<\/a><br aria-hidden=\"true\" \/><br \/><\/p><\/div>\t\t\t\t\t\t<\/div>\n\t\t\t\t<\/div>\n\t\t\t\t\t<\/div>\n\t\t<\/div>\n\t\t\t\t\t\t\t<\/div>\n\t\t<\/section>\n\t\t\t\t\t\t<\/div>\n\t\t\t\t\t<\/div>\n\t\t","protected":false},"excerpt":{"rendered":"<p>EL MOSTRADOR\u00a0Universidad regional da la bienvenida a m\u00e1s de 2.400 nuevos estudiantes. Se refiere el rector Carlos Torres Fuchslocher.\u00a0 \u00a0 DIARIO EL HERALDO\u00a0Universidad de Talca da la bienvenida a m\u00e1s de 2.400 nuevos estudiantes. Se refiere el rector Carlos Torres Fuchslocher.\u00a0 EL LECTOR\u00a0Universidad de Talca da la bienvenida a m\u00e1s de 2.400 nuevos estudiantes. Se &hellip;<\/p>\n<p class=\"read-more\"> <a class=\"\" href=\"https:\/\/www.reportedeprensa.utalca.cl\/?p=9226\"> <span class=\"screen-reader-text\">06 de marzo de 2024<\/span> Read More &raquo;<\/a><\/p>\n","protected":false},"author":1,"featured_media":0,"comment_status":"closed","ping_status":"open","sticky":false,"template":"","format":"standard","meta":{"_monsterinsights_skip_tracking":false,"_monsterinsights_sitenote_active":false,"_monsterinsights_sitenote_note":"","_monsterinsights_sitenote_category":0},"categories":[46],"tags":[],"_links":{"self":[{"href":"https:\/\/www.reportedeprensa.utalca.cl\/index.php?rest_route=\/wp\/v2\/posts\/9226"}],"collection":[{"href":"https:\/\/www.reportedeprensa.utalca.cl\/index.php?rest_route=\/wp\/v2\/posts"}],"about":[{"href":"https:\/\/www.reportedeprensa.utalca.cl\/index.php?rest_route=\/wp\/v2\/types\/post"}],"author":[{"embeddable":true,"href":"https:\/\/www.reportedeprensa.utalca.cl\/index.php?rest_route=\/wp\/v2\/users\/1"}],"replies":[{"embeddable":true,"href":"https:\/\/www.reportedeprensa.utalca.cl\/index.php?rest_route=%2Fwp%2Fv2%2Fcomments&post=9226"}],"version-history":[{"count":4,"href":"https:\/\/www.reportedeprensa.utalca.cl\/index.php?rest_route=\/wp\/v2\/posts\/9226\/revisions"}],"predecessor-version":[{"id":9233,"href":"https:\/\/www.reportedeprensa.utalca.cl\/index.php?rest_route=\/wp\/v2\/posts\/9226\/revisions\/9233"}],"wp:attachment":[{"href":"https:\/\/www.reportedeprensa.utalca.cl\/index.php?rest_route=%2Fwp%2Fv2%2Fmedia&parent=9226"}],"wp:term":[{"taxonomy":"category","embeddable":true,"href":"https:\/\/www.reportedeprensa.utalca.cl\/index.php?rest_route=%2Fwp%2Fv2%2Fcategories&post=9226"},{"taxonomy":"post_tag","embeddable":true,"href":"https:\/\/www.reportedeprensa.utalca.cl\/index.php?rest_route=%2Fwp%2Fv2%2Ftags&post=9226"}],"curies":[{"name":"wp","href":"https:\/\/api.w.org\/{rel}","templated":true}]}}