{"id":9240,"date":"2024-03-07T10:14:03","date_gmt":"2024-03-07T13:14:03","guid":{"rendered":"https:\/\/www.reportedeprensa.utalca.cl\/?p=9240"},"modified":"2024-03-07T11:41:07","modified_gmt":"2024-03-07T14:41:07","slug":"07-de-marzo-de-2024","status":"publish","type":"post","link":"https:\/\/www.reportedeprensa.utalca.cl\/?p=9240","title":{"rendered":"07 de marzo de 2024"},"content":{"rendered":"\t\t<div data-elementor-type=\"wp-post\" data-elementor-id=\"9240\" class=\"elementor elementor-9240\" data-elementor-settings=\"[]\">\n\t\t\t\t\t\t\t<div class=\"elementor-section-wrap\">\n\t\t\t\t\t\t\t<section class=\"elementor-section elementor-top-section elementor-element elementor-element-bcea1a8 elementor-section-boxed elementor-section-height-default elementor-section-height-default\" data-id=\"bcea1a8\" data-element_type=\"section\">\n\t\t\t\t\t\t<div class=\"elementor-container elementor-column-gap-default\">\n\t\t\t\t\t<div class=\"elementor-column elementor-col-100 elementor-top-column elementor-element elementor-element-e7183bf\" data-id=\"e7183bf\" data-element_type=\"column\">\n\t\t\t<div class=\"elementor-widget-wrap elementor-element-populated\">\n\t\t\t\t\t\t\t\t<div class=\"elementor-element elementor-element-5ffbb87 elementor-widget elementor-widget-text-editor\" data-id=\"5ffbb87\" data-element_type=\"widget\" data-widget_type=\"text-editor.default\">\n\t\t\t\t<div class=\"elementor-widget-container\">\n\t\t\t\t\t\t\t\t<div>\u00a0<\/div><div><div><p><b>LA PRENSA DE CURIC\u00d3<\/b>\u00a0<br aria-hidden=\"true\" \/><a href=\"https:\/\/www.litoralpress.cl\/paginaconsultas\/Servicios_NClipSitio\/Get_Imagen_Nota.aspx?LPKey=7OCTUSSHTJZD3S3VS4WSARS464DJGEBJBKKOTJCQ5WWAG2NBN73RAQEDCIFNKXG4INRDYB4Z2ZYQG\">M\u00e1s de 2 mil 400 nuevos estudiantes se incorporan a la Universidad de Talca. Se refiere el rector Carlos Torres Fuchslocher.<\/a><a href=\"https:\/\/www.litoralpress.cl\/paginaconsultas\/Servicios_NClipSitio\/Get_Imagen_Nota.aspx?LPKey=7OCTUSSHTJZD3S3VS4WSARS464DJGEBJBKKOTJCQ5WWAG2NBN73RAQEDCIFNKXG4INRDYB4Z2ZYQG\">\u00a0<\/a><b><br aria-hidden=\"true\" \/><\/b><b>\u00a0<\/b><\/p><\/div><div><p><b>PORTAL EDUCA<\/b>\u00a0<br aria-hidden=\"true\" \/><a href=\"https:\/\/portaleduca.cl\/universidad-de-talca-da-la-bienvenida-a-mas-de-2-400-nuevos-estudiantes\/\">Universidad de Talca da la bienvenida a m\u00e1s de 2.400 nuevos estudiantes. Se refiere el rector Carlos Torres Fuchslocher.\u00a0<\/a><\/p><p>\u00a0<\/p><div><p><b>DIARIO TALCA<\/b><b>\u00a0<\/b><\/p><p class=\"x_elementToProof\"><a href=\"https:\/\/diariotalca.cl\/su-hijo-o-hija-quiere-ser-profesor-aqui-conozca-programa-especial\/\">\u00bfSu hijo o hija quiere ser profesor? Aqu\u00ed conozca programa especial. Se refiere Mauricio V\u00e9liz Campos, decano de la Facultad de Ciencias de la Educaci\u00f3n.\u00a0<\/a><\/p><p>\u00a0<\/p><div><p><b>EL LECTOR (PORTADA)<\/b>\u00a0<br aria-hidden=\"true\" \/><a href=\"https:\/\/www.litoralpress.cl\/paginaconsultas\/Servicios_NClipSitio\/Get_Imagen_Nota.aspx?LPKey=D67IHNZPTRM4OZMWEFGB7FJA4KWDS53I66ZT5QPNDWCV6MFJOL76BKP4QSB6HCJLZLWLWRY6XNRCK\">UTalca invita a estudiantes con vocaci\u00f3n pedag\u00f3gica a participar de programa especial. Se menciona la Universidad de Talca.\u00a0<\/a><br aria-hidden=\"true\" \/><br \/><\/p><\/div><div><p><b>EL LECTOR<\/b>\u00a0<\/p><p><a href=\"https:\/\/www.litoralpress.cl\/paginaconsultas\/Servicios_NClipSitio\/Get_Imagen_Nota.aspx?LPKey=HUJXULNVREF2ZIYRNOJIF7HH5HJUV6O43PXWEOLASSF5DPGZD3PWMZB3DC5DY6AO6QC2ON4NISIWS\">UTalca invita a estudiantes con vocaci\u00f3n pedag\u00f3gica a participar de programa especial. Se refiere Mauricio V\u00e9liz Campos, decano de la Facultad de Ciencias de la Educaci\u00f3n.\u00a0<\/a><\/p><p>\u00a0<\/p><\/div><\/div><p><b>EL MERCURIO<\/b>\u00a0<br aria-hidden=\"true\" \/><a href=\"https:\/\/www.litoralpress.cl\/paginaconsultas\/Servicios_NClipSitio\/Get_Imagen_Nota.aspx?LPKey=TQAAETIWT7U7HFXEV5HP3NET23IJDGDHH4FFRPM4526TT3OPKUHVUDADHY5WFIPANXDOIUZCFV6SW\">Los padres tambi\u00e9n cumplen un rol clave para frenar el acoso escolar. Se refiere Nadia Ramos, acad\u00e9mica de la Facultad de Psicolog\u00eda. \u00a0<\/a><\/p><p><b>\u00a0<\/b><\/p><div><p><b>CANAL CNN<\/b><b>\u00a0CHILE<\/b><\/p><p><a href=\"https:\/\/www.litoralpress.cl\/sitio\/RadioTV_Detalles.cshtml?LPKey=OKWQAPUSFTPJZNO5R4OZUAMRJPUFHRAZW4TVL2MGRPNA5LZ5MPMUVIRTIA4ZTL7EQSG5BABAPDBYC\">Proyecciones para el oto\u00f1o e invierno en el pa\u00eds. Se refiere Patricio Gonz\u00e1lez Colville, agroclimat\u00f3logo y acad\u00e9mico del Centro de Investigaci\u00f3n y Transferencia en Riego y Agroclimatolog\u00eda (CITRA). \u202f\u00a0<\/a><\/p><p>\u00a0<\/p><\/div><div><p><b>P\u00c1GINA 7<\/b>\u00a0<br aria-hidden=\"true\" \/><a href=\"https:\/\/www.pagina7.cl\/noticias\/actualidad\/2024\/03\/06\/ante-anuncio-de-lluvias-para-al-menos-7-regiones-del-pais-como-se-vivira-otono-este-2024\">Ante anuncio de lluvias para al menos 7 regiones del pa\u00eds: \u00bfc\u00f3mo se vivir\u00e1 oto\u00f1o este 2024? Se refiere Patricio Gonz\u00e1lez Colville, agroclimat\u00f3logo y acad\u00e9mico del Centro de Investigaci\u00f3n y Transferencia en Riego y Agroclimatolog\u00eda (CITRA). \u202f\u00a0<\/a><br aria-hidden=\"true\" \/><br \/><\/p><\/div><div><b style=\"font-style: inherit;\">COOPERATIVA CIENCIA<\/b><span style=\"font-size: 16px;\">\u00a0<\/span><\/div><\/div><div><p><a href=\"https:\/\/www.cooperativaciencia.cl\/ciencia\/2024\/03\/06\/proyecto-u-talca-busca-promover-el-liderazgo-femenino-en-las-ciencias\/\">Proyecto U. Talca busca promover el liderazgo femenino en las ciencias. Se refiere, Caddy Cort\u00e9s, acad\u00e9mica de la Facultad de Ingenier\u00eda.<\/a><a href=\"https:\/\/www.cooperativaciencia.cl\/ciencia\/2024\/03\/06\/proyecto-u-talca-busca-promover-el-liderazgo-femenino-en-las-ciencias\/\">\u00a0<\/a><b><br aria-hidden=\"true\" \/><\/b><\/p><\/div><div><p>\u00a0<\/p><p><b>EL LECTOR <\/b>\u00a0<br aria-hidden=\"true\" \/><a href=\"https:\/\/www.litoralpress.cl\/paginaconsultas\/Servicios_NClipSitio\/Get_Imagen_Nota.aspx?LPKey=A5ATO662KHKTG65VWBZ3DUAXX65GRIU7LIVXDWJNPVVGOIXOQZCPREBWOXWG5JIVGSMMYAQZRMZZG\">Universidades de la Macrozona Centro Sur se adjudican 98 proyectos de Fondecyt Regular. Se menciona la Universidad de Talca.\u00a0<\/a><br aria-hidden=\"true\" \/><br \/><\/p><\/div><div><p class=\"x_elementToProof\"><b>MEDIABANCO<\/b><b>\u00a0<\/b><\/p><p><a href=\"https:\/\/www.mediabanco.com\/extension-utalca-conmemora-el-mes-de-la-mujer-con-programacion-especial\/\">Extensi\u00f3n UTalca conmemora el Mes de la Mujer con programaci\u00f3n especial. Se refiere Marcela Albornoz, directora Extensi\u00f3n Cultural-Art\u00edstica. <\/a><a href=\"https:\/\/www.mediabanco.com\/extension-utalca-conmemora-el-mes-de-la-mujer-con-programacion-especial\/\">\u00a0<\/a><b><br aria-hidden=\"true\" \/><\/b><b><a id=\"OWAe8d41113-53df-30de-d942-830fe7a81110\" class=\"x_x_Hyperlink x_x_SCXW212014573 x_x_BCX0 x_x_OWAAutoLink\" href=\"https:\/\/www.mediabanco.com\/extension-utalca-conmemora-el-mes-de-la-mujer-con-programacion-especial\/\" target=\"_blank\" rel=\"noopener noreferrer\" data-auth=\"NotApplicable\" data-loopstyle=\"linkonly\" data-linkindex=\"10\"><\/a><\/b><\/p><\/div><div>\u00a0<\/div><div><p class=\"x_elementToProof\"><b>MEDIABANCO<\/b>\u00a0<\/p><p><a href=\"https:\/\/www.mediabanco.com\/que-son-las-enfermedades-raras-y-por-que-son-tan-dificiles-de-diagnosticar\/\">\u00bfQu\u00e9 son las enfermedades raras y por qu\u00e9 son tan dif\u00edciles de diagnosticar? Se refiere Sergio Wehinger, acad\u00e9mico de la Facultad de Ciencias de la Salud.\u00a0<\/a><br aria-hidden=\"true\" \/><br \/><\/p><\/div><div><p class=\"x_elementToProof\"><b>ADPRENSA<\/b> \u00a0<\/p><p><a href=\"https:\/\/www.adprensa.cl\/cronica\/que-son-las-enfermedades-raras-y-por-que-son-tan-dificiles-de-diagnosticar\/\">\u00bfQu\u00e9 son las enfermedades raras y por qu\u00e9 son tan dif\u00edciles de diagnosticar? Se refiere Sergio Wehinger, acad\u00e9mico de la Facultad de Ciencias de la Salud.\u00a0<\/a><br aria-hidden=\"true\" \/><br \/><\/p><\/div><div><p><b>RADIO MAGALLANES<\/b>\u00a0<br aria-hidden=\"true\" \/><a href=\"https:\/\/radiomagallanes.cl\/noticia.php?id_not=109461\">\u00bfQu\u00e9 son las enfermedades raras y por qu\u00e9 son tan dif\u00edciles de diagnosticar? Se refiere Sergio Wehinger, acad\u00e9mico de la Facultad de Ciencias de la Salud.\u00a0<\/a><br aria-hidden=\"true\" \/><br \/><\/p><\/div><div><p><b>PORTAL RED SALUD<\/b><b>\u00a0<br aria-hidden=\"true\" \/><\/b><a href=\"https:\/\/portalprensasalud.cl\/2024\/03\/06\/que-son-las-enfermedades-raras-y-por-que-son-tan-dificiles-de-diagnosticar\/\">\u00bfQu\u00e9 son las enfermedades raras y por qu\u00e9 son tan dif\u00edciles de diagnosticar? Se refiere Sergio Wehinger, acad\u00e9mico de la Facultad de Ciencias de la Salud.\u00a0<\/a><\/p><p>\u00a0<\/p><p><b>RADIO MAN\u00cdA<\/b><b>\u00a0DE SAN FERNANDO<\/b><\/p><p><a href=\"https:\/\/www.litoralpress.cl\/sitio\/RadioTV_Detalles.cshtml?LPKey=MXOAK5FAVLVVS26WDUGNUJNDEGUPLSLYACIMBESRMSIU6DJNHKIK63NMUY24XXRVFSSRZKKGZA4N2\">Oferta acad\u00e9mica en el Campus Colchagua de la Universidad de Talca. Entrevista a Patricio G\u00f3mez Arismendi, director del Campus Colchagua.\u00a0<\/a><\/p><p>\u00a0<\/p><\/div><div><p><b>EL HERALDO<\/b>\u00a0<br aria-hidden=\"true\" \/><a href=\"https:\/\/www.litoralpress.cl\/paginaconsultas\/Servicios_NClipSitio\/Get_Imagen_Nota.aspx?LPKey=IU5O5GH5AWF4C4A4CA5KXQKNGPR23QUSDE6HMBC425TJK5K5NFRZGPK4AJMNW5NMYGCQCNA2URJKG\">Usuarios de Prodesal de Longav\u00ed reciben charla t\u00e9cnica de Berries. Se refiere Roberto Jara Rojas, acad\u00e9mico de la Facultad de Ciencias Agrarias.\u202f\u00a0<\/a><br aria-hidden=\"true\" \/><br \/><\/p><\/div><div><p><b>EL HERALDO<\/b>\u00a0<br aria-hidden=\"true\" \/><a href=\"https:\/\/www.diarioelheraldo.cl\/noticia\/usuarios-de-prodesal-de-longavi-reciben-charla-tecnica-de-berries\">Usuarios de Prodesal de Longav\u00ed reciben charla t\u00e9cnica de Berries. Se refiere Roberto Jara Rojas, acad\u00e9mico de la Facultad de Ciencias Agrarias.\u202f\u00a0<\/a><br aria-hidden=\"true\" \/><br \/><\/p><\/div><div><p><b>EL LECTOR<\/b>\u00a0<br aria-hidden=\"true\" \/><a href=\"https:\/\/www.litoralpress.cl\/paginaconsultas\/Servicios_NClipSitio\/Get_Imagen_Nota.aspx?LPKey=ZVKDDEBXWLMJO3N7X4XHOP4W3EF76YIEN3HFUINKJNAUKLDW36ILWHMUKYJDLXACPIKVF4LL3LDXW\">Usuarios de Prodesal de Longav\u00ed reciben charla t\u00e9cnica de Berries. Se refiere Roberto Jara Rojas, acad\u00e9mico de la Facultad de Ciencias Agrarias.\u202f\u00a0<\/a><\/p><p>\u00a0<\/p><\/div><div><p><b>RADIO INFINITA<\/b>\u00a0<br aria-hidden=\"true\" \/><a href=\"https:\/\/www.litoralpress.cl\/sitio\/RadioTV_Detalles.cshtml?LPKey=GW7NW74RAOOIATGTW2LWRZK23AVABIYUDB55WSDZ5DSJQ62CTHJTNWKTS7HGPM45BZPVIJMDYN63I\">Entrevista a Mauricio Morales Quiroga, Mauricio Morales, acad\u00e9mico de la Facultad de Ciencias Jur\u00eddicas y Sociales.\u202f\u00a0<\/a><\/p><p class=\"x_elementToProof\">\u00a0<\/p><\/div><div><p><b>CANAL 30 SAN JAVIER<\/b><\/p><p><a href=\"https:\/\/www.litoralpress.cl\/sitio\/RadioTV_Detalles.cshtml?LPKey=2QFODRKK7CR7O3D3W34FSJCUMA7TBKIQVW25MLYOFC3UYMBXWWVCBMWX4RS447S4TE5GPVMMMB3IU\">Prevenci\u00f3n de las caries. Se refiere Rodrigo Giacaman, decano de la Facultad de Odontolog\u00eda.\u00a0<\/a><\/p><p>\u00a0<\/p><\/div><div><p><b>DIARIO TALCA<\/b>\u00a0<br aria-hidden=\"true\" \/><a href=\"https:\/\/diariotalca.cl\/buscan-ampliar-programa-becas-maule-a-universidades-de-otras-regiones\/\">Buscan ampliar programa Becas Maule a universidades de otras regiones. Se menciona la Universidad de Talca.\u00a0<\/a><br aria-hidden=\"true\" \/><br \/><\/p><\/div><div><p><b>RADIO COOPERATIVA<\/b><b>\u00a0<br aria-hidden=\"true\" \/><\/b><a href=\"https:\/\/www.cooperativa.cl\/noticias\/entretencion\/musica\/folclor\/conversatorio-revisara-las-memorias-perdidas-de-la-compositora-maria\/2024-03-06\/172741.html\">Conversatorio revisar\u00e1 las memorias perdidas de la compositora Mar\u00eda Luisa Sep\u00falveda. Se menciona la Universidad de Talca. <\/a><a href=\"https:\/\/www.cooperativa.cl\/noticias\/entretencion\/musica\/folclor\/conversatorio-revisara-las-memorias-perdidas-de-la-compositora-maria\/2024-03-06\/172741.html\">\u00a0<\/a><b><br aria-hidden=\"true\" \/><\/b><\/p><\/div><div><p>\u00a0<\/p><p><b>EXPLORA SUR PONIENTE<\/b>\u00a0<br aria-hidden=\"true\" \/><a href=\"https:\/\/www.explora.cl\/maule\/explora-maule-capacita-a-educadoras-de-parvulos-en-ciencia\/\">Explora Maule capacita a Educadoras de P\u00e1rvulos en ciencia. Se refiere Karin Saavedra Redlich, directora general de Vinculaci\u00f3n con el Medio.\u00a0<\/a><br aria-hidden=\"true\" \/><br \/><\/p><\/div><div><p><b>EXPLORA SUR PONIENTE<\/b>\u00a0<br aria-hidden=\"true\" \/><a href=\"https:\/\/www.explora.cl\/maule\/expertos-destacan-el-uso-de-videojuegos-como-herramienta-para-ensenar-cienciasexplora-maule-estimula-la-curiosidad-y-el-pensamiento-critico-en-ninos-y-ninas-2\/\">Expertos destacan el uso de videojuegos como herramienta para ense\u00f1ar ciencias. Se refiere, Pablo Rojas, acad\u00e9mico de la Facultad de Ingenier\u00eda, Karin Saavedra directora Vinculaci\u00f3n con el Medio y Manuel Ortiz, profesional de la mencionada Unidad.\u00a0<\/a><br aria-hidden=\"true\" \/><a id=\"OWA4d738d59-e316-137d-1f26-2b88ce822d10\" class=\"x_x_Hyperlink x_x_SCXW212014573 x_x_BCX0 x_x_OWAAutoLink\" href=\"https:\/\/www.explora.cl\/maule\/expertos-destacan-el-uso-de-videojuegos-como-herramienta-para-ensenar-cienciasexplora-maule-estimula-la-curiosidad-y-el-pensamiento-critico-en-ninos-y-ninas-2\/\" target=\"_blank\" rel=\"noopener noreferrer\" data-auth=\"NotApplicable\" data-loopstyle=\"linkonly\" data-linkindex=\"24\"><\/a>\u00a0<\/p><\/div><\/div>\t\t\t\t\t\t<\/div>\n\t\t\t\t<\/div>\n\t\t\t\t\t<\/div>\n\t\t<\/div>\n\t\t\t\t\t\t\t<\/div>\n\t\t<\/section>\n\t\t\t\t\t\t<\/div>\n\t\t\t\t\t<\/div>\n\t\t","protected":false},"excerpt":{"rendered":"<p>\u00a0 LA PRENSA DE CURIC\u00d3\u00a0M\u00e1s de 2 mil 400 nuevos estudiantes se incorporan a la Universidad de Talca. Se refiere el rector Carlos Torres Fuchslocher.\u00a0\u00a0 PORTAL EDUCA\u00a0Universidad de Talca da la bienvenida a m\u00e1s de 2.400 nuevos estudiantes. Se refiere el rector Carlos Torres Fuchslocher.\u00a0 \u00a0 DIARIO TALCA\u00a0 \u00bfSu hijo o hija quiere ser profesor? &hellip;<\/p>\n<p class=\"read-more\"> <a class=\"\" href=\"https:\/\/www.reportedeprensa.utalca.cl\/?p=9240\"> <span class=\"screen-reader-text\">07 de marzo de 2024<\/span> Read More &raquo;<\/a><\/p>\n","protected":false},"author":1,"featured_media":0,"comment_status":"closed","ping_status":"open","sticky":false,"template":"","format":"standard","meta":{"_monsterinsights_skip_tracking":false,"_monsterinsights_sitenote_active":false,"_monsterinsights_sitenote_note":"","_monsterinsights_sitenote_category":0},"categories":[46],"tags":[],"_links":{"self":[{"href":"https:\/\/www.reportedeprensa.utalca.cl\/index.php?rest_route=\/wp\/v2\/posts\/9240"}],"collection":[{"href":"https:\/\/www.reportedeprensa.utalca.cl\/index.php?rest_route=\/wp\/v2\/posts"}],"about":[{"href":"https:\/\/www.reportedeprensa.utalca.cl\/index.php?rest_route=\/wp\/v2\/types\/post"}],"author":[{"embeddable":true,"href":"https:\/\/www.reportedeprensa.utalca.cl\/index.php?rest_route=\/wp\/v2\/users\/1"}],"replies":[{"embeddable":true,"href":"https:\/\/www.reportedeprensa.utalca.cl\/index.php?rest_route=%2Fwp%2Fv2%2Fcomments&post=9240"}],"version-history":[{"count":4,"href":"https:\/\/www.reportedeprensa.utalca.cl\/index.php?rest_route=\/wp\/v2\/posts\/9240\/revisions"}],"predecessor-version":[{"id":9244,"href":"https:\/\/www.reportedeprensa.utalca.cl\/index.php?rest_route=\/wp\/v2\/posts\/9240\/revisions\/9244"}],"wp:attachment":[{"href":"https:\/\/www.reportedeprensa.utalca.cl\/index.php?rest_route=%2Fwp%2Fv2%2Fmedia&parent=9240"}],"wp:term":[{"taxonomy":"category","embeddable":true,"href":"https:\/\/www.reportedeprensa.utalca.cl\/index.php?rest_route=%2Fwp%2Fv2%2Fcategories&post=9240"},{"taxonomy":"post_tag","embeddable":true,"href":"https:\/\/www.reportedeprensa.utalca.cl\/index.php?rest_route=%2Fwp%2Fv2%2Ftags&post=9240"}],"curies":[{"name":"wp","href":"https:\/\/api.w.org\/{rel}","templated":true}]}}