{"id":9254,"date":"2024-03-08T14:55:31","date_gmt":"2024-03-08T17:55:31","guid":{"rendered":"https:\/\/www.reportedeprensa.utalca.cl\/?p=9254"},"modified":"2024-03-08T15:04:24","modified_gmt":"2024-03-08T18:04:24","slug":"08-de-marzo-de-2024","status":"publish","type":"post","link":"https:\/\/www.reportedeprensa.utalca.cl\/?p=9254","title":{"rendered":"08 de marzo de 2024"},"content":{"rendered":"\t\t<div data-elementor-type=\"wp-post\" data-elementor-id=\"9254\" class=\"elementor elementor-9254\" data-elementor-settings=\"[]\">\n\t\t\t\t\t\t\t<div class=\"elementor-section-wrap\">\n\t\t\t\t\t\t\t<section class=\"elementor-section elementor-top-section elementor-element elementor-element-bcea1a8 elementor-section-boxed elementor-section-height-default elementor-section-height-default\" data-id=\"bcea1a8\" data-element_type=\"section\">\n\t\t\t\t\t\t<div class=\"elementor-container elementor-column-gap-default\">\n\t\t\t\t\t<div class=\"elementor-column elementor-col-100 elementor-top-column elementor-element elementor-element-e7183bf\" data-id=\"e7183bf\" data-element_type=\"column\">\n\t\t\t<div class=\"elementor-widget-wrap elementor-element-populated\">\n\t\t\t\t\t\t\t\t<div class=\"elementor-element elementor-element-5ffbb87 elementor-widget elementor-widget-text-editor\" data-id=\"5ffbb87\" data-element_type=\"widget\" data-widget_type=\"text-editor.default\">\n\t\t\t\t<div class=\"elementor-widget-container\">\n\t\t\t\t\t\t\t\t<p>\u00a0<\/p><div><div><p><b>EL MOSTRADOR<\/b><b>\u00a0<br aria-hidden=\"true\" \/><\/b><a href=\"https:\/\/www.elmostrador.cl\/braga\/2024\/03\/07\/experta-advierte-que-brecha-salarial-entre-hombres-y-mujeres-es-una-asignatura-pendiente-en-chile\/\">Experta advierte que brecha salarial entre hombres y mujeres es una asignatura pendiente en Chile. Se refiere Andrea Betancor Cazanave, acad\u00e9mica de la Facultad de econom\u00eda y Negocios.<\/a><a href=\"https:\/\/www.elmostrador.cl\/braga\/2024\/03\/07\/experta-advierte-que-brecha-salarial-entre-hombres-y-mujeres-es-una-asignatura-pendiente-en-chile\/\">\u00a0<\/a><b><br aria-hidden=\"true\" \/><\/b><\/p><\/div><div><p>\u00a0<\/p><p><b>MEDIABANCO<\/b>\u00a0<br aria-hidden=\"true\" \/><a href=\"https:\/\/www.mediabanco.com\/experta-advierte-que-brecha-salarial-entre-hombres-y-mujeres-es-una-asignatura-pendiente-en-chile\/\">Experta advierte que brecha salarial entre hombres y mujeres es una asignatura pendiente en Chile. Se refiere Andrea Betancor Cazanave, acad\u00e9mica de la Facultad de econom\u00eda y Negocios.\u00a0<\/a><br aria-hidden=\"true\" \/><br \/><\/p><\/div><div><p><b>S\u00c9PTIMA REGI\u00d3N NOTICIAS<\/b>\u00a0<br aria-hidden=\"true\" \/><a href=\"https:\/\/www.septimapaginanoticias.cl\/experta-advierte-que-brecha-salarial-entre-hombres-y-mujeres-es-una-asignatura-pendiente-en-chile\">Experta advierte que brecha salarial entre hombres y mujeres es una asignatura pendiente en Chile. Se refiere Andrea Betancor Cazanave, acad\u00e9mica de la Facultad de econom\u00eda y Negocios.\u00a0<\/a><br aria-hidden=\"true\" \/><br \/><\/p><\/div><div><p><b>RED LOS LAGOS<\/b>\u00a0<br aria-hidden=\"true\" \/><a href=\"https:\/\/www.redloslagos.com\/nacional\/experta-advierte-que-brecha-salarial-entre-hombres-y-mujeres-es-una\">Experta advierte que brecha salarial entre hombres y mujeres es una asignatura pendiente en Chile. Se refiere Andrea Betancor Cazanave, acad\u00e9mica de la Facultad de econom\u00eda y Negocios.\u00a0<\/a><br aria-hidden=\"true\" \/><br \/><\/p><\/div><div><p><b>RED TARAPAC\u00c1<\/b>\u00a0<br aria-hidden=\"true\" \/><a href=\"https:\/\/www.tarapaca.com\/nacional\/experta-advierte-que-brecha-salarial-entre-hombres-y-mujeres-es-una\">Experta advierte que brecha salarial entre hombres y mujeres es una asignatura pendiente en Chile. Se refiere Andrea Betancor Cazanave, acad\u00e9mica de la Facultad de econom\u00eda y Negocios.\u00a0<\/a><\/p><\/div><div>\u00a0<\/div><div><p><b>RED MAGALLANES<\/b>\u00a0<br aria-hidden=\"true\" \/><a href=\"https:\/\/www.redmagallanes.com\/nacional\/experta-advierte-que-brecha-salarial-entre-hombres-y-mujeres-es-una\">Experta advierte que brecha salarial entre hombres y mujeres es una asignatura pendiente en Chile. Se refiere Andrea Betancor Cazanave, acad\u00e9mica de la Facultad de econom\u00eda y Negocios.\u00a0<\/a><br aria-hidden=\"true\" \/><br \/><\/p><\/div><div><p><b>DIARIO EN RED<\/b>\u00a0<br aria-hidden=\"true\" \/><a href=\"https:\/\/www.diariosenred.com\/nacional\/experta-advierte-que-brecha-salarial-entre-hombres-y-mujeres-es-una\">Experta advierte que brecha salarial entre hombres y mujeres es una asignatura pendiente en Chile. Se refiere Andrea Betancor Cazanave, acad\u00e9mica de la Facultad de econom\u00eda y Negocios.\u00a0<\/a><\/p><\/div><div><p>\u00a0<\/p><\/div><div><p><b>RED MAULE<\/b>\u00a0<br aria-hidden=\"true\" \/><a href=\"https:\/\/www.redmaule.com\/nacional\/experta-advierte-que-brecha-salarial-entre-hombres-y-mujeres-es-una\">Experta advierte que brecha salarial entre hombres y mujeres es una asignatura pendiente en Chile. Se refiere Andrea Betancor Cazanave, acad\u00e9mica de la Facultad de econom\u00eda y Negocios.\u00a0<\/a><br aria-hidden=\"true\" \/><br \/><\/p><\/div><div><p><b>RED AYS\u00c9N<\/b>\u00a0<br aria-hidden=\"true\" \/><a href=\"https:\/\/www.redaysen.com\/nacional\/experta-advierte-que-brecha-salarial-entre-hombres-y-mujeres-es-una\">Experta advierte que brecha salarial entre hombres y mujeres es una asignatura pendiente en Chile. Se refiere Andrea Betancor Cazanave, acad\u00e9mica de la Facultad de econom\u00eda y Negocios.\u00a0<\/a><br aria-hidden=\"true\" \/><br \/><\/p><\/div><div><p><b>EL SURE\u00d1O<\/b>\u00a0<br aria-hidden=\"true\" \/><a href=\"https:\/\/elsureno.cl\/2024\/03\/07\/desafio-persistente-la-brecha-salarial-de-genero-en-chile\/\">Desaf\u00edo persistente: la brecha salarial de g\u00e9nero en Chile. Se refiere Andrea Betancor Cazanave, acad\u00e9mica de la Facultad de econom\u00eda y Negocios.\u00a0<\/a><br aria-hidden=\"true\" \/><br \/><\/p><\/div><div><p><b>G5 NOTICIAS<\/b>\u00a0<br aria-hidden=\"true\" \/><a href=\"https:\/\/g5noticias.cl\/2024\/03\/07\/experta-advierte-que-brecha-salarial-entre-hombres-y-mujeres-es-una-asignatura-pendiente-en-chile\/\">Experta advierte que brecha salarial entre hombres y mujeres es una asignatura pendiente en Chile. Se refiere Andrea Betancor Cazanave, acad\u00e9mica de la Facultad de econom\u00eda y Negocios.\u00a0<\/a><br aria-hidden=\"true\" \/><br \/><\/p><\/div><div><p><b>RADIO MAGALLANES<\/b>\u00a0<br aria-hidden=\"true\" \/><a href=\"https:\/\/radiomagallanes.cl\/noticia.php?id_not=109485\">Experta advierte que brecha salarial entre hombres y mujeres es una asignatura pendiente en Chile. Se refiere Andrea Betancor Cazanave, acad\u00e9mica de la Facultad de econom\u00eda y Negocios. \u00a0<\/a><br aria-hidden=\"true\" \/><br \/><\/p><\/div><div><p><b>RADIO NUEVO MUNDO<\/b>\u00a0<br aria-hidden=\"true\" \/><a href=\"https:\/\/radionuevomundo.cl\/2024\/03\/07\/experta-advierte-que-brecha-salarial-entre-hombres-y-mujeres-es-una-asignatura-pendiente-en-chile\/\">Experta advierte que brecha salarial entre hombres y mujeres es una asignatura pendiente en Chile. Se refiere Andrea Betancor Cazanave, acad\u00e9mica de la Facultad de econom\u00eda y Negocios.\u00a0<\/a><\/p><p>\u00a0<\/p><p><b>RADIO ADN<\/b><b>\u00a0<br aria-hidden=\"true\" \/><\/b><a href=\"https:\/\/www.litoralpress.cl\/sitio\/RadioTV_Detalles.cshtml?LPKey=E2EKHWPGNJNSQSAC6RT6TXUQHKYCW5DKV633YUIRFIP2L25Z576IBSLP2FZTR2STWNT3SQMTYA2UI\">Simce 2023 alcanza niveles similares a los previos a la pandemia. Se refiere Nibaldo Benavides, director Instituto de Investigaci\u00f3n y Desarrollo Educacional. <\/a><b>\u00a0<\/b><\/p><p>\u00a0<\/p><\/div><\/div><div><p><b>DIARIO EL HERALDO<\/b><b>\u00a0<br aria-hidden=\"true\" \/><\/b><a href=\"https:\/\/www.litoralpress.cl\/paginaconsultas\/Servicios_NClipSitio\/Get_Imagen_Nota.aspx?LPKey=RTDG45SGUOJ62IV6MIRLSA4M6QDXVFX6URR4SZ4DVEA2LVMP4BMWAUZF2KGRALHTKA62BOWXSHUPM\">Extensi\u00f3n UTalca conmemora el Mes de la Mujer con programaci\u00f3n especial. Se refiere Marcela Albornoz Dachelet, directora de Extensi\u00f3n Art\u00edstica-Cultural y Editorial.<\/a><a href=\"https:\/\/www.litoralpress.cl\/paginaconsultas\/Servicios_NClipSitio\/Get_Imagen_Nota.aspx?LPKey=RTDG45SGUOJ62IV6MIRLSA4M6QDXVFX6URR4SZ4DVEA2LVMP4BMWAUZF2KGRALHTKA62BOWXSHUPM\">\u00a0<\/a><b><br aria-hidden=\"true\" \/><\/b><\/p><\/div><div><p>\u00a0<\/p><p><b>MEDIABANCO<\/b>\u00a0<br aria-hidden=\"true\" \/><a href=\"https:\/\/www.mediabanco.com\/extension-utalca-conmemora-el-mes-de-la-mujer-con-programacion-especial\/\">Extensi\u00f3n UTalca conmemora el Mes de la Mujer con programaci\u00f3n especial. Se refiere Marcela Albornoz Dachelet, directora de Extensi\u00f3n Art\u00edstica-Cultural y Editorial.\u00a0<\/a><\/p><p>\u00a0<\/p><\/div><div><p><b>PUBLIMICRO<\/b>\u00a0<br aria-hidden=\"true\" \/><a href=\"https:\/\/publimicro.cl\/extension-de-la-universidad-de-talca-conmemora-un-ano-mas-del-mes-de-la-mujer-con-programacion-especial-destinada-a-ellas\/\">Extensi\u00f3n UTalca conmemora el Mes de la Mujer con programaci\u00f3n especial. Se refiere Marcela Albornoz Dachelet, directora de Extensi\u00f3n Art\u00edstica-Cultural y Editorial.\u00a0<\/a><br aria-hidden=\"true\" \/><br \/><\/p><\/div><div><p><b>TVN RED MAULE<\/b><b>\u00a0<br aria-hidden=\"true\" \/><\/b><a href=\"https:\/\/www.litoralpress.cl\/sitio\/RadioTV_Detalles.cshtml?LPKey=VPUU2KW44WMO4TPLIH7ZPT2XSZTA75OOSGKGZEVLDAISIJJ3QHTEKIZRB7X2WCGMVXQ6B4VXZ5M5S\">Hay m\u00e1s de 30 en Talca: Microbasurales: \u00bfpor qu\u00e9 cuesta tanto erradicarlos? Se refiere Mauricio Quir\u00f3z, acad\u00e9mico Instituto Ciencias Biol\u00f3gicas.\u00a0<\/a><\/p><\/div><div>\u00a0<\/div><div><p><b>PORTAL RED SALUD<\/b><b>\u00a0<br aria-hidden=\"true\" \/><\/b><a href=\"https:\/\/portalprensasalud.cl\/2024\/03\/06\/que-son-las-enfermedades-raras-y-por-que-son-tan-dificiles-de-diagnosticar\/\">Entendiendo las Enfermedades Raras: un mundo de desaf\u00edos y esperanza. Se refiere Sergio Wehinger, acad\u00e9mico de la Facultad de Ciencias de la Salud.\u202f<\/a><b>\u00a0<br aria-hidden=\"true\" \/><\/b><\/p><\/div><div><p><b>\u00a0<\/b><\/p><\/div><div><p><b>CIENCIA Y SALUD<\/b>\u00a0<br aria-hidden=\"true\" \/><a href=\"https:\/\/cienciaysalud.cl\/2024\/03\/07\/enfermedades-raras-que-son-y-por-que-son-tan-dificiles-de-diagnosticar\/\">Enfermedades raras: qu\u00e9 son y por qu\u00e9 son tan dif\u00edciles de diagnosticar. Se refiere Sergio Wehinger, acad\u00e9mico de la Facultad de Ciencias de la Salud.\u202f\u00a0<\/a><br aria-hidden=\"true\" \/><br \/><\/p><\/div><div><p><b>EL SURE\u00d1O <\/b>\u00a0<br aria-hidden=\"true\" \/><a href=\"https:\/\/elsureno.cl\/2024\/03\/07\/entendiendo-las-enfermedades-raras-un-mundo-de-desafios-y-esperanza\/\">Entendiendo las Enfermedades Raras: un mundo de desaf\u00edos y esperanza. Se refiere Sergio Wehinger, acad\u00e9mico de la Facultad de Ciencias de la Salud.\u202f\u00a0<\/a><\/p><p>\u00a0<\/p><p><b>EL MOSTRADOR<\/b><b>\u00a0<\/b><\/p><p><a href=\"https:\/\/www.elmostrador.cl\/braga\/yo-opino\/2024\/03\/07\/la-inspiradora-travesia-de-las-mujeres-en-stem\/\">La inspiradora traves\u00eda de las mujeres en STEM. Se refiere Caddy Cort\u00e9s, acad\u00e9mica Facultad de Ingenier\u00eda.\u00a0<\/a><\/p><p>\u00a0<\/p><\/div><div><p><b>EL DIARIO DE SANTIAGO<\/b><b>\u00a0<br aria-hidden=\"true\" \/><\/b><a href=\"https:\/\/eldiariodesantiago.cl\/archivos\/33309\">\u201cEs la continuaci\u00f3n de un ciclo maligno\u201d: 3 efectos del fen\u00f3meno clim\u00e1tico que llegar\u00eda las pr\u00f3ximas semanas. Se refiere Patricio Gonz\u00e1lez Colville, agroclimat\u00f3logo y acad\u00e9mico del Centro de Investigaci\u00f3n y Transferencia en Riego y Agroclimatolog\u00eda (CITRA).\u00a0 \u00a0<\/a><\/p><p>\u00a0<\/p><\/div><div><p><b>EN L\u00cdNEA MAULE<\/b>\u00a0<br aria-hidden=\"true\" \/><a href=\"https:\/\/www.litoralpress.cl\/sitio\/RadioTV_Detalles.cshtml?LPKey=EU6E63VAXOJRUE4TRNYMOUQKKKICJPTGVXBKDHANLNF2L2NBJ47WZEZEPBXH2EWEZF4XKPPALUGPI\">Evento de La Ni\u00f1a: \u00bfCu\u00e1ndo llega y c\u00f3mo afectar\u00e1 a la agricultura? Se refiere Patricio Gonz\u00e1lez Colville, agroclimat\u00f3logo y acad\u00e9mico del Centro de Investigaci\u00f3n y Transferencia en Riego y Agroclimatolog\u00eda (CITRA).\u00a0 \u00a0<\/a><br aria-hidden=\"true\" \/><br \/><\/p><\/div><div><p><b>RADIO COOPERATIVA<\/b><b>\u00a0<br aria-hidden=\"true\" \/><\/b><a href=\"https:\/\/opinion.cooperativa.cl\/opinion\/cultura\/las-memorias-ineditas-de-la-compositora-maria-luisa-sepulveda-maira\/2024-03-07\/102125.html\">Las memorias in\u00e9ditas de la compositora Mar\u00eda Luisa Sep\u00falveda Maira. Se menciona la Universidad de Talca. <\/a><b>\u00a0<br aria-hidden=\"true\" \/><\/b><\/p><\/div><div><p>\u00a0<\/p><p><b>EMOL<\/b>\u00a0<br aria-hidden=\"true\" \/><a href=\"https:\/\/www.emol.com\/noticias\/Nacional\/2024\/03\/07\/1124034\/cubillos-elecciones-las-condes.html\">La jugada de Cubillos en Las Condes que amenaza a Pe\u00f1aloza y complica a Chile Vamos: \u00bfQu\u00e9 tan competitiva es? Se refiere Mauricio Morales Quiroga, director del Centro de An\u00e1lisis Pol\u00edtico.<\/a><a href=\"https:\/\/www.emol.com\/noticias\/Nacional\/2024\/03\/07\/1124034\/cubillos-elecciones-las-condes.html\">\u00a0<\/a><b><br aria-hidden=\"true\" \/><\/b><\/p><\/div><div><p>\u00a0<\/p><p><b>IDEALEX<\/b>\u00a0<br aria-hidden=\"true\" \/><a href=\"https:\/\/idealex.press\/quien-reemplaza-al-juez-la-gran-pregunta-abogados-integrantes\/\">\u00bfQui\u00e9n reemplaza al juez? La gran pregunta. Se refiere Diego Palomo, acad\u00e9mico de la Facultad de Ciencias Sociales y Jur\u00eddicas.\u00a0<\/a><br aria-hidden=\"true\" \/><br \/><\/p><\/div><div><p><b>RADIO GUAYAC\u00c1N<\/b><b>\u00a0<\/b><\/p><p><a href=\"https:\/\/www.litoralpress.cl\/sitio\/RadioTV_Detalles.cshtml?LPKey=ME6BQA4VM4CFCPJGAE3XBKHRR7JRULLRG5U3YMALI74XL6WLMCHIQCVPKVJWPFLW6VLCJMC56654M\">C\u00f3mo enfrenta el segundo aniversario el Presidente Boric. Entrevista a Mario Herrera, acad\u00e9mico del Centro de An\u00e1lisis Pol\u00edtico.\u00a0<\/a><\/p><p><b>\u00a0 <\/b>\u00a0<\/p><\/div><div><p><b>RADIO INFINITA <\/b>\u00a0<br aria-hidden=\"true\" \/><a href=\"https:\/\/www.litoralpress.cl\/sitio\/RadioTV_Detalles.cshtml?LPKey=LC6Z2ATIHFMM7CXZFGFXUGZH6FWCE4A7WXKD52AOI34MNGWSWLNLN67WIVP7DZ6JWT46X67UG3UHQ\">Comentario de pol\u00edtica de Mauricio Morales, acad\u00e9mico de la Facultad de Ciencias Sociales y Jur\u00eddicas.\u00a0<\/a><br aria-hidden=\"true\" \/><br \/><\/p><\/div>\t\t\t\t\t\t<\/div>\n\t\t\t\t<\/div>\n\t\t\t\t\t<\/div>\n\t\t<\/div>\n\t\t\t\t\t\t\t<\/div>\n\t\t<\/section>\n\t\t\t\t\t\t<\/div>\n\t\t\t\t\t<\/div>\n\t\t","protected":false},"excerpt":{"rendered":"<p>\u00a0 EL MOSTRADOR\u00a0Experta advierte que brecha salarial entre hombres y mujeres es una asignatura pendiente en Chile. Se refiere Andrea Betancor Cazanave, acad\u00e9mica de la Facultad de econom\u00eda y Negocios.\u00a0 \u00a0 MEDIABANCO\u00a0Experta advierte que brecha salarial entre hombres y mujeres es una asignatura pendiente en Chile. Se refiere Andrea Betancor Cazanave, acad\u00e9mica de la Facultad &hellip;<\/p>\n<p class=\"read-more\"> <a class=\"\" href=\"https:\/\/www.reportedeprensa.utalca.cl\/?p=9254\"> <span class=\"screen-reader-text\">08 de marzo de 2024<\/span> Read More &raquo;<\/a><\/p>\n","protected":false},"author":1,"featured_media":0,"comment_status":"closed","ping_status":"open","sticky":false,"template":"","format":"standard","meta":{"_monsterinsights_skip_tracking":false,"_monsterinsights_sitenote_active":false,"_monsterinsights_sitenote_note":"","_monsterinsights_sitenote_category":0},"categories":[46],"tags":[],"_links":{"self":[{"href":"https:\/\/www.reportedeprensa.utalca.cl\/index.php?rest_route=\/wp\/v2\/posts\/9254"}],"collection":[{"href":"https:\/\/www.reportedeprensa.utalca.cl\/index.php?rest_route=\/wp\/v2\/posts"}],"about":[{"href":"https:\/\/www.reportedeprensa.utalca.cl\/index.php?rest_route=\/wp\/v2\/types\/post"}],"author":[{"embeddable":true,"href":"https:\/\/www.reportedeprensa.utalca.cl\/index.php?rest_route=\/wp\/v2\/users\/1"}],"replies":[{"embeddable":true,"href":"https:\/\/www.reportedeprensa.utalca.cl\/index.php?rest_route=%2Fwp%2Fv2%2Fcomments&post=9254"}],"version-history":[{"count":4,"href":"https:\/\/www.reportedeprensa.utalca.cl\/index.php?rest_route=\/wp\/v2\/posts\/9254\/revisions"}],"predecessor-version":[{"id":9258,"href":"https:\/\/www.reportedeprensa.utalca.cl\/index.php?rest_route=\/wp\/v2\/posts\/9254\/revisions\/9258"}],"wp:attachment":[{"href":"https:\/\/www.reportedeprensa.utalca.cl\/index.php?rest_route=%2Fwp%2Fv2%2Fmedia&parent=9254"}],"wp:term":[{"taxonomy":"category","embeddable":true,"href":"https:\/\/www.reportedeprensa.utalca.cl\/index.php?rest_route=%2Fwp%2Fv2%2Fcategories&post=9254"},{"taxonomy":"post_tag","embeddable":true,"href":"https:\/\/www.reportedeprensa.utalca.cl\/index.php?rest_route=%2Fwp%2Fv2%2Ftags&post=9254"}],"curies":[{"name":"wp","href":"https:\/\/api.w.org\/{rel}","templated":true}]}}