{"id":9266,"date":"2024-03-11T11:35:21","date_gmt":"2024-03-11T14:35:21","guid":{"rendered":"https:\/\/www.reportedeprensa.utalca.cl\/?p=9266"},"modified":"2024-03-11T11:58:05","modified_gmt":"2024-03-11T14:58:05","slug":"11-de-marzo-de-2024","status":"publish","type":"post","link":"https:\/\/www.reportedeprensa.utalca.cl\/?p=9266","title":{"rendered":"11 de marzo de 2024"},"content":{"rendered":"\t\t<div data-elementor-type=\"wp-post\" data-elementor-id=\"9266\" class=\"elementor elementor-9266\" data-elementor-settings=\"[]\">\n\t\t\t\t\t\t\t<div class=\"elementor-section-wrap\">\n\t\t\t\t\t\t\t<section class=\"elementor-section elementor-top-section elementor-element elementor-element-bcea1a8 elementor-section-boxed elementor-section-height-default elementor-section-height-default\" data-id=\"bcea1a8\" data-element_type=\"section\">\n\t\t\t\t\t\t<div class=\"elementor-container elementor-column-gap-default\">\n\t\t\t\t\t<div class=\"elementor-column elementor-col-100 elementor-top-column elementor-element elementor-element-e7183bf\" data-id=\"e7183bf\" data-element_type=\"column\">\n\t\t\t<div class=\"elementor-widget-wrap elementor-element-populated\">\n\t\t\t\t\t\t\t\t<div class=\"elementor-element elementor-element-5ffbb87 elementor-widget elementor-widget-text-editor\" data-id=\"5ffbb87\" data-element_type=\"widget\" data-widget_type=\"text-editor.default\">\n\t\t\t\t<div class=\"elementor-widget-container\">\n\t\t\t\t\t\t\t\t<div><div>\u00a0<\/div><\/div><div>\u00a0<\/div><div><div><p><b style=\"font-style: inherit;\">RADIO ADN<\/b><span style=\"font-size: 16px;\">\u00a0<\/span><\/p><\/div><div><div><p><a href=\"https:\/\/www.litoralpress.cl\/sitio\/RadioTV_Detalles.cshtml?LPKey=E2EKHWPGNJNSQSAC6RT6TXUQHKYCW5DKV633YUIRFIP2L25Z576IBSLP2FZTR2STWNT3SQMTYA2UI\">Simce 2023 alcanza niveles similares a los previos a la pandemia. Se refiere Nibaldo Benavides Moreno, acad\u00e9mico de la Facultad de Ciencias de la Educaci\u00f3n.<\/a><a href=\"https:\/\/www.litoralpress.cl\/sitio\/RadioTV_Detalles.cshtml?LPKey=E2EKHWPGNJNSQSAC6RT6TXUQHKYCW5DKV633YUIRFIP2L25Z576IBSLP2FZTR2STWNT3SQMTYA2UI\">\u00a0<\/a><b><br aria-hidden=\"true\" \/><\/b><\/p><\/div><div>\u00a0<\/div><div><p><b>DIARIOS EN RED<\/b>\u00a0<br aria-hidden=\"true\" \/><a href=\"https:\/\/www.diariosenred.com\/nacional\/violencia-ginecobstetrica-una-silenciosa-realidad-que-viven-miles-de\">Violencia ginecobst\u00e9trica: Una silenciosa realidad que viven miles de mujeres en Chile. Se refiere Jos\u00e9 Manuel C\u00e1rdenas Castro, acad\u00e9mico de la Facultad de Psicolog\u00eda.\u00a0<\/a><br aria-hidden=\"true\" \/><br \/><\/p><\/div><div><p><b>RED LOS RIOS<\/b>\u00a0<br aria-hidden=\"true\" \/><a href=\"https:\/\/www.redlosrios.com\/nacional\/violencia-ginecobstetrica-una-silenciosa-realidad-que-viven-miles-de\">Violencia ginecobst\u00e9trica: Una silenciosa realidad que viven miles de mujeres en Chile. Se refiere Jos\u00e9 Manuel C\u00e1rdenas Castro, acad\u00e9mico de la Facultad de Psicolog\u00eda.\u00a0<\/a><\/p><p>\u00a0<\/p><\/div><div><p><b>RED MAULE <\/b>\u00a0<br aria-hidden=\"true\" \/><a href=\"https:\/\/www.redmaule.com\/nacional\/violencia-ginecobstetrica-una-silenciosa-realidad-que-viven-miles-de\">Violencia ginecobst\u00e9trica: Una silenciosa realidad que viven miles de mujeres en Chile. Se refiere Jos\u00e9 Manuel C\u00e1rdenas Castro, acad\u00e9mico de la Facultad de Psicolog\u00eda.\u00a0<\/a><\/p><p>\u00a0<\/p><\/div><div><p><b>RED VALPARA\u00cdSO<\/b>\u00a0<br aria-hidden=\"true\" \/><a href=\"https:\/\/www.redvalparaiso.com\/nacional\/violencia-ginecobstetrica-una-silenciosa-realidad-que-viven-miles-de\">Violencia ginecobst\u00e9trica: Una silenciosa realidad que viven miles de mujeres en Chile. Se refiere Jos\u00e9 Manuel C\u00e1rdenas Castro, acad\u00e9mico de la Facultad de Psicolog\u00eda.\u00a0<\/a><br aria-hidden=\"true\" \/><br \/><\/p><\/div><div><p><b>S\u00c9PTIMA P\u00c1GINA NOTICIAS<\/b>\u00a0<br aria-hidden=\"true\" \/><a href=\"https:\/\/www.septimapaginanoticias.cl\/violencia-ginecobstetrica-una-silenciosa-realidad-que-viven-miles-de-mujeres-en-chile\">Violencia ginecobst\u00e9trica: Una silenciosa realidad que viven miles de mujeres en Chile. Se refiere Jos\u00e9 Manuel C\u00e1rdenas Castro, acad\u00e9mico de la Facultad de Psicolog\u00eda.\u00a0<\/a><br aria-hidden=\"true\" \/><br \/><\/p><\/div><div><p><b>G5 NOTICIAS<\/b>\u00a0<br aria-hidden=\"true\" \/><a href=\"https:\/\/g5noticias.cl\/2024\/03\/08\/violencia-ginecobstetrica-una-silenciosa-realidad-que-viven-miles-de-mujeres-en-chile\/\">Violencia ginecobst\u00e9trica: Una silenciosa realidad que viven miles de mujeres en Chile. Se refiere Jos\u00e9 Manuel C\u00e1rdenas Castro, acad\u00e9mico de la Facultad de Psicolog\u00eda.\u00a0<\/a><br aria-hidden=\"true\" \/><br \/><\/p><\/div><div><p class=\"x_elementToProof\"><b>ADPRENSA<\/b>\u00a0<\/p><p><a href=\"https:\/\/www.adprensa.cl\/cronica\/violencia-ginecobstetrica-una-silenciosa-realidad-que-viven-miles-de-mujeres-en-chile\/\">Violencia ginecobst\u00e9trica: Una silenciosa realidad que viven miles de mujeres en Chile. Se refiere Jos\u00e9 Manuel C\u00e1rdenas Castro, acad\u00e9mico de la Facultad de Psicolog\u00eda.\u00a0<\/a><br aria-hidden=\"true\" \/><br \/><\/p><\/div><div><p><b>EN L\u00cdNEA MAULE<\/b>\u00a0<br aria-hidden=\"true\" \/><a href=\"https:\/\/enlineamaule.cl\/archivo\/55003\">Estudio de la UTalca mostr\u00f3 que m\u00e1s de un 80% de las chilenas ha sufrido violencia obst\u00e9trica. Se refiere Jos\u00e9 Manuel C\u00e1rdenas Castro, acad\u00e9mico de la Facultad de Psicolog\u00eda.\u00a0<\/a><br aria-hidden=\"true\" \/><br \/><\/p><\/div><div><p><b>DIARO LA TRIBUNA<\/b>\u00a0<br aria-hidden=\"true\" \/><a href=\"https:\/\/www.latribuna.cl\/equidad-de-genero\/2024\/03\/08\/estudio-revelo-que-mas-del-60-de-las-encuestadas-ha-sufrido-violencia-ginecologica.html\">Estudio revel\u00f3 que m\u00e1s del 60% de las encuestadas ha sufrido violencia ginecol\u00f3gica. Se refiere Jos\u00e9 Manuel C\u00e1rdenas Castro, acad\u00e9mico de la Facultad de Psicolog\u00eda.\u00a0<\/a><br aria-hidden=\"true\" \/><br \/><\/p><\/div><div><p><b>EL CIUDADANO<\/b><b>\u00a0<br aria-hidden=\"true\" \/><\/b><a href=\"https:\/\/www.elciudadano.com\/chile\/violencia-ginecobstetrica-una-silenciosa-realidad-que-han-vivido-y-viven-miles-de-mujeres-en-chile\/03\/08\/\">Violencia ginecobst\u00e9trica: Una silenciosa realidad que han vivido y viven miles de mujeres en Chile. Se refiere Jos\u00e9 Manuel C\u00e1rdenas Castro, acad\u00e9mico de la Facultad de Psicolog\u00eda.<\/a><a href=\"https:\/\/www.elciudadano.com\/chile\/violencia-ginecobstetrica-una-silenciosa-realidad-que-han-vivido-y-viven-miles-de-mujeres-en-chile\/03\/08\/\">\u00a0<\/a><b><br aria-hidden=\"true\" \/><\/b><\/p><p>\u00a0<\/p><\/div><div><p><b>CAUQUENES.NET<\/b>\u00a0<br aria-hidden=\"true\" \/><a href=\"https:\/\/cauquenesnet.cl\/2024\/03\/08\/violencia-ginecobstetrica-una-silenciosa-realidad-que-viven-miles-de-mujeres-en-chile\/\">Violencia ginecobst\u00e9trica: Una silenciosa realidad que han vivido y viven miles de mujeres en Chile. Se refiere Jos\u00e9 Manuel C\u00e1rdenas Castro, acad\u00e9mico de la Facultad de Psicolog\u00eda.\u00a0<\/a><br aria-hidden=\"true\" \/><br \/><\/p><\/div><div><p class=\"x_elementToProof\"><b>MEDIABANCO<\/b>\u00a0<\/p><p><a href=\"https:\/\/www.mediabanco.com\/violencia-ginecobstetrica-una-silenciosa-realidad-que-viven-miles-de-mujeres-en-chile\/\">Violencia ginecobst\u00e9trica: Una silenciosa realidad que viven miles de mujeres en Chile. Se refiere Jos\u00e9 Manuel C\u00e1rdenas Castro, acad\u00e9mico de la Facultad de Psicolog\u00eda.\u00a0<\/a><\/p><p>\u00a0<\/p><\/div><div><p><b>EL LECTOR<\/b>\u00a0<br aria-hidden=\"true\" \/><a href=\"https:\/\/www.litoralpress.cl\/paginaconsultas\/Servicios_NClipSitio\/Get_Imagen_Nota.aspx?LPKey=TALQMMHF4WWIXHLIQ4OI4MXMGJHMTTSNTH6G5VH6RQ6NUPZG2F3SKBIQF6UK7SV2VITL7FBI3SL3\">Violencia ginecobst\u00e9trica: Una silenciosa realidad que viven miles de mujeres en Chile. Se refiere Jos\u00e9 Manuel C\u00e1rdenas Castro, acad\u00e9mico de la Facultad de Psicolog\u00eda.\u00a0<\/a><br aria-hidden=\"true\" \/>\u00a0<\/p><\/div><div><p><b>CAUQUENES.NET<\/b>\u00a0<br aria-hidden=\"true\" \/><a href=\"https:\/\/cauquenesnet.cl\/2024\/03\/08\/violencia-ginecobstetrica-una-silenciosa-realidad-que-viven-miles-de-mujeres-en-chile\/\">Violencia ginecobst\u00e9trica: Una silenciosa realidad que viven miles de mujeres en Chile. Se refiere Jos\u00e9 Manuel C\u00e1rdenas Castro, acad\u00e9mico de la Facultad de Psicolog\u00eda.\u00a0<\/a><br aria-hidden=\"true\" \/><br \/><\/p><\/div><div><p><b>PUBLIMICRO<\/b>\u00a0<br aria-hidden=\"true\" \/><a href=\"https:\/\/publimicro.cl\/violencia-ginecobstetrica-una-silenciosa-realidad-que-viven-miles-de-mujeres-en-chile\/\">Violencia ginecobst\u00e9trica: Una silenciosa realidad que viven miles de mujeres en Chile. Se refiere Jos\u00e9 Manuel C\u00e1rdenas Castro, acad\u00e9mico de la Facultad de Psicolog\u00eda.\u00a0<\/a><\/p><p>\u00a0<\/p><div><p><b>CHILL\u00c1N ONLINE<\/b>\u00a0<br aria-hidden=\"true\" \/><a href=\"https:\/\/www.chillanonline.cl\/V7\/2024\/03\/07\/experta-advierte-que-brecha-salarial-entre-hombres-y-mujeres-es-una-asignatura-pendiente-en-chile\/\">Experta advierte que brecha salarial entre hombres y mujeres es una asignatura pendiente en Chile. Se refiere Andrea Betancort Cazenave, acad\u00e9mica de la Facultad de Econom\u00eda y Negocios.\u00a0<\/a><br aria-hidden=\"true\" \/><br \/><\/p><\/div><div><p><b>PORTAL NOTICIAS<\/b>\u00a0<br aria-hidden=\"true\" \/><a href=\"https:\/\/portalnoticias.cl\/2024\/03\/08\/experta-advierte-que-brecha-salarial-entre-hombres-y-mujeres-es-una-asignatura-pendiente-en-chile\/\">Experta advierte que brecha salarial entre hombres y mujeres es una asignatura pendiente en Chile. Se refiere Andrea Betancort Cazenave, acad\u00e9mica de la Facultad de Econom\u00eda y Negocios.\u00a0<\/a><br aria-hidden=\"true\" \/><a id=\"OWA335b5c2d-6fb3-5b30-cc2d-7277b2cfbf26\" class=\"x_x_Hyperlink x_x_SCXW10458898 x_x_BCX0 x_x_OWAAutoLink\" href=\"https:\/\/portalnoticias.cl\/2024\/03\/08\/experta-advierte-que-brecha-salarial-entre-hombres-y-mujeres-es-una-asignatura-pendiente-en-chile\/\" target=\"_blank\" rel=\"noopener noreferrer\" data-auth=\"NotApplicable\" data-loopstyle=\"linkonly\" data-linkindex=\"17\"><\/a><\/p><\/div><div><p>\u00a0<\/p><p><b>LA DISCUSI\u00d3N<\/b><b>\u00a0<br aria-hidden=\"true\" \/><\/b><a href=\"https:\/\/www.litoralpress.cl\/paginaconsultas\/Servicios_NClipSitio\/Get_Imagen_Nota.aspx?LPKey=GHZQLATVL25PII43WLQH4SERNDEQG4QWX3JR6SUND4NKKYXGGKBRXMFG2MBN6KYDVAPYDRECOU6JI\">Brecha salarial en Chile: Mujeres ganan 25% menos que los hombres. Se refiere Andrea Betancort Cazenave, acad\u00e9mica de la Facultad de Econom\u00eda y Negocios.\u00a0<\/a><\/p><p>\u00a0<\/p><div><p><b>LA DISCUSI\u00d3N <\/b><b>ONLINE<\/b><\/p><p><a href=\"https:\/\/www.ladiscusion.cl\/brecha-salarial-en-chile-mujeres-ganan-25-menos-que-los-hombres\/\">Brecha salarial en Chile: Mujeres ganan 25% menos que los hombres. Se refiere Andrea Betancort Cazenave, acad\u00e9mica de la Facultad de Econom\u00eda y Negocios.\u00a0<\/a><br aria-hidden=\"true\" \/><br \/><\/p><\/div><\/div><div><p><b>EL HERALDO<\/b>\u00a0<br aria-hidden=\"true\" \/><a href=\"https:\/\/www.litoralpress.cl\/paginaconsultas\/Servicios_NClipSitio\/Get_Imagen_Nota.aspx?LPKey=NCUTK3EQGCECHOODD6PD45NRKAIBWN7WTCOX45OLQKBTYUGVXMUP3WZHXHGQFZW2YJI3BFYUGCY2K\">Experta advierte que brecha salarial entre hombres y mujeres es una asignatura pendiente en Chile. Se refiere Andrea Betancort Cazenave, acad\u00e9mica de la Facultad de Econom\u00eda y Negocios.\u00a0<\/a><br aria-hidden=\"true\" \/><br \/><\/p><\/div><div><p><b>DIARIO TALCA<\/b>\u00a0<\/p><p><a href=\"https:\/\/diariotalca.cl\/advierte-importante-brecha-salarial-entre-hombres-y-mujeres\/\">Advierte importante brecha salarial entre hombres y mujeres. Se refiere Andrea Betancort Cazenave, acad\u00e9mica de la Facultad de Econom\u00eda y Negocios.\u00a0<\/a><\/p><p>\u00a0<\/p><div><p><b>LAS \u00daLTIMAS NOTICIAS<\/b><b>\u00a0<br aria-hidden=\"true\" \/><\/b><a href=\"https:\/\/www.litoralpress.cl\/paginaconsultas\/Servicios_NClipSitio\/Get_Imagen_Nota.aspx?LPKey=R6SJQ4HAXV5AI47I6L4PESJPCKNSGXRXLZEB2IPMDWSPD5NFPER3SJPRHUSQJP6H4PZYI77T7TYOA\">Copa de agua se resiste a morir: tres m\u00e1quinas no han logrado demolerla. Se refiere Miguel Arriagada Silva, acad\u00e9mico de la Facultad de Ingenier\u00eda.<\/a><a href=\"https:\/\/www.litoralpress.cl\/paginaconsultas\/Servicios_NClipSitio\/Get_Imagen_Nota.aspx?LPKey=R6SJQ4HAXV5AI47I6L4PESJPCKNSGXRXLZEB2IPMDWSPD5NFPER3SJPRHUSQJP6H4PZYI77T7TYOA\">\u00a0<\/a><b><br aria-hidden=\"true\" \/><\/b><\/p><\/div><\/div><div>\u00a0<\/div><\/div><div><b>DIARIO TALCA<\/b><b>\u00a0<\/b><\/div><p><a href=\"https:\/\/diariotalca.cl\/extension-utalca-conmemora-mes-de-la-mujer-con-programacion-especial\/\">Extensi\u00f3n UTalca conmemora Mes de la Mujer con programaci\u00f3n especial. Se refiere Marcela Albornoz Dachelet, directora de Extensi\u00f3n Art\u00edstica-Cultural y Editorial.<\/a><a href=\"https:\/\/diariotalca.cl\/extension-utalca-conmemora-mes-de-la-mujer-con-programacion-especial\/\">\u00a0<\/a><b><br aria-hidden=\"true\" \/><\/b><\/p><\/div><div><p>\u00a0<\/p><p><b>EL LECTOR<\/b>\u00a0<br aria-hidden=\"true\" \/><a href=\"https:\/\/www.litoralpress.cl\/paginaconsultas\/Servicios_NClipSitio\/Get_Imagen_Nota.aspx?LPKey=2J6RKTOA4ZBIC3LOXN5KXAJ5NBKBQAQVHIC5OH6OZOFRF6LXFRAGVP445KELGXPM4CTT35L3DKGPM\">Extensi\u00f3n UTalca conmemora el Mes de la Mujer con programaci\u00f3n especial. Se refiere Marcela Albornoz Dachelet, directora de Extensi\u00f3n Art\u00edstica-Cultural y Editorial.\u00a0<\/a><br aria-hidden=\"true\" \/><br \/><\/p><\/div><div><p><b>LA PRENSA DE CURIC\u00d3<\/b>\u00a0<br aria-hidden=\"true\" \/><a href=\"https:\/\/www.litoralpress.cl\/paginaconsultas\/Servicios_NClipSitio\/Get_Imagen_Nota.aspx?LPKey=KEQKZAUY5MKA3S2L74EDDBJSBLNIOCFX4K3AUX36NZ4T5UJ657IELRFBHAIPDXX3QIUQACVOXTNO2\">Con especial programaci\u00f3n UTalca conmemora Mes de la Mujer. Se refiere Marcela Albornoz Dachelet, directora de Extensi\u00f3n Art\u00edstica-Cultural y Editorial.\u00a0<\/a><\/p><p>\u00a0<\/p><div><p><b>ADPRENSA<\/b>\u00a0<\/p><\/div><div><p><a href=\"https:\/\/www.adprensa.cl\/cronica\/estudiantes-orientan-a-comunidad-de-san-rafael-en-tramites-de-servicios-publicos\/\">Estudiantes orientan a comunidad de San Rafael en tr\u00e1mites de servicios p\u00fablicos. Se refiere Tom\u00e1s Chadwick Lobos, acad\u00e9mico de la Escuela de Ciencia Pol\u00edtica y Administraci\u00f3n P\u00fablica.\u00a0<\/a><\/p><\/div><div><p>\u00a0<\/p><p><b>LA PRENSA DE CURIC\u00d3<\/b><b>\u00a0<\/b><\/p><p><a href=\"https:\/\/www.litoralpress.cl\/paginaconsultas\/Servicios_NClipSitio\/Get_Imagen_Nota.aspx?LPKey=4BGBAUKB6UVHPTOOTSK3PR6VMFLSYQYWAZSE7HSG4J5UD6UYLLC5EG5QXD75JOP3JE6QGH2W746NM\">Tr\u00e1mites en servicios p\u00fablicos. Se menciona la Universidad de Talca. <\/a><\/p><p><b>\u00a0<\/b><\/p><\/div><div><p><b>MEDIABANCO<\/b>\u00a0<\/p><p><a href=\"https:\/\/www.mediabanco.com\/estudiantes-orientan-a-comunidad-de-san-rafael-en-tramites-de-servicios-publicos\/\">Estudiantes orientan a comunidad de San Rafael en tr\u00e1mites de servicios p\u00fablicos. Se refiere Tom\u00e1s Chadwick Lobos, acad\u00e9mico de la Escuela de Ciencia Pol\u00edtica y Administraci\u00f3n P\u00fablica.\u00a0<\/a><br aria-hidden=\"true\" \/><br \/><\/p><\/div><div><p><b>PUBLIMICRO<\/b>\u00a0<br aria-hidden=\"true\" \/><a href=\"https:\/\/publimicro.cl\/estudiantes-de-la-universidad-de-talca-orientan-a-comunidad-de-san-rafael-como-hacer-tramites-de-servicios-publicos\/\">Estudiantes de la Universidad de Talca orientan a comunidad de San Rafael, c\u00f3mo hacer tr\u00e1mites de servicios p\u00fablicos. Se menciona la Universidad de Talca.\u00a0<\/a><br aria-hidden=\"true\" \/><br \/><\/p><\/div><div><p><b>CHILL\u00c1N ONLINE<\/b>\u00a0<br aria-hidden=\"true\" \/><a href=\"https:\/\/www.chillanonline.cl\/V7\/2024\/03\/09\/estudiantes-orientan-a-comunidad-de-san-rafael-en-tramites-de-servicios-publicos\/\">Estudiantes orientan a comunidad de San Rafael en tr\u00e1mites de servicios p\u00fablicos. Se refiere Tom\u00e1s Chadwick Lobos, acad\u00e9mico de la Escuela de Ciencia Pol\u00edtica y Administraci\u00f3n P\u00fablica\u00a0<\/a><br aria-hidden=\"true\" \/><br \/><\/p><\/div><div><p><b>EL LECTOR<\/b>\u00a0<br aria-hidden=\"true\" \/><a href=\"https:\/\/www.litoralpress.cl\/paginaconsultas\/Servicios_NClipSitio\/Get_Imagen_Nota.aspx?LPKey=PPX6BMH3C7LMCAUBUPKHF74TXE6ELYL3CEOVQDFJHZKKTXCQDFBQYNE6VYPGAGFLWOMN53KP65Z54\">Estudiantes orientan a comunidad de San Rafael en tr\u00e1mites de servicios p\u00fablicos. Se refiere Tom\u00e1s Chadwick Lobos, acad\u00e9mico de la Escuela de Ciencia Pol\u00edtica y Administraci\u00f3n P\u00fablica.\u00a0<\/a><\/p><\/div><div>\u00a0<\/div><p><b>COOPERATIVA CIENCIA<\/b><b>\u00a0<br aria-hidden=\"true\" \/><\/b><a href=\"https:\/\/www.cooperativaciencia.cl\/salud\/2024\/03\/09\/el-desafio-invisible-de-las-enfermedades-raras-en-chile\/\">El desaf\u00edo invisible de las enfermedades raras en Chile. Se refiere Sergio Wehinger, acad\u00e9mico de la Facultad de Ciencias de la Salud.\u00a0<\/a><\/p><p>\u00a0<\/p><p><b>CANAL 30 MULTICOM<\/b><b>\u00a0<br aria-hidden=\"true\" \/><\/b><a href=\"https:\/\/www.litoralpress.cl\/sitio\/RadioTV_Detalles.cshtml?LPKey=KX2K67IDG73ENTRZFQ4NMOQ6V7ZRTNNAYCOSBN7Y5EWMJ7FINKGL4SNPAHKBTMZW5C7BBVMTXJY42\">Especialista entrega recomendaciones para volver a la rutina. Se refiere Carla Mendoza N\u00fa\u00f1ez, coordinadora de la Unidad Cl\u00ednica del Centro de Psicolog\u00eda Aplicada (CEPA).\u00a0<\/a><\/p><p><b><a id=\"OWA2362baf2-cd2c-2aa4-93ac-237613037425\" class=\"x_x_Hyperlink x_x_SCXW10458898 x_x_BCX0 x_x_OWAAutoLink\" href=\"https:\/\/www.litoralpress.cl\/sitio\/RadioTV_Detalles.cshtml?LPKey=KX2K67IDG73ENTRZFQ4NMOQ6V7ZRTNNAYCOSBN7Y5EWMJ7FINKGL4SNPAHKBTMZW5C7BBVMTXJY42\" target=\"_blank\" rel=\"noopener noreferrer\" data-auth=\"NotApplicable\" data-loopstyle=\"linkonly\" data-linkindex=\"34\"><\/a><\/b><b>\u00a0<\/b><\/p><\/div><div><p><b>CHILL\u00c1N ONLINE<\/b><b>\u00a0<\/b><\/p><p><a href=\"https:\/\/www.chillanonline.cl\/V7\/2024\/03\/10\/universidad-de-talca-capacito-en-hidrologia-a-funcionarios-publicos-de-la-araucania\/\">Universidad de Talca capacit\u00f3 en hidrolog\u00eda a funcionarios p\u00fablicos de La Araucan\u00eda. \u202fSe refiere Roberto\u202f Pizarro\u202f Tapia, director de la C\u00e1tedra UNESCO en Hidrolog\u00eda de Superficie.\u00a0<\/a><\/p><\/div><div>\u00a0<\/div><div><p><b>EL MOSTRADOR<\/b> <br \/><a style=\"font-size: 16px; background-color: #ffffff;\" href=\"https:\/\/www.elmostrador.cl\/noticias\/opinion\/cartas\/2024\/03\/10\/se-vienen-los-jueces-sin-rostro\/\">\u00bfSe vienen los jueces sin rostro? Se refiere Diego Palomo, acad\u00e9mico de la Facultad de Ciecias Jur\u00eddicas y Sociales. <\/a><b style=\"font-style: inherit;\">\u00a0<\/b><\/p><\/div><div><p>\u00a0<\/p><p><b>G5 NOTICIAS<\/b>\u00a0<br aria-hidden=\"true\" \/><a href=\"https:\/\/g5noticias.cl\/2024\/03\/10\/a-dos-anos-de-su-implementacion-4-631-matrimonios-de-parejas-del-mismo-sexo-se-han-inscrito-en-el-registro-civil\/\">A dos a\u00f1os de su implementaci\u00f3n: 4.631 matrimonios de parejas del mismo sexo se han inscrito en el Registro Civil. Se menciona la Universidad de Talca.\u00a0<\/a><br aria-hidden=\"true\" \/><br \/><\/p><\/div><div><p><b style=\"font-style: inherit;\">MEGA NOTICIAS<\/b><span style=\"font-size: 16px;\">\u00a0<\/span><\/p><\/div><div><p><a href=\"https:\/\/www.meganoticias.cl\/nacional\/441951-mauricio-morales-encuesta-cadem-gobierno-boric-partidos-evelyn-matthei-10-03-2024.html\">Anteojeras para el gobierno. Columna de Mauricio Morales Quiroga, acad\u00e9mico de la Facultad de Ciencias Jur\u00eddicas y Sociales.\u00a0<\/a><\/p><p>\u00a0<\/p><\/div><div><p><b>IDEALEX<\/b>\u00a0<br aria-hidden=\"true\" \/><a href=\"https:\/\/idealex.press\/ley-karin-sancion-del-acoso-laboral-sexual-o-de-violencia-en-el-trabajo\/\">Los obst\u00e1culos para la sanci\u00f3n del acoso en el trabajo. Se refiere Camila Cruz, profesional de investigaci\u00f3n del Centro de Estudios de Derecho del Trabajo y de la Seguridad Social (CENTRASS).\u00a0<\/a><br aria-hidden=\"true\" \/><br \/><\/p><\/div><div><p><b>CHILEVISI\u00d3N NOTICIAS<\/b>\u00a0<br aria-hidden=\"true\" \/><a href=\"https:\/\/www.chvnoticias.cl\/te-ayuda\/gratuidad-2024-como-postular-finalice-plazo_20240308\/\">Gratuidad 2024: Revisa ac\u00e1 c\u00f3mo postular al FUAS antes que finalice el plazo. Se menciona la Universidad de Talca.\u00a0<\/a><br aria-hidden=\"true\" \/><br \/><\/p><\/div><div><b>TALCA CAPITAL<\/b>\u00a0\u00a0<\/div><div class=\"x_elementToProof\"><a href=\"https:\/\/talcacapital.cl\/carolina-guerra-me-interesa-crecer-como-artista\/\">Carolina Guerra: \u201cme interesa crecer como artista\u201d. Se menciona la Universidad de Talca.\u00a0<\/a><\/div><\/div>\t\t\t\t\t\t<\/div>\n\t\t\t\t<\/div>\n\t\t\t\t\t<\/div>\n\t\t<\/div>\n\t\t\t\t\t\t\t<\/div>\n\t\t<\/section>\n\t\t\t\t\t\t<\/div>\n\t\t\t\t\t<\/div>\n\t\t","protected":false},"excerpt":{"rendered":"<p>\u00a0\u00a0 RADIO ADN\u00a0 Simce 2023 alcanza niveles similares a los previos a la pandemia. Se refiere Nibaldo Benavides Moreno, acad\u00e9mico de la Facultad de Ciencias de la Educaci\u00f3n.\u00a0 \u00a0 DIARIOS EN RED\u00a0Violencia ginecobst\u00e9trica: Una silenciosa realidad que viven miles de mujeres en Chile. Se refiere Jos\u00e9 Manuel C\u00e1rdenas Castro, acad\u00e9mico de la Facultad de Psicolog\u00eda.\u00a0 &hellip;<\/p>\n<p class=\"read-more\"> <a class=\"\" href=\"https:\/\/www.reportedeprensa.utalca.cl\/?p=9266\"> <span class=\"screen-reader-text\">11 de marzo de 2024<\/span> Read More &raquo;<\/a><\/p>\n","protected":false},"author":1,"featured_media":0,"comment_status":"closed","ping_status":"open","sticky":false,"template":"","format":"standard","meta":{"_monsterinsights_skip_tracking":false,"_monsterinsights_sitenote_active":false,"_monsterinsights_sitenote_note":"","_monsterinsights_sitenote_category":0},"categories":[46],"tags":[],"_links":{"self":[{"href":"https:\/\/www.reportedeprensa.utalca.cl\/index.php?rest_route=\/wp\/v2\/posts\/9266"}],"collection":[{"href":"https:\/\/www.reportedeprensa.utalca.cl\/index.php?rest_route=\/wp\/v2\/posts"}],"about":[{"href":"https:\/\/www.reportedeprensa.utalca.cl\/index.php?rest_route=\/wp\/v2\/types\/post"}],"author":[{"embeddable":true,"href":"https:\/\/www.reportedeprensa.utalca.cl\/index.php?rest_route=\/wp\/v2\/users\/1"}],"replies":[{"embeddable":true,"href":"https:\/\/www.reportedeprensa.utalca.cl\/index.php?rest_route=%2Fwp%2Fv2%2Fcomments&post=9266"}],"version-history":[{"count":4,"href":"https:\/\/www.reportedeprensa.utalca.cl\/index.php?rest_route=\/wp\/v2\/posts\/9266\/revisions"}],"predecessor-version":[{"id":9270,"href":"https:\/\/www.reportedeprensa.utalca.cl\/index.php?rest_route=\/wp\/v2\/posts\/9266\/revisions\/9270"}],"wp:attachment":[{"href":"https:\/\/www.reportedeprensa.utalca.cl\/index.php?rest_route=%2Fwp%2Fv2%2Fmedia&parent=9266"}],"wp:term":[{"taxonomy":"category","embeddable":true,"href":"https:\/\/www.reportedeprensa.utalca.cl\/index.php?rest_route=%2Fwp%2Fv2%2Fcategories&post=9266"},{"taxonomy":"post_tag","embeddable":true,"href":"https:\/\/www.reportedeprensa.utalca.cl\/index.php?rest_route=%2Fwp%2Fv2%2Ftags&post=9266"}],"curies":[{"name":"wp","href":"https:\/\/api.w.org\/{rel}","templated":true}]}}