{"id":9278,"date":"2024-03-12T12:45:32","date_gmt":"2024-03-12T15:45:32","guid":{"rendered":"https:\/\/www.reportedeprensa.utalca.cl\/?p=9278"},"modified":"2024-03-12T12:54:23","modified_gmt":"2024-03-12T15:54:23","slug":"12-de-marzo-de-2024","status":"publish","type":"post","link":"https:\/\/www.reportedeprensa.utalca.cl\/?p=9278","title":{"rendered":"12 de marzo de 2024"},"content":{"rendered":"\t\t<div data-elementor-type=\"wp-post\" data-elementor-id=\"9278\" class=\"elementor elementor-9278\" data-elementor-settings=\"[]\">\n\t\t\t\t\t\t\t<div class=\"elementor-section-wrap\">\n\t\t\t\t\t\t\t<section class=\"elementor-section elementor-top-section elementor-element elementor-element-bcea1a8 elementor-section-boxed elementor-section-height-default elementor-section-height-default\" data-id=\"bcea1a8\" data-element_type=\"section\">\n\t\t\t\t\t\t<div class=\"elementor-container elementor-column-gap-default\">\n\t\t\t\t\t<div class=\"elementor-column elementor-col-100 elementor-top-column elementor-element elementor-element-e7183bf\" data-id=\"e7183bf\" data-element_type=\"column\">\n\t\t\t<div class=\"elementor-widget-wrap elementor-element-populated\">\n\t\t\t\t\t\t\t\t<div class=\"elementor-element elementor-element-5ffbb87 elementor-widget elementor-widget-text-editor\" data-id=\"5ffbb87\" data-element_type=\"widget\" data-widget_type=\"text-editor.default\">\n\t\t\t\t<div class=\"elementor-widget-container\">\n\t\t\t\t\t\t\t\t<p><b>EL MAULE INFORMA<\/b>\u00a0<br aria-hidden=\"true\" \/><a href=\"https:\/\/elmauleinforma.cl\/universidades-de-la-macrozona-centro-sur-se-adjudican-98-proyectos-de-fondecyt-regular\/\">Universidades de la Macrozona Centro Sur se adjudican 98 proyectos de Fondecyt Regular. Se menciona la Universidad de Talca.\u00a0<\/a><\/p><p>\u00a0<\/p><p><b>24 HORAS\u00a0<br aria-hidden=\"true\" \/><\/b><a href=\"https:\/\/www.24horas.cl\/actualidad\/nacional\/meteorologia-anticipa-un-otono-con-precipitaciones-bajo-lo-normal-fenomeno-meteorologico-2024-chile\">Meteorolog\u00eda anticipa un oto\u00f1o con precipitaciones &#8220;bajo lo normal&#8221;: c\u00f3mo incidir\u00e1 el fen\u00f3meno clim\u00e1tico visto como &#8220;perverso para Chile&#8221;.\u00a0<\/a><a href=\"https:\/\/www.24horas.cl\/actualidad\/nacional\/meteorologia-anticipa-un-otono-con-precipitaciones-bajo-lo-normal-fenomeno-meteorologico-2024-chile\">Se refiere Patricio Gonz\u00e1lez Colville, agroclimat\u00f3logo y acad\u00e9mico del Centro de Investigaci\u00f3n y Transferencia en Riego y Agroclimatolog\u00eda (CITRA).\u00a0<\/a><\/p><p>\u00a0<\/p><p>\u00a0<\/p><p><b>TV5 LINARES<\/b>\u00a0<br aria-hidden=\"true\" \/><a href=\"https:\/\/www.litoralpress.cl\/sitio\/RadioTV_Detalles.cshtml?LPKey=XQMHLXNKGCDNCXHZCTSQZESOCR2O6EV6DTCUTL7GSHCVZNDKV3GWYOF67KORVZRQXFWNJDS7XSWVU\">Proyecci\u00f3n del clima este 2024.\u00a0Se refiere Patricio Gonz\u00e1lez Colville, agroclimat\u00f3logo y acad\u00e9mico del Centro de Investigaci\u00f3n y Transferencia en Riego y Agroclimatolog\u00eda (CITRA). \u202f\u00a0<\/a><\/p><p>\u00a0<\/p><p><b>EN L\u00cdNEA MAULE\u00a0<br aria-hidden=\"true\" \/><\/b><a href=\"https:\/\/www.litoralpress.cl\/sitio\/RadioTV_Detalles.cshtml?LPKey=MJHXTSK2DGFX6NZ3CLTS5NVK473GORCONAELAIBNGA7UORJM5FN6S7KKEL6HEPB52ASTKMXG4WHJC\">Fen\u00f3meno La Ni\u00f1a y proyecciones. Entrevista a Patricio Gonz\u00e1lez, agroclimat\u00f3logo\u00a0<\/a><a href=\"https:\/\/www.litoralpress.cl\/sitio\/RadioTV_Detalles.cshtml?LPKey=MJHXTSK2DGFX6NZ3CLTS5NVK473GORCONAELAIBNGA7UORJM5FN6S7KKEL6HEPB52ASTKMXG4WHJC\">y acad\u00e9mico del Centro de Investigaci\u00f3n y Transferencia en Riego y Agroclimatolog\u00eda (CITRA). \u202f<\/a><a href=\"https:\/\/www.litoralpress.cl\/sitio\/RadioTV_Detalles.cshtml?LPKey=MJHXTSK2DGFX6NZ3CLTS5NVK473GORCONAELAIBNGA7UORJM5FN6S7KKEL6HEPB52ASTKMXG4WHJC\">\u00a0<\/a><b><br aria-hidden=\"true\" \/><\/b><b>\u00a0<\/b><\/p><p><b>LA PRENSA DE CURIC\u00d3<\/b>\u00a0<br aria-hidden=\"true\" \/><a href=\"https:\/\/www.litoralpress.cl\/paginaconsultas\/Servicios_NClipSitio\/Get_Imagen_Nota.aspx?LPKey=KEQKZAUY5MKA3S2L74EDDBJSBLNIOCFX4K3AUX36NZ4T5UJ657IELRFBHAIPDXX3QIUQACVOXTNO2\">Con especial programaci\u00f3n UTalca conmemora Mes de la Mujer. Se refiere Marcela Albornoz Dachelet, directora de Extensi\u00f3n Art\u00edstica-Cultural y Editorial.\u00a0<\/a><\/p><p><b>\u00a0<\/b><\/p><p><b>DIARIOS EN RED<\/b>\u00a0<br aria-hidden=\"true\" \/><a href=\"https:\/\/www.diariosenred.com\/tendencia\/endometriosis-una-desconocida-enfermedad-que-tiene-un-diagnostico-tardio\">Endometriosis: una desconocida enfermedad que tiene un diagn\u00f3stico tard\u00edo. Se refiere Marjorie Medel, acad\u00e9mica de la Escuela de Obstetricia y Puericultura de la Universidad de Talca.\u00a0<\/a><b><br aria-hidden=\"true\" \/><\/b><\/p><p>\u00a0<\/p><p><b>RED ANTOFAGASTA<\/b>\u00a0<br aria-hidden=\"true\" \/><a href=\"https:\/\/www.redantofagasta.com\/tendencia\/endometriosis-una-desconocida-enfermedad-que-tiene-un-diagnostico-tardio\">Endometriosis: una desconocida enfermedad que tiene un diagn\u00f3stico tard\u00edo. Se refiere Marjorie Medel, acad\u00e9mica de la Escuela de Obstetricia y Puericultura de la Universidad de Talca.\u00a0<\/a><\/p><p>\u00a0<\/p><p><b>RED ARAUCAN\u00cdA<\/b>\u00a0<br aria-hidden=\"true\" \/><a href=\"https:\/\/www.redaraucania.com\/tendencia\/endometriosis-una-desconocida-enfermedad-que-tiene-un-diagnostico-tardio\">Endometriosis: una desconocida enfermedad que tiene un diagn\u00f3stico tard\u00edo. Se refiere Marjorie Medel, acad\u00e9mica de la Escuela de Obstetricia y Puericultura de la Universidad de Talca.\u00a0<\/a><br aria-hidden=\"true\" \/><br \/><\/p><p><b>RED COQUIMBO<\/b>\u00a0<br aria-hidden=\"true\" \/><a href=\"https:\/\/www.redcoquimbo.com\/tendencia\/endometriosis-una-desconocida-enfermedad-que-tiene-un-diagnostico-tardio\">Endometriosis: una desconocida enfermedad que tiene un diagn\u00f3stico tard\u00edo. Se refiere Marjorie Medel, acad\u00e9mica de la Escuela de Obstetricia y Puericultura de la Universidad de Talca.\u00a0<\/a><\/p><p>\u00a0<\/p><p><b>RED O&#8217;HIGGINS<\/b>\u00a0<br aria-hidden=\"true\" \/><a href=\"https:\/\/www.redohiggins.com\/tendencia\/endometriosis-una-desconocida-enfermedad-que-tiene-un-diagnostico-tardio\">Endometriosis: una desconocida enfermedad que tiene un diagn\u00f3stico tard\u00edo. Se refiere Marjorie Medel, acad\u00e9mica de la Escuela de Obstetricia y Puericultura de la Universidad de Talca.\u00a0<\/a><\/p><p>\u00a0<\/p><p><b>RED \u00d1UBLE<\/b>\u00a0<br aria-hidden=\"true\" \/><a href=\"https:\/\/www.rednuble.com\/tendencia\/endometriosis-una-desconocida-enfermedad-que-tiene-un-diagnostico-tardio\">Endometriosis: una desconocida enfermedad que tiene un diagn\u00f3stico tard\u00edo. Se refiere Marjorie Medel, acad\u00e9mica de la Escuela de Obstetricia y Puericultura de la Universidad de Talca.\u00a0<\/a><\/p><p>\u00a0<\/p><p><b>RED ARICA<\/b>\u00a0<br aria-hidden=\"true\" \/><a href=\"https:\/\/www.redarica.com\/tendencia\/endometriosis-una-desconocida-enfermedad-que-tiene-un-diagnostico-tardio\">Endometriosis: una desconocida enfermedad que tiene un diagn\u00f3stico tard\u00edo. Se refiere Marjorie Medel, acad\u00e9mica de la Escuela de Obstetricia y Puericultura de la Universidad de Talca.\u00a0<\/a><\/p><p>\u00a0<\/p><p><b>MEDIABANCO<\/b>\u00a0<br aria-hidden=\"true\" \/><a href=\"https:\/\/www.mediabanco.com\/endometriosis-una-desconocida-enfermedad-que-tiene-un-diagnostico-tardio\/\">Endometriosis: una desconocida enfermedad que tiene un diagn\u00f3stico tard\u00edo. Se refiere Marjorie Medel, acad\u00e9mica de la Escuela de Obstetricia y Puericultura de la Universidad de Talca.\u00a0<\/a><br aria-hidden=\"true\" \/><br \/><\/p><p>\u00a0<\/p><p><b>CIENCIA Y SALUD\u00a0<br aria-hidden=\"true\" \/><\/b><a href=\"https:\/\/cienciaysalud.cl\/2024\/03\/11\/endometriosis-una-desconocida-enfermedad-que-tiene-un-diagnostico-tardio\/\">Endometriosis: una desconocida enfermedad que tiene un diagn\u00f3stico tard\u00edo. Se refiere Marjorie Medel, acad\u00e9mica de la Escuela de Obstetricia y Puericultura de la Universidad de Talca.\u00a0<\/a><b><br aria-hidden=\"true\" \/><\/b><\/p><p>\u00a0<\/p><p><b>S\u00c9PTIMA REGI\u00d3N NOTICIAS<\/b>\u00a0<br aria-hidden=\"true\" \/><a href=\"https:\/\/www.septimapaginanoticias.cl\/endometriosis-una-desconocida-enfermedad-que-tiene-un-diagnostico-tardio\">Endometriosis: una desconocida enfermedad que tiene un diagn\u00f3stico tard\u00edo. Se refiere Marjorie Medel, acad\u00e9mica de la Escuela de Obstetricia y Puericultura de la Universidad de Talca.\u00a0<\/a><\/p><p>\u00a0<\/p><p><b>RADIO UNIVERSIDAD DE CHILE\u00a0<\/b><\/p><p><a href=\"https:\/\/radio.uchile.cl\/2024\/03\/11\/violencia-gineco-obstetrica-victimas-y-organizaciones-sociales-exigen-aprobacion-de-ley-adriana\/\">Violencia gineco-obst\u00e9trica: v\u00edctimas y organizaciones sociales exigen aprobaci\u00f3n de Ley Adriana. Se refiere\u00a0Jos\u00e9 Manuel C\u00e1rdenas Castro, acad\u00e9mico Facultad de Psicolog\u00eda.<\/a><a href=\"https:\/\/radio.uchile.cl\/2024\/03\/11\/violencia-gineco-obstetrica-victimas-y-organizaciones-sociales-exigen-aprobacion-de-ley-adriana\/\">\u00a0<\/a><b><br aria-hidden=\"true\" \/><\/b><\/p><p>\u00a0<\/p><p><b>RADIO AGRICULTURA\u00a0<\/b><\/p><p><a href=\"https:\/\/www.litoralpress.cl\/sitio\/RadioTV_Detalles.cshtml?LPKey=ROA3O7F3QRKLUMUWM6V2JTQTAF5LLX44BMJAJSA7TNBZ25O5G35FEWF33YRPYFNDBIRYHHXK3C7PK\">Se cumplen dos a\u00f1os del gobierno de Gabriel Boric con los ministros desplegados en terreno. Se refiere Mauricio Morales Quiroga, director del Centro de An\u00e1lisis Pol\u00edtico (CAP).<\/a><\/p><p>\u00a0<\/p><p><b>LA PRENSA DE CURIC\u00d3\u00a0<br aria-hidden=\"true\" \/><\/b><a href=\"https:\/\/www.litoralpress.cl\/sitio\/Prensa_Detalles.cshtml?LPKey=XVAFOWLDAHFIBYO5DQQM5UD7XDTC7WP77ZD2LH6VJMNVWIHZ2FPA\">Experta advierte que brecha salarial entre hombres y mujeres sigue siendo un tema pendiente en Chile. Se refiere Andrea Betancor, acad\u00e9mica Facultad de Econom\u00eda y Negocios. \u00a0<\/a><\/p><p>\u00a0<\/p><p><b>LA PRENSA DE CURIC\u00d3<\/b>\u00a0<br aria-hidden=\"true\" \/><a href=\"https:\/\/www.litoralpress.cl\/paginaconsultas\/Servicios_NClipSitio\/Get_Imagen_Nota.aspx?LPKey=EUSZHOQUJJKZ2POKFLVZE5XZDOZD5XL4XGTOKA4HUDGY6DUGA6V4T2BY4D5F4TZ3OOGGYNLML72EO\">Capacitan sobre manejo de recurso h\u00eddricos. Se menciona la Universidad de Talca.\u00a0<\/a><\/p><p>\u00a0<\/p><p><b>PUBLIMICRO<\/b>\u00a0<br aria-hidden=\"true\" \/><a href=\"https:\/\/publimicro.cl\/universidad-de-talca-capacito-en-hidrologia-a-funcionarios-publicos-de-la-araucania\/\">Universidad de Talca capacit\u00f3 en hidrolog\u00eda a funcionarios p\u00fablicos de La Araucan\u00eda. Se menciona la Universidad de Talca.\u00a0<\/a><br aria-hidden=\"true\" \/><br \/><\/p><p><b>\u00a0<\/b><b>G5 NOTICIAS\u00a0<br aria-hidden=\"true\" \/><\/b><a href=\"https:\/\/g5noticias.cl\/2024\/03\/11\/universidad-de-talca-capacito-en-hidrologia-a-funcionarios-publicos-de-la-araucania\/\">Universidad de Talca capacit\u00f3 en hidrolog\u00eda a funcionarios p\u00fablicos de La Araucan\u00eda. Se refiere Roberto\u202fPizarro\u202fTapia, director de la C\u00e1tedra UNESCO en Hidrolog\u00eda de Superficie.<\/a><a href=\"https:\/\/g5noticias.cl\/2024\/03\/11\/universidad-de-talca-capacito-en-hidrologia-a-funcionarios-publicos-de-la-araucania\/\">\u00a0<\/a><b><br aria-hidden=\"true\" \/><\/b><\/p><p>\u00a0<\/p><p><b>MEDIABANCO <\/b>\u00a0<br aria-hidden=\"true\" \/><a href=\"https:\/\/www.mediabanco.com\/universidad-de-talca-capacito-en-hidrologia-a-funcionarios-publicos-de-la-araucania\/\">Universidad de Talca capacit\u00f3 en hidrolog\u00eda a funcionarios p\u00fablicos de La Araucan\u00eda. Se refiere Roberto\u202fPizarro\u202fTapia, director de la C\u00e1tedra UNESCO en Hidrolog\u00eda de Superficie.\u00a0<\/a><\/p><p>\u00a0<\/p><div><b>CHILL\u00c1N ONLINE<\/b>\u00a0<br aria-hidden=\"true\" \/><a href=\"https:\/\/www.chillanonline.cl\/V7\/2024\/03\/10\/universidad-de-talca-capacito-en-hidrologia-a-funcionarios-publicos-de-la-araucania\/\">Universidad de Talca capacit\u00f3 en hidrolog\u00eda a funcionarios p\u00fablicos de La Araucan\u00eda.\u00a0Se refiere Roberto\u202fPizarro\u202fTapia, director de la C\u00e1tedra UNESCO en Hidrolog\u00eda de Superficie.\u00a0<\/a><\/div><div class=\"x_elementToProof\">\u00a0<\/div><div class=\"x_elementToProof\">\u00a0<\/div>\t\t\t\t\t\t<\/div>\n\t\t\t\t<\/div>\n\t\t\t\t\t<\/div>\n\t\t<\/div>\n\t\t\t\t\t\t\t<\/div>\n\t\t<\/section>\n\t\t\t\t\t\t<\/div>\n\t\t\t\t\t<\/div>\n\t\t","protected":false},"excerpt":{"rendered":"<p>EL MAULE INFORMA\u00a0Universidades de la Macrozona Centro Sur se adjudican 98 proyectos de Fondecyt Regular. Se menciona la Universidad de Talca.\u00a0 \u00a0 24 HORAS\u00a0Meteorolog\u00eda anticipa un oto\u00f1o con precipitaciones &#8220;bajo lo normal&#8221;: c\u00f3mo incidir\u00e1 el fen\u00f3meno clim\u00e1tico visto como &#8220;perverso para Chile&#8221;.\u00a0Se refiere Patricio Gonz\u00e1lez Colville, agroclimat\u00f3logo y acad\u00e9mico del Centro de Investigaci\u00f3n y Transferencia &hellip;<\/p>\n<p class=\"read-more\"> <a class=\"\" href=\"https:\/\/www.reportedeprensa.utalca.cl\/?p=9278\"> <span class=\"screen-reader-text\">12 de marzo de 2024<\/span> Read More &raquo;<\/a><\/p>\n","protected":false},"author":1,"featured_media":0,"comment_status":"closed","ping_status":"open","sticky":false,"template":"","format":"standard","meta":{"_monsterinsights_skip_tracking":false,"_monsterinsights_sitenote_active":false,"_monsterinsights_sitenote_note":"","_monsterinsights_sitenote_category":0},"categories":[46],"tags":[],"_links":{"self":[{"href":"https:\/\/www.reportedeprensa.utalca.cl\/index.php?rest_route=\/wp\/v2\/posts\/9278"}],"collection":[{"href":"https:\/\/www.reportedeprensa.utalca.cl\/index.php?rest_route=\/wp\/v2\/posts"}],"about":[{"href":"https:\/\/www.reportedeprensa.utalca.cl\/index.php?rest_route=\/wp\/v2\/types\/post"}],"author":[{"embeddable":true,"href":"https:\/\/www.reportedeprensa.utalca.cl\/index.php?rest_route=\/wp\/v2\/users\/1"}],"replies":[{"embeddable":true,"href":"https:\/\/www.reportedeprensa.utalca.cl\/index.php?rest_route=%2Fwp%2Fv2%2Fcomments&post=9278"}],"version-history":[{"count":4,"href":"https:\/\/www.reportedeprensa.utalca.cl\/index.php?rest_route=\/wp\/v2\/posts\/9278\/revisions"}],"predecessor-version":[{"id":9282,"href":"https:\/\/www.reportedeprensa.utalca.cl\/index.php?rest_route=\/wp\/v2\/posts\/9278\/revisions\/9282"}],"wp:attachment":[{"href":"https:\/\/www.reportedeprensa.utalca.cl\/index.php?rest_route=%2Fwp%2Fv2%2Fmedia&parent=9278"}],"wp:term":[{"taxonomy":"category","embeddable":true,"href":"https:\/\/www.reportedeprensa.utalca.cl\/index.php?rest_route=%2Fwp%2Fv2%2Fcategories&post=9278"},{"taxonomy":"post_tag","embeddable":true,"href":"https:\/\/www.reportedeprensa.utalca.cl\/index.php?rest_route=%2Fwp%2Fv2%2Ftags&post=9278"}],"curies":[{"name":"wp","href":"https:\/\/api.w.org\/{rel}","templated":true}]}}