{"id":928,"date":"2021-05-06T09:41:40","date_gmt":"2021-05-06T12:41:40","guid":{"rendered":"https:\/\/www.reportedeprensa.utalca.cl\/?p=928"},"modified":"2021-05-06T09:56:34","modified_gmt":"2021-05-06T12:56:34","slug":"06-de-mayo-de-2021","status":"publish","type":"post","link":"https:\/\/www.reportedeprensa.utalca.cl\/?p=928","title":{"rendered":"06 de mayo de 2021"},"content":{"rendered":"\t\t<div data-elementor-type=\"wp-post\" data-elementor-id=\"928\" class=\"elementor elementor-928\" data-elementor-settings=\"[]\">\n\t\t\t\t\t\t\t<div class=\"elementor-section-wrap\">\n\t\t\t\t\t\t\t<section class=\"elementor-section elementor-top-section elementor-element elementor-element-a06ca45 elementor-section-boxed elementor-section-height-default elementor-section-height-default\" data-id=\"a06ca45\" data-element_type=\"section\">\n\t\t\t\t\t\t<div class=\"elementor-container elementor-column-gap-default\">\n\t\t\t\t\t<div class=\"elementor-column elementor-col-100 elementor-top-column elementor-element elementor-element-1486c35\" data-id=\"1486c35\" data-element_type=\"column\">\n\t\t\t<div class=\"elementor-widget-wrap elementor-element-populated\">\n\t\t\t\t\t\t\t\t<div class=\"elementor-element elementor-element-42b145e elementor-widget elementor-widget-text-editor\" data-id=\"42b145e\" data-element_type=\"widget\" data-widget_type=\"text-editor.default\">\n\t\t\t\t<div class=\"elementor-widget-container\">\n\t\t\t\t\t\t\t\t<p><b>ADPRENSA.CL<\/b><\/p><p><a style=\"font-style: inherit; font-weight: inherit; background-color: #ffffff; font-family: -apple-system, BlinkMacSystemFont,;\" href=\"https:\/\/www.adprensa.cl\/gobierno\/presidente-pinera-lidera-encuentro-con-rectores-universitarios\/\" target=\"_blank\" rel=\"noopener\">Presidente Pi\u00f1era lidera encuentro con rectores universitarios. Se menciona asistencia de rector de la UTalca, \u00c1lvaro Rojas.<\/a><\/p>\t\t\t\t\t\t<\/div>\n\t\t\t\t<\/div>\n\t\t\t\t<div class=\"elementor-element elementor-element-028858d elementor-widget elementor-widget-text-editor\" data-id=\"028858d\" data-element_type=\"widget\" data-widget_type=\"text-editor.default\">\n\t\t\t\t<div class=\"elementor-widget-container\">\n\t\t\t\t\t\t\t\t<p><b>UCVRADIO.CL<\/b><\/p><p><a style=\"font-style: inherit; font-weight: inherit; background-color: #ffffff; font-family: -apple-system, BlinkMacSystemFont,;\" href=\"https:\/\/ucvradio.cl\/noticia.php?nid=66150\" target=\"_blank\" rel=\"noopener\">Presidente Pi\u00f1era lidera encuentro con rectores universitarios. Se menciona asistencia de rector de la UTalca, \u00c1lvaro Rojas.<\/a><\/p>\t\t\t\t\t\t<\/div>\n\t\t\t\t<\/div>\n\t\t\t\t<div class=\"elementor-element elementor-element-16889f0 elementor-widget elementor-widget-text-editor\" data-id=\"16889f0\" data-element_type=\"widget\" data-widget_type=\"text-editor.default\">\n\t\t\t\t<div class=\"elementor-widget-container\">\n\t\t\t\t\t\t\t\t<p><b>DIARIOELHERALDO.CL<\/b><\/p><p><a style=\"font-style: inherit; font-weight: inherit; background-color: #ffffff; font-family: -apple-system, BlinkMacSystemFont,;\" href=\"http:\/\/www.diarioelheraldo.cl\/noticia\/estudio-analizo-competencias-digitales-docentes-en-chile\" target=\"_blank\" rel=\"noopener\">Estudio analiz\u00f3 competencias digitales docentes en Chile. Se refieren \u00c1lvaro Rojas, rector de la UTalca; y Carlos Torres, vicerrector de Gesti\u00f3n Econ\u00f3mica y Administraci\u00f3n.<\/a><\/p>\t\t\t\t\t\t<\/div>\n\t\t\t\t<\/div>\n\t\t\t\t<div class=\"elementor-element elementor-element-7c42685 elementor-widget elementor-widget-text-editor\" data-id=\"7c42685\" data-element_type=\"widget\" data-widget_type=\"text-editor.default\">\n\t\t\t\t<div class=\"elementor-widget-container\">\n\t\t\t\t\t\t\t\t<p><b>LINARESENLINEA.CL<\/b><\/p><p><a style=\"font-style: inherit; font-weight: inherit; background-color: #ffffff; font-family: -apple-system, BlinkMacSystemFont,;\" href=\"https:\/\/www.linaresenlinea.cl\/2021\/05\/05\/estudio-analizo-competencias-digitales-docentes-en-chile\/\" target=\"_blank\" rel=\"noopener\">Estudio analiz\u00f3 competencias digitales docentes en Chile. Se refieren \u00c1lvaro Rojas, rector de la UTalca; y Carlos Torres, vicerrector de Gesti\u00f3n Econ\u00f3mica y Administraci\u00f3n.<\/a><\/p>\t\t\t\t\t\t<\/div>\n\t\t\t\t<\/div>\n\t\t\t\t<div class=\"elementor-element elementor-element-29dfa25 elementor-widget elementor-widget-text-editor\" data-id=\"29dfa25\" data-element_type=\"widget\" data-widget_type=\"text-editor.default\">\n\t\t\t\t<div class=\"elementor-widget-container\">\n\t\t\t\t\t\t\t\t<p><b>G5NOTICIAS.CL<\/b><\/p><p><a style=\"font-style: inherit; font-weight: inherit; background-color: #ffffff; font-family: -apple-system, BlinkMacSystemFont,;\" href=\"https:\/\/g5noticias.cl\/2021\/05\/05\/estudio-analizo-competencias-digitales-docentes-en-chile\/\" target=\"_blank\" rel=\"noopener\">Estudio analiz\u00f3 competencias digitales docentes en Chile. Se refieren \u00c1lvaro Rojas, rector de la UTalca; y Carlos Torres, vicerrector de Gesti\u00f3n Econ\u00f3mica y Administraci\u00f3n.<\/a><\/p>\t\t\t\t\t\t<\/div>\n\t\t\t\t<\/div>\n\t\t\t\t<div class=\"elementor-element elementor-element-a3d4de7 elementor-widget elementor-widget-text-editor\" data-id=\"a3d4de7\" data-element_type=\"widget\" data-widget_type=\"text-editor.default\">\n\t\t\t\t<div class=\"elementor-widget-container\">\n\t\t\t\t\t\t\t\t<p><b>UNIVERSIDADESESTATALES.CL<\/b><\/p><p><a style=\"font-style: inherit; font-weight: inherit; background-color: #ffffff; font-family: -apple-system, BlinkMacSystemFont,;\" href=\"http:\/\/www.universidadesestatales.cl\/cue\/?q=node\/8714\" target=\"_blank\" rel=\"noopener\">UTalca: Beneficiarios del programa de Inclusi\u00f3n aumentaron en 90%.<\/a><\/p>\t\t\t\t\t\t<\/div>\n\t\t\t\t<\/div>\n\t\t\t\t<div class=\"elementor-element elementor-element-1707311 elementor-widget elementor-widget-text-editor\" data-id=\"1707311\" data-element_type=\"widget\" data-widget_type=\"text-editor.default\">\n\t\t\t\t<div class=\"elementor-widget-container\">\n\t\t\t\t\t\t\t\t<p><b>CANAL MEGA<\/b><\/p><p><a style=\"font-style: inherit; font-weight: inherit; background-color: #ffffff; font-family: -apple-system, BlinkMacSystemFont,;\" href=\"https:\/\/www.litoralpress.cl\/Archivos\/2XXNSE7HBZE66PGRMMDFHPKTWM.mp4\" target=\"_blank\" rel=\"noopener\">\u00bfCu\u00e1l es la calefacci\u00f3n m\u00e1s eficiente? expertos entregan consejos. Se refiere Mar\u00eda Luisa del Campo, directora del Centro Tecnol\u00f3gico Kipus de la UTalca.<\/a><\/p>\t\t\t\t\t\t<\/div>\n\t\t\t\t<\/div>\n\t\t\t\t<div class=\"elementor-element elementor-element-33d54a3 elementor-widget elementor-widget-text-editor\" data-id=\"33d54a3\" data-element_type=\"widget\" data-widget_type=\"text-editor.default\">\n\t\t\t\t<div class=\"elementor-widget-container\">\n\t\t\t\t\t\t\t\t<p><b>RADIO BIOB\u00cdO<\/b><\/p><p><a style=\"font-style: inherit; font-weight: inherit; background-color: #ffffff; font-family: -apple-system, BlinkMacSystemFont,;\" href=\"https:\/\/www.litoralpress.cl\/Archivos\/J6H656WMWGLCI3GWVL47VPGOYM.mp3\" target=\"_blank\" rel=\"noopener\">Nueva ley del denunciante an\u00f3nimo contra corruptos del mercado establece millonaria recompensa. Se menciona a Felipe Arenas, director del MBA Executive de la Facultad de Econom\u00eda y Negocios (FEN) de la UTalca.<\/a><\/p>\t\t\t\t\t\t<\/div>\n\t\t\t\t<\/div>\n\t\t\t\t<div class=\"elementor-element elementor-element-28459d7 elementor-widget elementor-widget-text-editor\" data-id=\"28459d7\" data-element_type=\"widget\" data-widget_type=\"text-editor.default\">\n\t\t\t\t<div class=\"elementor-widget-container\">\n\t\t\t\t\t\t\t\t<p><b>BIOBIOCHILE.CL<\/b><\/p><p><a style=\"font-style: inherit; font-weight: inherit; background-color: #ffffff; font-family: -apple-system, BlinkMacSystemFont,;\" href=\"https:\/\/www.biobiochile.cl\/especial\/reportajes\/2021\/05\/05\/nueva-ley-denunciante-anonimo-contra-corruptos-del-mercado-podra-recibir-premio-de-750-millones.shtml\" target=\"_blank\" rel=\"noopener\">Nueva ley: denunciante an\u00f3nimo contra corruptos del mercado podr\u00e1 recibir premio de $750 millones. Se refiere Felipe Arenas, director del MBA Executive de la Facultad de Econom\u00eda y Negocios (FEN) de la UTalca.<\/a><\/p>\t\t\t\t\t\t<\/div>\n\t\t\t\t<\/div>\n\t\t\t\t<div class=\"elementor-element elementor-element-7d2e04d elementor-widget elementor-widget-text-editor\" data-id=\"7d2e04d\" data-element_type=\"widget\" data-widget_type=\"text-editor.default\">\n\t\t\t\t<div class=\"elementor-widget-container\">\n\t\t\t\t\t\t\t\t<p><b>ELDESCONCIERTO.CL<\/b><\/p><p><a style=\"font-style: inherit; font-weight: inherit; background-color: #ffffff; font-family: -apple-system, BlinkMacSystemFont,;\" href=\"https:\/\/www.eldesconcierto.cl\/nacional\/2021\/05\/05\/nueva-ley-establece-figura-de-denunciante-de-corruptos-que-podra-acceder-a-millonario-premio.html\" target=\"_blank\" rel=\"noopener\">Nueva ley establece recompensa de hasta $750 millones para denunciante an\u00f3nimo de corrupci\u00f3n en el mercado. Se refiere Felipe Arenas, director del MBA Executive de la Facultad de Econom\u00eda y Negocios (FEN) de la UTalca.<\/a><\/p>\t\t\t\t\t\t<\/div>\n\t\t\t\t<\/div>\n\t\t\t\t<div class=\"elementor-element elementor-element-4885290 elementor-widget elementor-widget-text-editor\" data-id=\"4885290\" data-element_type=\"widget\" data-widget_type=\"text-editor.default\">\n\t\t\t\t<div class=\"elementor-widget-container\">\n\t\t\t\t\t\t\t\t<p><b>ROCKANDPOP.CL<\/b><\/p><p><a style=\"font-style: inherit; font-weight: inherit; background-color: #ffffff; font-family: -apple-system, BlinkMacSystemFont,;\" href=\"https:\/\/www.rockandpop.cl\/2021\/05\/nueva-ley-contra-la-corrupcion-denunciantes-recibiran-premio-de-750-millones\/\" target=\"_blank\" rel=\"noopener\">Nueva ley contra la corrupci\u00f3n: \u00a1Denunciantes recibir\u00e1n premio de $750 millones! Se refiere Felipe Arenas, director del MBA Executive de la Facultad de Econom\u00eda y Negocios (FEN) de la UTalca.<\/a><\/p>\t\t\t\t\t\t<\/div>\n\t\t\t\t<\/div>\n\t\t\t\t<div class=\"elementor-element elementor-element-ee1ad58 elementor-widget elementor-widget-text-editor\" data-id=\"ee1ad58\" data-element_type=\"widget\" data-widget_type=\"text-editor.default\">\n\t\t\t\t<div class=\"elementor-widget-container\">\n\t\t\t\t\t\t\t\t<p><b>CNNCHILE.COM<\/b><\/p><p><a style=\"font-style: inherit; font-weight: inherit; background-color: #ffffff; font-family: -apple-system, BlinkMacSystemFont,;\" href=\"https:\/\/www.cnnchile.com\/lodijeronencnn\/andrea-bentancor-retiros-afp-merma-pensiones_20210505\/\" target=\"_blank\" rel=\"noopener\">Andrea Bentancor tras retiros de las AFP: \u201cEl punto es qui\u00e9n y c\u00f3mo se cubrir\u00e1 la merma en los ahorros previsionales\u201d.<\/a><\/p>\t\t\t\t\t\t<\/div>\n\t\t\t\t<\/div>\n\t\t\t\t<div class=\"elementor-element elementor-element-a6bc383 elementor-widget elementor-widget-text-editor\" data-id=\"a6bc383\" data-element_type=\"widget\" data-widget_type=\"text-editor.default\">\n\t\t\t\t<div class=\"elementor-widget-container\">\n\t\t\t\t\t\t\t\t<p><b>G5NOTICIAS.CL<\/b><\/p><p><a style=\"font-style: inherit; font-weight: inherit; background-color: #ffffff; font-family: -apple-system, BlinkMacSystemFont,;\" href=\"https:\/\/g5noticias.cl\/2021\/05\/05\/entregan-propuestas-de-descentralizacion-con-participacion-para-la-nueva-constitucion\/\" target=\"_blank\" rel=\"noopener\">Entregan propuestas de descentralizaci\u00f3n con participaci\u00f3n para la Nueva Constituci\u00f3n. Se menciona a Alejandro Ferreiro, presidente de la Junta Directiva de la UTalca y Humberto Nogueira, director del Centro de Estudios Constitucionales de Chile (CECOCH).<\/a><\/p>\t\t\t\t\t\t<\/div>\n\t\t\t\t<\/div>\n\t\t\t\t<div class=\"elementor-element elementor-element-195977a elementor-widget elementor-widget-text-editor\" data-id=\"195977a\" data-element_type=\"widget\" data-widget_type=\"text-editor.default\">\n\t\t\t\t<div class=\"elementor-widget-container\">\n\t\t\t\t\t\t\t\t<p><b>ADPRENSA.CL<\/b><\/p><p><a style=\"font-style: inherit; font-weight: inherit; background-color: #ffffff; font-family: -apple-system, BlinkMacSystemFont,;\" href=\"https:\/\/www.adprensa.cl\/nacionales\/estudio-utalca-mujeres-son-las-mas-afectadas-por-accidentes-de-trayecto\/\" target=\"_blank\" rel=\"noopener\">Estudio UTalca: Mujeres son las m\u00e1s afectadas por accidentes de trayecto.<\/a><\/p>\t\t\t\t\t\t<\/div>\n\t\t\t\t<\/div>\n\t\t\t\t<div class=\"elementor-element elementor-element-5328b60 elementor-widget elementor-widget-text-editor\" data-id=\"5328b60\" data-element_type=\"widget\" data-widget_type=\"text-editor.default\">\n\t\t\t\t<div class=\"elementor-widget-container\">\n\t\t\t\t\t\t\t\t<p><b>G5NOTICIAS.CL<\/b><\/p><p><a style=\"font-style: inherit; font-weight: inherit; background-color: #ffffff; font-family: -apple-system, BlinkMacSystemFont,;\" href=\"https:\/\/g5noticias.cl\/2021\/05\/05\/estudio-utalca-mujeres-son-las-mas-afectadas-por-accidentes-de-trayecto\/\" target=\"_blank\" rel=\"noopener\">Estudio UTalca: Mujeres son las m\u00e1s afectadas por accidentes de trayecto.<\/a><\/p>\t\t\t\t\t\t<\/div>\n\t\t\t\t<\/div>\n\t\t\t\t<div class=\"elementor-element elementor-element-b669f72 elementor-widget elementor-widget-text-editor\" data-id=\"b669f72\" data-element_type=\"widget\" data-widget_type=\"text-editor.default\">\n\t\t\t\t<div class=\"elementor-widget-container\">\n\t\t\t\t\t\t\t\t<p><b>LA PRENSA<\/b><\/p><p><a style=\"font-style: inherit; font-weight: inherit; background-color: #ffffff; font-family: -apple-system, BlinkMacSystemFont,;\" href=\"https:\/\/www.litoralpress.cl\/paginaconsultas\/Servicios_NClip\/Get_Imagen_Nota.aspx?LPKey=YYBNCUGWZ2IRCJAOODM36TEXTQZ6UN77PK4BP36427XU4IKFL4BF2TJJZ6JXWPBN3UKOZYX7F2GFE\" target=\"_blank\" rel=\"noopener\">Chilenos han subido 7, 5 kilos durante la pandemia. Se refiere Emilia Giacaman, acad\u00e9mica de la Escuela de Nutrici\u00f3n y Diet\u00e9tica de la UTalca.<\/a><\/p>\t\t\t\t\t\t<\/div>\n\t\t\t\t<\/div>\n\t\t\t\t<div class=\"elementor-element elementor-element-f4b11ae elementor-widget elementor-widget-text-editor\" data-id=\"f4b11ae\" data-element_type=\"widget\" data-widget_type=\"text-editor.default\">\n\t\t\t\t<div class=\"elementor-widget-container\">\n\t\t\t\t\t\t\t\t<p><b>TVMAULE.CL<\/b><\/p><p><a style=\"font-style: inherit; font-weight: inherit; background-color: #ffffff; font-family: -apple-system, BlinkMacSystemFont,;\" href=\"https:\/\/www.tvmaule.cl\/especialista-advierte-danos-que-provoca-el-alto-consumo-de-sal\/\" target=\"_blank\" rel=\"noopener\">Especialista advierte da\u00f1os que provoca el alto consumo de sal. Se refiere Sergio Wehinger, director del Mag\u00edster en Ciencias Biom\u00e9dicas de la UTalca.<\/a><\/p>\t\t\t\t\t\t<\/div>\n\t\t\t\t<\/div>\n\t\t\t\t<div class=\"elementor-element elementor-element-1325d70 elementor-widget elementor-widget-text-editor\" data-id=\"1325d70\" data-element_type=\"widget\" data-widget_type=\"text-editor.default\">\n\t\t\t\t<div class=\"elementor-widget-container\">\n\t\t\t\t\t\t\t\t<p><b>ENLINEAMAULE.CL<\/b><\/p><p><a style=\"font-style: inherit; font-weight: inherit; background-color: #ffffff; font-family: -apple-system, BlinkMacSystemFont,;\" href=\"https:\/\/enlineamaule.cl\/archivo\/43431\" target=\"_blank\" rel=\"noopener\">COVID-19: \u00bfCu\u00e1l es el riesgo en los j\u00f3venes y podr\u00eda producirse un nuevo peak en junio como el 2020? Se refiere Erika Retamal, directora de Salud P\u00fablica de la UTalca.<\/a><\/p>\t\t\t\t\t\t<\/div>\n\t\t\t\t<\/div>\n\t\t\t\t<div class=\"elementor-element elementor-element-26cec6c elementor-widget elementor-widget-text-editor\" data-id=\"26cec6c\" data-element_type=\"widget\" data-widget_type=\"text-editor.default\">\n\t\t\t\t<div class=\"elementor-widget-container\">\n\t\t\t\t\t\t\t\t<p><b>LADISCUSION.CL<\/b><\/p><p><a style=\"font-style: inherit; font-weight: inherit; background-color: #ffffff; font-family: -apple-system, BlinkMacSystemFont,;\" href=\"http:\/\/www.ladiscusion.cl\/anuncian-tramos-exclusivos-para-peatones-y-transporte-publico-en-centro-de\/\" target=\"_blank\" rel=\"noopener\">Anuncian tramos exclusivos para peatones y transporte p\u00fablico en centro de Chill\u00e1n para evitar aglomeraciones. Se refiere Erika Retamal, directora de Salud P\u00fablica de la UTalca.<\/a><\/p>\t\t\t\t\t\t<\/div>\n\t\t\t\t<\/div>\n\t\t\t\t<div class=\"elementor-element elementor-element-5a376c2 elementor-widget elementor-widget-text-editor\" data-id=\"5a376c2\" data-element_type=\"widget\" data-widget_type=\"text-editor.default\">\n\t\t\t\t<div class=\"elementor-widget-container\">\n\t\t\t\t\t\t\t\t<p><b>G5NOTICIAS.CL<\/b><\/p><p><a style=\"font-style: inherit; font-weight: inherit; background-color: #ffffff; font-family: -apple-system, BlinkMacSystemFont,;\" href=\"https:\/\/g5noticias.cl\/2021\/05\/04\/utalca-impulsa-buenas-practicas-en-el-uso-de-plaguicidas\/\" target=\"_blank\" rel=\"noopener\">UTalca impulsa buenas pr\u00e1cticas en el uso de plaguicidas.<\/a><\/p>\t\t\t\t\t\t<\/div>\n\t\t\t\t<\/div>\n\t\t\t\t<div class=\"elementor-element elementor-element-1242e66 elementor-widget elementor-widget-text-editor\" data-id=\"1242e66\" data-element_type=\"widget\" data-widget_type=\"text-editor.default\">\n\t\t\t\t<div class=\"elementor-widget-container\">\n\t\t\t\t\t\t\t\t<p><b>LAVOZDELAREGION.CL<\/b><\/p><p><a style=\"font-style: inherit; font-weight: inherit; background-color: #ffffff; font-family: -apple-system, BlinkMacSystemFont,;\" href=\"https:\/\/lavozdelaregion.cl\/index.php\/3798-hongo-deshidratado-con-propiedades-inmunopotenciadoras-se-produce-en-region-del-maule\" target=\"_blank\" rel=\"noopener\">Hongo deshidratado con propiedades inmunopotenciadoras se produce en Regi\u00f3n del Maule. Se refiere Carlos Sanhueza, gerente del Centro de Emprendimiento e Innovaci\u00f3n Abierta Hub Alimentos de la UTalca.<\/a><\/p>\t\t\t\t\t\t<\/div>\n\t\t\t\t<\/div>\n\t\t\t\t<div class=\"elementor-element elementor-element-79fdf10 elementor-widget elementor-widget-text-editor\" data-id=\"79fdf10\" data-element_type=\"widget\" data-widget_type=\"text-editor.default\">\n\t\t\t\t<div class=\"elementor-widget-container\">\n\t\t\t\t\t\t\t\t<p><b>DIARIOVIREGION.CL<\/b><\/p><p><a style=\"font-style: inherit; font-weight: inherit; background-color: #ffffff; font-family: -apple-system, BlinkMacSystemFont,;\" href=\"https:\/\/www.diarioviregion.cl\/index.php\/noticias\/16258-hongo-deshidratado-con-propiedades-inmunopotenciadoras-se-produce-en-region-del-maule\" target=\"_blank\" rel=\"noopener\">Hongo deshidratado con propiedades inmunopotenciadoras se produce en Regi\u00f3n del Maule. Se refiere Carlos Sanhueza, gerente del Centro de Emprendimiento e Innovaci\u00f3n Abierta Hub Alimentos de la UTalca.<\/a><\/p>\t\t\t\t\t\t<\/div>\n\t\t\t\t<\/div>\n\t\t\t\t<div class=\"elementor-element elementor-element-f7f1650 elementor-widget elementor-widget-text-editor\" data-id=\"f7f1650\" data-element_type=\"widget\" data-widget_type=\"text-editor.default\">\n\t\t\t\t<div class=\"elementor-widget-container\">\n\t\t\t\t\t\t\t\t<p><b>RANCAGUATV.CL<\/b><\/p><p><a style=\"font-style: inherit; font-weight: inherit; background-color: #ffffff; font-family: -apple-system, BlinkMacSystemFont,;\" href=\"https:\/\/www.rancaguatv.cl\/rancaguatv-noticias\/actualidad-del-maule\/3830-hongo-deshidratado-con-propiedades-inmunopotenciadoras-nbsp-se-produce-en-region-del-maule\" target=\"_blank\" rel=\"noopener\">Hongo deshidratado con propiedades inmunopotenciadoras se produce en Regi\u00f3n del Maule. Se refiere Carlos Sanhueza, gerente del Centro de Emprendimiento e Innovaci\u00f3n Abierta Hub Alimentos de la UTalca.<\/a><\/p>\t\t\t\t\t\t<\/div>\n\t\t\t\t<\/div>\n\t\t\t\t<div class=\"elementor-element elementor-element-839ca7b elementor-widget elementor-widget-text-editor\" data-id=\"839ca7b\" data-element_type=\"widget\" data-widget_type=\"text-editor.default\">\n\t\t\t\t<div class=\"elementor-widget-container\">\n\t\t\t\t\t\t\t\t<p><b>LATERCERA.COM<\/b><\/p><p><a style=\"font-style: inherit; font-weight: inherit; background-color: #ffffff; font-family: -apple-system, BlinkMacSystemFont,;\" href=\"https:\/\/www.latercera.com\/opinion\/noticia\/quien-pagara-los-retiros-de-las-afp\/L3T2B4TU3ZCZHNHRNHBDF5QGZU\/\" target=\"_blank\" rel=\"noopener\">\u00bfQui\u00e9n pagar\u00e1 los retiros de las AFP? Columna de opini\u00f3n de Gabriel Pino, acad\u00e9mico de la Facultad de Econom\u00eda y Negocios (FEN) de la UTalca.<\/a><\/p>\t\t\t\t\t\t<\/div>\n\t\t\t\t<\/div>\n\t\t\t\t<div class=\"elementor-element elementor-element-efa828b elementor-widget elementor-widget-text-editor\" data-id=\"efa828b\" data-element_type=\"widget\" data-widget_type=\"text-editor.default\">\n\t\t\t\t<div class=\"elementor-widget-container\">\n\t\t\t\t\t\t\t\t<p><b>EL MERCURIO<\/b><\/p><p><a style=\"font-style: inherit; font-weight: inherit; background-color: #ffffff; font-family: -apple-system, BlinkMacSystemFont,;\" href=\"https:\/\/www.litoralpress.cl\/paginaconsultas\/Servicios_NClip\/Get_Imagen_Nota.aspx?LPKey=BYRZJ5TJLNQR4YCXFQOYQKDUFD3EKDYISEA2YNWPYAHUHKOJYKFKYBHW7BI2FODJ73EBIWB2TQPVM\" target=\"_blank\" rel=\"noopener\">Expertos electorales proyectan que porcentaje de participaci\u00f3n en elecci\u00f3n de mayo ser\u00e1 similar al del plebiscito. Se refiere Mauricio Morales, director del Centro de An\u00e1lisis Pol\u00edtico (CAP) de la UTalca.<\/a><\/p>\t\t\t\t\t\t<\/div>\n\t\t\t\t<\/div>\n\t\t\t\t<div class=\"elementor-element elementor-element-e0c99cd elementor-widget elementor-widget-text-editor\" data-id=\"e0c99cd\" data-element_type=\"widget\" data-widget_type=\"text-editor.default\">\n\t\t\t\t<div class=\"elementor-widget-container\">\n\t\t\t\t\t\t\t\t<p><b>CANAL MEGA<\/b><\/p><p><a style=\"font-style: inherit; font-weight: inherit; background-color: #ffffff; font-family: -apple-system, BlinkMacSystemFont,;\" href=\"https:\/\/www.litoralpress.cl\/Archivos\/QTC5LD57236QXVCW7FBBABJK3Q.mp4\" target=\"_blank\" rel=\"noopener\">El poder de tu voto: la recta final de cara a las elecciones. Se refiere Mauricio Morales, director del Centro de An\u00e1lisis Pol\u00edtico (CAP) de la UTalca.<\/a><\/p>\t\t\t\t\t\t<\/div>\n\t\t\t\t<\/div>\n\t\t\t\t<div class=\"elementor-element elementor-element-e177e48 elementor-widget elementor-widget-text-editor\" data-id=\"e177e48\" data-element_type=\"widget\" data-widget_type=\"text-editor.default\">\n\t\t\t\t<div class=\"elementor-widget-container\">\n\t\t\t\t\t\t\t\t<p><b>CANAL MEGA<\/b><\/p><p><a style=\"font-style: inherit; font-weight: inherit; background-color: #ffffff; font-family: -apple-system, BlinkMacSystemFont,;\" href=\"https:\/\/www.litoralpress.cl\/Archivos\/YFYKCBINXQ53IPJQLN4RYZOZXE.mp4\" target=\"_blank\" rel=\"noopener\">Meganoticias Actualiza. El poder de tu voto: la recta final de cara a las elecciones. Se refiere Mauricio Morales, director del Centro de An\u00e1lisis Pol\u00edtico (CAP) de la UTalca.<\/a><\/p>\t\t\t\t\t\t<\/div>\n\t\t\t\t<\/div>\n\t\t\t\t<div class=\"elementor-element elementor-element-f6748b3 elementor-widget elementor-widget-text-editor\" data-id=\"f6748b3\" data-element_type=\"widget\" data-widget_type=\"text-editor.default\">\n\t\t\t\t<div class=\"elementor-widget-container\">\n\t\t\t\t\t\t\t\t<p><b>CANAL MEGA PLUS<\/b><\/p><p><a style=\"font-style: inherit; font-weight: inherit; background-color: #ffffff; font-family: -apple-system, BlinkMacSystemFont,;\" href=\"https:\/\/www.litoralpress.cl\/Archivos\/MSFOHTMMGM3IUY5YBY3TX5JTEI.mp4\" target=\"_blank\" rel=\"noopener\">El poder de tu voto: la recta final de cara a las elecciones. Se refiere Mauricio Morales, director del Centro de An\u00e1lisis Pol\u00edtico (CAP) de la UTalca.<\/a><\/p>\t\t\t\t\t\t<\/div>\n\t\t\t\t<\/div>\n\t\t\t\t<div class=\"elementor-element elementor-element-a2649fc elementor-widget elementor-widget-text-editor\" data-id=\"a2649fc\" data-element_type=\"widget\" data-widget_type=\"text-editor.default\">\n\t\t\t\t<div class=\"elementor-widget-container\">\n\t\t\t\t\t\t\t\t<p><b>LA PRENSA<\/b><\/p><p><a style=\"font-style: inherit; font-weight: inherit; background-color: #ffffff; font-family: -apple-system, BlinkMacSystemFont,;\" href=\"https:\/\/www.litoralpress.cl\/paginaconsultas\/Servicios_NClip\/Get_Imagen_Nota.aspx?LPKey=OW23KDVS5GLDY3J74N5SPTMFSOU2WPFMMUJVEWDF4QY5DV4X3SVZGDN74KLIMSOSL3CUS5ENN5W5A\" target=\"_blank\" rel=\"noopener\">Conozca a los siete candidatos a gobernador regional en el Maule. Se refiere Mauricio Morales, director del Centro de An\u00e1lisis Pol\u00edtico (CAP) de la UTalca.<\/a><\/p>\t\t\t\t\t\t<\/div>\n\t\t\t\t<\/div>\n\t\t\t\t<div class=\"elementor-element elementor-element-670bd2f elementor-widget elementor-widget-text-editor\" data-id=\"670bd2f\" data-element_type=\"widget\" data-widget_type=\"text-editor.default\">\n\t\t\t\t<div class=\"elementor-widget-container\">\n\t\t\t\t\t\t\t\t<p><b>EL MERCURIO DE ANTOFAGASTA<\/b><\/p><p><a style=\"font-style: inherit; font-weight: inherit; background-color: #ffffff; font-family: -apple-system, BlinkMacSystemFont,;\" href=\"https:\/\/www.litoralpress.cl\/paginaconsultas\/Servicios_NClip\/Get_Imagen_Nota.aspx?LPKey=6WKTM4NMJFWEKBIHGGDXDPLJM2VAPRY3XTF3BFXCFOZ3N6MMBCSTF7PNVSUQZFT2CAJBSWBHIL67Q\" target=\"_blank\" rel=\"noopener\">Ram\u00f3n Vergara Grez. Se menciona a la UTalca.<\/a><\/p>\t\t\t\t\t\t<\/div>\n\t\t\t\t<\/div>\n\t\t\t\t<div class=\"elementor-element elementor-element-922d785 elementor-widget elementor-widget-text-editor\" data-id=\"922d785\" data-element_type=\"widget\" data-widget_type=\"text-editor.default\">\n\t\t\t\t<div class=\"elementor-widget-container\">\n\t\t\t\t\t\t\t\t<p><b>EL MERCURIO DE CALAMA<\/b><\/p><p><a style=\"font-style: inherit; font-weight: inherit; background-color: #ffffff; font-family: -apple-system, BlinkMacSystemFont,;\" href=\"https:\/\/www.litoralpress.cl\/paginaconsultas\/Servicios_NClip\/Get_Imagen_Nota.aspx?LPKey=NWLIZANWYROK5HGH7CVXA6PVIIARNFO4TZ4EEATYMRF5BRN23VYZF3TLZOHGFI6KTDSXXXOPEI6A4\" target=\"_blank\" rel=\"noopener\">Ram\u00f3n Vergara Grez. Se menciona a la UTalca.<\/a><\/p>\t\t\t\t\t\t<\/div>\n\t\t\t\t<\/div>\n\t\t\t\t\t<\/div>\n\t\t<\/div>\n\t\t\t\t\t\t\t<\/div>\n\t\t<\/section>\n\t\t\t\t\t\t<\/div>\n\t\t\t\t\t<\/div>\n\t\t","protected":false},"excerpt":{"rendered":"<p>ADPRENSA.CL Presidente Pi\u00f1era lidera encuentro con rectores universitarios. Se menciona asistencia de rector de la UTalca, \u00c1lvaro Rojas. UCVRADIO.CL Presidente Pi\u00f1era lidera encuentro con rectores universitarios. Se menciona asistencia de rector de la UTalca, \u00c1lvaro Rojas. DIARIOELHERALDO.CL Estudio analiz\u00f3 competencias digitales docentes en Chile. Se refieren \u00c1lvaro Rojas, rector de la UTalca; y Carlos Torres, &hellip;<\/p>\n<p class=\"read-more\"> <a class=\"\" href=\"https:\/\/www.reportedeprensa.utalca.cl\/?p=928\"> <span class=\"screen-reader-text\">06 de mayo de 2021<\/span> Read More &raquo;<\/a><\/p>\n","protected":false},"author":1,"featured_media":0,"comment_status":"closed","ping_status":"open","sticky":false,"template":"elementor_theme","format":"standard","meta":{"_monsterinsights_skip_tracking":false,"_monsterinsights_sitenote_active":false,"_monsterinsights_sitenote_note":"","_monsterinsights_sitenote_category":0},"categories":[8],"tags":[],"_links":{"self":[{"href":"https:\/\/www.reportedeprensa.utalca.cl\/index.php?rest_route=\/wp\/v2\/posts\/928"}],"collection":[{"href":"https:\/\/www.reportedeprensa.utalca.cl\/index.php?rest_route=\/wp\/v2\/posts"}],"about":[{"href":"https:\/\/www.reportedeprensa.utalca.cl\/index.php?rest_route=\/wp\/v2\/types\/post"}],"author":[{"embeddable":true,"href":"https:\/\/www.reportedeprensa.utalca.cl\/index.php?rest_route=\/wp\/v2\/users\/1"}],"replies":[{"embeddable":true,"href":"https:\/\/www.reportedeprensa.utalca.cl\/index.php?rest_route=%2Fwp%2Fv2%2Fcomments&post=928"}],"version-history":[{"count":7,"href":"https:\/\/www.reportedeprensa.utalca.cl\/index.php?rest_route=\/wp\/v2\/posts\/928\/revisions"}],"predecessor-version":[{"id":935,"href":"https:\/\/www.reportedeprensa.utalca.cl\/index.php?rest_route=\/wp\/v2\/posts\/928\/revisions\/935"}],"wp:attachment":[{"href":"https:\/\/www.reportedeprensa.utalca.cl\/index.php?rest_route=%2Fwp%2Fv2%2Fmedia&parent=928"}],"wp:term":[{"taxonomy":"category","embeddable":true,"href":"https:\/\/www.reportedeprensa.utalca.cl\/index.php?rest_route=%2Fwp%2Fv2%2Fcategories&post=928"},{"taxonomy":"post_tag","embeddable":true,"href":"https:\/\/www.reportedeprensa.utalca.cl\/index.php?rest_route=%2Fwp%2Fv2%2Ftags&post=928"}],"curies":[{"name":"wp","href":"https:\/\/api.w.org\/{rel}","templated":true}]}}