{"id":9292,"date":"2024-03-13T12:34:16","date_gmt":"2024-03-13T15:34:16","guid":{"rendered":"https:\/\/www.reportedeprensa.utalca.cl\/?p=9292"},"modified":"2024-03-13T12:38:52","modified_gmt":"2024-03-13T15:38:52","slug":"13-de-marzo-de-2024","status":"publish","type":"post","link":"https:\/\/www.reportedeprensa.utalca.cl\/?p=9292","title":{"rendered":"13 de marzo de 2024"},"content":{"rendered":"\t\t<div data-elementor-type=\"wp-post\" data-elementor-id=\"9292\" class=\"elementor elementor-9292\" data-elementor-settings=\"[]\">\n\t\t\t\t\t\t\t<div class=\"elementor-section-wrap\">\n\t\t\t\t\t\t\t<section class=\"elementor-section elementor-top-section elementor-element elementor-element-bcea1a8 elementor-section-boxed elementor-section-height-default elementor-section-height-default\" data-id=\"bcea1a8\" data-element_type=\"section\">\n\t\t\t\t\t\t<div class=\"elementor-container elementor-column-gap-default\">\n\t\t\t\t\t<div class=\"elementor-column elementor-col-100 elementor-top-column elementor-element elementor-element-e7183bf\" data-id=\"e7183bf\" data-element_type=\"column\">\n\t\t\t<div class=\"elementor-widget-wrap elementor-element-populated\">\n\t\t\t\t\t\t\t\t<div class=\"elementor-element elementor-element-5ffbb87 elementor-widget elementor-widget-text-editor\" data-id=\"5ffbb87\" data-element_type=\"widget\" data-widget_type=\"text-editor.default\">\n\t\t\t\t<div class=\"elementor-widget-container\">\n\t\t\t\t\t\t\t\t<div class=\"x_elementToProof\"><p><strong>LA PRENSA DE CURIC\u00d3<br \/><\/strong><a href=\"https:\/\/www.litoralpress.cl\/paginaconsultas\/Servicios_NClipSitio\/Get_Imagen_Nota.aspx?LPKey=RILADWVK6AGQPNBEQ3TA67PLZ5LSNBP2KEYVS6MFYTCCKWL4KFSJ2SLJQNNXSYIDQWURCFMTLJ43M\">Comienza retorno masivo de estudiantes universitarios. Se refiere Paul Manr\u00edquez Novoa, vicerrectora de Pregrado.<\/a><strong><br \/><br \/><\/strong><\/p><p><strong>EL MOSTRADOR<br \/><\/strong><a href=\"https:\/\/www.elmostrador.cl\/agenda-pais\/vida-en-linea\/2024\/03\/12\/endometriosis-una-desconocida-enfermedad-que-tiene-un-diagnostico-tardio\/\">Endometriosis: una desconocida enfermedad que tiene un diagn\u00f3stico tard\u00edo. Se refiere Marjorie Medel, acad\u00e9mica de la Escuela de Obstetricia y Puericultura de la Universidad de Talca.<\/a><strong><br \/><br \/><\/strong><\/p><p><strong>G5 NOTICIAS<br \/><\/strong><a href=\"https:\/\/g5noticias.cl\/2024\/03\/12\/endometriosis-una-desconocida-enfermedad-que-tiene-un-diagnostico-tardio\/\">Endometriosis: una desconocida enfermedad que tiene un diagn\u00f3stico tard\u00edo. Se refiere Marjorie Medel, acad\u00e9mica de la Escuela de Obstetricia y Puericultura de la Universidad de Talca.<\/a><br \/><br \/><\/p><p><strong>PORTAL RED SALUD<br \/><\/strong><a href=\"https:\/\/portalprensasalud.cl\/2024\/03\/12\/endometriosis-una-desconocida-enfermedad-que-tiene-un-diagnostico-tardio\/\">Endometriosis: una desconocida enfermedad que tiene un diagn\u00f3stico tard\u00edo. Se refiere Marjorie Medel, acad\u00e9mica de la Escuela de Obstetricia y Puericultura de la Universidad de Talca.<\/a><br \/><br \/><\/p><p><strong>RADIO CRISTALINA<br \/><\/strong><a href=\"https:\/\/radiocristalina.cl\/salud-endometriosis-una-desconocida-enfermedad-que-tiene-un-diagnostico-tardio\/\">Salud: Endometriosis, una desconocida enfermedad que tiene un diagn\u00f3stico tard\u00edo. Se refiere Marjorie Medel, acad\u00e9mica de la Escuela de Obstetricia y Puericultura de la Universidad de Talca.<\/a><br \/><br \/><\/p><p><strong>LA CUARTA<br \/><\/strong><a href=\"https:\/\/www.lacuarta.com\/cronica\/noticia\/las-preocupantes-consecuencias-que-traeria-el-fenomeno-la-nina-a-chile\/2ZQMGPFYCVAAFG27KKTXT7RQYA\/\">Las preocupantes consecuencias que traer\u00eda el fen\u00f3meno La Ni\u00f1a a Chile. Se refiere Patricio Gonz\u00e1lez Colville, agroclimat\u00f3logo y acad\u00e9mico del Centro de Investigaci\u00f3n y Transferencia en Riego y Agroclimatolog\u00eda (CITRA).<\/a>\u00a0 <br \/><br \/><\/p><p><strong>LA TERCERA ONLINE<br \/><\/strong><a href=\"https:\/\/www.latercera.com\/tendencias\/noticia\/que-es-el-fenomeno-la-nina-y-las-preocupantes-consecuencias-que-tendra-en-chile-este-2024\/WMFMYWZNAVGY3DCP2JMLJ2ORAU\/\">Qu\u00e9 es el fen\u00f3meno La Ni\u00f1a y las preocupantes consecuencias que tendr\u00e1 en Chile este 2024. Se refiere Patricio Gonz\u00e1lez Colville, agroclimat\u00f3logo y acad\u00e9mico del Centro de Investigaci\u00f3n y Transferencia en Riego y Agroclimatolog\u00eda (CITRA).\u00a0<\/a><strong><br \/><br \/><\/strong><\/p><p><strong>CONTRAPLANO<br \/><\/strong><a href=\"https:\/\/contraplano.cl\/2024\/03\/12\/las-preocupantes-consecuencias-que-traeria-el-fenomeno-la-nina-a-chile\/\">Las preocupantes consecuencias que traer\u00eda el fen\u00f3meno La Ni\u00f1a a Chile. Se refiere Patricio Gonz\u00e1lez Colville, agroclimat\u00f3logo y acad\u00e9mico del Centro de Investigaci\u00f3n y Transferencia en Riego y Agroclimatolog\u00eda (CITRA).\u00a0<\/a> <br \/><br \/><\/p><p><strong>EL MERCURIO<br \/><\/strong><a href=\"https:\/\/www.litoralpress.cl\/paginaconsultas\/Servicios_NClipSitio\/Get_Imagen_Nota.aspx?LPKey=WMXOA5IIIUNSNOE23DBJC3YL3H2WUQJRYVBWROKHNMITIVQ5TSVHHD76EC6KKA4PVEP5F5PFNN3AY\">\u201cEstamos mejor que hace dos a\u00f1os\u201d: Analistas cuestionan estrategia de Boric y sus ministros para aniversario. Se refiere Mauricio Morales Quiroga, acad\u00e9mico de la Facultad de Ciencias Jur\u00eddicas y Sociales.<\/a><\/p><p><strong><br \/><\/strong><strong>LAS \u00daLTIMAS NOTICIAS<\/strong><\/p><p><a href=\"https:\/\/www.litoralpress.cl\/paginaconsultas\/Servicios_NClipSitio\/Get_Imagen_Nota.aspx?LPKey=63CTCLWYK7POO3SQCPE6P43YQIO33CZ7JJQNKLAYPDMY6GDJFXT7UQVRSB6U7UDANQ3HE6ZCNGC62\">Acosador telef\u00f3nico tiene con los nervios de punta a Bomberos de Puerto Montt. Se refiere Jorge Cabrera, acad\u00e9mico de la Facultad de Ciencias Jur\u00eddicas y Sociales. <\/a><\/p><p>\u00a0<\/p><p><strong>EN L\u00cdNEA MAULE <br \/><\/strong><a href=\"https:\/\/www.litoralpress.cl\/sitio\/RadioTV_Detalles.cshtml?LPKey=3NTKJDIWLEUKOFXX3ZS7WAMGWJJR7UHYAY6P3AIQOGGCDHNWQ3IFT5YVJGDFR4476GFLB2GOIZ5LG\">Comunidad de San Rafael recibi\u00f3 orientaci\u00f3n de estudiantes en tr\u00e1mites en servicios p\u00fablicos. Se menciona la Universidad de Talca.<\/a><strong><br \/><br \/><\/strong><\/p><p><strong>MEDIA BANCO<br \/><\/strong><a href=\"https:\/\/www.mediabanco.com\/utalca-fortalece-vinculacion-que-promueve-innovacion-publica-con-enfoque-de-genero\/\">UTalca fortalece vinculaci\u00f3n que promueve innovaci\u00f3n p\u00fablica con enfoque de g\u00e9nero. Se refiere Ariela Vergara Jaque, vicerrectora de Innovaci\u00f3n.<\/a><strong><br \/><br \/><\/strong><\/p><p><strong>DIARIO EL HERALDO<\/strong><\/p><p><a href=\"https:\/\/www.litoralpress.cl\/paginaconsultas\/Servicios_NClipSitio\/Get_Imagen_Nota.aspx?LPKey=FZ23JFU4X7LJAKBOPM4DVKEDJ4IDVDS3O56DNBMOJN7UDLKQOGVMQNWLY3I7RT5VOXWL5JWY7LPRO\">UTalca fortalece vinculaci\u00f3n que promueve innovaci\u00f3n p\u00fablica con enfoque de g\u00e9nero. Se refiere Ariela Vergara Jaque, vicerrectora de Innovaci\u00f3n.<\/a><\/p><p>\u00a0<\/p><p><strong>DIARIO EL CENTRO<br \/><\/strong><a href=\"https:\/\/www.diarioelcentro.cl\/2024\/03\/12\/aniversario-de-medio-termino-a-dos-anos-del-actual-gobierno\/\">Aniversario de medio t\u00e9rmino: A dos a\u00f1os del actual Gobierno. Se refiere Emilio Moyano, acad\u00e9mico Facultad de Psicolog\u00eda.<\/a><strong><br \/><\/strong><\/p><p>\u00a0<\/p><p><strong>ADPRENSA<\/strong><\/p><p><a href=\"https:\/\/www.adprensa.cl\/cronica\/utalca-realizara-curso-de-comunicaciones-para-la-gestion-artistica-y-cultural\/\">UTalca realizar\u00e1 curso de comunicaciones para la gesti\u00f3n art\u00edstica y cultural. Se refiere Marcela Albornoz Dachelet, directora de Extensi\u00f3n Cultural \u2013 Art\u00edstica. <\/a><\/p><p><strong>\u00a0<\/strong><\/p><p><strong>ARAUCAN\u00cdA DIARIO<\/strong><\/p><p><a href=\"https:\/\/araucaniadiario.cl\/contenido\/23488\/universidad-de-talca-capacito-en-hidrologia-a-funcionarios-publicos-de-la-arauca\">Universidad de Talca capacit\u00f3 en hidrolog\u00eda a funcionarios p\u00fablicos de La Araucan\u00eda. Se refiere Roberto Pizarro Tapia, director de la c\u00e1tedra UNESCO en Hidrolog\u00eda de Superficie.<\/a><\/p><\/div>\t\t\t\t\t\t<\/div>\n\t\t\t\t<\/div>\n\t\t\t\t\t<\/div>\n\t\t<\/div>\n\t\t\t\t\t\t\t<\/div>\n\t\t<\/section>\n\t\t\t\t\t\t<\/div>\n\t\t\t\t\t<\/div>\n\t\t","protected":false},"excerpt":{"rendered":"<p>LA PRENSA DE CURIC\u00d3Comienza retorno masivo de estudiantes universitarios. Se refiere Paul Manr\u00edquez Novoa, vicerrectora de Pregrado. EL MOSTRADOREndometriosis: una desconocida enfermedad que tiene un diagn\u00f3stico tard\u00edo. Se refiere Marjorie Medel, acad\u00e9mica de la Escuela de Obstetricia y Puericultura de la Universidad de Talca. G5 NOTICIASEndometriosis: una desconocida enfermedad que tiene un diagn\u00f3stico tard\u00edo. Se &hellip;<\/p>\n<p class=\"read-more\"> <a class=\"\" href=\"https:\/\/www.reportedeprensa.utalca.cl\/?p=9292\"> <span class=\"screen-reader-text\">13 de marzo de 2024<\/span> Read More &raquo;<\/a><\/p>\n","protected":false},"author":1,"featured_media":0,"comment_status":"closed","ping_status":"open","sticky":false,"template":"","format":"standard","meta":{"_monsterinsights_skip_tracking":false,"_monsterinsights_sitenote_active":false,"_monsterinsights_sitenote_note":"","_monsterinsights_sitenote_category":0},"categories":[46],"tags":[],"_links":{"self":[{"href":"https:\/\/www.reportedeprensa.utalca.cl\/index.php?rest_route=\/wp\/v2\/posts\/9292"}],"collection":[{"href":"https:\/\/www.reportedeprensa.utalca.cl\/index.php?rest_route=\/wp\/v2\/posts"}],"about":[{"href":"https:\/\/www.reportedeprensa.utalca.cl\/index.php?rest_route=\/wp\/v2\/types\/post"}],"author":[{"embeddable":true,"href":"https:\/\/www.reportedeprensa.utalca.cl\/index.php?rest_route=\/wp\/v2\/users\/1"}],"replies":[{"embeddable":true,"href":"https:\/\/www.reportedeprensa.utalca.cl\/index.php?rest_route=%2Fwp%2Fv2%2Fcomments&post=9292"}],"version-history":[{"count":4,"href":"https:\/\/www.reportedeprensa.utalca.cl\/index.php?rest_route=\/wp\/v2\/posts\/9292\/revisions"}],"predecessor-version":[{"id":9296,"href":"https:\/\/www.reportedeprensa.utalca.cl\/index.php?rest_route=\/wp\/v2\/posts\/9292\/revisions\/9296"}],"wp:attachment":[{"href":"https:\/\/www.reportedeprensa.utalca.cl\/index.php?rest_route=%2Fwp%2Fv2%2Fmedia&parent=9292"}],"wp:term":[{"taxonomy":"category","embeddable":true,"href":"https:\/\/www.reportedeprensa.utalca.cl\/index.php?rest_route=%2Fwp%2Fv2%2Fcategories&post=9292"},{"taxonomy":"post_tag","embeddable":true,"href":"https:\/\/www.reportedeprensa.utalca.cl\/index.php?rest_route=%2Fwp%2Fv2%2Ftags&post=9292"}],"curies":[{"name":"wp","href":"https:\/\/api.w.org\/{rel}","templated":true}]}}