{"id":9297,"date":"2024-03-14T10:18:43","date_gmt":"2024-03-14T13:18:43","guid":{"rendered":"https:\/\/www.reportedeprensa.utalca.cl\/?p=9297"},"modified":"2024-03-14T13:42:29","modified_gmt":"2024-03-14T16:42:29","slug":"14-de-marzo-de-2024","status":"publish","type":"post","link":"https:\/\/www.reportedeprensa.utalca.cl\/?p=9297","title":{"rendered":"14 de marzo de 2024"},"content":{"rendered":"\t\t<div data-elementor-type=\"wp-post\" data-elementor-id=\"9297\" class=\"elementor elementor-9297\" data-elementor-settings=\"[]\">\n\t\t\t\t\t\t\t<div class=\"elementor-section-wrap\">\n\t\t\t\t\t\t\t<section class=\"elementor-section elementor-top-section elementor-element elementor-element-bcea1a8 elementor-section-boxed elementor-section-height-default elementor-section-height-default\" data-id=\"bcea1a8\" data-element_type=\"section\">\n\t\t\t\t\t\t<div class=\"elementor-container elementor-column-gap-default\">\n\t\t\t\t\t<div class=\"elementor-column elementor-col-100 elementor-top-column elementor-element elementor-element-e7183bf\" data-id=\"e7183bf\" data-element_type=\"column\">\n\t\t\t<div class=\"elementor-widget-wrap elementor-element-populated\">\n\t\t\t\t\t\t\t\t<div class=\"elementor-element elementor-element-5ffbb87 elementor-widget elementor-widget-text-editor\" data-id=\"5ffbb87\" data-element_type=\"widget\" data-widget_type=\"text-editor.default\">\n\t\t\t\t<div class=\"elementor-widget-container\">\n\t\t\t\t\t\t\t\t<p><strong>ELHERALDO.CL \u00a0<\/strong><br aria-hidden=\"true\" \/><a href=\"https:\/\/www.diarioelheraldo.cl\/noticia\/universidad-de-talca-se-adjudica-48-becas-de-doctorado-anid\">Universidad de Talca se adjudica 48 becas de doctorado ANID. Se refiere Johanna Kreither, directora de Postgrado.<\/a>\u00a0<br aria-hidden=\"true\" \/><br aria-hidden=\"true\" \/><b>ADPRENSA\u00a0<br aria-hidden=\"true\" \/><\/b><a href=\"https:\/\/www.adprensa.cl\/cronica\/universidad-de-talca-se-adjudica-48-becas-de-doctorado-anid\/\">Universidad de Talca se adjudica 48 becas de doctorado ANID. Se refiere Johanna Kreither, directora de Postgrado.<\/a><b><br aria-hidden=\"true\" \/><\/b><\/p><p>\u00a0<\/p><p><b>MEDIABANCO<\/b>\u00a0<br aria-hidden=\"true\" \/><a href=\"https:\/\/www.mediabanco.com\/universidad-de-talca-se-adjudica-48-becas-de-doctorado-anid\/\">Universidad de Talca se adjudica 48 becas de doctorado ANID. Se refiere Johanna Kreither, directora de Postgrado.\u00a0<\/a><\/p><p>\u00a0<\/p><p><b>DIARIO EL HERALDO\u00a0<br aria-hidden=\"true\" \/><\/b><a href=\"https:\/\/www.litoralpress.cl\/paginaconsultas\/Servicios_NClipSitio\/Get_Imagen_Nota.aspx?LPKey=FZ23JFU4X7LJAKBOPM4DVKEDJ4IDVDS3O56DNBMOJN7UDLKQOGVMQNWLY3I7RT5VOXWL5JWY7LPRO\">UTalca fortalece vinculaci\u00f3n que promueve innovaci\u00f3n p\u00fablica con enfoque de g\u00e9nero. Se refiere Ariela Vergara Jaque, vicerrectora de Innovaci\u00f3n.\u00a0<\/a><b><br aria-hidden=\"true\" \/><\/b><b>\u00a0<\/b><\/p><p><b>ELHERALDO.CL<\/b>\u00a0<br aria-hidden=\"true\" \/><a href=\"https:\/\/www.diarioelheraldo.cl\/noticia\/utalca-fortalece-vinculacion-que-promueve-innovacion-publica-con-enfoque-de-genero\">UTalca fortalece vinculaci\u00f3n que promueve innovaci\u00f3n p\u00fablica con enfoque de g\u00e9nero. Se refiere Ariela Vergara Jaque, vicerrectora de Innovaci\u00f3n. \u00a0<\/a><\/p><p>\u00a0<\/p><p><b>PUBLIMICRO<\/b>\u00a0<br aria-hidden=\"true\" \/><a href=\"https:\/\/publimicro.cl\/universidad-de-talca-fortalece-vinculacion-que-promueve-innovacion-publica-con-enfoque-de-genero\/\">Universidad de Talca fortalece vinculaci\u00f3n que promueve innovaci\u00f3n p\u00fablica con enfoque de g\u00e9nero. Se refiere Ariela Vergara Jaque, vicerrectora de Innovaci\u00f3n.\u00a0<\/a><\/p><p>\u00a0<\/p><p><b>AGENCIA XINHUA EN ESPA\u00d1OL (CHINA)<\/b>\u00a0<br aria-hidden=\"true\" \/><a href=\"https:\/\/www.litoralpress.cl\/paginaconsultas\/Servicios_NClipSitio\/Get_Imagen_Nota.aspx?LPKey=AIE4LOMZ2LSPWVW3TH6KYNGGNWQ7TVHNBLSNVREPOZUECZPBLRWVWB7EW3ZFIHYO5IQROPJFPZGRA\">ESPECIAL: Gobierno de Boric llega a segundo a\u00f1o con visi\u00f3n de Estado y tono conciliador que no se ha transmitido en aprobaci\u00f3n chilena.\u00a0<\/a><a href=\"https:\/\/www.litoralpress.cl\/paginaconsultas\/Servicios_NClipSitio\/Get_Imagen_Nota.aspx?LPKey=AIE4LOMZ2LSPWVW3TH6KYNGGNWQ7TVHNBLSNVREPOZUECZPBLRWVWB7EW3ZFIHYO5IQROPJFPZGRA\">Se refiere Mario Herrera Mu\u00f1oz, acad\u00e9mico del Centro de An\u00e1lisis Pol\u00edtico.<\/a><b><br aria-hidden=\"true\" \/><\/b><\/p><p>\u00a0<\/p><p><b>AGENCIA XINHUA EN ESPA\u00d1OL (CHINA)<\/b>\u00a0<br aria-hidden=\"true\" \/><a href=\"https:\/\/spanish.xinhuanet.com\/20240314\/d7c7f7dc44a74a3da8601e80bc4f075b\/c.html\">ESPECIAL: Boric completa dos a\u00f1os con loado control de inflaci\u00f3n en Chile, aunque sin avance en acuerdos previsional y tributario. Se refiere Jorge Navarrete, acad\u00e9mico de la Facultad de Econom\u00eda y Negocios.<\/a><b><\/b><\/p><p>\u00a0<\/p><p><b>AD PRENSA<\/b>\u00a0<br aria-hidden=\"true\" \/><a href=\"https:\/\/www.adprensa.cl\/cronica\/epidemiologos-reiteran-llamado-a-vacunarse-contra-el-covid-19\/\">Epidemi\u00f3logos reiteran llamado a vacunarse contra el Covid-19. Se refiere Erika Retamal Contreras, directora de Salud P\u00fablica y Daniel Jim\u00e9nez, director de Salud del Estudiante.\u00a0<\/a><\/p><p>\u00a0<\/p><p><b>EL DIARIO DE MAULE<\/b>\u00a0<br aria-hidden=\"true\" \/><a href=\"https:\/\/eldiariodemaule.cl\/epidemiologos-reiteran-llamado-a-vacunarse-contra-el-covid-19\/\">Epidemi\u00f3logos reiteran llamado a vacunarse contra el Covid-19. Se refiere Erika Retamal Contreras, directora de Salud P\u00fablica y Daniel Jim\u00e9nez, director de Salud del Estudiante.\u00a0<\/a><\/p><p>\u00a0<\/p><p><b>G5 NOTICIAS<\/b>\u00a0<br aria-hidden=\"true\" \/><a href=\"https:\/\/g5noticias.cl\/2024\/03\/13\/epidemiologos-reiteran-llamado-a-vacunarse-contra-el-covid-19\/\">Epidemi\u00f3logos reiteran llamado a vacunarse contra el Covid-19. Se refiere Erika Retamal Contreras, directora de Salud P\u00fablica y Daniel Jim\u00e9nez, director de Salud del Estudiante.\u00a0<\/a><b><br aria-hidden=\"true\" \/><\/b><\/p><p>\u00a0<\/p><p><b>MEDIABANCO<\/b>\u00a0<br aria-hidden=\"true\" \/><a href=\"https:\/\/www.mediabanco.com\/epidemiologos-reiteran-llamado-a-vacunarse-contra-el-covid-19\/\">Epidemi\u00f3logos reiteran llamado a vacunarse contra el Covid-19. Se refiere Erika Retamal Contreras, directora de Salud P\u00fablica y Daniel Jim\u00e9nez, director de Salud del Estudiante.\u00a0<\/a><\/p><p>\u00a0<\/p><p><b>CIENCIA Y SALUD<\/b>\u00a0<br aria-hidden=\"true\" \/><a href=\"https:\/\/cienciaysalud.cl\/2024\/03\/13\/epidemiologos-reiteran-llamado-a-vacunarse-contra-el-covid-19\/\">Epidemi\u00f3logos reiteran llamado a vacunarse contra el Covid-19. Se refiere Erika Retamal Contreras, directora de Salud P\u00fablica y Daniel Jim\u00e9nez, director de Salud del Estudiante.\u00a0<\/a><\/p><p>\u00a0<\/p><p><b>DIARIO LA TRIBUNA<\/b>\u00a0<br aria-hidden=\"true\" \/><a href=\"https:\/\/www.latribuna.cl\/salud\/2024\/03\/11\/endometriosis-la-desconocida-enfermedad-que-tiene-diagnostico-tardio.html\">Endometriosis: La desconocida enfermedad que tiene un diagn\u00f3stico tard\u00edo. Se refiere Marjorie Medel, acad\u00e9mica de la Escuela de Obstetricia y Puericultura de la Universidad de Talca.\u00a0<\/a><\/p><p>\u00a0<\/p><p><b>TVN<\/b>\u00a0<br aria-hidden=\"true\" \/><a href=\"https:\/\/www.tvn.cl\/noticias\/tendencias\/endometriosis-la-desconocida-enfermedad-que-tiene-un-diagnostico-tardio\">Endometriosis: La desconocida enfermedad que tiene un diagn\u00f3stico tard\u00edo. Se refiere Marjorie Medel, acad\u00e9mica de la Escuela de Obstetricia y Puericultura de la Universidad de Talca.\u00a0<\/a><b><br aria-hidden=\"true\" \/><\/b><\/p><p>\u00a0<\/p><p><b>CAUQUENES.NET<\/b>\u00a0<br aria-hidden=\"true\" \/><a href=\"https:\/\/cauquenesnet.cl\/2024\/03\/13\/endometriosis-una-desconocida-enfermedad-que-tiene-un-diagnostico-tardio\/\">Endometriosis: La desconocida enfermedad que tiene un diagn\u00f3stico tard\u00edo. Se refiere Marjorie Medel, acad\u00e9mica de la Escuela de Obstetricia y Puericultura de la Universidad de Talca.\u00a0<\/a><\/p><p>\u00a0<\/p><p><b>EL DIARIO DE SANTIAGO<\/b>\u00a0<br aria-hidden=\"true\" \/><a href=\"http:\/\/eldiariosantiago.cl\/endometriosis-una-desconocida-enfermedad-que-tiene-un-diagnostico-tardio\/\">Endometriosis: La desconocida enfermedad que tiene un diagn\u00f3stico tard\u00edo. Se refiere Marjorie Medel, acad\u00e9mica de la Escuela de Obstetricia y Puericultura de la Universidad de Talca\u00a0<\/a><\/p><p>\u00a0<\/p><p><b>LAS \u00daLTIMAS NOTICIAS<\/b>\u00a0<br aria-hidden=\"true\" \/><a href=\"https:\/\/www.litoralpress.cl\/paginaconsultas\/Servicios_NClipSitio\/Get_Imagen_Nota.aspx?LPKey=63CTCLWYK7POO3SQCPE6P43YQIO33CZ7JJQNKLAYPDMY6GDJFXT7UQVRSB6U7UDANQ3HE6ZCNGC62\">Acosador telef\u00f3nico tiene con los nervios de punta a Bomberos de Puerto Montt. Se refiere Jorge Cabrera Guirao, acad\u00e9mico de la Facultad de Ciencias Jur\u00eddicas y Sociales. \u00a0<\/a><b><br aria-hidden=\"true\" \/><\/b><\/p><p>\u00a0<\/p><p><b>CANAL 30 (LINARES)<\/b>\u00a0<br aria-hidden=\"true\" \/><a href=\"https:\/\/www.litoralpress.cl\/sitio\/RadioTV_Detalles.cshtml?LPKey=KF2AYP3WI63EOPLOPN4J4A27VKGA7EEXMKOG7J4JYUPEGYL6NVY6476N66PN236YZHEZ3PGN4FAXC\">Entregan recomendaciones para volver a la rutina.\u00a0Se refiere Carla Mendoza N\u00fa\u00f1ez, coordinadora de la Unidad Cl\u00ednica del Centro de Psicolog\u00eda Aplicada (CEPA).<\/a><a href=\"https:\/\/www.litoralpress.cl\/sitio\/RadioTV_Detalles.cshtml?LPKey=KF2AYP3WI63EOPLOPN4J4A27VKGA7EEXMKOG7J4JYUPEGYL6NVY6476N66PN236YZHEZ3PGN4FAXC\">\u00a0<\/a><b><br aria-hidden=\"true\" \/><\/b><\/p><p>\u00a0<\/p><p><b>TV5 LINARES<\/b>\u00a0<br aria-hidden=\"true\" \/><a href=\"https:\/\/www.litoralpress.cl\/sitio\/RadioTV_Detalles.cshtml?LPKey=L5YCXODPZTXZK37LUDOTPIVAQISKYZPAW7NJRRL36SM3QOJMDRZOKV5A3H66K6FHVNFAP73VL7DAI\">Especialistas advierten un a\u00f1o de baja precipitaciones. Se refiere\u00a0Patricio Gonz\u00e1lez Colville, agroclimat\u00f3logo y acad\u00e9mico del Centro de Investigaci\u00f3n y Transferencia en Riego y Agroclimatolog\u00eda (CITRA). \u202f<\/a><a href=\"https:\/\/www.litoralpress.cl\/sitio\/RadioTV_Detalles.cshtml?LPKey=L5YCXODPZTXZK37LUDOTPIVAQISKYZPAW7NJRRL36SM3QOJMDRZOKV5A3H66K6FHVNFAP73VL7DAI\">\u00a0<\/a><b><br aria-hidden=\"true\" \/><\/b><\/p><p>\u00a0<\/p><p><b>MEDIABANCO<\/b>\u00a0<br aria-hidden=\"true\" \/><a href=\"https:\/\/www.mediabanco.com\/utalca-realizara-curso-de-comunicaciones-para-la-gestion-artistica-y-cultural\/\">UTalca realizar\u00e1 curso de comunicaciones para la gesti\u00f3n art\u00edstica y cultural. Se refiera Marcela Albornoz Dachelet, directora de Extensi\u00f3n Cultural-Art\u00edstica.\u00a0<\/a><\/p><p>\u00a0<\/p><p><b>LA PRENSA DE CURIC\u00d3<\/b>\u00a0<br aria-hidden=\"true\" \/><a href=\"https:\/\/www.litoralpress.cl\/paginaconsultas\/Servicios_NClipSitio\/Get_Imagen_Nota.aspx?LPKey=Q5OYEOAFVSOJTI7BDUQM32W26OBSXJXZKHHKCU2GSJN2QA2BNPLZDNBGD6HX76EOICPUAD6LBXROW\">UTalca realizar\u00e1 curso de comunicaciones para la gesti\u00f3n art\u00edstica y cultural. Se refiera Marcela Albornoz Dachelet, directora de Extensi\u00f3n Cultural-Art\u00edstica.\u00a0<\/a><b><br aria-hidden=\"true\" \/><\/b><\/p><p>\u00a0<\/p><p><b>AD PRENSA<\/b>\u00a0<br aria-hidden=\"true\" \/><a href=\"https:\/\/www.adprensa.cl\/cronica\/utalca-realizara-curso-de-comunicaciones-para-la-gestion-artistica-y-cultural\/\">UTalca realizar\u00e1 curso de comunicaciones para la gesti\u00f3n art\u00edstica y cultural. Se refiera Marcela Albornoz Dachelet, directora de Extensi\u00f3n Cultural-Art\u00edstica.\u00a0<\/a><\/p><p>\u00a0<\/p><p><b>CANAL 30 (LINARES)<\/b>\u00a0<br aria-hidden=\"true\" \/><a href=\"https:\/\/www.litoralpress.cl\/sitio\/RadioTV_Detalles.cshtml?LPKey=ZQQQVFBC4HXTMPL54KWE5J6ICB7UDXOZOLJGILKTL3SWFND3LQFHQAP45HEPKTHGX7B5QL44I3DA4\">Advierten importante brecha laboral entre hombres y mujeres. Se menciona la Universidad de Talca.\u00a0<\/a><\/p><p>\u00a0<\/p><p><b>EL DIARIO DE SANTIAGO<\/b>\u00a0<br aria-hidden=\"true\" \/><a href=\"https:\/\/eldiariosantiago.cl\/universidad-de-talca-capacito-en-hidrologia-a-funcionarios-publicos-de-la-araucania\/\">Universidad de Talca capacit\u00f3 en hidrolog\u00eda a funcionarios p\u00fablicos de La Araucan\u00eda. Se refiere Roberto Pizarro Tapia, director de la c\u00e1tedra UNESCO en Hidrolog\u00eda de Superficie.\u00a0<\/a><\/p><p>\u00a0<\/p><p><b>ARAUCAN\u00cdA DIARIO<\/b>\u00a0<br aria-hidden=\"true\" \/><a href=\"https:\/\/araucaniadiario.cl\/contenido\/23488\/universidad-de-talca-capacito-en-hidrologia-a-funcionarios-publicos-de-la-arauca\">Universidad de Talca capacit\u00f3 en hidrolog\u00eda a funcionarios p\u00fablicos de La Araucan\u00eda. Se refiere Roberto Pizarro Tapia, director de la c\u00e1tedra UNESCO en Hidrolog\u00eda de Superficie.\u00a0<\/a><\/p><p>\u00a0<\/p><p><b>EL DIARIO DE SANTIAGO<\/b>\u00a0<br aria-hidden=\"true\" \/><a href=\"http:\/\/eldiariosantiago.cl\/universidad-de-talca-capacito-en-hidrologia-a-funcionarios-publicos-de-la-araucania\/\">Universidad de Talca capacit\u00f3 en hidrolog\u00eda a funcionarios p\u00fablicos de La Araucan\u00eda. Se refiere Roberto Pizarro Tapia, director de la c\u00e1tedra UNESCO en Hidrolog\u00eda de Superficie.\u00a0<\/a><\/p><p>\u00a0<\/p><p><b>RADIO INFINITA<\/b>\u00a0<br aria-hidden=\"true\" \/><a href=\"https:\/\/www.litoralpress.cl\/sitio\/RadioTV_Detalles.cshtml?LPKey=BZ4ZBCHHDJ4QWF5TLM7QLNKEF32TNXV3S75EIGEEDC275R57DC6G3C7U2CSM57UYXABE6CVKPA7MG\">Comentario de pol\u00edtica. Se refiere Mauricio Morales Quiroga, director del Centro de An\u00e1lisis Pol\u00edtico (CAP). \u00a0<\/a><\/p><p>\u00a0<\/p><p><b>TROY.CL<\/b>\u00a0<br aria-hidden=\"true\" \/><a href=\"https:\/\/troy.cl\/equidad-de-genero-el-desafio-impostergable-de-invertir-en-mujeres\/\">Equidad de G\u00e9nero: el desaf\u00edo impostergable de invertir en mujeres. Se menciona la Universidad de Talca\u00a0<\/a><\/p><p>\u00a0<\/p><p><b>EL DEM\u00d3CRATA<\/b>\u00a0<br aria-hidden=\"true\" \/><a href=\"https:\/\/www.eldemocrata.cl\/aaas-firma-convenio-con-comision-de-ciencia-del-senado-de-chile\/\">AAAS firma convenio con Comisi\u00f3n de Ciencia del Senado de Chile. Se menciona la Universidad de Talca.\u00a0<\/a><\/p><p>\u00a0<\/p><p><b>RADIO BEETHOVEN<\/b>\u00a0<br aria-hidden=\"true\" \/><a href=\"https:\/\/www.beethovenfm.cl\/recomendado\/yvain-eltit-anticipa-su-charla-sobre-cuadernos-de-maria-luisa-sepulveda-son-un-fragmento-perdido-de-la-historia-musical-chilena\/\">Yva\u00edn Eltit anticipa su charla sobre cuadernos de Mar\u00eda Luis Sep\u00falveda: &#8220;Son un fragmento perdido de la historia musical chilena&#8221;. Se menciona la Universidad de Talca.\u00a0<\/a><br aria-hidden=\"true\" \/><br \/><\/p>\t\t\t\t\t\t<\/div>\n\t\t\t\t<\/div>\n\t\t\t\t\t<\/div>\n\t\t<\/div>\n\t\t\t\t\t\t\t<\/div>\n\t\t<\/section>\n\t\t\t\t\t\t<\/div>\n\t\t\t\t\t<\/div>\n\t\t","protected":false},"excerpt":{"rendered":"<p>ELHERALDO.CL \u00a0Universidad de Talca se adjudica 48 becas de doctorado ANID. Se refiere Johanna Kreither, directora de Postgrado.\u00a0ADPRENSA\u00a0Universidad de Talca se adjudica 48 becas de doctorado ANID. Se refiere Johanna Kreither, directora de Postgrado. \u00a0 MEDIABANCO\u00a0Universidad de Talca se adjudica 48 becas de doctorado ANID. Se refiere Johanna Kreither, directora de Postgrado.\u00a0 \u00a0 DIARIO EL &hellip;<\/p>\n<p class=\"read-more\"> <a class=\"\" href=\"https:\/\/www.reportedeprensa.utalca.cl\/?p=9297\"> <span class=\"screen-reader-text\">14 de marzo de 2024<\/span> Read More &raquo;<\/a><\/p>\n","protected":false},"author":1,"featured_media":0,"comment_status":"closed","ping_status":"open","sticky":false,"template":"","format":"standard","meta":{"_monsterinsights_skip_tracking":false,"_monsterinsights_sitenote_active":false,"_monsterinsights_sitenote_note":"","_monsterinsights_sitenote_category":0},"categories":[46],"tags":[],"_links":{"self":[{"href":"https:\/\/www.reportedeprensa.utalca.cl\/index.php?rest_route=\/wp\/v2\/posts\/9297"}],"collection":[{"href":"https:\/\/www.reportedeprensa.utalca.cl\/index.php?rest_route=\/wp\/v2\/posts"}],"about":[{"href":"https:\/\/www.reportedeprensa.utalca.cl\/index.php?rest_route=\/wp\/v2\/types\/post"}],"author":[{"embeddable":true,"href":"https:\/\/www.reportedeprensa.utalca.cl\/index.php?rest_route=\/wp\/v2\/users\/1"}],"replies":[{"embeddable":true,"href":"https:\/\/www.reportedeprensa.utalca.cl\/index.php?rest_route=%2Fwp%2Fv2%2Fcomments&post=9297"}],"version-history":[{"count":4,"href":"https:\/\/www.reportedeprensa.utalca.cl\/index.php?rest_route=\/wp\/v2\/posts\/9297\/revisions"}],"predecessor-version":[{"id":9304,"href":"https:\/\/www.reportedeprensa.utalca.cl\/index.php?rest_route=\/wp\/v2\/posts\/9297\/revisions\/9304"}],"wp:attachment":[{"href":"https:\/\/www.reportedeprensa.utalca.cl\/index.php?rest_route=%2Fwp%2Fv2%2Fmedia&parent=9297"}],"wp:term":[{"taxonomy":"category","embeddable":true,"href":"https:\/\/www.reportedeprensa.utalca.cl\/index.php?rest_route=%2Fwp%2Fv2%2Fcategories&post=9297"},{"taxonomy":"post_tag","embeddable":true,"href":"https:\/\/www.reportedeprensa.utalca.cl\/index.php?rest_route=%2Fwp%2Fv2%2Ftags&post=9297"}],"curies":[{"name":"wp","href":"https:\/\/api.w.org\/{rel}","templated":true}]}}