{"id":9311,"date":"2024-03-15T11:07:10","date_gmt":"2024-03-15T14:07:10","guid":{"rendered":"https:\/\/www.reportedeprensa.utalca.cl\/?p=9311"},"modified":"2024-03-15T11:15:08","modified_gmt":"2024-03-15T14:15:08","slug":"15-de-marzo-de-2024","status":"publish","type":"post","link":"https:\/\/www.reportedeprensa.utalca.cl\/?p=9311","title":{"rendered":"15 de marzo de 2024"},"content":{"rendered":"\t\t<div data-elementor-type=\"wp-post\" data-elementor-id=\"9311\" class=\"elementor elementor-9311\" data-elementor-settings=\"[]\">\n\t\t\t\t\t\t\t<div class=\"elementor-section-wrap\">\n\t\t\t\t\t\t\t<section class=\"elementor-section elementor-top-section elementor-element elementor-element-bcea1a8 elementor-section-boxed elementor-section-height-default elementor-section-height-default\" data-id=\"bcea1a8\" data-element_type=\"section\">\n\t\t\t\t\t\t<div class=\"elementor-container elementor-column-gap-default\">\n\t\t\t\t\t<div class=\"elementor-column elementor-col-100 elementor-top-column elementor-element elementor-element-e7183bf\" data-id=\"e7183bf\" data-element_type=\"column\">\n\t\t\t<div class=\"elementor-widget-wrap elementor-element-populated\">\n\t\t\t\t\t\t\t\t<div class=\"elementor-element elementor-element-5ffbb87 elementor-widget elementor-widget-text-editor\" data-id=\"5ffbb87\" data-element_type=\"widget\" data-widget_type=\"text-editor.default\">\n\t\t\t\t<div class=\"elementor-widget-container\">\n\t\t\t\t\t\t\t\t<div><p><b>EL LECTOR<\/b>\u00a0<br aria-hidden=\"true\" \/><a href=\"https:\/\/www.litoralpress.cl\/paginaconsultas\/Servicios_NClipSitio\/Get_Imagen_Nota.aspx?LPKey=RFLEXULACIFBPWSPQVRNP5X7OI3I5UWLNHSYGYV547JY5L65J6WFJ36BDMGRD4MUTSWYGZU3W5YUI\">Universidad de Talca se adjudica 48 becas de doctorado ANID. Se refiere Johanna Kreither Olivares, directora de Postgrado.\u00a0<\/a><br aria-hidden=\"true\" \/><br \/><\/p><\/div><div><p><b>ELHERALDO.CL<\/b>\u00a0<br aria-hidden=\"true\" \/><a href=\"https:\/\/www.diarioelheraldo.cl\/noticia\/universidad-de-talca-se-adjudica-48-becas-de-doctorado-anid\">Universidad de Talca se adjudica 48 becas de doctorado ANID. Se refiere Johanna Kreither Olivares, directora de Postgrado. \u00a0<\/a><br aria-hidden=\"true\" \/><br \/><\/p><\/div><div><p><b>PUBLIMICRO<\/b>\u00a0<br aria-hidden=\"true\" \/><a href=\"https:\/\/publimicro.cl\/batiendo-su-propio-record-del-2022-universidad-de-talca-se-adjudica-48-becas-de-doctorado-anid\/\">Batiendo su propio r\u00e9cord del 2022, Universidad de Talca se adjudica 48 becas de doctorado ANID. Se menciona la Universidad de Talca.<\/a> \u00a0<br aria-hidden=\"true\" \/><br \/><\/p><\/div><div><p><b>DIARIO EL HERALDO<\/b><b>\u00a0<br aria-hidden=\"true\" \/><\/b><a href=\"https:\/\/www.litoralpress.cl\/paginaconsultas\/Servicios_NClipSitio\/Get_Imagen_Nota.aspx?LPKey=6HZXBL73764ASDKCCYA4UDZ2L7W5SKWDYE6DH6SS2TJXSH33CMAPLPLFTUGUWIKDJP27XLVFHLMLI\">Universidad de Talca se adjudica 48 becas de doctorado ANID. Se refiere Johanna Kreither Olivares, directora de Postgrado. <\/a><a href=\"https:\/\/www.litoralpress.cl\/paginaconsultas\/Servicios_NClipSitio\/Get_Imagen_Nota.aspx?LPKey=6HZXBL73764ASDKCCYA4UDZ2L7W5SKWDYE6DH6SS2TJXSH33CMAPLPLFTUGUWIKDJP27XLVFHLMLI\">\u00a0<\/a><b><br aria-hidden=\"true\" \/><\/b><\/p><\/div><div><p>\u00a0<\/p><p><b>PORTALEDUCA<\/b>\u00a0<br aria-hidden=\"true\" \/><a href=\"https:\/\/portaleduca.cl\/universidad-de-talca-se-adjudica-48-becas-de-doctorado-anid\">Universidad de Talca se adjudica 48 becas de doctorado ANID. Se refiere Johanna Kreither Olivares, directora de Postgrado.\u00a0<\/a><\/p><p>\u00a0<\/p><div><p><b>DIARIO LA TRIBUNA<\/b><b>\u00a0<br aria-hidden=\"true\" \/><\/b><a href=\"https:\/\/www.latribuna.cl\/salud\/2024\/03\/14\/asintomatico-y-con-resultado-de-ceguera-asi-es-el-glaucoma-que-expertos-llaman-a-prevenir.html\">Asintom\u00e1tico y con resultado de ceguera: As\u00ed es el glaucoma que expertos llaman a prevenir. Se refiere Nelsareth Campos, acad\u00e9mica de la Facultad de Medicina.\u00a0<\/a><\/p><p>\u00a0<\/p><p><b>MEGANOTICIAS<\/b>\u00a0<br aria-hidden=\"true\" \/><a href=\"https:\/\/www.meganoticias.cl\/nacional\/442330-que-es-el-fenomeno-de-la-nina-cuales-son-sus-efectos-temperaturas-lluvias-seo.html\">\u00bfQu\u00e9 es el fen\u00f3meno de La Ni\u00f1a y cu\u00e1les son sus efectos? Se refiere Patricio Gonz\u00e1lez Colville, agroclimat\u00f3logo y acad\u00e9mico del Centro de Investigaci\u00f3n y Transferencia en Riego y Agroclimatolog\u00eda (CITRA).\u00a0 \u00a0<\/a><\/p><p>\u00a0<\/p><div><p><b>CANAL CNN<\/b><b>\u00a0<\/b><\/p><p><a href=\"https:\/\/www.litoralpress.cl\/sitio\/RadioTV_Detalles.cshtml?LPKey=LYYT72N26NNDPBUHG5P7GFYSM3GS76YFEL6ARQME7H67HT2VEYD6PRYHS72HOMRQ64SOLVPTOVRDS\">Servel propone votaci\u00f3n de dos d\u00edas en octubre. Se refiere Mauricio Morales Quiroga, director del Centro de An\u00e1lisis Pol\u00edtico (CAP). \u00a0<\/a><\/p><p>\u00a0<\/p><\/div><div><p><b>CANAL MEGA<\/b><\/p><p><a href=\"https:\/\/www.litoralpress.cl\/sitio\/RadioTV_Detalles.cshtml?LPKey=BADEZYVHXCX6DQBWFR6CD5UPZG7QXYAXAA5VRNPMTZN72VZZ4EDZJ6BGLAJJSTYCA3HPFDNBWHEII\">Elecciones municipales podr\u00edan ser en dos d\u00edas. Se refiere Mauricio Morales Quiroga, director del Centro de An\u00e1lisis Pol\u00edtico (CAP). \u00a0<\/a><\/p><p>\u00a0<\/p><\/div><div><p><b>El MERCURIO<\/b>\u00a0<\/p><p><a href=\"https:\/\/www.litoralpress.cl\/paginaconsultas\/Servicios_NClipSitio\/Get_Imagen_Nota.aspx?LPKey=4YP4K6TBHAHN2Y5WZTQ74W2R6U7FL36CBOB5TI6IVHIIY5QCC4BJOA6CYZBWEDONHLKRYDWUZGZO2\">Giro de Boric por FF.AA.: Analistas advierten &#8220;choque con la realidad&#8221; de gobernar y &#8220;desaf\u00edo para los Estados&#8221;. Se refiere Mauricio Morales Quiroga, director del Centro de An\u00e1lisis Pol\u00edtico (CAP).<\/a><\/p><p><b><br aria-hidden=\"true\" \/>RADIO INFINITA<\/b>\u00a0<br aria-hidden=\"true\" \/><a href=\"https:\/\/www.litoralpress.cl\/sitio\/RadioTV_Detalles.cshtml?LPKey=LP4SZHNB5FM6T63JW3UY7JLPPZ7JZJICNYTDS3IEQEENIZJZBM3QV3VI5TIJKBRLD567XLO6SQNLS\">Comentario de pol\u00edtica. Se refiere Mauricio Morales Quiroga, acad\u00e9mico de la Facultad de Ciencias Jur\u00eddicas y Sociales. \u00a0<\/a><\/p><p>\u00a0<\/p><\/div><\/div><\/div><div><p><b>MEDIABANCO<\/b>\u00a0<\/p><p><a href=\"https:\/\/www.mediabanco.com\/experto-destaco-la-confiabilidad-y-caracteristicas-unicas-del-censo-en-chile\/\">Experto destac\u00f3 la confiabilidad y caracter\u00edsticas \u00fanicas del censo en Chile. Se refiere Mario Herrera Mu\u00f1oz, acad\u00e9mico del Centro de An\u00e1lisis Pol\u00edtico (CAP).\u00a0<\/a><\/p><p>\u00a0<\/p><\/div><div><p><b>G5 NOTICIAS<\/b>\u00a0<\/p><p><a href=\"https:\/\/g5noticias.cl\/2024\/03\/14\/experto-destaco-la-confiabilidad-y-caracteristicas-unicas-del-censo-en-chile\/\">Experto destac\u00f3 la confiabilidad y caracter\u00edsticas \u00fanicas del censo en Chile. Se refiere Mario Herrera Mu\u00f1oz, acad\u00e9mico del Centro de An\u00e1lisis Pol\u00edtico (CAP).\u00a0<\/a><\/p><p>\u00a0<\/p><\/div><div><p><b>S\u00c9PTIMA P\u00c1GINA NOTICIAS<\/b>\u00a0<\/p><p><a href=\"https:\/\/www.septimapaginanoticias.cl\/experto-destaco-la-confiabilidad-y-caracteristicas-unicas-del-censo-en-chile\">Experto destac\u00f3 la confiabilidad y caracter\u00edsticas \u00fanicas del censo en Chile. Se refiere Mario Herrera Mu\u00f1oz, acad\u00e9mico del Centro de An\u00e1lisis Pol\u00edtico (CAP).\u00a0<\/a><\/p><p>\u00a0<\/p><\/div><div><p><b>EL DIARIO DE MAULE<\/b>\u00a0<br aria-hidden=\"true\" \/><a href=\"https:\/\/eldiariodemaule.cl\/destacan-confiabilidad-y-caracteristicas-unicas-del-censo-en-chile\/\">Destacan confiabilidad y caracter\u00edsticas \u00fanicas del Censo en Chile. Se refiere Mario Herrera Mu\u00f1oz, acad\u00e9mico del Centro de An\u00e1lisis Pol\u00edtico (CAP)\u00a0<\/a><br aria-hidden=\"true\" \/><br aria-hidden=\"true\" \/>\u00a0<b style=\"font-style: inherit;\">ELHERALDO.CL<\/b><span style=\"font-size: 16px;\">\u00a0<\/span><\/p><\/div><div><p><a href=\"https:\/\/www.diarioelheraldo.cl\/noticia\/experto-destaco-la-confiabilidad-y-caracteristicas-unicas-del-censo-en-chile\">Experto destac\u00f3 la confiabilidad y caracter\u00edsticas \u00fanicas del censo en Chile. Se refiere Mario Herrera Mu\u00f1oz, aacad\u00e9mico del Centro de An\u00e1lisis Pol\u00edtico (CAP). \u00a0<\/a><\/p><p>\u00a0<\/p><div><p><b>CR\u00d3NICA DIGITAL<\/b><b>\u00a0<\/b><\/p><p><a href=\"https:\/\/www.cronicadigital.cl\/2024\/03\/14\/boric-completa-dos-anos-con-loado-control-de-inflacion-en-chile-aunque-sin-avance-en-acuerdos-previsional-y-tributario\/\">Boric completa dos a\u00f1os con loado control de inflaci\u00f3n en Chile, aunque sin avance en acuerdos previsional y tributario. Se refiere Jorge Navarrete, acad\u00e9mico de la Facultad de econom\u00eda y Negocios. \u00a0<\/a><\/p><\/div><\/div><div><p><b><br aria-hidden=\"true\" \/>RADIO METROPOLITAN DE CONCEPCI\u00d3N<\/b><\/p><p><a href=\"https:\/\/www.litoralpress.cl\/sitio\/RadioTV_Detalles.cshtml?LPKey=GMETGDNFVWVNGB4EUDKVBIQ4FHQ3D7D3EZOK4E6DXUGUI2KS2F3DVAWNPEJTYBWAWAXIWRZCWMYFA\">Vacunas contra el Covid- 19 y Entrevista a Erika Retamal Contreras, directora del departamento de Salud P\u00fablica.<\/a> <b>\u00a0<\/b><\/p><p>\u00a0<\/p><p><b>RADIO GUAYAC\u00c1N<\/b><b>\u00a0DE COQUIMBO<\/b><\/p><p><a href=\"https:\/\/www.litoralpress.cl\/sitio\/RadioTV_Detalles.cshtml?LPKey=3LFQRVDMKIRD5P77YZ66PUAGKMA25G4JAUN5VOA7OI2HCDJPQLJRHBK4XRMZCONJHUVV7U6RA4MCU\">An\u00e1lisis de drogas comunes en Chile. Entrevista a Jesica Z\u00fa\u00f1iga, investigadora de la Facultad de Ciencias de la Salud.\u00a0<\/a><\/p><p>\u00a0<\/p><\/div><div><p><b>RADIO AMIGA<\/b><b>\u00a0<br aria-hidden=\"true\" \/><\/b><a href=\"https:\/\/www.litoralpress.cl\/sitio\/RadioTV_Detalles.cshtml?LPKey=2RS76DEEAIJQLU6UYFSODMBGHPZOQGRUIJIKW25HW3MSZNIIVTUO6D5XDMMRAOBBB6PQCSQGYBANI\">La brecha salarial en Chile es un problema grave que requiere soluciones urgentes. Se refiere Andrea Betancor, acad\u00e9mica Facultad de Econom\u00eda y Negocios.<\/a><a href=\"https:\/\/www.litoralpress.cl\/sitio\/RadioTV_Detalles.cshtml?LPKey=2RS76DEEAIJQLU6UYFSODMBGHPZOQGRUIJIKW25HW3MSZNIIVTUO6D5XDMMRAOBBB6PQCSQGYBANI\">\u00a0<\/a><b><br aria-hidden=\"true\" \/><\/b><\/p><\/div><div>\u00a0<\/div><div><p><b>RADIO LAUTARO<\/b>\u00a0<\/p><p><a href=\"https:\/\/www.litoralpress.cl\/sitio\/RadioTV_Detalles.cshtml?LPKey=ZWEVKVR4NMUNDZXAS6PGAUQLDJM227RV3WCJXXIDTFDVQTKQYG74FLXMJJ2TMH2XEIVQH2U2JVX7C\">S\u00edndrome de Boca Urente. Entrevista a Daniel Droguett acad\u00e9mico de la Facultad de Odontolog\u00eda de la UTalca.\u00a0<\/a><\/p><\/div>\t\t\t\t\t\t<\/div>\n\t\t\t\t<\/div>\n\t\t\t\t\t<\/div>\n\t\t<\/div>\n\t\t\t\t\t\t\t<\/div>\n\t\t<\/section>\n\t\t\t\t\t\t<\/div>\n\t\t\t\t\t<\/div>\n\t\t","protected":false},"excerpt":{"rendered":"<p>EL LECTOR\u00a0Universidad de Talca se adjudica 48 becas de doctorado ANID. Se refiere Johanna Kreither Olivares, directora de Postgrado.\u00a0 ELHERALDO.CL\u00a0Universidad de Talca se adjudica 48 becas de doctorado ANID. Se refiere Johanna Kreither Olivares, directora de Postgrado. \u00a0 PUBLIMICRO\u00a0Batiendo su propio r\u00e9cord del 2022, Universidad de Talca se adjudica 48 becas de doctorado ANID. Se &hellip;<\/p>\n<p class=\"read-more\"> <a class=\"\" href=\"https:\/\/www.reportedeprensa.utalca.cl\/?p=9311\"> <span class=\"screen-reader-text\">15 de marzo de 2024<\/span> Read More &raquo;<\/a><\/p>\n","protected":false},"author":1,"featured_media":0,"comment_status":"closed","ping_status":"open","sticky":false,"template":"","format":"standard","meta":{"_monsterinsights_skip_tracking":false,"_monsterinsights_sitenote_active":false,"_monsterinsights_sitenote_note":"","_monsterinsights_sitenote_category":0},"categories":[46],"tags":[],"_links":{"self":[{"href":"https:\/\/www.reportedeprensa.utalca.cl\/index.php?rest_route=\/wp\/v2\/posts\/9311"}],"collection":[{"href":"https:\/\/www.reportedeprensa.utalca.cl\/index.php?rest_route=\/wp\/v2\/posts"}],"about":[{"href":"https:\/\/www.reportedeprensa.utalca.cl\/index.php?rest_route=\/wp\/v2\/types\/post"}],"author":[{"embeddable":true,"href":"https:\/\/www.reportedeprensa.utalca.cl\/index.php?rest_route=\/wp\/v2\/users\/1"}],"replies":[{"embeddable":true,"href":"https:\/\/www.reportedeprensa.utalca.cl\/index.php?rest_route=%2Fwp%2Fv2%2Fcomments&post=9311"}],"version-history":[{"count":4,"href":"https:\/\/www.reportedeprensa.utalca.cl\/index.php?rest_route=\/wp\/v2\/posts\/9311\/revisions"}],"predecessor-version":[{"id":9315,"href":"https:\/\/www.reportedeprensa.utalca.cl\/index.php?rest_route=\/wp\/v2\/posts\/9311\/revisions\/9315"}],"wp:attachment":[{"href":"https:\/\/www.reportedeprensa.utalca.cl\/index.php?rest_route=%2Fwp%2Fv2%2Fmedia&parent=9311"}],"wp:term":[{"taxonomy":"category","embeddable":true,"href":"https:\/\/www.reportedeprensa.utalca.cl\/index.php?rest_route=%2Fwp%2Fv2%2Fcategories&post=9311"},{"taxonomy":"post_tag","embeddable":true,"href":"https:\/\/www.reportedeprensa.utalca.cl\/index.php?rest_route=%2Fwp%2Fv2%2Ftags&post=9311"}],"curies":[{"name":"wp","href":"https:\/\/api.w.org\/{rel}","templated":true}]}}