{"id":9323,"date":"2024-03-18T12:09:20","date_gmt":"2024-03-18T15:09:20","guid":{"rendered":"https:\/\/www.reportedeprensa.utalca.cl\/?p=9323"},"modified":"2024-03-20T11:19:57","modified_gmt":"2024-03-20T14:19:57","slug":"18-de-marzo-de-2024","status":"publish","type":"post","link":"https:\/\/www.reportedeprensa.utalca.cl\/?p=9323","title":{"rendered":"19 de marzo de 2024"},"content":{"rendered":"\t\t<div data-elementor-type=\"wp-post\" data-elementor-id=\"9323\" class=\"elementor elementor-9323\" data-elementor-settings=\"[]\">\n\t\t\t\t\t\t\t<div class=\"elementor-section-wrap\">\n\t\t\t\t\t\t\t<section class=\"elementor-section elementor-top-section elementor-element elementor-element-bcea1a8 elementor-section-boxed elementor-section-height-default elementor-section-height-default\" data-id=\"bcea1a8\" data-element_type=\"section\">\n\t\t\t\t\t\t<div class=\"elementor-container elementor-column-gap-default\">\n\t\t\t\t\t<div class=\"elementor-column elementor-col-100 elementor-top-column elementor-element elementor-element-e7183bf\" data-id=\"e7183bf\" data-element_type=\"column\">\n\t\t\t<div class=\"elementor-widget-wrap elementor-element-populated\">\n\t\t\t\t\t\t\t\t<div class=\"elementor-element elementor-element-5ffbb87 elementor-widget elementor-widget-text-editor\" data-id=\"5ffbb87\" data-element_type=\"widget\" data-widget_type=\"text-editor.default\">\n\t\t\t\t<div class=\"elementor-widget-container\">\n\t\t\t\t\t\t\t\t<p><b>EL DIARIO SANTIAGO\u00a0<br aria-hidden=\"true\" \/><\/b><a href=\"http:\/\/eldiariosantiago.cl\/utalca-aumenta-atenciones-de-salud-para-sus-estudiantes\/\">UTalca aumenta atenciones de salud para sus estudiantes. Se refiere Daniel Jim\u00e9nez Acu\u00f1a, director Salud del Estudiante.\u00a0<\/a><b><br aria-hidden=\"true\" \/><\/b><\/p><p><b>\u00a0<\/b><\/p><p><b>PUBLIMICRO<\/b>\u00a0<br aria-hidden=\"true\" \/><a href=\"https:\/\/publimicro.cl\/universidad-de-talca-lidera-entre-las-universidades-estatales-al-aumentar-atenciones-de-salud-para-sus-estudiantes\/\">Universidad de Talca lidera entre las universidades estatales, al aumentar atenciones de salud para sus estudiantes. Se refiere Daniel Jim\u00e9nez Acu\u00f1a, director Salud del Estudiante. \u00a0<\/a><br aria-hidden=\"true\" \/><br \/><\/p><p><b>G5 NOTICIAS<\/b>\u00a0<br aria-hidden=\"true\" \/><a href=\"https:\/\/g5noticias.cl\/2024\/03\/18\/utalca-aumenta-atenciones-de-salud-para-sus-estudiantes\/\">UTalca aumenta atenciones de salud para sus estudiantes. Se refiere Daniel Jim\u00e9nez Acu\u00f1a, director Salud del Estudiante. \u00a0<\/a><br aria-hidden=\"true\" \/><br \/><\/p><p><b>DIARIO EL CENTRO<\/b>\u00a0<br aria-hidden=\"true\" \/><a href=\"https:\/\/www.diarioelcentro.cl\/2024\/03\/18\/universidad-de-talca-lidera-en-atencion-de-salud-para-sus-estudiantes\/\">UTalca aumenta atenciones de salud para sus estudiantes. Se refiere Daniel Jim\u00e9nez Acu\u00f1a, director Salud del Estudiante. \u00a0<\/a><br aria-hidden=\"true\" \/><br \/><\/p><p><b>CHILL\u00c1N ONLINE<\/b>\u00a0<br aria-hidden=\"true\" \/><a href=\"https:\/\/www.chillanonline.cl\/V7\/2024\/03\/16\/investigadoras-motivan-a-ninas-y-adolescentes-al-estudio-de-las-ciencias\/\">Investigadoras motivan a ni\u00f1as y adolescentes al estudio de las ciencias. Se refieren Ver\u00f3nica Carrasco, acad\u00e9mica de la Facultad de Ciencias de la Salud; Lina Uribe, acad\u00e9mica de la Facultad de Ingenier\u00eda; \u00a0Mar\u00eda Luisa del Campo, directora del Centro Tecnol\u00f3gico Kipus; y Ximena Colip\u00e1n, acad\u00e9mica de la Facultad de Ciencias de la Educaci\u00f3n. \u00a0<\/a><\/p><p>\u00a0<\/p><p><b><\/b><b>DIARIO TALCA\u00a0<\/b>\u00a0<br aria-hidden=\"true\" \/><a href=\"https:\/\/diariotalca.cl\/experto-destaco-la-confiabilidad-y-caracteristicas-unicas-del-censo-2024\/\">\u00bfA su hijo o hija les gusta la rob\u00f3tica? Aqu\u00ed datos para talleres en UTalca. Se menciona la Universidad de Talca.\u00a0<\/a><b><br aria-hidden=\"true\" \/><\/b><\/p><p>\u00a0<\/p><p><b>PUBLIMICRO<\/b>\u00a0<br aria-hidden=\"true\" \/><a href=\"https:\/\/publimicro.cl\/robotica-educativa-estudiantes-pueden-postular-a-convocatoria-de-la-universidad-de-talca\/\">Rob\u00f3tica educativa: estudiantes pueden postular a convocatoria de la Universidad de Talca. Se refiere Karin Saavedra Redlich, directora Vinculaci\u00f3n con el Medio.\u00a0<\/a><br aria-hidden=\"true\" \/><br \/><\/p><p><b>EL DIARIO SANTIAGO<\/b>\u00a0<br aria-hidden=\"true\" \/><a href=\"http:\/\/eldiariosantiago.cl\/robotica-educativa-estudiantes-pueden-postular-a-convocatoria-de-la-universidad-de-talca\/\">Rob\u00f3tica educativa: estudiantes pueden postular a convocatoria de la Universidad de Talca. Se refiere Karin Saavedra Redlich, directora Vinculaci\u00f3n con el Medio. \u00a0<\/a><br aria-hidden=\"true\" \/><br \/><\/p><p><b>EL MAULE INFORMA<\/b>\u00a0<br aria-hidden=\"true\" \/><a href=\"https:\/\/elmauleinforma.cl\/robotica-educativa-estudiantes-pueden-postular-a-convocatoria-de-la-universidad-de-talca\/\">Rob\u00f3tica educativa: estudiantes pueden postular a convocatoria de la Universidad de Talca. Se refiere Karin Saavedra Redlich, directora Vinculaci\u00f3n con el Medio. \u00a0<\/a><br aria-hidden=\"true\" \/><br \/><\/p><p><b>CHILL\u00c1N ONLINE<\/b>\u00a0<br aria-hidden=\"true\" \/><a href=\"https:\/\/www.chillanonline.cl\/V7\/2024\/03\/17\/robotica-educativa-estudiantes-pueden-postular-a-convocatoria-de-la-universidad-de-talca\/\">Rob\u00f3tica educativa: estudiantes pueden postular a convocatoria de la Universidad de Talca. Se refiere Karin Saavedra Redlich, directora Vinculaci\u00f3n con el Medio. \u00a0<\/a><br aria-hidden=\"true\" \/><br \/><\/p><p><b>CAUQUENES.NET<\/b>\u00a0<br aria-hidden=\"true\" \/><a href=\"https:\/\/cauquenesnet.cl\/2024\/03\/18\/robotica-educativa-estudiantes-pueden-postular-a-convocatoria-de-la-universidad-de-talca\/\">Rob\u00f3tica educativa: estudiantes pueden postular a convocatoria de la Universidad de Talca. Se refiere Karin Saavedra Redlich, directora Vinculaci\u00f3n con el Medio. \u00a0<\/a><br aria-hidden=\"true\" \/><br \/><\/p><p><b>S\u00c9PTIMA P\u00c1GINA NOTICIAS<\/b>\u00a0<br aria-hidden=\"true\" \/><a href=\"https:\/\/www.septimapaginanoticias.cl\/robotica-educativa-estudiantes-pueden-postular-a-convocatoria-de-la-universidad-de-talca\">Rob\u00f3tica educativa: estudiantes pueden postular a convocatoria de la Universidad de Talca. Se menciona la Universidad de Talca.\u00a0<\/a><br aria-hidden=\"true\" \/><br \/><\/p><p><b>EL MERCURIO\u00a0<\/b>\u00a0<\/p><p><a href=\"https:\/\/www.litoralpress.cl\/paginaconsultas\/Servicios_NClipSitio\/Get_Imagen_Nota.aspx?LPKey=YGRBDPVXWINXQ5YMNN4HA6JY42GZKC6S5DKW2D76PIRDY5F4MIG5G7CEPKRZOMHIFZQ3NZUWGCMOM\">Expertos discrepan ante la propuesta del Servel de una elecci\u00f3n en dos d\u00edas. Se refiere Mauricio Morales Quiroga, director Centro de An\u00e1lisis Pol\u00edtico. Pol\u00edtico.\u00a0<\/a><\/p><p>\u00a0<\/p><p><b>PUBLIMETRO\u00a0<br aria-hidden=\"true\" \/><\/b><a href=\"https:\/\/www.litoralpress.cl\/sitio\/Prensa_Detalles.cshtml?LPKey=Q4M6TKFSIZYPBVLMFU57FN3IGLAB7LIMEKQ2U24LTDOH5AWLO7YA\">Censo 2024: lo que hay que saber y las particularidades del actual proceso. Se refiere Mario Herrera Mu\u00f1oz, acad\u00e9mico del\u00a0<\/a><a href=\"https:\/\/www.litoralpress.cl\/sitio\/Prensa_Detalles.cshtml?LPKey=Q4M6TKFSIZYPBVLMFU57FN3IGLAB7LIMEKQ2U24LTDOH5AWLO7YA\">Centro de An\u00e1lisis Pol\u00edtico<\/a><a href=\"https:\/\/www.litoralpress.cl\/sitio\/Prensa_Detalles.cshtml?LPKey=Q4M6TKFSIZYPBVLMFU57FN3IGLAB7LIMEKQ2U24LTDOH5AWLO7YA\">\u00a0(CAP).<\/a><b><br aria-hidden=\"true\" \/><\/b><\/p><p><b>\u00a0<\/b><\/p><p><b>PUBLIMETRO.CL<\/b>\u00a0<br aria-hidden=\"true\" \/>Censo 2024: lo que hay que saber y las particularidades del actual <a href=\"https:\/\/www.publimetro.cl\/noticias\/2024\/03\/18\/censo-2024-lo-que-hay-que-saber-y-las-particularidades-del-actual-proceso\/\">proceso. Se refiere Mario Herrera Mu\u00f1oz, acad\u00e9mico del\u00a0Centro de An\u00e1lisis Pol\u00edtico\u00a0(CAP).<\/a><br aria-hidden=\"true\" \/><br \/><\/p><p><b>DIARIOTALCA.CL<\/b>\u00a0<br aria-hidden=\"true\" \/><a href=\"https:\/\/diariotalca.cl\/experto-destaco-la-confiabilidad-y-caracteristicas-unicas-del-censo-2024\/\">Experto destac\u00f3 la confiabilidad y caracter\u00edsticas \u00fanicas del Censo 2024. Se refiere Mario Herrera Mu\u00f1oz, acad\u00e9mico del\u00a0Centro de An\u00e1lisis Pol\u00edtico\u00a0(CAP).<\/a><br aria-hidden=\"true\" \/><br \/><\/p><p><b>ADPRENSA<\/b>\u00a0<br aria-hidden=\"true\" \/><a href=\"https:\/\/www.adprensa.cl\/cronica\/elecciones-2024-que-se-vota-y-cuales-son-las-novedades-del-proceso\/\">Elecciones 2024: \u00bfQu\u00e9 se vota y cu\u00e1les son las novedades del proceso? Se refiere Mario Herrera Mu\u00f1oz, acad\u00e9mico del\u00a0Centro de An\u00e1lisis Pol\u00edtico\u00a0(CAP).<\/a><br aria-hidden=\"true\" \/><br \/><\/p><p><b>MEDIABANCO<\/b>\u00a0<br aria-hidden=\"true\" \/><a href=\"https:\/\/www.mediabanco.com\/elecciones-2024-que-se-vota-y-cuales-son-las-novedades-del-proceso\/\">Elecciones 2024: \u00bfQu\u00e9 se vota y cu\u00e1les son las novedades del proceso? Se refiere Mario Herrera Mu\u00f1oz, acad\u00e9mico del\u00a0Centro de An\u00e1lisis Pol\u00edtico\u00a0(CAP).<\/a><br aria-hidden=\"true\" \/><br \/><\/p><p><b>DIARIOS EN RED\u00a0<br aria-hidden=\"true\" \/><\/b><a href=\"https:\/\/diariosenred.com\/nacional\/elecciones-2024-que-se-vota-y-cuales-son-las-novedades-del-proceso\">Elecciones 2024: \u00bfQu\u00e9 se vota y cu\u00e1les son las novedades del proceso? Se refiere Mario Herrera Mu\u00f1oz, acad\u00e9mico del\u00a0<\/a><a href=\"https:\/\/diariosenred.com\/nacional\/elecciones-2024-que-se-vota-y-cuales-son-las-novedades-del-proceso\">Centro de An\u00e1lisis Pol\u00edtico<\/a><a href=\"https:\/\/diariosenred.com\/nacional\/elecciones-2024-que-se-vota-y-cuales-son-las-novedades-del-proceso\">\u00a0(CAP).<\/a><b><br aria-hidden=\"true\" \/><\/b><\/p><p>\u00a0<\/p><p><b>RED VALPARA\u00cdSO<\/b>\u00a0<br aria-hidden=\"true\" \/><a href=\"https:\/\/redvalparaiso.com\/nacional\/elecciones-2024-que-se-vota-y-cuales-son-las-novedades-del-proceso\">Elecciones 2024: \u00bfQu\u00e9 se vota y cu\u00e1les son las novedades del proceso? Se refiere Mario Herrera Mu\u00f1oz, acad\u00e9mico del\u00a0Centro de An\u00e1lisis Pol\u00edtico\u00a0(CAP).<\/a><br aria-hidden=\"true\" \/><br \/><\/p><p><b>RED MAULE<\/b>\u00a0<br aria-hidden=\"true\" \/><a href=\"https:\/\/redmaule.com\/nacional\/elecciones-2024-que-se-vota-y-cuales-son-las-novedades-del-proceso\">Elecciones 2024: \u00bfQu\u00e9 se vota y cu\u00e1les son las novedades del proceso? Se refiere Mario Herrera Mu\u00f1oz, acad\u00e9mico del\u00a0Centro de An\u00e1lisis Pol\u00edtico\u00a0(CAP).<\/a><br aria-hidden=\"true\" \/><br \/><\/p><p><b>RED ARICA<\/b>\u00a0<br aria-hidden=\"true\" \/><a href=\"https:\/\/redarica.com\/nacional\/elecciones-2024-que-se-vota-y-cuales-son-las-novedades-del-proceso\">Elecciones 2024: \u00bfQu\u00e9 se vota y cu\u00e1les son las novedades del proceso? Se refiere Mario Herrera Mu\u00f1oz, acad\u00e9mico del\u00a0Centro de An\u00e1lisis Pol\u00edtico\u00a0(CAP).<\/a><br aria-hidden=\"true\" \/><br \/><\/p><p><b>RED TARAPAC\u00c1<\/b>\u00a0<br aria-hidden=\"true\" \/><a href=\"https:\/\/redtarapaca.com\/nacional\/elecciones-2024-que-se-vota-y-cuales-son-las-novedades-del-proceso\">Elecciones 2024: \u00bfQu\u00e9 se vota y cu\u00e1les son las novedades del proceso? Se refiere Mario Herrera Mu\u00f1oz, acad\u00e9mico del\u00a0Centro de An\u00e1lisis Pol\u00edtico\u00a0(CAP).<\/a><br aria-hidden=\"true\" \/><br \/><\/p><p><b>RED COQUIMBO<\/b>\u00a0<br aria-hidden=\"true\" \/><a href=\"https:\/\/redcoquimbo.com\/nacional\/elecciones-2024-que-se-vota-y-cuales-son-las-novedades-del-proceso\">Elecciones 2024: \u00bfQu\u00e9 se vota y cu\u00e1les son las novedades del proceso? Se refiere Mario Herrera Mu\u00f1oz, acad\u00e9mico del\u00a0Centro de An\u00e1lisis Pol\u00edtico\u00a0(CAP).<\/a><br aria-hidden=\"true\" \/><br \/><\/p><p><b>RED AYS\u00c9N<\/b>\u00a0<br aria-hidden=\"true\" \/><a href=\"https:\/\/redaysen.com\/nacional\/elecciones-2024-que-se-vota-y-cuales-son-las-novedades-del-proceso\">Elecciones 2024: \u00bfQu\u00e9 se vota y cu\u00e1les son las novedades del proceso? Se refiere Mario Herrera Mu\u00f1oz, acad\u00e9mico del\u00a0Centro de An\u00e1lisis Pol\u00edtico\u00a0(CAP).<\/a><br aria-hidden=\"true\" \/><br \/><\/p><p><b>EL RANCAG\u00dcINO\u00a0<br aria-hidden=\"true\" \/><\/b><a href=\"https:\/\/www.litoralpress.cl\/paginaconsultas\/Servicios_NClipSitio\/Get_Imagen_Nota.aspx?LPKey=U7IANKI63HODLMZBRNMZC4W6J3M4FNYAWGR53N7TOR4GSNW4FJWXIOBYHFUMJ3XCG6I7TJNWH6QYK\">Nodo CTCI Macrozona Centro Sur realiza seminario para entregar resultados en Misi\u00f3n Ciencia. Se menciona la Universidad de Talca.<\/a><\/p><p>\u00a0<\/p><p><b>EL RANCAGUINO<\/b>\u00a0<br aria-hidden=\"true\" \/><a href=\"https:\/\/www.elrancaguino.cl\/2024\/03\/18\/nodo-ctci-macrozona-centro-sur-realiza-seminario-para-entregar-resultados-en-mision-ciencia\/\">Nodo CTCI Macrozona Centro Sur realiza seminario para entregar resultados en Misi\u00f3n Ciencia.\u00a0<\/a><br aria-hidden=\"true\" \/><br \/><\/p><p><b>RADIO GUAYAC\u00c1N<\/b>\u00a0<br aria-hidden=\"true\" \/><a href=\"https:\/\/www.litoralpress.cl\/sitio\/RadioTV_Detalles.cshtml?LPKey=SDH4NIHSK7I36HP63BWJL4XSYVMYCMX4MZKTFJVD7A3IWUH2DRYDAUDC5WB2JHKLDRY4RECACY6O6\">Crisis en Hait\u00ed. Entrevista a Alejandra M\u00e1rquez, acad\u00e9mica de la Facultad de Ciencias Jur\u00eddicas y Sociales. \u00a0<\/a><b><br aria-hidden=\"true\" \/><\/b><b><a id=\"OWAafc34f7c-ab88-6c12-e7fb-d71fee2406b0\" class=\"x_OWAAutoLink\" href=\"https:\/\/www.litoralpress.cl\/sitio\/RadioTV_Detalles.cshtml?LPKey=SDH4NIHSK7I36HP63BWJL4XSYVMYCMX4MZKTFJVD7A3IWUH2DRYDAUDC5WB2JHKLDRY4RECACY6O6\" target=\"_blank\" rel=\"noopener noreferrer\" data-auth=\"NotApplicable\" data-linkindex=\"27\"><\/a><\/b>\u00a0<\/p><p><b>EST\u00c1 PASANDO<\/b>\u00a0<br aria-hidden=\"true\" \/><a href=\"https:\/\/estapasando.cl\/haiti-inestabilidad-persistente-y-crisis-humanitaria\/\">Hait\u00ed: Inestabilidad persistente y crisis humanitaria. Se refiere Alejandra M\u00e1rquez, acad\u00e9mica Facultad de Ciencias Jur\u00eddicas y Sociales.\u00a0<\/a><\/p><p>\u00a0<\/p><p><b>LAS \u00daLTIMAS NOTICIAS<\/b>\u00a0<br aria-hidden=\"true\" \/><a href=\"https:\/\/www.litoralpress.cl\/paginaconsultas\/Servicios_NClipSitio\/Get_Imagen_Nota.aspx?LPKey=UUUI7T2G72CRUIVPBDUY25XONAPIXQ3FATOXDQSWX4OVJXUJ72ZWORSJ3WXQCNPOIX6CT3L6YZ4LC\">Los sueldos de los ingenieros civiles industriales seg\u00fan su universidad de egreso. Se menciona la Universidad de Talca.<\/a><\/p><p>\u00a0<\/p><p><b>MEGANOTICIAS.CL<\/b><br aria-hidden=\"true\" \/><a href=\"https:\/\/www.meganoticias.cl\/dato-util\/442641-ingenieria-civil-industrial-sueldos-cuarto-ano-de-egreso-pdp-18-03-2024.html\">Estos son los sueldos que pueden ganar los ingenieros civiles industriales seg\u00fan universidad. Se menciona la Universidad de Talca. \u00a0<\/a><b><br aria-hidden=\"true\" \/><br \/><\/b><\/p><p><b>LA PRENSA DE CURIC\u00d3<\/b>\u00a0<br aria-hidden=\"true\" \/><a href=\"https:\/\/www.litoralpress.cl\/paginaconsultas\/Servicios_NClipSitio\/Get_Imagen_Nota.aspx?LPKey=K2DHPBR55BMCUISJLYGLEQKOWPLQWUSJKMNXHVNMJ4ABX3P5S3N54IBB4SAOHXNUT5P5TYXSVEQ4U\">Fotonoticia. Se menciona la Universidad de Talca. \u00a0<\/a><\/p><p class=\"x_elementToProof\">\u00a0<\/p>\t\t\t\t\t\t<\/div>\n\t\t\t\t<\/div>\n\t\t\t\t\t<\/div>\n\t\t<\/div>\n\t\t\t\t\t\t\t<\/div>\n\t\t<\/section>\n\t\t\t\t\t\t<\/div>\n\t\t\t\t\t<\/div>\n\t\t","protected":false},"excerpt":{"rendered":"<p>EL DIARIO SANTIAGO\u00a0UTalca aumenta atenciones de salud para sus estudiantes. Se refiere Daniel Jim\u00e9nez Acu\u00f1a, director Salud del Estudiante.\u00a0 \u00a0 PUBLIMICRO\u00a0Universidad de Talca lidera entre las universidades estatales, al aumentar atenciones de salud para sus estudiantes. Se refiere Daniel Jim\u00e9nez Acu\u00f1a, director Salud del Estudiante. \u00a0 G5 NOTICIAS\u00a0UTalca aumenta atenciones de salud para sus estudiantes. &hellip;<\/p>\n<p class=\"read-more\"> <a class=\"\" href=\"https:\/\/www.reportedeprensa.utalca.cl\/?p=9323\"> <span class=\"screen-reader-text\">19 de marzo de 2024<\/span> Read More &raquo;<\/a><\/p>\n","protected":false},"author":1,"featured_media":0,"comment_status":"closed","ping_status":"open","sticky":false,"template":"","format":"standard","meta":{"_monsterinsights_skip_tracking":false,"_monsterinsights_sitenote_active":false,"_monsterinsights_sitenote_note":"","_monsterinsights_sitenote_category":0},"categories":[46],"tags":[],"_links":{"self":[{"href":"https:\/\/www.reportedeprensa.utalca.cl\/index.php?rest_route=\/wp\/v2\/posts\/9323"}],"collection":[{"href":"https:\/\/www.reportedeprensa.utalca.cl\/index.php?rest_route=\/wp\/v2\/posts"}],"about":[{"href":"https:\/\/www.reportedeprensa.utalca.cl\/index.php?rest_route=\/wp\/v2\/types\/post"}],"author":[{"embeddable":true,"href":"https:\/\/www.reportedeprensa.utalca.cl\/index.php?rest_route=\/wp\/v2\/users\/1"}],"replies":[{"embeddable":true,"href":"https:\/\/www.reportedeprensa.utalca.cl\/index.php?rest_route=%2Fwp%2Fv2%2Fcomments&post=9323"}],"version-history":[{"count":15,"href":"https:\/\/www.reportedeprensa.utalca.cl\/index.php?rest_route=\/wp\/v2\/posts\/9323\/revisions"}],"predecessor-version":[{"id":9359,"href":"https:\/\/www.reportedeprensa.utalca.cl\/index.php?rest_route=\/wp\/v2\/posts\/9323\/revisions\/9359"}],"wp:attachment":[{"href":"https:\/\/www.reportedeprensa.utalca.cl\/index.php?rest_route=%2Fwp%2Fv2%2Fmedia&parent=9323"}],"wp:term":[{"taxonomy":"category","embeddable":true,"href":"https:\/\/www.reportedeprensa.utalca.cl\/index.php?rest_route=%2Fwp%2Fv2%2Fcategories&post=9323"},{"taxonomy":"post_tag","embeddable":true,"href":"https:\/\/www.reportedeprensa.utalca.cl\/index.php?rest_route=%2Fwp%2Fv2%2Ftags&post=9323"}],"curies":[{"name":"wp","href":"https:\/\/api.w.org\/{rel}","templated":true}]}}