{"id":9356,"date":"2024-03-20T11:14:21","date_gmt":"2024-03-20T14:14:21","guid":{"rendered":"https:\/\/www.reportedeprensa.utalca.cl\/?p=9356"},"modified":"2024-03-20T13:12:55","modified_gmt":"2024-03-20T16:12:55","slug":"20-de-marzo-de-2024","status":"publish","type":"post","link":"https:\/\/www.reportedeprensa.utalca.cl\/?p=9356","title":{"rendered":"20 de marzo de 2024"},"content":{"rendered":"\t\t<div data-elementor-type=\"wp-post\" data-elementor-id=\"9356\" class=\"elementor elementor-9356\" data-elementor-settings=\"[]\">\n\t\t\t\t\t\t\t<div class=\"elementor-section-wrap\">\n\t\t\t\t\t\t\t<section class=\"elementor-section elementor-top-section elementor-element elementor-element-bcea1a8 elementor-section-boxed elementor-section-height-default elementor-section-height-default\" data-id=\"bcea1a8\" data-element_type=\"section\">\n\t\t\t\t\t\t<div class=\"elementor-container elementor-column-gap-default\">\n\t\t\t\t\t<div class=\"elementor-column elementor-col-100 elementor-top-column elementor-element elementor-element-e7183bf\" data-id=\"e7183bf\" data-element_type=\"column\">\n\t\t\t<div class=\"elementor-widget-wrap elementor-element-populated\">\n\t\t\t\t\t\t\t\t<div class=\"elementor-element elementor-element-5ffbb87 elementor-widget elementor-widget-text-editor\" data-id=\"5ffbb87\" data-element_type=\"widget\" data-widget_type=\"text-editor.default\">\n\t\t\t\t<div class=\"elementor-widget-container\">\n\t\t\t\t\t\t\t\t<p><b>EN L\u00cdNEA MAULE<br aria-hidden=\"true\" \/><\/b><a href=\"https:\/\/enlineamaule.cl\/archivo\/55092\">Hospital de Curic\u00f3 ampli\u00f3 su capacidad formadora y estudiantes de salud de la UTalca pueden realizar pr\u00e1cticas cl\u00ednicas. Se refiere Ernesto Sol\u00eds A\u00f1es, director Escuela de Medicina.<\/a><\/p><p><b><br aria-hidden=\"true\" \/>DIARIOELHERALDO.CL<br aria-hidden=\"true\" \/><\/b><a href=\"https:\/\/www.diarioelheraldo.cl\/noticia\/nuevo-hospital-de-curico-es-el-principal-campus-clinico-de-estudiantes-de-la-utalca\">Nuevo Hospital de Curic\u00f3 es el principal campus cl\u00ednico de estudiantes de la Utalca. Se refiere Ernesto Sol\u00eds A\u00f1es, director Escuela de Medicina.<\/a><\/p><p>\u00a0<\/p><p><b>MEDIABANCO<br aria-hidden=\"true\" \/><\/b><a href=\"https:\/\/www.mediabanco.com\/nuevo-hospital-de-curico-es-el-principal-campus-clinico-de-estudiantes-de-la-utalca\/\">Nuevo Hospital de Curic\u00f3 es el principal campus cl\u00ednico de estudiantes de la UTalca. Se refiere Ernesto Sol\u00eds A\u00f1es, director Escuela de Medicina.<\/a><b><br aria-hidden=\"true\" \/><\/b><\/p><p>\u00a0<\/p><p><b>ADPRENSA<\/b><br aria-hidden=\"true\" \/><a href=\"https:\/\/www.adprensa.cl\/cronica\/nuevo-hospital-de-curico-es-el-principal-campus-clinico-de-estudiantes-de-la-utalca\/\">Nuevo Hospital de Curic\u00f3 es el principal campus cl\u00ednico de estudiantes de la UTalca. Se refiere Ernesto Sol\u00eds A\u00f1es, director Escuela de Medicina.<\/a><\/p><p>\u00a0<\/p><p><b>G5 NOTICIAS\u00a0<br aria-hidden=\"true\" \/><\/b><a href=\"https:\/\/g5noticias.cl\/2024\/03\/18\/utalca-aumenta-atenciones-de-salud-para-sus-estudiantes\/\">UTalca aumenta atenciones de salud para sus estudiantes. Se refiere Daniel Jim\u00e9nez Acu\u00f1a, director Salud del Estudiante. \u00a0<\/a><b><br aria-hidden=\"true\" \/><\/b><\/p><p>\u00a0<\/p><p><b>DIARIO EL CENTRO<\/b>\u00a0<br aria-hidden=\"true\" \/><a href=\"https:\/\/www.diarioelcentro.cl\/2024\/03\/18\/universidad-de-talca-lidera-en-atencion-de-salud-para-sus-estudiantes\/\">UTalca aumenta atenciones de salud para sus estudiantes. Se refiere Daniel Jim\u00e9nez Acu\u00f1a, director Salud del Estudiante. \u00a0<\/a><\/p><p>\u00a0<\/p><p><b>CHILL\u00c1N ONLINE<\/b>\u00a0<br aria-hidden=\"true\" \/><a href=\"https:\/\/www.chillanonline.cl\/V7\/2024\/03\/16\/investigadoras-motivan-a-ninas-y-adolescentes-al-estudio-de-las-ciencias\/\">Investigadoras motivan a ni\u00f1as y adolescentes al estudio de las ciencias. Se refieren Ver\u00f3nica Carrasco, acad\u00e9mica de la Facultad de Ciencias de la Salud; Lina Uribe, acad\u00e9mica de la Facultad de Ingenier\u00eda; \u00a0Mar\u00eda Luisa del Campo, directora del Centro Tecnol\u00f3gico Kipus; y Ximena Colip\u00e1n, acad\u00e9mica de la Facultad de Ciencias de la Educaci\u00f3n. \u00a0<\/a><b><br aria-hidden=\"true\" \/><\/b><\/p><p>\u00a0<\/p><p><b>EL MERCURIO<br aria-hidden=\"true\" \/><\/b><a href=\"https:\/\/www.litoralpress.cl\/paginaconsultas\/Servicios_NClipSitio\/Get_Imagen_Nota.aspx?LPKey=SUBVBCCANYA3ZK7Z2BZYWMJFKWSABHFC644JJ2VUR5ERBKQ2Z6ZSVBEIZTA7QJFXZ6YMOXMGML32Q\">Gobierno acoge petici\u00f3n del Servel para realizar comicios de octubre en dos d\u00edas. Se refiere Mauricio Morales Quiroga, acad\u00e9mico de la Facultad de Ciencias Jur\u00eddicas y Sociales.<\/a><b><br aria-hidden=\"true\" \/><\/b><b>\u00a0<\/b><\/p><p><b>EL MERCURIO<br aria-hidden=\"true\" \/><\/b><a href=\"https:\/\/www.litoralpress.cl\/sitio\/Prensa_Detalles.cshtml?LPKey=HTD6QYMW6YAKH7VWDQGEYQXRMQW2EGAIBLUADTSJ6N3ALHXFUDHA\">PC presiona por remoci\u00f3n de Y\u00e1\u00f1ez y La Moneda intenta dejar decisi\u00f3n en manos del general. Se refiere Mauricio Morales Quiroga, acad\u00e9mico de la Facultad de Ciencias Jur\u00eddicas y Sociales.<\/a><br aria-hidden=\"true\" \/><b>\u00a0<\/b><\/p><p><b>CNN CHILE<br aria-hidden=\"true\" \/><\/b><a href=\"https:\/\/www.cnnchile.com\/programas-completos\/fenomeno-nina-invierno-frio-seco_20240319\/\">Fen\u00f3meno de la Ni\u00f1a: \u00bfTendremos un invierno m\u00e1s fr\u00edo y seco? Se refiere Patricio Gonz\u00e1lez Colville, agroclimat\u00f3logo y acad\u00e9mico del Centro de Investigaci\u00f3n y Transferencia en Riego y Agroclimatolog\u00eda (CITRA).\u00a0<\/a><b><br aria-hidden=\"true\" \/><br aria-hidden=\"true\" \/><\/b><\/p><p><b>CONTRAPLANO<br aria-hidden=\"true\" \/><\/b><a href=\"https:\/\/www.litoralpress.cl\/paginaconsultas\/Servicios_NClipSitio\/Get_Imagen_Nota.aspx?LPKey=KGAMVKRFBHC4HLVUKQBJ4RDAJLOHN4IYDZUIA2AN3STTWIA3D6U2DTBVHQWVTZ6O56XYMWPI6FJA4\">El nuevo fen\u00f3meno clim\u00e1tico que llegar\u00eda a Chile y podr\u00eda durar hasta 3 a\u00f1os. Se refiere Patricio Gonz\u00e1lez Colville, agroclimat\u00f3logo y acad\u00e9mico del Centro de Investigaci\u00f3n y Transferencia en Riego y Agroclimatolog\u00eda (CITRA).\u00a0<\/a><\/p><p>\u00a0<\/p><p><b>EL LECTOR<\/b><br aria-hidden=\"true\" \/><a href=\"https:\/\/www.litoralpress.cl\/paginaconsultas\/Servicios_NClipSitio\/Get_Imagen_Nota.aspx?LPKey=E45NEWUXG6AVQBU6WRC5XXF6A2K7UPCTPWV42Z3SDC3LIRPBSICUJFR7LEMV5RGC4P3RELA47JHVE\">Rob\u00f3tica educativa: estudiantes pueden postular a convocatoria de la Universidad de Talca. Karin Saavedra Redlich, directora General de Vinculaci\u00f3n con el Medio.<\/a><\/p><p>\u00a0<\/p><p><b>LA NOTICIA ONLINE<br aria-hidden=\"true\" \/><\/b><a href=\"https:\/\/lanoticiaonline.cl\/robotica-educativa-estudiantes-pueden-postular-a-convocatoria-de-la-universidad-de-talca\/\">Rob\u00f3tica educativa: estudiantes pueden postular a convocatoria de la Universidad de Talca. Karin Saavedra Redlich, directora General de Vinculaci\u00f3n con el Medio.<\/a><\/p><p>\u00a0<\/p><p><b>PUNTO LONTUE<br aria-hidden=\"true\" \/><\/b><a href=\"https:\/\/puntolontue.cl\/?p=13409\">Rob\u00f3tica educativa: estudiantes pueden postular a convocatoria de la Universidad de Talca. Karin Saavedra Redlich, directora General de Vinculaci\u00f3n con el Medio.<\/a><\/p><p>\u00a0<\/p><p><b>G5 NOTICIA<br aria-hidden=\"true\" \/><\/b><a href=\"https:\/\/g5noticias.cl\/2024\/03\/19\/robotica-educativa-estudiantes-pueden-postular-a-convocatoria-de-la-universidad-de-talca\/\">Rob\u00f3tica educativa: estudiantes pueden postular a convocatoria de la Universidad de Talca. Karin Saavedra Redlich, directora General de Vinculaci\u00f3n con el Medio.<\/a><b><br aria-hidden=\"true\" \/><\/b><\/p><p>\u00a0<\/p><p><b>CANAL TVN<br aria-hidden=\"true\" \/><\/b><a href=\"https:\/\/www.litoralpress.cl\/sitio\/RadioTV_Detalles.cshtml?LPKey=F24Y7SLAWSVEWHYS3VWO7STFCNYAPKCRJ2SPHSCT6NHAWYG5POUPKJ3OQWDENDFV5RJH5XWFPZOVY\">Confiabilidad del Censo 2024. Se refiere Mario Herrera, acad\u00e9mico del Centro de An\u00e1lisis Pol\u00edtico.<\/a><br aria-hidden=\"true\" \/><b><\/b><\/p><p>\u00a0<\/p><p><b>DIARIO EL HERALDO<br aria-hidden=\"true\" \/><\/b><a href=\"https:\/\/www.litoralpress.cl\/paginaconsultas\/Servicios_NClipSitio\/Get_Imagen_Nota.aspx?LPKey=MKASMREVH5NYORMGEK2FBAHT37VYBSJE24Q5DNKGD7FBX6WZKZUDQGFMR5OKF4TQNBC5OAZZKK5TY\">Elecciones 2024: \u00bfQu\u00e9 se vota y cu\u00e1les son las novedades del proceso? Se refiere Mario Herrera Mu\u00f1oz, acad\u00e9mico de la Facultad de Ciencias Jur\u00eddicas y Sociales.<\/a><b><br aria-hidden=\"true\" \/><\/b><\/p><p>\u00a0<\/p><p><b>EL SURE\u00d1O<br aria-hidden=\"true\" \/><\/b><a href=\"https:\/\/elsureno.cl\/2024\/03\/18\/elecciones-2024-en-chile-que-se-vota-y-que-novedades-hay\/\">Elecciones 2024 en Chile: \u00bfQu\u00e9 se vota y qu\u00e9 novedades hay? Se refiere Mario Herrera Mu\u00f1oz, acad\u00e9mico de la Facultad de Ciencias Jur\u00eddicas y Sociales.<\/a><\/p><p>\u00a0<\/p><p><b>DIARIOELHERALDO.CL<br aria-hidden=\"true\" \/><\/b><a href=\"https:\/\/www.diarioelheraldo.cl\/noticia\/elecciones-2024-que-se-vota-y-cuales-son-las-novedades-del-proceso\">Elecciones 2024: \u00bfQu\u00e9 se vota y cu\u00e1les son las novedades del proceso? Se refiere Mario Herrera Mu\u00f1oz, acad\u00e9mico de la Facultad de Ciencias Jur\u00eddicas y Sociales.<\/a><\/p><p>\u00a0<\/p><p><b>ANALIZA MAULE<br aria-hidden=\"true\" \/><\/b><a href=\"https:\/\/analizamaule.cl\/elecciones-2024-que-se-vota-y-cuales-son-las-novedades-del-proceso\/\">Elecciones 2024: \u00bfQu\u00e9 se vota y cu\u00e1les son las novedades del proceso? Se refiere Mario Herrera Mu\u00f1oz, acad\u00e9mico de la Facultad de Ciencias Jur\u00eddicas y Sociales.<\/a><\/p><p>\u00a0<\/p><p><b>G5 NOTICIA<\/b><br aria-hidden=\"true\" \/><a href=\"https:\/\/g5noticias.cl\/2024\/03\/19\/elecciones-2024-que-se-vota-y-cuales-son-las-novedades-del-proceso\/\">Elecciones 2024: \u00bfQu\u00e9 se vota y cu\u00e1les son las novedades del proceso? Se refiere Mario Herrera Mu\u00f1oz, acad\u00e9mico de la Facultad de Ciencias Jur\u00eddicas y Sociales.<\/a><\/p><p>\u00a0<\/p><p><b>S\u00c9PTIMA P\u00c1GINA NOTICIAS<\/b><br aria-hidden=\"true\" \/><a href=\"https:\/\/www.septimapaginanoticias.cl\/elecciones-2024-que-se-vota-y-cuales-son-las-novedades-del-proceso\">Elecciones 2024: \u00bfQu\u00e9 se vota y cu\u00e1les son las novedades del proceso? Se refiere Mario Herrera Mu\u00f1oz, acad\u00e9mico de la Facultad de Ciencias Jur\u00eddicas y Sociales.<\/a><\/p><p>\u00a0<\/p><p><b>RADIO GUAYAC\u00c1N<br aria-hidden=\"true\" \/><\/b><a href=\"https:\/\/www.litoralpress.cl\/sitio\/RadioTV_Detalles.cshtml?LPKey=W635GZZTXENOAXKMPX2RUJJYQRIQ4HGEIZSJKDYLCQSNISXRRVQ4K25NQZZU3LPGBQRKRMI3EW5MS\">Entrevista a Mario Herrera, acad\u00e9mico del Centro de An\u00e1lisis Pol\u00edtico.<\/a><\/p><p>\u00a0<\/p><p><b>EST\u00c1 PASANDO<\/b>\u00a0<br aria-hidden=\"true\" \/><a href=\"https:\/\/estapasando.cl\/haiti-inestabilidad-persistente-y-crisis-humanitaria\/\">Hait\u00ed: Inestabilidad persistente y crisis humanitaria. Se refiere Alejandra M\u00e1rquez, acad\u00e9mica Facultad de Ciencias Jur\u00eddicas y Sociales.\u00a0<\/a><\/p><p><b>\u00a0<\/b><\/p><p><b>EL RANCAG\u00dcINO\u00a0<\/b><\/p><p class=\"x_elementToProof\"><a href=\"https:\/\/www.litoralpress.cl\/paginaconsultas\/Servicios_NClipSitio\/Get_Imagen_Nota.aspx?LPKey=U7IANKI63HODLMZBRNMZC4W6J3M4FNYAWGR53N7TOR4GSNW4FJWXIOBYHFUMJ3XCG6I7TJNWH6QYK\">Nodo CTCI Macrozona Centro Sur realiza seminario para entregar resultados en Misi\u00f3n Ciencia. Se menciona la Universidad de Talca.\u00a0<\/a><\/p><p class=\"x_elementToProof\">\u00a0<\/p>\t\t\t\t\t\t<\/div>\n\t\t\t\t<\/div>\n\t\t\t\t\t<\/div>\n\t\t<\/div>\n\t\t\t\t\t\t\t<\/div>\n\t\t<\/section>\n\t\t\t\t\t\t<\/div>\n\t\t\t\t\t<\/div>\n\t\t","protected":false},"excerpt":{"rendered":"<p>EN L\u00cdNEA MAULEHospital de Curic\u00f3 ampli\u00f3 su capacidad formadora y estudiantes de salud de la UTalca pueden realizar pr\u00e1cticas cl\u00ednicas. Se refiere Ernesto Sol\u00eds A\u00f1es, director Escuela de Medicina. DIARIOELHERALDO.CLNuevo Hospital de Curic\u00f3 es el principal campus cl\u00ednico de estudiantes de la Utalca. Se refiere Ernesto Sol\u00eds A\u00f1es, director Escuela de Medicina. \u00a0 MEDIABANCONuevo Hospital &hellip;<\/p>\n<p class=\"read-more\"> <a class=\"\" href=\"https:\/\/www.reportedeprensa.utalca.cl\/?p=9356\"> <span class=\"screen-reader-text\">20 de marzo de 2024<\/span> Read More &raquo;<\/a><\/p>\n","protected":false},"author":1,"featured_media":0,"comment_status":"closed","ping_status":"open","sticky":false,"template":"","format":"standard","meta":{"_monsterinsights_skip_tracking":false,"_monsterinsights_sitenote_active":false,"_monsterinsights_sitenote_note":"","_monsterinsights_sitenote_category":0},"categories":[46],"tags":[],"_links":{"self":[{"href":"https:\/\/www.reportedeprensa.utalca.cl\/index.php?rest_route=\/wp\/v2\/posts\/9356"}],"collection":[{"href":"https:\/\/www.reportedeprensa.utalca.cl\/index.php?rest_route=\/wp\/v2\/posts"}],"about":[{"href":"https:\/\/www.reportedeprensa.utalca.cl\/index.php?rest_route=\/wp\/v2\/types\/post"}],"author":[{"embeddable":true,"href":"https:\/\/www.reportedeprensa.utalca.cl\/index.php?rest_route=\/wp\/v2\/users\/1"}],"replies":[{"embeddable":true,"href":"https:\/\/www.reportedeprensa.utalca.cl\/index.php?rest_route=%2Fwp%2Fv2%2Fcomments&post=9356"}],"version-history":[{"count":5,"href":"https:\/\/www.reportedeprensa.utalca.cl\/index.php?rest_route=\/wp\/v2\/posts\/9356\/revisions"}],"predecessor-version":[{"id":9370,"href":"https:\/\/www.reportedeprensa.utalca.cl\/index.php?rest_route=\/wp\/v2\/posts\/9356\/revisions\/9370"}],"wp:attachment":[{"href":"https:\/\/www.reportedeprensa.utalca.cl\/index.php?rest_route=%2Fwp%2Fv2%2Fmedia&parent=9356"}],"wp:term":[{"taxonomy":"category","embeddable":true,"href":"https:\/\/www.reportedeprensa.utalca.cl\/index.php?rest_route=%2Fwp%2Fv2%2Fcategories&post=9356"},{"taxonomy":"post_tag","embeddable":true,"href":"https:\/\/www.reportedeprensa.utalca.cl\/index.php?rest_route=%2Fwp%2Fv2%2Ftags&post=9356"}],"curies":[{"name":"wp","href":"https:\/\/api.w.org\/{rel}","templated":true}]}}