{"id":9360,"date":"2024-03-18T11:20:05","date_gmt":"2024-03-18T14:20:05","guid":{"rendered":"https:\/\/www.reportedeprensa.utalca.cl\/?p=9360"},"modified":"2024-03-20T11:31:09","modified_gmt":"2024-03-20T14:31:09","slug":"18-de-marzo-de-2024-2","status":"publish","type":"post","link":"https:\/\/www.reportedeprensa.utalca.cl\/?p=9360","title":{"rendered":"18 de marzo de 2024"},"content":{"rendered":"\t\t<div data-elementor-type=\"wp-post\" data-elementor-id=\"9360\" class=\"elementor elementor-9360\" data-elementor-settings=\"[]\">\n\t\t\t\t\t\t\t<div class=\"elementor-section-wrap\">\n\t\t\t\t\t\t\t<section class=\"elementor-section elementor-top-section elementor-element elementor-element-bcea1a8 elementor-section-boxed elementor-section-height-default elementor-section-height-default\" data-id=\"bcea1a8\" data-element_type=\"section\">\n\t\t\t\t\t\t<div class=\"elementor-container elementor-column-gap-default\">\n\t\t\t\t\t<div class=\"elementor-column elementor-col-100 elementor-top-column elementor-element elementor-element-e7183bf\" data-id=\"e7183bf\" data-element_type=\"column\">\n\t\t\t<div class=\"elementor-widget-wrap elementor-element-populated\">\n\t\t\t\t\t\t\t\t<div class=\"elementor-element elementor-element-5ffbb87 elementor-widget elementor-widget-text-editor\" data-id=\"5ffbb87\" data-element_type=\"widget\" data-widget_type=\"text-editor.default\">\n\t\t\t\t<div class=\"elementor-widget-container\">\n\t\t\t\t\t\t\t\t<div><p><b>G5 NOTICIA<\/b><b>\u00a0<br aria-hidden=\"true\" \/><\/b><a href=\"https:\/\/g5noticias.cl\/2024\/03\/17\/universidad-de-talca-se-adjudica-48-becas-de-doctorado-anid\/\">Universidad de Talca se adjudica 48 becas de doctorado ANID. Se refiere Johana Kreither, directora de Postgrado. <\/a><a href=\"https:\/\/g5noticias.cl\/2024\/03\/17\/universidad-de-talca-se-adjudica-48-becas-de-doctorado-anid\/\">\u00a0<\/a><b><br aria-hidden=\"true\" \/><\/b><\/p><p>\u00a0<\/p><\/div><div><p><b>ADPRENSA <\/b>\u00a0<\/p><p class=\"x_elementToProof\"><a href=\"https:\/\/www.adprensa.cl\/cronica\/utalca-aumenta-atenciones-de-salud-para-sus-estudiantes\">UTalca aumenta atenciones de salud para sus estudiantes. Se refiere Daniel Jim\u00e9nez Acu\u00f1a, director Salud del estudiante. \u00a0<\/a><\/p><p>\u00a0<\/p><\/div><div><p><b>MEDIABANCO <\/b><b>\u00a0<br aria-hidden=\"true\" \/><\/b><a href=\"https:\/\/www.mediabanco.com\/utalca-aumenta-atenciones-de-salud-para-sus-estudiantes\/\">UTalca aumenta atenciones de salud para sus estudiantes. Se refiere Daniel Jim\u00e9nez Acu\u00f1a, director Salud del estudiante. \u00a0<\/a><\/p><p>\u00a0<\/p><\/div><div><p><b>EL HERALDO<\/b><b>\u00a0<br aria-hidden=\"true\" \/><\/b><a href=\"https:\/\/www.litoralpress.cl\/paginaconsultas\/Servicios_NClipSitio\/Get_Imagen_Nota.aspx?LPKey=RYBQDWQTVPGJOEQKM3N3ZN6K7TYHV2ACM5PRSHYCFL4C7PZO43GZZ2PUB4JCFCVMIZWMLYIGPKBV6\">Investigadoras motivan a ni\u00f1as y adolescentes al estudio de las ciencias . Se refieren Ver\u00f3nica Carrasco, acad\u00e9mica de la Facultad de Ciencias de la Salud, Lina Uribe, acad\u00e9mica de la Facultad de Ingenier\u00eda, Mar\u00eda Luisa del Campo, directora del Centro Tecnol\u00f3gico Kipus y Ximena Colip\u00e1n, acad\u00e9mica de la Facultad de Ciencias de la educaci\u00f3n.\u00a0<\/a><\/p><\/div><div><p>\u00a0<\/p><p><b>EL LECTOR<\/b>\u00a0<br aria-hidden=\"true\" \/><a id=\"OWAcc038cdf-5e09-c1cc-929a-247e6a1125bc\" class=\"x_x_Hyperlink x_x_SCXW265239261 x_x_BCX0 x_x_OWAAutoLink\" href=\"https:\/\/www.litoralpress.cl\/paginaconsultas\/Servicios_NClipSitio\/Get_Imagen_Nota.aspx?LPKey=DDC43ZSXR7LBVZRAOQYECITOUGJV2TLZNGPO3YNLS7UY47NJ3DXWB7FYOZAQDAMALIYG7EPB572Y6\" target=\"_blank\" rel=\"noopener noreferrer\" data-auth=\"NotApplicable\" data-loopstyle=\"linkonly\" data-linkindex=\"5\">Investigadoras motivan a ni\u00f1as y adolescentes al estudio de las ciencias . Se refieren Ver\u00f3nica Carrasco, acad\u00e9mica de la Facultad de Ciencias de la Salud, Lina Uribe, acad\u00e9mica de la Facultad de Ingenier\u00eda, Mar\u00eda Luisa del Campo, directora del Centro Tecnol\u00f3gico Kipus y Ximena Colip\u00e1n, acad\u00e9mica de la Facultad de Ciencias de la educaci\u00f3n.\u00a0<\/a><br aria-hidden=\"true\" \/><br \/><\/p><\/div><div><p><b>AD PRENSA <\/b>\u00a0<br aria-hidden=\"true\" \/><a id=\"OWAcc038cdf-5e09-c1cc-929a-247e6a1125bc\" class=\"x_x_Hyperlink x_x_SCXW265239261 x_x_BCX0 x_x_OWAAutoLink\" href=\"https:\/\/www.adprensa.cl\/cronica\/investigadoras-motivan-a-ninas-y-adolescentes-al-estudio-de-las-ciencias\/\" target=\"_blank\" rel=\"noopener noreferrer\" data-auth=\"NotApplicable\" data-loopstyle=\"linkonly\" data-linkindex=\"5\">Investigadoras motivan a ni\u00f1as y adolescentes al estudio de las ciencias . Se refieren Ver\u00f3nica Carrasco, acad\u00e9mica de la Facultad de Ciencias de la Salud, Lina Uribe, acad\u00e9mica de la Facultad de Ingenier\u00eda, Mar\u00eda Luisa del Campo, directora del Centro Tecnol\u00f3gico Kipus y Ximena Colip\u00e1n, acad\u00e9mica de la Facultad de Ciencias de la educaci\u00f3n.\u00a0<\/a><\/p><\/div><div><p>\u00a0<\/p><p><b>MEDIA BANCO<\/b> \u00a0<br aria-hidden=\"true\" \/><a href=\"https:\/\/www.adprensa.cl\/cronica\/investigadoras-motivan-a-ninas-y-adolescentes-al-estudio-de-las-ciencias\/\">Investigadoras motivan a ni\u00f1as y adolescentes al estudio de las ciencias . Se refieren Ver\u00f3nica Carrasco, acad\u00e9mica de la Facultad de Ciencias de la Salud, Lina Uribe, acad\u00e9mica de la Facultad de Ingenier\u00eda, Mar\u00eda Luisa del Campo, directora del Centro Tecnol\u00f3gico Kipus y Ximena Colip\u00e1n, acad\u00e9mica de la Facultad de Ciencias de la educaci\u00f3n.\u00a0<\/a><\/p><\/div><div><p>\u00a0<\/p><p><b>AD PRENSA<\/b>\u00a0<br aria-hidden=\"true\" \/><a href=\"https:\/\/www.adprensa.cl\/cronica\/robotica-educativa-estudiantes-pueden-postular-a-convocatoria-de-la-universidad-de-talca\/\">Rob\u00f3tica educativa: estudiantes pueden postular a convocatoria de la Universidad de Talca. Se refiere Karin Saavedra, directora General de Vinculaci\u00f3n con el Medio.<\/a>\u00a0<\/p><p>\u00a0<\/p><\/div><div><p><b>MEDIABANCO<\/b><b>\u00a0<br aria-hidden=\"true\" \/><\/b><a href=\"https:\/\/www.mediabanco.com\/robotica-educativa-estudiantes-pueden-postular-a-convocatoria-de-la-universidad-de-talca\/\">Rob\u00f3tica educativa: estudiantes pueden postular a convocatoria de la Universidad de Talca. Se refiere Karin Saavedra, directora General de Vinculaci\u00f3n con el Medio.\u00a0<\/a><\/p><p>\u00a0<\/p><\/div><div><p><b>ADPRENSA <\/b><b>\u00a0<\/b><\/p><p><a href=\"https:\/\/www.adprensa.cl\/actividades-academicas\/universidad-de-talca-lanzara-programa-para-la-transformacion-rural-y-agroalimentaria\/\">Universidad de Talca lanzar\u00e1 Programa para la Transformaci\u00f3n Rural y Agroalimentaria. Se menciona la Universidad de Talca.<\/a> <b>\u00a0<br aria-hidden=\"true\" \/><\/b><\/p><\/div><div><p><br aria-hidden=\"true\" \/><b>MEDIABANCO <\/b>\u00a0<br aria-hidden=\"true\" \/><a href=\"https:\/\/www.mediabanco.com\/universidad-de-talca-lanzara-programa-para-la-transformacion-rural-y-agroalimentaria\/\">Universidad de Talca lanzar\u00e1 Programa para la Transformaci\u00f3n Rural y Agroalimentaria. Se menciona la Universidad de Talca. \u00a0<\/a><br aria-hidden=\"true\" \/><br aria-hidden=\"true\" \/><b>EL TIP\u00d3GRAFO <\/b><b>\u00a0<\/b><\/p><p><a href=\"https:\/\/eltipografo.cl\/2024\/03\/censo-experto-destaco-la-confiabilidad-y-caracteristicas-unicas-de-este-proceso-en-chile\">Censo: Experto destac\u00f3 la confiabilidad y caracter\u00edsticas \u00fanicas de este proceso en Chile. Se refiere Mario Herrera Mu\u00f1oz, acad\u00e9mico de la Facultad de Ciencias Jur\u00eddicas y Sociales.\u00a0<\/a><\/p><\/div><div>\u00a0<\/div><div><p><b>RADIO ADN <\/b><b>\u00a0<br aria-hidden=\"true\" \/><\/b><a href=\"https:\/\/www.litoralpress.cl\/sitio\/RadioTV_Detalles.cshtml?LPKey=BJXIM56RGFXL7WQ5MLOLWFSQGCJRKTYWNJSOMI3JFFBG4A5ZLEU4HVVHTSREFMBYNJYMQHN5WOXPA\">Crece inquietud por alumnos sin matr\u00edcula. Se refiere Nibaldo Benavides Moreno, acad\u00e9mico de la Facultad de Ciencias de la Educaci\u00f3n. \u00a0<\/a><\/p><div>\u00a0<\/div><div><p><b>EST\u00c1 PASANDO<\/b>\u00a0<br aria-hidden=\"true\" \/><a href=\"https:\/\/estapasando.cl\/haiti-inestabilidad-persistente-y-crisis-humanitaria\/\">Hait\u00ed: Inestabilidad persistente y crisis humanitaria. Se refiere Alejandra M\u00e1rquez, acad\u00e9mica Facultad de Ciencias Jur\u00eddicas y Sociales.\u00a0<\/a><\/p><p>\u00a0<\/p><\/div><\/div><div><p><b>EL TIP\u00d3GRAFO <\/b><b>\u00a0<\/b><\/p><p><a href=\"https:\/\/www.litoralpress.cl\/paginaconsultas\/Servicios_NClipSitio\/Get_Imagen_Nota.aspx?LPKey=3GA7YIESUL3JJAESKSRZ2XJJG7MNVEW6SJFBUDM6RG7CO4SKJPMRL5YHGZGUMUQACLBABFGMK6BV6\">La Ni\u00f1a llega con d\u00e9ficit de lluvias y heladas en la zona central del pa\u00eds. Se refiere Patricio Gonz\u00e1lez Colville, agroclimat\u00f3logo y acad\u00e9mico del Centro de Investigaci\u00f3n y Transferencia en Riego y Agroclimatolog\u00eda (CITRA).\u00a0<\/a><\/p><p>\u00a0<\/p><\/div><div><p><b>EL TIP\u00d3GRAFO <\/b>\u00a0<\/p><p><a href=\"https:\/\/www.litoralpress.cl\/sitio\/RadioTV_Detalles.cshtml?LPKey=LW4UV72FJFTW3L6JFAFX63L355VINPIETN7FQBRBN2FLNYM2Z4TITJ65LL2FBOPANT7UNLIJ6MLM2\">Regi\u00f3n Sustentable: Cap\u00edtulo 32. Se refiere Patricio Gonz\u00e1lez Colville, agroclimat\u00f3logo y acad\u00e9mico del Centro de Investigaci\u00f3n y Transferencia en Riego y Agroclimatolog\u00eda (CITRA). \u00a0<\/a><\/p><div>\u00a0<\/div><\/div><div><p><b>RADIO AMIGA <\/b>\u00a0<br aria-hidden=\"true\" \/><a href=\"https:\/\/www.litoralpress.cl\/sitio\/RadioTV_Detalles.cshtml?LPKey=EZKSGRB36KJCGPV6BU6HLZVNR4ESNVAIKLCH2Z5EZI6XYVQH7277SOM63YE64HVOYSIMCY56NXJIW\">El Ministerio de Salud de Chile se encuentra preparado para la temporada oto\u00f1al, que comienza en pocos d\u00edas. Se refiere \u00c9rika Retamal Contreras, directora del departamento de Salud P\u00fablica.\u00a0<\/a><\/p><\/div><div><p>\u00a0<br aria-hidden=\"true\" \/><b>S\u00c9PTIMA REGI\u00d3N NOTICIAS <\/b>\u00a0<br aria-hidden=\"true\" \/><a href=\"https:\/\/www.septimapaginanoticias.cl\/epidemiologos-reiteran-llamado-a-vacunarse-contra-el-covid-19\">Epidemi\u00f3logos reiteran llamado a vacunarse contra el Covid-19. Se refiere \u00c9rika Retamal Contreras, directora del departamento de Salud P\u00fablica. \u00a0<\/a><\/p><p>\u00a0<\/p><\/div><div><p><b>PORTAL RED SALUD <\/b><b>\u00a0<\/b><\/p><p><a href=\"https:\/\/portalprensasalud.cl\/2024\/03\/16\/epidemiologos-reiteran-llamado-a-vacunarse-contra-el-covid-19\/\">Epidemi\u00f3logos reiteran llamado a vacunarse contra el Covid-19. Se refiere \u00c9rika Retamal Contreras, directora del departamento de Salud P\u00fablica.\u00a0<\/a><\/p><p>\u00a0<\/p><\/div><div><p><b>DIARIO EL CENTRO <\/b>\u00a0<br aria-hidden=\"true\" \/><a href=\"https:\/\/www.diarioelcentro.cl\/2024\/03\/16\/prevencion-de-la-influenza-en-personas-mayores-vacunacion\/\">Prevenci\u00f3n de la Influenza en Personas Mayores: Vacunaci\u00f3n. Se refiere Iv\u00e1n Palomo, acad\u00e9mico de la Facultad de Ciencias de la Salud. \u00a0<\/a><\/p><p>\u00a0<\/p><p><b style=\"font-style: inherit;\">TVN RED MAULE<\/b><span style=\"font-size: 16px;\">\u00a0<\/span><\/p><\/div><div><p><a href=\"https:\/\/www.litoralpress.cl\/sitio\/RadioTV_Detalles.cshtml?LPKey=MDIKWAZMC5D44YSN3A3SWX26QWJKOV4SGYZ3EHHMSOAZGPOJQACRCHAAPVJI7LPWYTI62BBRVAG6Q\">Piden acelerar investigaci\u00f3n que se lleva en contra del alcalde de Colb\u00fan. Se refiere Fernando Soto, director Escuela de Administraci\u00f3n P\u00fablica y Ciencia Pol\u00edtica.<\/a>\u00a0<br aria-hidden=\"true\" \/><br \/><\/p><\/div><div><p><b style=\"font-style: inherit;\">CANAL 30 MULTICOM <\/b><span style=\"font-size: 16px;\">\u00a0<\/span><\/p><\/div><div><p><a href=\"https:\/\/www.litoralpress.cl\/sitio\/RadioTV_Detalles.cshtml?LPKey=UAA2SKLG5QGRWP7TQXBPA4YK54LGCJO72XQJBAZERREGW53JV42ABXODF2E5UGSIMOI7EDVGUEL6I\">Violencia ginecobst\u00e9trica: una silenciosa realidad. Se refiere Jos\u00e9 Manuel C\u00e1rdenas Castro, acad\u00e9mico de la Facultad de Psicolog\u00eda.\u00a0<\/a><\/p><\/div><div><p>\u00a0<\/p><p><b>CANAL TVN<\/b><b>\u00a0<\/b><\/p><p><a href=\"https:\/\/www.litoralpress.cl\/sitio\/RadioTV_Detalles.cshtml?LPKey=HHB54TILDBBFWIN6JYFJYXSKGEUMRNSM6UBORP4XN5TXGJX67PXLNHHT6NLB42NDJZTFG2FO3LD6G\">Alerta en Jap\u00f3n por gato que cay\u00f3 en qu\u00edmico t\u00f3xico. Se refiere Jessica Z\u00fa\u00f1iga Hern\u00e1ndez, acad\u00e9mica de la Facultad de Ciencias de la Salud.\u00a0<\/a><\/p><\/div><div>\u00a0<\/div><div><p><b>EMOL <\/b>\u00a0<br aria-hidden=\"true\" \/><a href=\"https:\/\/www.emol.com\/noticias\/Nacional\/2024\/03\/15\/1124867\/expertos-elecciones-dos-dias-servel.html\">Expertos analizan propuesta del Servel de hacer comicios de octubre en dos d\u00edas. Se refiere Mauricio Morales Quiroga,\u00a0director Centro de An\u00e1lisis Pol\u00edtico.\u00a0<\/a><\/p><p>\u00a0<\/p><\/div><div><p><b>EL MERCURIO <\/b>\u00a0<\/p><p><a href=\"https:\/\/www.litoralpress.cl\/paginaconsultas\/Servicios_NClipSitio\/Get_Imagen_Nota.aspx?LPKey=YGRBDPVXWINXQ5YMNN4HA6JY42GZKC6S5DKW2D76PIRDY5F4MIG5G7CEPKRZOMHIFZQ3NZUWGCMOM\">Expertos discrepan ante la propuesta del Servel de una elecci\u00f3n en dos d\u00edas. Se refiere Mauricio Morales Quiroga, director Centro de An\u00e1lisis Pol\u00edtico. Pol\u00edtico.\u00a0<\/a><\/p><\/div><div><p>\u00a0<\/p><p><b>CANAL VTV TELEVISI\u00d3N <\/b>\u00a0<br aria-hidden=\"true\" \/><a href=\"https:\/\/www.litoralpress.cl\/sitio\/RadioTV_Detalles.cshtml?LPKey=DJLHHVWWPAMCZU5LR6EU3IPEA2WZR65MQAXSYUYLKPVZXI3MA4NFPS6ZZGHCKODIFLKDC3O7OPGV4\">Servel propone votaci\u00f3n de dos d\u00edas en octubre. Se refiere Mauricio Morales Quiroga,\u00a0director Centro de An\u00e1lisis Pol\u00edtico.\u00a0\u00a0<\/a><\/p><p>\u00a0<\/p><\/div><div><p><b>CANAL CNN <\/b>\u00a0<\/p><p><a href=\"https:\/\/www.litoralpress.cl\/sitio\/RadioTV_Detalles.cshtml?LPKey=LYYT72N26NNDPBUHG5P7GFYSM3GS76YFEL6ARQME7H67HT2VEYD6PRYHS72HOMRQ64SOLVPTOVRDS\">Servel propone votaci\u00f3n de dos d\u00edas en octubre. Se refiere Mauricio Morales Quiroga, director Centro de An\u00e1lisis Pol\u00edtico.\u00a0<\/a><\/p><\/div><div><p>\u00a0<\/p><p><b>CANAL MEGA <\/b>\u00a0<\/p><p><a href=\"https:\/\/www.litoralpress.cl\/sitio\/RadioTV_Detalles.cshtml?LPKey=BADEZYVHXCX6DQBWFR6CD5UPZG7QXYAXAA5VRNPMTZN72VZZ4EDZJ6BGLAJJSTYCA3HPFDNBWHEII\">Elecciones municipales podr\u00edan ser en dos d\u00edas. Se refiere Mauricio Morales Quiroga, director Centro de An\u00e1lisis Pol\u00edtico.\u00a0\u00a0<\/a><\/p><p>\u00a0<\/p><div><p><b>LA TERCERA<\/b>\u00a0<br aria-hidden=\"true\" \/><a href=\"https:\/\/www.litoralpress.cl\/paginaconsultas\/Servicios_NClipSitio\/Get_Imagen_Nota.aspx?LPKey=KWYZ7V2W3ZKPVU2UUWN47FVCEQ55JYETF7JW4NTTTSWRQNUQOHO4ZUY6ADDJLFGUDHLEZUEK4L2U6\">Marcel, versi\u00f3n 2024. Se refiere Mauricio Morales Quiroga,\u00a0director Centro de An\u00e1lisis Pol\u00edtico.\u00a0\u00a0<\/a><br aria-hidden=\"true\" \/><br \/><\/p><\/div><div><p><b>RADIO INFINITA <\/b>\u00a0<br aria-hidden=\"true\" \/><a href=\"https:\/\/www.litoralpress.cl\/sitio\/RadioTV_Detalles.cshtml?LPKey=QTGTSX7BJHMBZG3LUVJOXRX6THJEHCDX25ZMSWMNOPYVVUG3ICZJI6UUEJ7B2URNGGHRENEMRXV3Y\">Comentario de pol\u00edtica, Mauricio Morales Quiroga, se refiere Mauricio Morales Quiroga,\u00a0director Centro de An\u00e1lisis Pol\u00edtico.\u00a0\u00a0<\/a><br aria-hidden=\"true\" \/><br \/><\/p><\/div><div><p><b>MEGANOTICIAS<\/b>\u00a0<br aria-hidden=\"true\" \/><a href=\"https:\/\/www.meganoticias.cl\/nacional\/442611-mauricio-morales-analisis-encuesta-cadem-evelyn-matthei-jose-antonio-kast-politica-derecha-17-03-2024.html\">Columna &#8220;Despi\u00f1erizando a Evelyn&#8221;. Se refiere de Mauricio Morales, director Centro de An\u00e1lisis Pol\u00edtico.\u00a0\u00a0<\/a><br aria-hidden=\"true\" \/><br \/><\/p><\/div><div><b>LA TERCERA ONLINE\u00a0<\/b>\u00a0<br aria-hidden=\"true\" \/><a href=\"https:\/\/www.latercera.com\/la-tercera-sabado\/noticia\/columna-de-mauricio-morales-vodanovic-versus-winter\/3FIOD7JRVJAH5IGBBK6UUFSIW4\/\">Vodanovic versus Winter. Se refiere Mauricio Morales Quiroga,\u00a0director Centro de An\u00e1lisis Pol\u00edtico.\u00a0\u00a0<\/a><\/div><div><div><p>\u00a0<\/p><\/div><div><p><b>LA TERCERA<\/b> \u00a0<br aria-hidden=\"true\" \/><a href=\"https:\/\/www.litoralpress.cl\/paginaconsultas\/Servicios_NClipSitio\/Get_Imagen_Nota.aspx?LPKey=PS7VTZRCKAZR4VXQGI6EEBCA23MEH34KV3TFRDGCAIVAOZEUVG4ZFGJYVPGF5YRDKYAYCIIYITVRS\">Vodanovic versus Winter. Se refiere Mauricio Morales Quiroga,\u00a0director Centro de An\u00e1lisis Pol\u00edtico.\u00a0\u00a0<\/a><\/p><p>\u00a0<\/p><\/div><\/div><\/div><div><p><b>CANAL ANTOFAGASTA<\/b>\u00a0<br aria-hidden=\"true\" \/><a href=\"https:\/\/www.litoralpress.cl\/sitio\/RadioTV_Detalles.cshtml?LPKey=MXK7KGKCDPIGI2TRVLTVSAMUAZXWSI2FSC3V7TOWW2Q72OSDA2J4BMQUEDTQDYNRWN4QCGNOABSTO\">El Servel habr\u00eda propuesto al Gobierno realizar las elecciones de octubre en dos d\u00edas. Se refiere Mauricio Morales Quiroga, director Centro de An\u00e1lisis Pol\u00edtico.<\/a> \u00a0<\/p><p>\u00a0<\/p><\/div><div><p><b>EL MERCURIO<\/b>\u00a0<br aria-hidden=\"true\" \/><a href=\"https:\/\/www.litoralpress.cl\/paginaconsultas\/Servicios_NClipSitio\/Get_Imagen_Nota.aspx?LPKey=Q5LWRC2XGFCI2A6XF72LOL37NVJT3CB3PHUPNLFAALJYEKMSH3QPBTBALYZSUT7FFV7J73AFIY5IE\">El segundo tiempo que el Gobierno de Gabriel Boric jugar\u00e1 en cancha electoral. Se refiere Mario Herrera, acad\u00e9mico Centro de An\u00e1lisis Pol\u00edtico. \u00a0<\/a><\/p><p>\u00a0<\/p><p><b>DIARIO EL HERALDO<\/b>\u00a0<\/p><\/div><div><p><a href=\"https:\/\/www.litoralpress.cl\/paginaconsultas\/Servicios_NClipSitio\/Get_Imagen_Nota.aspx?LPKey=IR5XEO7WA65JTIKQOUVSB7FFAER2KHVZ4OUN5GSDTTEUQHXEPNFAGBK7WHOUDWXQ2WLTHXE6XI7FQ\">Experto destac\u00f3 la confiabilidad y caracter\u00edsticas \u00fanicas del censo en Chile. Se refiere Mario Herrera Mu\u00f1oz, acad\u00e9mico de la Facultad de Ciencias Jur\u00eddicas y Sociales.\u00a0<\/a><\/p><\/div><div>\u00a0<\/div><div><p><b>LAS \u00daLTIMAS NOTICIAS <\/b>\u00a0<\/p><p><a href=\"https:\/\/www.litoralpress.cl\/paginaconsultas\/Servicios_NClipSitio\/Get_Imagen_Nota.aspx?LPKey=QUEB24MRLFW46J4G4H72WMDCDKRW6B43XXB4XHF3UE4OABLCPJKPDYWO2OCSS3DVCEEWURQPJXCLK\">\u00bfQuiere estudiar M\u00fasica? Preuniversitario gratuito ense\u00f1a a leer partituras. Se menciona la Universidad de Talca.\u00a0<\/a><\/p><\/div>\t\t\t\t\t\t<\/div>\n\t\t\t\t<\/div>\n\t\t\t\t\t<\/div>\n\t\t<\/div>\n\t\t\t\t\t\t\t<\/div>\n\t\t<\/section>\n\t\t\t\t\t\t<\/div>\n\t\t\t\t\t<\/div>\n\t\t","protected":false},"excerpt":{"rendered":"<p>G5 NOTICIA\u00a0Universidad de Talca se adjudica 48 becas de doctorado ANID. Se refiere Johana Kreither, directora de Postgrado. \u00a0 \u00a0 ADPRENSA \u00a0 UTalca aumenta atenciones de salud para sus estudiantes. Se refiere Daniel Jim\u00e9nez Acu\u00f1a, director Salud del estudiante. \u00a0 \u00a0 MEDIABANCO \u00a0UTalca aumenta atenciones de salud para sus estudiantes. Se refiere Daniel Jim\u00e9nez Acu\u00f1a, &hellip;<\/p>\n<p class=\"read-more\"> <a class=\"\" href=\"https:\/\/www.reportedeprensa.utalca.cl\/?p=9360\"> <span class=\"screen-reader-text\">18 de marzo de 2024<\/span> Read More &raquo;<\/a><\/p>\n","protected":false},"author":1,"featured_media":0,"comment_status":"closed","ping_status":"open","sticky":false,"template":"","format":"standard","meta":{"_monsterinsights_skip_tracking":false,"_monsterinsights_sitenote_active":false,"_monsterinsights_sitenote_note":"","_monsterinsights_sitenote_category":0},"categories":[46],"tags":[],"_links":{"self":[{"href":"https:\/\/www.reportedeprensa.utalca.cl\/index.php?rest_route=\/wp\/v2\/posts\/9360"}],"collection":[{"href":"https:\/\/www.reportedeprensa.utalca.cl\/index.php?rest_route=\/wp\/v2\/posts"}],"about":[{"href":"https:\/\/www.reportedeprensa.utalca.cl\/index.php?rest_route=\/wp\/v2\/types\/post"}],"author":[{"embeddable":true,"href":"https:\/\/www.reportedeprensa.utalca.cl\/index.php?rest_route=\/wp\/v2\/users\/1"}],"replies":[{"embeddable":true,"href":"https:\/\/www.reportedeprensa.utalca.cl\/index.php?rest_route=%2Fwp%2Fv2%2Fcomments&post=9360"}],"version-history":[{"count":4,"href":"https:\/\/www.reportedeprensa.utalca.cl\/index.php?rest_route=\/wp\/v2\/posts\/9360\/revisions"}],"predecessor-version":[{"id":9364,"href":"https:\/\/www.reportedeprensa.utalca.cl\/index.php?rest_route=\/wp\/v2\/posts\/9360\/revisions\/9364"}],"wp:attachment":[{"href":"https:\/\/www.reportedeprensa.utalca.cl\/index.php?rest_route=%2Fwp%2Fv2%2Fmedia&parent=9360"}],"wp:term":[{"taxonomy":"category","embeddable":true,"href":"https:\/\/www.reportedeprensa.utalca.cl\/index.php?rest_route=%2Fwp%2Fv2%2Fcategories&post=9360"},{"taxonomy":"post_tag","embeddable":true,"href":"https:\/\/www.reportedeprensa.utalca.cl\/index.php?rest_route=%2Fwp%2Fv2%2Ftags&post=9360"}],"curies":[{"name":"wp","href":"https:\/\/api.w.org\/{rel}","templated":true}]}}