{"id":9377,"date":"2024-03-21T11:41:08","date_gmt":"2024-03-21T14:41:08","guid":{"rendered":"https:\/\/www.reportedeprensa.utalca.cl\/?p=9377"},"modified":"2024-03-21T12:02:14","modified_gmt":"2024-03-21T15:02:14","slug":"21-de-marzo-de-2024","status":"publish","type":"post","link":"https:\/\/www.reportedeprensa.utalca.cl\/?p=9377","title":{"rendered":"21 de marzo de 2024"},"content":{"rendered":"\t\t<div data-elementor-type=\"wp-post\" data-elementor-id=\"9377\" class=\"elementor elementor-9377\" data-elementor-settings=\"[]\">\n\t\t\t\t\t\t\t<div class=\"elementor-section-wrap\">\n\t\t\t\t\t\t\t<section class=\"elementor-section elementor-top-section elementor-element elementor-element-bcea1a8 elementor-section-boxed elementor-section-height-default elementor-section-height-default\" data-id=\"bcea1a8\" data-element_type=\"section\">\n\t\t\t\t\t\t<div class=\"elementor-container elementor-column-gap-default\">\n\t\t\t\t\t<div class=\"elementor-column elementor-col-100 elementor-top-column elementor-element elementor-element-e7183bf\" data-id=\"e7183bf\" data-element_type=\"column\">\n\t\t\t<div class=\"elementor-widget-wrap elementor-element-populated\">\n\t\t\t\t\t\t\t\t<div class=\"elementor-element elementor-element-5ffbb87 elementor-widget elementor-widget-text-editor\" data-id=\"5ffbb87\" data-element_type=\"widget\" data-widget_type=\"text-editor.default\">\n\t\t\t\t<div class=\"elementor-widget-container\">\n\t\t\t\t\t\t\t\t<p><b>PUBLIMICRO<br aria-hidden=\"true\" \/><\/b><a href=\"https:\/\/publimicro.cl\/nuevo-hospital-de-curico-es-el-principal-campus-clinico-de-estudiantes-del-area-de-la-salud-de-la-universidad-de-talca\/\">Nuevo Hospital de Curic\u00f3 es el principal campus cl\u00ednico de estudiantes del \u00e1rea de la Salud de la Universidad de Talca<b>.\u00a0<\/b>Se refiere Ernesto Sol\u00eds \u00c1\u00f1ez, director Escuela de Medicina.<\/a><\/p><p><b><br aria-hidden=\"true\" \/>LA NOTICIA<br aria-hidden=\"true\" \/><\/b><a href=\"https:\/\/lanoticia.cl\/nuevo-hospital-de-curico-es-el-principal-campus-clinico-de-estudiantes-de-la-utalca\/\">Nuevo Hospital de Curic\u00f3 es el principal campus cl\u00ednico de estudiantes de la Utalca. Se refiere Ernesto Sol\u00eds \u00c1\u00f1ez, director Escuela de Medicina.<\/a><b><br aria-hidden=\"true\" \/><br \/><\/b><\/p><p><b>DIARIO EL HERALDO<br aria-hidden=\"true\" \/><\/b><a href=\"https:\/\/www.litoralpress.cl\/paginaconsultas\/Servicios_NClipSitio\/Get_Imagen_Nota.aspx?LPKey=W3BP6TUQJVGMXSXL4LCFISINVRKJ6CTYF24D4RYY6E2VDM6MFXLM7WRGFOJ57LYLAQHAIUEG4PDVQ\">Nuevo Hospital de Curic\u00f3 es el principal campus cl\u00ednico de estudiantes de la Utalca. Se refiere Ernesto Sol\u00eds \u00c1\u00f1ez, director Escuela de Medicina.<\/a><\/p><p>\u00a0<\/p><p><b>EL LECTOR<br aria-hidden=\"true\" \/><\/b><a href=\"https:\/\/www.litoralpress.cl\/paginaconsultas\/Servicios_NClipSitio\/Get_Imagen_Nota.aspx?LPKey=E6J4O5HFX4XNQ2LAFF3YG46VFJ6KIZD3O5THRX36JW6NBNZU4OF4QF63KXAQJWF73PCRHMFDWOF2O\">Nuevo Hospital de Curic\u00f3 es el principal campus cl\u00ednico de estudiantes de la Utalca. Se refiere Ernesto Sol\u00eds\u00a0\u00c1\u00f1ez, director Escuela de Medicina.<\/a><br aria-hidden=\"true\" \/><br \/><\/p><p><b>EN L\u00cdNEA MAULE<br aria-hidden=\"true\" \/><\/b><a href=\"https:\/\/www.litoralpress.cl\/sitio\/RadioTV_Detalles.cshtml?LPKey=YCNDXHYOTYPRTC3D36XGTZQ6OQBB2TQEPUYTEZZQE6U32EYK6PQUSIX5YG37Q2YSP5FH2AW5XN4AU\">Hospital de Curic\u00f3 ampli\u00f3 su capacidad formadora y estudiantes de salud. Se menciona la Universidad de Talca.<\/a><br aria-hidden=\"true\" \/><br \/><\/p><p><b>EL MAULE INFORMA<br aria-hidden=\"true\" \/><\/b><a href=\"https:\/\/elmauleinforma.cl\/nuevo-hospital-de-curico-es-el-principal-campus-clinico-de-estudiantes-de-la-utalca\/\">Nuevo Hospital de Curic\u00f3 es el principal campus cl\u00ednico de estudiantes de la Utalca. Se refiere Ernesto Sol\u00eds\u00a0\u00c1\u00f1ez, director Escuela de Medicina.<\/a><br aria-hidden=\"true\" \/><br \/><\/p><p><b>RADIO AGRICULTURA<br aria-hidden=\"true\" \/><\/b><a href=\"https:\/\/www.radioagricultura.cl\/dato-practico\/2024\/03\/20\/llego-el-otono-como-evitar-resfrios-ante-cambios-de-temperatura\/\">Lleg\u00f3 el oto\u00f1o: \u00bfc\u00f3mo evitar resfr\u00edos ante cambios de temperatura? Se refiere Mar\u00eda Ester Mu\u00f1oz, acad\u00e9mica Escuela de Enfermer\u00eda.<\/a><b><br aria-hidden=\"true\" \/><br \/><\/b><\/p><p><b>G5 NOTICIA<br aria-hidden=\"true\" \/><\/b><a href=\"https:\/\/g5noticias.cl\/2024\/03\/20\/comienza-el-otono-como-evitar-resfrios-ante-cambios-de-temperatura\/\">Comienza el oto\u00f1o: \u00bfc\u00f3mo evitar resfr\u00edos ante cambios de temperatura? Se refiere Mar\u00eda Ester Mu\u00f1oz, acad\u00e9mica Escuela de Enfermer\u00eda.<\/a><br aria-hidden=\"true\" \/><br \/><\/p><p><b>DIARIOS EN RED<\/b><br aria-hidden=\"true\" \/><a href=\"https:\/\/www.diariosenred.com\/nacional\/comienza-el-otono-como-evitar-resfrios-ante-cambios-de-temperatura\">Comienza el oto\u00f1o: \u00bfc\u00f3mo evitar resfr\u00edos ante cambios de temperatura? Se refiere Mar\u00eda Ester Mu\u00f1oz, acad\u00e9mica Escuela de Enfermer\u00eda.<\/a><br aria-hidden=\"true\" \/><br aria-hidden=\"true\" \/><b>RED MAULE<\/b><br aria-hidden=\"true\" \/><a href=\"https:\/\/www.redmaule.com\/nacional\/comienza-el-otono-como-evitar-resfrios-ante-cambios-de-temperatura\">Comienza el oto\u00f1o: \u00bfc\u00f3mo evitar resfr\u00edos ante cambios de temperatura? Se refiere Mar\u00eda Ester Mu\u00f1oz, acad\u00e9mica Escuela de Enfermer\u00eda.<\/a><br aria-hidden=\"true\" \/><br \/><\/p><p><b>RED O\u2019HIGGINS<\/b><br aria-hidden=\"true\" \/><a href=\"https:\/\/redohiggins.com\/nacional\/comienza-el-otono-como-evitar-resfrios-ante-cambios-de-temperatura\">Comienza el oto\u00f1o: \u00bfc\u00f3mo evitar resfr\u00edos ante cambios de temperatura? Se refiere Mar\u00eda Ester Mu\u00f1oz, acad\u00e9mica Escuela de Enfermer\u00eda.<\/a><br aria-hidden=\"true\" \/><br aria-hidden=\"true\" \/><b>RED BIOBIO<\/b><br aria-hidden=\"true\" \/><a href=\"https:\/\/redbiobio.com\/nacional\/comienza-el-otono-como-evitar-resfrios-ante-cambios-de-temperatura\">Comienza el oto\u00f1o: \u00bfc\u00f3mo evitar resfr\u00edos ante cambios de temperatura? Se refiere Mar\u00eda Ester Mu\u00f1oz, acad\u00e9mica Escuela de Enfermer\u00eda.<\/a><br aria-hidden=\"true\" \/><br \/><\/p><p><b>MEDIABANCO<br aria-hidden=\"true\" \/><\/b><a href=\"https:\/\/www.mediabanco.com\/comienza-el-otono-como-evitar-resfrios-ante-cambios-de-temperatura\/\">Comienza el oto\u00f1o: \u00bfc\u00f3mo evitar resfr\u00edos ante cambios de temperatura? Se refiere Mar\u00eda Ester Mu\u00f1oz, acad\u00e9mica Escuela de Enfermer\u00eda.<\/a><b><br aria-hidden=\"true\" \/><\/b><\/p><p>\u00a0<\/p><p><b>EL DIARIO DE LA ARAUCAN\u00cdA<br aria-hidden=\"true\" \/><\/b><a href=\"https:\/\/eldiariodelaaraucania.cl\/comienza-el-otono-como-evitar-resfrios-ante-cambios-de-temperatura\/\">Comienza el oto\u00f1o: \u00bfc\u00f3mo evitar resfr\u00edos ante cambios de temperatura? Se refiere Mar\u00eda Ester Mu\u00f1oz, acad\u00e9mica Escuela de Enfermer\u00eda.<\/a><br aria-hidden=\"true\" \/><br \/><\/p><p><b>EL DIARIO DE SANTIAGO<br aria-hidden=\"true\" \/><\/b><a href=\"http:\/\/eldiariosantiago.cl\/comienza-el-otono-como-evitar-resfrios-ante-cambios-de-temperatura\/\">Comienza el oto\u00f1o: \u00bfc\u00f3mo evitar resfr\u00edos ante cambios de temperatura? Se refiere Mar\u00eda Ester Mu\u00f1oz, acad\u00e9mica Escuela de Enfermer\u00eda.<\/a><\/p><p>\u00a0<\/p><p><b>RADIO SONAR<br aria-hidden=\"true\" \/><\/b><a href=\"https:\/\/www.litoralpress.cl\/sitio\/RadioTV_Detalles.cshtml?LPKey=XFQIFJSEPDRJN2F3T2PFHKE4OE62MIBARETT5UBVRMIU3AHYZDSS66EQ2D6WRK6HPP6SMUCP2TYMA\">Fen\u00f3meno La Ni\u00f1a y proyecciones para el invierno. Entrevista a Patricio Gonz\u00e1lez, agroclimat\u00f3logo del Centro de Investigaci\u00f3n y Transferencia en Riego y Agroclimatolog\u00eda.<\/a><b><br aria-hidden=\"true\" \/><br \/><\/b><\/p><p><b>CANAL 24 HORAS<br aria-hidden=\"true\" \/><\/b><a href=\"https:\/\/www.litoralpress.cl\/sitio\/RadioTV_Detalles.cshtml?LPKey=UH3J3FHYTC2BSRGPAF4RO362O4LZKWEURCWFMRCVJ6MVNEY5MCYLUK3PONNWMJDSMUYJVYVLGF4SW\">Lluvia y falla de matriz gener\u00f3 estragos en Concepci\u00f3n. Se refiere Patricio Gonz\u00e1lez, agroclimat\u00f3logo del Centro de Investigaci\u00f3n y Transferencia en Riego y Agroclimatolog\u00eda.<\/a><b><br aria-hidden=\"true\" \/><br \/><\/b><\/p><p><strong>RADIO GUAYAC\u00c1N<\/strong><br aria-hidden=\"true\" \/><a href=\"https:\/\/www.litoralpress.cl\/sitio\/RadioTV_Detalles.cshtml?LPKey=7GF76L2HKEVDJYLBHTEBCEGGIWONVUCXZOHXVLJ76IVMAE3DO7M2E6OZYCYIDZD3S5NHHIXRME3HE\">Entrevista a Patricio Gonz\u00e1lez, agroclimat\u00f3logo Citra Utalca.<\/a><br aria-hidden=\"true\" \/><br \/><\/p><p><b>RADIO CRISTALINA<\/b><\/p><p><a href=\"https:\/\/www.litoralpress.cl\/sitio\/RadioTV_Detalles.cshtml?LPKey=2VGC46KKL5CY6JDB75N6CEKO2RZAR6JP3UNZ7T5LPFDQAXNDIIU242542CFMMTW2PJSQEJVE45P5A\">Novedades del programa &#8220;Profesores para un mundo global&#8221;. Entrevista a Mauricio Veliz Campos, decano de la Facultad de Ciencias de la Educaci\u00f3n.<\/a><b><br aria-hidden=\"true\" \/><br \/><\/b><\/p><p><b>RADIO MAN\u00cdA<\/b><\/p><p><a href=\"https:\/\/www.litoralpress.cl\/sitio\/RadioTV_Detalles.cshtml?LPKey=M2RV6UFQIRU6NCU44HVI2YBO2WPUCBSJWFGVDFQAUQED3O2E2PZRCJDDBTUMHXX7QUFY4TOFQ6LW6\">Novedades y oferta de la carrera\u00a0T\u00e9cnico Superior en Turismo Enol\u00f3gico.\u00a0Entrevista a Carlos Catal\u00e1n, director de la carrera T\u00e9cnico Superior en Turismo Enol\u00f3gico, y Angelina Riveros, coordinadora de carrera.<\/a><\/p><p><b><br aria-hidden=\"true\" \/>CANAL 24 HORAS<br aria-hidden=\"true\" \/><\/b><a href=\"https:\/\/www.litoralpress.cl\/sitio\/RadioTV_Detalles.cshtml?LPKey=OMWLVWZO3JDOWYIBYWH25SXITS4ZI4XN2MOD3WXIIZCXUDYPK4ZVSOH3GBCNSH326S3QOE2KLRQQG\">Confiabilidad en el Censo 2024. Se refiere Mario Herrera Mu\u00f1oz, acad\u00e9mico de la Facultad de Ciencias Jur\u00eddicas y Sociales.<\/a><b><br aria-hidden=\"true\" \/><br \/><\/b><\/p><p><b>RADIO NUEVO MUNDO<br aria-hidden=\"true\" \/><\/b><a href=\"https:\/\/radionuevomundo.cl\/2024\/03\/20\/academico-mario-herrera-el-censo-apunta-a-las-caracteristicas-socioeconomicas-y-no-a-individualizar-a-las-personas\/\">El censo apunta a las caracter\u00edsticas socioecon\u00f3micas y no a individualizar a las personas. Se refiere Mario Herrera Mu\u00f1oz, acad\u00e9mico de la Facultad de Ciencias Jur\u00eddicas y Sociales.<\/a><br aria-hidden=\"true\" \/><br \/><\/p><p><b>CANAL 30 MULTICOM<br aria-hidden=\"true\" \/><\/b><a href=\"https:\/\/www.litoralpress.cl\/sitio\/RadioTV_Detalles.cshtml?LPKey=IRO73SM45XW4DP6TQOYKJNTVNCTGC4DALOHLLKMME276FWAFYQ66T5LZA4YBOKPZHLIFLYEYNN42C\">Confiabilidad del Censo 2024. Se refiere Mario Herrera Mu\u00f1oz, acad\u00e9mico de la Facultad de Ciencias Jur\u00eddicas y Sociales.<\/a><br aria-hidden=\"true\" \/><br \/><\/p><p><b>HORA DE NOTICIAS<br aria-hidden=\"true\" \/><\/b><a href=\"https:\/\/horadenoticias.cl\/politica\/elecciones-2024-que-se-vota-y-cuales-son-las-novedades-del-proceso\/\">Elecciones 2024: \u00bfQu\u00e9 se vota y cu\u00e1les son las novedades del proceso? Se refiere Mario Herrera Mu\u00f1oz, acad\u00e9mico de la Facultad de Ciencias Jur\u00eddicas y Sociales.<\/a><br aria-hidden=\"true\" \/><br \/><\/p><p><b>TV5 LINARES<\/b><\/p><p><a href=\"https:\/\/www.litoralpress.cl\/sitio\/RadioTV_Detalles.cshtml?LPKey=YWAJX4EAY4JKFV2W33Z67RNM4OTXF4BVEZLYYUNXHU224BAM2PEBTYIGFGD3M4KCYZCPZZQGGECJY\">Proceso de elecciones 2024: se eligen gobernadores, cores, alcaldes y concejales. Se refiere Mario Herrera Mu\u00f1oz, acad\u00e9mico de la Facultad de Ciencias Jur\u00eddicas y Sociales.<\/a><b><br aria-hidden=\"true\" \/><br \/><\/b><\/p><p><b>TVN RED MAULE<br aria-hidden=\"true\" \/><\/b><a href=\"https:\/\/www.litoralpress.cl\/sitio\/RadioTV_Detalles.cshtml?LPKey=H444ZPN66SJCJJKR4V3HKMYZG3AUIDEV3NJXOVNJNAV2SBIVLNEF6ZLRFNMW5WX6VRIHMF5HZ2NHG\">Pol\u00edticas p\u00fablicas de regularizaci\u00f3n: Conforman mesa intersectorial de Migraci\u00f3n. Se refiere Fabiola Vergara, acad\u00e9mica Facultad de Ciencias Jur\u00eddicas y Sociales.<\/a><b><br aria-hidden=\"true\" \/><br \/><\/b><\/p><p><b>CANAL 30 MULTICOM<br aria-hidden=\"true\" \/><\/b><a href=\"https:\/\/www.litoralpress.cl\/sitio\/RadioTV_Detalles.cshtml?LPKey=M27EUQAHE5A444IYUADOVMWAVO5APKEU4ZF6Y5WVHDVQVBILEEHAGUO626UGLQDVBG27R2QJCWWUI\">Epidemi\u00f3logos reiteran llamado a vacunarse. Se refiere Erika Retamal, directora de Salud P\u00fablica y Daniel Jim\u00e9nez, director de Salud del Estudiante.<\/a><b><br aria-hidden=\"true\" \/><br \/><\/b><\/p><p><b>HORA DE NOTICIAS<br aria-hidden=\"true\" \/><\/b><a href=\"https:\/\/horadenoticias.cl\/salud\/violencia-ginecobstetrica-una-silenciosa-realidad-que-viven-miles-de-mujeres-en-chile\/#google_vignette\">Violencia ginecobst\u00e9trica: Una silenciosa realidad que viven miles de mujeres en Chile. Se refiere Jos\u00e9 Manuel C\u00e1rdenas Castro, acad\u00e9mico Facultad de Psicolog\u00eda.<\/a><br aria-hidden=\"true\" \/><br \/><\/p><p><b>GOBIERNO DE CHILE<br aria-hidden=\"true\" \/><\/b><a href=\"https:\/\/www.gob.cl\/noticias\/dia-de-la-astronomia-conozca-las-mas-de-100-actividades-que-habra-en-el-pais\/\">D\u00eda de la Astronom\u00eda: Conozca las m\u00e1s de 100 actividades que habr\u00e1 en el pa\u00eds. Se menciona la Universidad de Talca.<\/a><b><br aria-hidden=\"true\" \/><br \/><\/b><\/p><p><b>REDGOL<br aria-hidden=\"true\" \/><\/b><a href=\"https:\/\/redgol.cl\/tendencias\/dia-de-la-astronomia-cuales-son-las-mas-de-100-actividades-que-hay\">D\u00eda de la Astronom\u00eda: Conoce las m\u00e1s de 100 actividades para celebrar hoy. Se menciona la Universidad de Talca.<\/a><br aria-hidden=\"true\" \/><br \/><\/p><p><b>MINISTERIO DE CIENCIA<br aria-hidden=\"true\" \/><\/b><a href=\"https:\/\/minciencia.gob.cl\/noticias\/minciencia-celebra-el-dia-de-la-astronomia-2024-con-mas-de-100-actividades-en-el-pais\/\">MinCiencia celebra el D\u00eda de la Astronom\u00eda 2024 con m\u00e1s de 100 actividades en el pa\u00eds. Se menciona la Universidad de Talca.<\/a><br aria-hidden=\"true\" \/><br \/><\/p><p class=\"x_elementToProof\">\u00a0<\/p>\t\t\t\t\t\t<\/div>\n\t\t\t\t<\/div>\n\t\t\t\t\t<\/div>\n\t\t<\/div>\n\t\t\t\t\t\t\t<\/div>\n\t\t<\/section>\n\t\t\t\t\t\t<\/div>\n\t\t\t\t\t<\/div>\n\t\t","protected":false},"excerpt":{"rendered":"<p>PUBLIMICRONuevo Hospital de Curic\u00f3 es el principal campus cl\u00ednico de estudiantes del \u00e1rea de la Salud de la Universidad de Talca.\u00a0Se refiere Ernesto Sol\u00eds \u00c1\u00f1ez, director Escuela de Medicina. LA NOTICIANuevo Hospital de Curic\u00f3 es el principal campus cl\u00ednico de estudiantes de la Utalca. Se refiere Ernesto Sol\u00eds \u00c1\u00f1ez, director Escuela de Medicina. DIARIO EL &hellip;<\/p>\n<p class=\"read-more\"> <a class=\"\" href=\"https:\/\/www.reportedeprensa.utalca.cl\/?p=9377\"> <span class=\"screen-reader-text\">21 de marzo de 2024<\/span> Read More &raquo;<\/a><\/p>\n","protected":false},"author":1,"featured_media":0,"comment_status":"closed","ping_status":"open","sticky":false,"template":"","format":"standard","meta":{"_monsterinsights_skip_tracking":false,"_monsterinsights_sitenote_active":false,"_monsterinsights_sitenote_note":"","_monsterinsights_sitenote_category":0},"categories":[46],"tags":[],"_links":{"self":[{"href":"https:\/\/www.reportedeprensa.utalca.cl\/index.php?rest_route=\/wp\/v2\/posts\/9377"}],"collection":[{"href":"https:\/\/www.reportedeprensa.utalca.cl\/index.php?rest_route=\/wp\/v2\/posts"}],"about":[{"href":"https:\/\/www.reportedeprensa.utalca.cl\/index.php?rest_route=\/wp\/v2\/types\/post"}],"author":[{"embeddable":true,"href":"https:\/\/www.reportedeprensa.utalca.cl\/index.php?rest_route=\/wp\/v2\/users\/1"}],"replies":[{"embeddable":true,"href":"https:\/\/www.reportedeprensa.utalca.cl\/index.php?rest_route=%2Fwp%2Fv2%2Fcomments&post=9377"}],"version-history":[{"count":4,"href":"https:\/\/www.reportedeprensa.utalca.cl\/index.php?rest_route=\/wp\/v2\/posts\/9377\/revisions"}],"predecessor-version":[{"id":9381,"href":"https:\/\/www.reportedeprensa.utalca.cl\/index.php?rest_route=\/wp\/v2\/posts\/9377\/revisions\/9381"}],"wp:attachment":[{"href":"https:\/\/www.reportedeprensa.utalca.cl\/index.php?rest_route=%2Fwp%2Fv2%2Fmedia&parent=9377"}],"wp:term":[{"taxonomy":"category","embeddable":true,"href":"https:\/\/www.reportedeprensa.utalca.cl\/index.php?rest_route=%2Fwp%2Fv2%2Fcategories&post=9377"},{"taxonomy":"post_tag","embeddable":true,"href":"https:\/\/www.reportedeprensa.utalca.cl\/index.php?rest_route=%2Fwp%2Fv2%2Ftags&post=9377"}],"curies":[{"name":"wp","href":"https:\/\/api.w.org\/{rel}","templated":true}]}}