{"id":9388,"date":"2024-03-25T12:49:08","date_gmt":"2024-03-25T15:49:08","guid":{"rendered":"https:\/\/www.reportedeprensa.utalca.cl\/?p=9388"},"modified":"2024-03-25T12:56:44","modified_gmt":"2024-03-25T15:56:44","slug":"25-de-marzo-de-2024","status":"publish","type":"post","link":"https:\/\/www.reportedeprensa.utalca.cl\/?p=9388","title":{"rendered":"25 de marzo de 2024"},"content":{"rendered":"\t\t<div data-elementor-type=\"wp-post\" data-elementor-id=\"9388\" class=\"elementor elementor-9388\" data-elementor-settings=\"[]\">\n\t\t\t\t\t\t\t<div class=\"elementor-section-wrap\">\n\t\t\t\t\t\t\t<section class=\"elementor-section elementor-top-section elementor-element elementor-element-bcea1a8 elementor-section-boxed elementor-section-height-default elementor-section-height-default\" data-id=\"bcea1a8\" data-element_type=\"section\">\n\t\t\t\t\t\t<div class=\"elementor-container elementor-column-gap-default\">\n\t\t\t\t\t<div class=\"elementor-column elementor-col-100 elementor-top-column elementor-element elementor-element-e7183bf\" data-id=\"e7183bf\" data-element_type=\"column\">\n\t\t\t<div class=\"elementor-widget-wrap elementor-element-populated\">\n\t\t\t\t\t\t\t\t<div class=\"elementor-element elementor-element-5ffbb87 elementor-widget elementor-widget-text-editor\" data-id=\"5ffbb87\" data-element_type=\"widget\" data-widget_type=\"text-editor.default\">\n\t\t\t\t<div class=\"elementor-widget-container\">\n\t\t\t\t\t\t\t\t<p><b>LA PRENSA DE CURIC\u00d3<br \/><\/b><a href=\"https:\/\/www.litoralpress.cl\/paginaconsultas\/Servicios_NClipSitio\/Get_Imagen_Nota.aspx?LPKey=FFUTMGHZ623BL7ETZOHYCU7ALLZRZZYJMJW7OY33LHOVKZWNIBMN3KEXO7DKIKBWO2DORRCDQEF24\">UTalca promueve la transformaci\u00f3n rural y agroalimentaria. Se refiere Carlos Torres Fuchslocher, rector y \u00c1lvaro Rojas Mar\u00edn, acad\u00e9mico Facultad de Ciencias Agrarias.<\/a><b><br \/><\/b><b><u><br \/><\/u><\/b><\/p><p><b>PORTAL AGRO CHILE<br \/><\/b><a href=\"https:\/\/www.portalagrochile.cl\/2024\/03\/23\/lanzan-programa-para-la-transformacion-rural-y-agroalimentaria-de-latinoamerica\/\">Lanzan programa para la transformaci\u00f3n rural y agroalimentaria de Latinoam\u00e9rica. Se menciona la Universidad de Talca. Se refiere Carlos Torres Fuchslocher, rector y \u00c1lvaro Rojas Mar\u00edn, acad\u00e9mico Facultad de Ciencias Agrarias.<\/a><br \/><br \/><\/p><p><b>G5 NOTICIAS<br \/><\/b><a href=\"https:\/\/g5noticias.cl\/2024\/03\/24\/lanzan-programa-para-la-transformacion-rural-y-agroalimentaria-de-latinoamerica\/\">Lanzan programa para la transformaci\u00f3n rural y agroalimentaria de Latinoam\u00e9rica. Se refiere Carlos Torres Fuchslocher, rector y \u00c1lvaro Rojas Mar\u00edn, acad\u00e9mico Facultad de Ciencias Agrarias.<\/a><br \/><br \/><\/p><p><b>EL LECTOR<\/b><br \/><a href=\"https:\/\/www.litoralpress.cl\/paginaconsultas\/Servicios_NClipSitio\/Get_Imagen_Nota.aspx?LPKey=WHL3YAY6WPM2H56TDFP62LWXMEEISXOAOJOHLUO67DL3X6ZPTFEAN77ZIBON7677AKD2AESFQR5NE\">Lanzan programa para la transformaci\u00f3n rural y agroalimentaria de Latinoam\u00e9rica. Se menciona la Universidad de Talca. Se refiere Carlos Torres Fuchslocher, rector y \u00c1lvaro Rojas Mar\u00edn, acad\u00e9mico Facultad de Ciencias Agrarias.<\/a><br \/><br \/><\/p><p><b>EL LECTOR<br \/><\/b><a href=\"https:\/\/www.litoralpress.cl\/paginaconsultas\/Servicios_NClipSitio\/Get_Imagen_Nota.aspx?LPKey=DABNPZQEN7HL54VENTS3DKEAYIRJFPIOVKWEEWMN6WUVYPO4KU23ATOSTEEGNF4PWGO77QKYZWFF6\">Delegada Presidencial se re\u00fane con Decano de la Facultad de Ciencias de la Educaci\u00f3n de UTalca Campus Linares. Se refiere Mauricio Veliz Campos, acad\u00e9mico de la Facultad de ciencias de la Educaci\u00f3n.<\/a><b><br \/><\/b><b><u><br \/><\/u><\/b><\/p><p><b>AD PRENSA<\/b><br \/><a href=\"https:\/\/www.adprensa.cl\/cronica\/proyecto-explorara-sistemas-productivos-sustentables-para-potenciar-la-agroecologia\/\">Proyecto explorar\u00e1 sistemas productivos sustentables para potenciar la agroecolog\u00eda. Se refiere Ricardo Cabeza P\u00e9rez, acad\u00e9mico de la Facultad de Ciencias Agrarias.<\/a><br \/><br \/><\/p><p><b>MEDIA BANCO<br \/><\/b><a href=\"https:\/\/www.mediabanco.com\/proyecto-explorara-sistemas-productivos-sustentables-para-potenciar-la-agroecologia\/\">Proyecto explorar\u00e1 sistemas productivos sustentables para potenciar la agroecolog\u00eda. Se refiere Ricardo Cabeza P\u00e9rez, acad\u00e9mico de la Facultad de Ciencias Agrarias.<\/a><\/p><p>\u00a0<\/p><p><b><\/b><b><u><a id=\"OWAc16d751e-e983-e93f-dac0-18cbb88ce38c\" class=\"OWAAutoLink\" href=\"https:\/\/www.mediabanco.com\/proyecto-explorara-sistemas-productivos-sustentables-para-potenciar-la-agroecologia\/\"><\/a><\/u><\/b><b>DIARIO DE SANTIAGO<br \/><\/b><a href=\"https:\/\/eldiariosantiago.cl\/proyecto-explorara-sistemas-productivos-sustentables-para-potenciar-la-agroecologia\/\">Proyecto explorar\u00e1 sistemas productivos sustentables para potenciar la agroecolog\u00eda. Se menciona la Universidad de Talca.<\/a><br \/><br \/><\/p><p><b>EL HERALDO<br \/><\/b><a href=\"https:\/\/www.litoralpress.cl\/paginaconsultas\/Servicios_NClipSitio\/Get_Imagen_Nota.aspx?LPKey=7XZ2XLGFTWYNY42MU7GJCXJLWH4GJJFPBNSX56RBCQICTWWTAU2GRNIRX7UU2AHGMS47KNZDRXMPI\">Proyecto explorar\u00e1 sistemas productivos sustentables para potenciar la agroecolog\u00eda. Se refiere Ricardo Cabeza P\u00e9rez, acad\u00e9mico de la Facultad de Ciencias Agrarias.<\/a><br \/><br \/><\/p><p><b>LA TRIBUNA<br \/><\/b><a href=\"https:\/\/www.litoralpress.cl\/paginaconsultas\/Servicios_NClipSitio\/Get_Imagen_Nota.aspx?LPKey=DV4TF2J6SREW63SGN7CQMNXS7H4P3AGL3C6C6JUGF2BTPXLM2VYWTOA376J6THE6JHREIRLA2HT6K\">Chilenas eligen postergar la maternidad sobre los 30 a\u00f1os evidencia el INE. Se refiere Marjorie Medel Illanes, acad\u00e9mica de la Escuela de Obstetricia y Puericultura<\/a><b><br \/><\/b><b><u><br \/><\/u><\/b><\/p><p><b>LAS \u00daLTIMAS NOTICIAS<br \/><\/b><a href=\"https:\/\/www.litoralpress.cl\/paginaconsultas\/Servicios_NClipSitio\/Get_Imagen_Nota.aspx?LPKey=QSB4Q44TVNRMGBN5TJFX5F7SQN6JHNGB7WK67IPIFGPUHY5573Y75E47RKS6UFLKB2723WVUMVDVM\">Meteor\u00f3logos explican qu\u00e9 quieren decir cuando hablan de \u201cVero\u00f1o\u201d. Se refiere Patricio Gonz\u00e1lez Colville, agroclimat\u00f3logo y acad\u00e9mico del Centro de Investigaci\u00f3n y Transferencia en Riego y Agroclimatolog\u00eda (CITRA).\u00a0<\/a><b><br \/><\/b><b><u><br \/><\/u><\/b><\/p><p><b>RADIO 13C<\/b><br \/><a href=\"https:\/\/www.litoralpress.cl\/sitio\/RadioTV_Detalles.cshtml?LPKey=N2TTOMIXQ3WI6IF2JVSGMC23RNUD6TXGNPABVGL3AUYYYHJDTUOZZQ2DRU2GVG52NG3ZSOSCGJRQM\">Entrevista a Patricio Gonz\u00e1lez Colville, agroclimat\u00f3logo y acad\u00e9mico del Centro de Investigaci\u00f3n y Transferencia en Riego y Agroclimatolog\u00eda (CITRA).\u00a0<\/a><br \/><br \/><\/p><p><b>RADIO AGRICULTURA<br \/><\/b><a href=\"https:\/\/www.litoralpress.cl\/sitio\/RadioTV_Detalles.cshtml?LPKey=CQOY43WY6VRKFGTRQD675MTSLAVZRACIQ4JHVGKDU7J23I55MRU2XLJ2S7ADEGW6FHIAQQMTNVNLK\">Entrevista a Patricio Gonz\u00e1lez Colville, agroclimat\u00f3logo y acad\u00e9mico del Centro de Investigaci\u00f3n y Transferencia en Riego y Agroclimatolog\u00eda (CITRA).\u00a0<\/a><br \/><br \/><\/p><p><b>MEDIA BANCO<br \/><\/b><a href=\"https:\/\/www.mediabanco.com\/estudiantes-de-la-utalca-orientaran-a-contribuyentes-en-operacion-renta\/\">Estudiantes de la UTalca orientar\u00e1n a contribuyentes en Operaci\u00f3n Renta. Se refiere Guisela Osses Valderrama, acad\u00e9mica de la Facultad de Econom\u00eda y Negocios.<\/a><br \/><br \/><\/p><p><b>AD PRENSA<br \/><\/b><a href=\"https:\/\/www.adprensa.cl\/cronica\/estudiantes-de-la-utalca-orientaran-a-contribuyentes-en-operacion-renta\/\">Estudiantes de la UTalca orientar\u00e1n a contribuyentes en Operaci\u00f3n Renta. Se refiere Guisela Osses Valderrama, acad\u00e9mica de la Facultad de Econom\u00eda y Negocios.<\/a><b><br \/><\/b><b><u><br \/><\/u><\/b><\/p><p><b>MEDIABANCO<br \/><\/b><a href=\"https:\/\/www.mediabanco.com\/ministro-irlandes-analizo-experiencia-de-su-pais-sobre-regulacion-de-la-ia-y-derechos-de-\u00a0\u00a0 s -personas\/\" data-wplink-url-error=\"true\">Ministro irland\u00e9s analiz\u00f3 experiencia de su pa\u00eds sobre regulaci\u00f3n de la IA y derechos de las personas. Se refiere Iv\u00e1n Obando Camino, decano de la Facultad de Ciencias Jur\u00eddicas y Gonzalo Aguilar Cavallo, acad\u00e9mico de esta facultad.<\/a><br \/><br \/><\/p><p><b>AD PRENSA<br \/><\/b><a href=\"https:\/\/www.adprensa.cl\/cronica\/ministro-irlandes-analizo-experiencia-de-su-pais-sobre-regulacion-de-la-ia-y-derechos-de-las-personas\/\">Ministro irland\u00e9s analiz\u00f3 experiencia de su pa\u00eds sobre regulaci\u00f3n de la IA y derechos de las personas. Se refiere Iv\u00e1n Obando Camino, decano de la Facultad de Ciencias Jur\u00eddicas y Gonzalo Aguilar Cavallo, acad\u00e9mico de esta facultad.<\/a><br \/><br \/><\/p><p><b>G5 NOTICIAS<br \/><\/b><a href=\"https:\/\/g5noticias.cl\/2024\/03\/23\/ministro-irlandes-analizo-experiencia-de-su-pais-sobre-regulacion-de-la-ia-y-derechos-de-las-personas\/\">Ministro irland\u00e9s analiz\u00f3 experiencia de su pa\u00eds sobre regulaci\u00f3n de la IA y derechos de las personas. Se refiere Iv\u00e1n Obando Camino, decano de la Facultad de Ciencias Jur\u00eddicas y Gonzalo Aguilar Cavallo, acad\u00e9mico de esta facultad.<\/a><b><br \/><\/b><b><u><br \/><\/u><\/b><\/p><p><b>EL LECTOR<br \/><\/b><a href=\"https:\/\/www.litoralpress.cl\/paginaconsultas\/Servicios_NClipSitio\/Get_Imagen_Nota.aspx?LPKey=YWS2S26NRPALE3GVHX3SZ7BXNTDEL7ZLKZ6UIV4UT2K65U62ZHMIRZZKSCFKI3G3VHRUU46VCCWV2\">Ministro irland\u00e9s analiz\u00f3 experiencia de su pa\u00eds sobre regulaci\u00f3n de la lA y derechos de las personas. Se refiere Iv\u00e1n Obando Camino, decano de la Facultad de Ciencias Jur\u00eddicas y Gonzalo Aguilar Cavallo, acad\u00e9micos de esta misma facultad.<\/a><br \/><br \/><\/p><p><b>PUBLIMICRO<br \/><\/b><a href=\"https:\/\/publimicro.cl\/ministro-irlandes-analizo-en-la-universidad-de-talca-la-experiencia-de-su-pais-sobre-regulacion-de-la-ia-y-derechos-de-las-personas\/\">Ministro irland\u00e9s analiz\u00f3 en la Universidad de Talca, la experiencia de su pa\u00eds sobre regulaci\u00f3n de la IA y derechos de las personas. Se menciona la Universidad de Talca<\/a><br \/><br \/><\/p><p><b>GRAN VALPARA\u00cdSO<br \/><\/b><a href=\"https:\/\/www.granvalparaiso.cl\/tendencias\/ministro-irlandes-analizo-experiencia-de-su-pais-sobre-regulacion-de-la-ia-y-derechos-de-las-personas\/\">Ministro irland\u00e9s analiz\u00f3 experiencia de su pa\u00eds sobre regulaci\u00f3n de la IA y derechos de las personas. Se refiere Iv\u00e1n Obando Camino, decano de la Facultad de Ciencias Jur\u00eddicas y Gonzalo Aguilar Cavallo, acad\u00e9micos de esta misma facultad.<\/a><br \/><br \/><\/p><p><b>EL LECTOR<\/b><br \/><a href=\"https:\/\/www.litoralpress.cl\/paginaconsultas\/Servicios_NClipSitio\/Get_Imagen_Nota.aspx?LPKey=ILWIIXEFHPGREL4QZAOGL4NCTXH3C77TZEUTKLDDQG35F7YC5W7HRLHNQFPKRWXOAP64IYG7S42C4\">Ceremonia \u201cEl camino hacia la igualdad de las mujeres en el Maule. Se menciona la Universidad de Talca.<\/a><br \/><br \/><\/p><p><b>EL MAULE INFORMA<br \/><\/b><a href=\"https:\/\/elmauleinforma.cl\/ceremonia-reunio-a-diversas-mujeres-para-destacar-su-gran-labor-en-la-region\/\">Ceremonia reuni\u00f3 a diversas mujeres para destacar su gran labor en la regi\u00f3n. Se menciona la Universidad de Talca.<\/a><br \/><br \/><\/p><p><b>EL MOSTRADOR<br \/><\/b><a href=\"https:\/\/www.elmostrador.cl\/noticias\/opinion\/cartas\/2024\/03\/23\/mision-cumplida\/\">Misi\u00f3n Cumplida. Se refiere Diego Palomo, acad\u00e9mico de la Facultad de Ciencias Jur\u00eddicas y Sociales.<\/a><b><br \/><\/b><b><u><br \/><\/u><\/b><\/p><p><b>RADIO BIOB\u00cdO<\/b><br \/><a href=\"https:\/\/www.biobiochile.cl\/noticias\/nacional\/chile\/2024\/03\/23\/telefonazo-de-vallejo-y-fantasma-de-chadwick-resortes-de-la-formalizacion-a-exdirector-pdi.shtml\">Telefonazo de Vallejo y fantasma de Chadwick: resortes de la formalizaci\u00f3n a exdirector PDI. Se refiere Mauricio Morales Quiroga, director del Centro de An\u00e1lisis Pol\u00edtico (CAP).<\/a><br \/><br \/><\/p><p><b>RADIO NOST\u00c1LGICA<br \/><\/b><a href=\"https:\/\/www.nostalgica.cl\/telefonazo-de-vallejo-y-fantasma-de-chadwick-resortes-de-la-formalizacion-a-exdirector-pdi\/\">Telefonazo de Vallejo y fantasma de Chadwick: resortes de la formalizaci\u00f3n a exdirector PDI. Se refiere Mauricio Morales Quiroga, director del Centro de An\u00e1lisis Pol\u00edtico (CAP).<\/a><br \/><br \/><\/p><p><b>ATACAMA NOTICIAS<br \/><\/b><a href=\"https:\/\/www.atacamanoticias.cl\/2024\/03\/23\/telefonazo-de-vallejo-y-fantasma-de-chadwick-resortes-de-la-formalizacion-a-exdirector-pdi\/\">Telefonazo de Vallejo y fantasma de Chadwick: resortes de la formalizaci\u00f3n a exdirector PDI. Se refiere Mauricio Morales Quiroga, director del Centro de An\u00e1lisis Pol\u00edtico (CAP).<\/a><br \/><br \/><\/p><p><b>EMOL<br \/><\/b><a href=\"https:\/\/www.emol.com\/noticias\/Nacional\/2024\/03\/24\/1125644\/elecciones-municipales-y-gobernadores-octubre.html\">Ante voto obligatorio: Megaelecci\u00f3n de octubre se proyecta como una &#8220;medici\u00f3n m\u00e1s realista&#8221; de las fuerzas pol\u00edticas y del pa\u00eds. Se refiere Mauricio Morales Quiroga, director del Centro de An\u00e1lisis Pol\u00edtico (CAP).<\/a><b><br \/><\/b><b><u><br \/><\/u><\/b><\/p><p><b>RADIO NOST\u00c1LGICA<br \/><\/b><a href=\"https:\/\/www.nostalgica.cl\/ante-voto-obligatorio-megaeleccion-de-octubre-se-proyecta-como-una-medicion-mas-realista-de-las-fuerzas-politicas-y-del-pais\/\">Ante voto obligatorio: Megaelecci\u00f3n de octubre se proyecta como una \u201cmedici\u00f3n m\u00e1s realista\u201d de las fuerzas pol\u00edticas y del pa\u00eds. Se refiere Mauricio Morales Quiroga, director del Centro de An\u00e1lisis Pol\u00edtico (CAP).<\/a><br \/><br \/><\/p><p><b>MEGA NOTICIAS<br \/><\/b><a href=\"https:\/\/www.litoralpress.cl\/sitio\/MediosOnline_Detalles.cshtml?LPKey=7QMCSFJAYMO7RZ4EMQXC7VGIHKQOY4QMVIM7IGC447W3L4A5BUO67XY5PEGOESFBSQYJEIWZ4T6WA\">\u00bfSe te apareci\u00f3 Dem\u00f3cratas? Se refiere Mauricio Morales Quiroga, director del Centro de An\u00e1lisis Pol\u00edtico (CAP).<\/a><br \/><br \/><\/p><p><b>ESTA PASANDO<br \/><\/b><a href=\"https:\/\/estapasando.cl\/las-elecciones-presidenciales-ee-uu-entre-la-familiaridad-las-fake-news-y-el-desafio-de-la-politica-exterior\/\">Las Elecciones Presidenciales EE.UU: Entre la Familiaridad, las Fake News y el Desaf\u00edo de la Pol\u00edtica Exterior. Se refiere Alejandra M\u00e1rquez Cabrera, acad\u00e9mica de la Facultad de Ciencias Jur\u00eddicas y Sociales.<\/a><b><br \/><\/b><b><u><br \/><\/u><\/b><\/p><p><b>EL MERCURIO<\/b><br \/><a href=\"https:\/\/www.litoralpress.cl\/paginaconsultas\/Servicios_NClipSitio\/Get_Imagen_Nota.aspx?LPKey=QGQKHCV2WR3K6CJTWK23NA6S4APXDJ2RY3YUJ3Y6F3GNZKFNDKWESJVSKWSLZUFH5O7ECAKY2EE3G\">El futuro del valle de los c\u00f3ndores. Se menciona la Universidad de Talca.\u00a0<\/a><br \/><br \/><\/p><p><b>PORTAL EDUCA<\/b><br \/><a href=\"https:\/\/portaleduca.cl\/minciencia-celebra-el-dia-de-la-astronomia-2024-con-mas-de-100-actividades-en-el-pais\/\">MinCiencia celebra el D\u00eda de la Astronom\u00eda 2024 con m\u00e1s de 100 actividades en el pa\u00eds. Se menciona la Universidad de Talca.<\/a><br \/><br \/><\/p><p><b>CR\u00d3NICA DE CHILL\u00c1N<br \/><\/b><a href=\"https:\/\/www.litoralpress.cl\/paginaconsultas\/Servicios_NClipSitio\/Get_Imagen_Nota.aspx?LPKey=MF7EFPRZ5YBJLCR267N3TTINOA6KS3G2LTZA2PSGEJ6P7H4KPYDIRGAF3FP3S7Q6VDDDFTSY3A3ZY\">Megacampamentos y d\u00e9ficit habitacional. Se menciona la Universidad de Talca.<\/a><br \/><br \/><\/p><p><b>DIARIO AUSTRAL<br \/><\/b><a href=\"https:\/\/www.litoralpress.cl\/paginaconsultas\/Servicios_NClipSitio\/Get_Imagen_Nota.aspx?LPKey=CAIRWOIOPMH4LPFDJAPCT5YURLXZ4AN2PKQYIIZZWF5YWUC6XOX7CWDQFXZDMSVBJXFXS47AODY6O\">Megacampamentos y d\u00e9ficit habitacional. Se menciona la Universidad de Talca.<\/a><br \/><br \/><\/p><p><b>AUTRAL DE OSORNO<br \/><\/b><a href=\"https:\/\/www.litoralpress.cl\/paginaconsultas\/Servicios_NClipSitio\/Get_Imagen_Nota.aspx?LPKey=DBECKYREAVP5B6MJDGZRWGCX3TNBVNCXVRH62ESNJOK7R6BE433AKGOCHETVDBPV2YM7KQ2PCUEYO\">Megacampamentos y d\u00e9ficit habitacional. Se menciona la Universidad de Talca.<\/a><br \/><br \/><\/p><p><b>EL MERCURIO DE ANTOFAGASTA<br \/><\/b><a href=\"https:\/\/www.litoralpress.cl\/paginaconsultas\/Servicios_NClipSitio\/Get_Imagen_Nota.aspx?LPKey=PL33F6IOKUBA4IHCIGCDMAFAXFACYAPLV6DRKAU6I6FY27T7SUFQ7RSYGKANEXHGSELCR6JEO7QQO\">Megacampamentos y d\u00e9ficit habitacional. Se menciona la Universidad de Talca.<\/a><br \/><br \/><\/p><p><b>EL MERCURIO DE CALAMA<br \/><\/b><a href=\"https:\/\/www.litoralpress.cl\/paginaconsultas\/Servicios_NClipSitio\/Get_Imagen_Nota.aspx?LPKey=WHIFK3C4DWHVFF6ERXJFZHSXQ3OUTQZN5IZ6BMKWJXY276MF3C3KGXUIIPKOMMZ532LGE3MAWCZ2M\">Megacampamentos y d\u00e9ficit habitacional. Se menciona la Universidad de Talca.<\/a><\/p>\t\t\t\t\t\t<\/div>\n\t\t\t\t<\/div>\n\t\t\t\t\t<\/div>\n\t\t<\/div>\n\t\t\t\t\t\t\t<\/div>\n\t\t<\/section>\n\t\t\t\t\t\t<\/div>\n\t\t\t\t\t<\/div>\n\t\t","protected":false},"excerpt":{"rendered":"<p>LA PRENSA DE CURIC\u00d3UTalca promueve la transformaci\u00f3n rural y agroalimentaria. Se refiere Carlos Torres Fuchslocher, rector y \u00c1lvaro Rojas Mar\u00edn, acad\u00e9mico Facultad de Ciencias Agrarias. PORTAL AGRO CHILELanzan programa para la transformaci\u00f3n rural y agroalimentaria de Latinoam\u00e9rica. Se menciona la Universidad de Talca. Se refiere Carlos Torres Fuchslocher, rector y \u00c1lvaro Rojas Mar\u00edn, acad\u00e9mico Facultad &hellip;<\/p>\n<p class=\"read-more\"> <a class=\"\" href=\"https:\/\/www.reportedeprensa.utalca.cl\/?p=9388\"> <span class=\"screen-reader-text\">25 de marzo de 2024<\/span> Read More &raquo;<\/a><\/p>\n","protected":false},"author":1,"featured_media":0,"comment_status":"closed","ping_status":"open","sticky":false,"template":"","format":"standard","meta":{"_monsterinsights_skip_tracking":false,"_monsterinsights_sitenote_active":false,"_monsterinsights_sitenote_note":"","_monsterinsights_sitenote_category":0},"categories":[46],"tags":[],"_links":{"self":[{"href":"https:\/\/www.reportedeprensa.utalca.cl\/index.php?rest_route=\/wp\/v2\/posts\/9388"}],"collection":[{"href":"https:\/\/www.reportedeprensa.utalca.cl\/index.php?rest_route=\/wp\/v2\/posts"}],"about":[{"href":"https:\/\/www.reportedeprensa.utalca.cl\/index.php?rest_route=\/wp\/v2\/types\/post"}],"author":[{"embeddable":true,"href":"https:\/\/www.reportedeprensa.utalca.cl\/index.php?rest_route=\/wp\/v2\/users\/1"}],"replies":[{"embeddable":true,"href":"https:\/\/www.reportedeprensa.utalca.cl\/index.php?rest_route=%2Fwp%2Fv2%2Fcomments&post=9388"}],"version-history":[{"count":4,"href":"https:\/\/www.reportedeprensa.utalca.cl\/index.php?rest_route=\/wp\/v2\/posts\/9388\/revisions"}],"predecessor-version":[{"id":9392,"href":"https:\/\/www.reportedeprensa.utalca.cl\/index.php?rest_route=\/wp\/v2\/posts\/9388\/revisions\/9392"}],"wp:attachment":[{"href":"https:\/\/www.reportedeprensa.utalca.cl\/index.php?rest_route=%2Fwp%2Fv2%2Fmedia&parent=9388"}],"wp:term":[{"taxonomy":"category","embeddable":true,"href":"https:\/\/www.reportedeprensa.utalca.cl\/index.php?rest_route=%2Fwp%2Fv2%2Fcategories&post=9388"},{"taxonomy":"post_tag","embeddable":true,"href":"https:\/\/www.reportedeprensa.utalca.cl\/index.php?rest_route=%2Fwp%2Fv2%2Ftags&post=9388"}],"curies":[{"name":"wp","href":"https:\/\/api.w.org\/{rel}","templated":true}]}}