{"id":9396,"date":"2024-03-25T13:03:44","date_gmt":"2024-03-25T16:03:44","guid":{"rendered":"https:\/\/www.reportedeprensa.utalca.cl\/?p=9396"},"modified":"2024-03-25T13:06:01","modified_gmt":"2024-03-25T16:06:01","slug":"22-de-marzo-de-2024","status":"publish","type":"post","link":"https:\/\/www.reportedeprensa.utalca.cl\/?p=9396","title":{"rendered":"22 de marzo de 2024"},"content":{"rendered":"\t\t<div data-elementor-type=\"wp-post\" data-elementor-id=\"9396\" class=\"elementor elementor-9396\" data-elementor-settings=\"[]\">\n\t\t\t\t\t\t\t<div class=\"elementor-section-wrap\">\n\t\t\t\t\t\t\t<section class=\"elementor-section elementor-top-section elementor-element elementor-element-bcea1a8 elementor-section-boxed elementor-section-height-default elementor-section-height-default\" data-id=\"bcea1a8\" data-element_type=\"section\">\n\t\t\t\t\t\t<div class=\"elementor-container elementor-column-gap-default\">\n\t\t\t\t\t<div class=\"elementor-column elementor-col-100 elementor-top-column elementor-element elementor-element-e7183bf\" data-id=\"e7183bf\" data-element_type=\"column\">\n\t\t\t<div class=\"elementor-widget-wrap elementor-element-populated\">\n\t\t\t\t\t\t\t\t<div class=\"elementor-element elementor-element-5ffbb87 elementor-widget elementor-widget-text-editor\" data-id=\"5ffbb87\" data-element_type=\"widget\" data-widget_type=\"text-editor.default\">\n\t\t\t\t<div class=\"elementor-widget-container\">\n\t\t\t\t\t\t\t\t<p><strong>AD PRENSA<\/strong><br \/><a href=\"https:\/\/www.adprensa.cl\/cronica\/lanzan-programa-para-la-transformacion-rural-y-agroalimentaria-de-latinoamerica\/\">Lanzan programa para la transformaci\u00f3n rural y agroalimentaria de Latinoam\u00e9rica. Se refiere rector Carlos Torres Fuchslocher y \u00c1lvaro Rojas Mar\u00edn, acad\u00e9mico de la Facultad de Ciencias Agrarias.<\/a><br \/><br \/><\/p><p><strong>MEDIABANCO<\/strong><br \/><a href=\"https:\/\/www.mediabanco.com\/lanzan-programa-para-la-transformacion-rural-y-agroalimentaria-de-latinoamerica\/\">Lanzan programa para la transformaci\u00f3n rural y agroalimentaria de Latinoam\u00e9rica. Se refiere rector Carlos Torres Fuchslocher y \u00c1lvaro Rojas Mar\u00edn, acad\u00e9mico de la Facultad de Ciencias Agrarias.<\/a><br \/><br \/><\/p><p><strong>MINISTERIO DE AGRICULTURA<\/strong><br \/><a href=\"https:\/\/minagri.gob.cl\/noticia\/lanzan-programa-para-la-transformacion-rural-y-agroalimentaria-de-latinoamerica\/\">Lanzan programa para la transformaci\u00f3n rural y agroalimentaria de Latinoam\u00e9rica. Se refiere rector Carlos Torres Fuchslocher y \u00c1lvaro Rojas Mar\u00edn, acad\u00e9mico de la Facultad de Ciencias Agrarias.<\/a><br \/><br \/><\/p><p><strong>CHILL\u00c1N ONLINE<br \/><\/strong><a href=\"https:\/\/www.chillanonline.cl\/V7\/2024\/03\/21\/lanzan-programa-para-la-transformacion-rural-y-agroalimentaria-de-latinoamerica\/\">Lanzan programa para la transformaci\u00f3n rural y agroalimentaria de Latinoam\u00e9rica. Se refiere rector Carlos Torres Fuchslocher y \u00c1lvaro Rojas Mar\u00edn, acad\u00e9mico de la Facultad de Ciencias Agrarias.<\/a><br \/><br \/><\/p><p><strong>EL MOSTRADOR<\/strong><br \/><a href=\"https:\/\/www.elmostrador.cl\/agenda-pais\/vida-en-linea\/2024\/03\/21\/comienza-el-otono-como-evitar-resfrios-ante-cambios-de-temperatura\/\">Comienza el oto\u00f1o: \u00bfc\u00f3mo evitar resfr\u00edos ante cambios de temperatura? Se refiere Mar\u00eda Ester Mu\u00f1oz, acad\u00e9mica Escuela de Enfermer\u00eda.<\/a><br \/><br \/><\/p><p><strong>DIARIO TALCA<\/strong><br \/><a href=\"https:\/\/diariotalca.cl\/comienza-el-otono-como-evitar-resfrios-ante-cambios-de-temperatura\/\">Comienza el oto\u00f1o: \u00bfc\u00f3mo evitar resfr\u00edos ante cambios de temperatura? Se refiere Mar\u00eda Ester Mu\u00f1oz, acad\u00e9mica Escuela de Enfermer\u00eda.<\/a><br \/><br \/><\/p><p><strong>EL LECTOR<\/strong><br \/><a href=\"https:\/\/www.litoralpress.cl\/paginaconsultas\/Servicios_NClipSitio\/Get_Imagen_Nota.aspx?LPKey=C5NUXFIREECR3IQ7EU56IXCVIETKXKO67REGTJKJ7QPXIBOSSHV7DUKYE6NXUMJVM6W7FEV3KTPWE\">Comienza el oto\u00f1o: \u00bfc\u00f3mo evitar resfr\u00edos ante cambios de temperatura? Se refiere Mar\u00eda Ester Mu\u00f1oz, acad\u00e9mica Escuela de Enfermer\u00eda.<\/a><br \/><br \/><\/p><p><strong>PERIODISMO CHILENO<\/strong><br \/><a href=\"https:\/\/www.periodismochileno.cl\/vida-estilo\/2024\/3\/21\/llega-el-otono-evita-los-resfrios-cuida-tu-salud-de-esta-manera-71035.html\">Llega el oto\u00f1o: evita los resfr\u00edos y cuida tu salud de esta manera. Se refiere Mar\u00eda Ester Mu\u00f1oz, acad\u00e9mica Escuela de Enfermer\u00eda.<\/a><br \/><br \/><\/p><p><strong>S\u00c9PTIMA P\u00c1GINA NOTICIAS<\/strong><br \/><a href=\"https:\/\/www.septimapaginanoticias.cl\/comienza-el-otono-como-evitar-resfrios-ante-cambios-de-temperatura\">Comienza el oto\u00f1o: \u00bfc\u00f3mo evitar resfr\u00edos ante cambios de temperatura? Se refiere Mar\u00eda Ester Mu\u00f1oz, acad\u00e9mica Escuela de Enfermer\u00eda.<\/a><br \/><br \/><\/p><p><strong>TOUR INNOVACI\u00d3N<br \/><\/strong><a href=\"https:\/\/www.tourinnovacion.cl\/tecnologia-ciencia\/minciencia-celebra-el-dia-de-la-astronomia-2024-con-mas-de-100-actividades-en-el-pais\/\">Minciencia celebra el d\u00eda de la astronom\u00eda 2024 con m\u00e1s de 100 actividades en el pa\u00eds. Se menciona la Universidad de Talca.<\/a><br \/><br \/><\/p><p><strong>RADIO INFINITA<\/strong><br \/><a href=\"https:\/\/www.litoralpress.cl\/sitio\/RadioTV_Detalles.cshtml?LPKey=ENPOCNOYDBKE2BEF3IGUNFJTBILDLONVMFSZKDGYAQWNCFG3W5T3CVDXN26BQZU6GMWWLWNXPEOHY\">Comentario de pol\u00edtica de Mauricio Morales Quiroga, acad\u00e9mico de la Facultad de Ciencias Jur\u00eddicas y Sociales.<\/a><br \/><br \/><\/p><p><strong>RADIO LAUTARO<br \/><\/strong><a href=\"https:\/\/www.litoralpress.cl\/sitio\/RadioTV_Detalles.cshtml?LPKey=CU6NRV3XWECRG3HC26KWXDRZ3FWOEJQCSNAJ2TRJH6U3I7FURLXPXWKNL4VSZ6ISDD7XQGOWV5VEW\">Entrevista a Gabriela V\u00e1squez P\u00e9rez, acad\u00e9mica del Departamento de Odontopediatr\u00eda.<\/a><br \/><br \/><\/p><p><strong>INNOVACI\u00d3N CHILENA <br \/><\/strong><a href=\"https:\/\/innovacionchilena.cl\/profesores-innovadores\/\">UDD presenta Premio Ense\u00f1a Sustentable 2018 para profesores innovadores. Se menciona la Universidad de Talca<\/a><br \/><br \/><\/p><p><strong>CANAL TVN RED MAULE<br \/><\/strong><a href=\"https:\/\/www.litoralpress.cl\/sitio\/RadioTV_Detalles.cshtml?LPKey=PVKFLSKYC5U7L65USHBO7FKUHNOBKMM427K45Q5FA22WCM2HNYEBJWGE6NPODVPSOPKVXQB6FVBDW\">Sistema de admisi\u00f3n escolar: Contin\u00faan alumnos sin matr\u00edculas. Se refiere Novaldo Benavides, acad\u00e9mica de la Facultad de Ciencias de la Educaci\u00f3n.<\/a><\/p>\t\t\t\t\t\t<\/div>\n\t\t\t\t<\/div>\n\t\t\t\t\t<\/div>\n\t\t<\/div>\n\t\t\t\t\t\t\t<\/div>\n\t\t<\/section>\n\t\t\t\t\t\t<\/div>\n\t\t\t\t\t<\/div>\n\t\t","protected":false},"excerpt":{"rendered":"<p>AD PRENSALanzan programa para la transformaci\u00f3n rural y agroalimentaria de Latinoam\u00e9rica. Se refiere rector Carlos Torres Fuchslocher y \u00c1lvaro Rojas Mar\u00edn, acad\u00e9mico de la Facultad de Ciencias Agrarias. MEDIABANCOLanzan programa para la transformaci\u00f3n rural y agroalimentaria de Latinoam\u00e9rica. Se refiere rector Carlos Torres Fuchslocher y \u00c1lvaro Rojas Mar\u00edn, acad\u00e9mico de la Facultad de Ciencias Agrarias. &hellip;<\/p>\n<p class=\"read-more\"> <a class=\"\" href=\"https:\/\/www.reportedeprensa.utalca.cl\/?p=9396\"> <span class=\"screen-reader-text\">22 de marzo de 2024<\/span> Read More &raquo;<\/a><\/p>\n","protected":false},"author":1,"featured_media":0,"comment_status":"closed","ping_status":"open","sticky":false,"template":"","format":"standard","meta":{"_monsterinsights_skip_tracking":false,"_monsterinsights_sitenote_active":false,"_monsterinsights_sitenote_note":"","_monsterinsights_sitenote_category":0},"categories":[46],"tags":[],"_links":{"self":[{"href":"https:\/\/www.reportedeprensa.utalca.cl\/index.php?rest_route=\/wp\/v2\/posts\/9396"}],"collection":[{"href":"https:\/\/www.reportedeprensa.utalca.cl\/index.php?rest_route=\/wp\/v2\/posts"}],"about":[{"href":"https:\/\/www.reportedeprensa.utalca.cl\/index.php?rest_route=\/wp\/v2\/types\/post"}],"author":[{"embeddable":true,"href":"https:\/\/www.reportedeprensa.utalca.cl\/index.php?rest_route=\/wp\/v2\/users\/1"}],"replies":[{"embeddable":true,"href":"https:\/\/www.reportedeprensa.utalca.cl\/index.php?rest_route=%2Fwp%2Fv2%2Fcomments&post=9396"}],"version-history":[{"count":4,"href":"https:\/\/www.reportedeprensa.utalca.cl\/index.php?rest_route=\/wp\/v2\/posts\/9396\/revisions"}],"predecessor-version":[{"id":9400,"href":"https:\/\/www.reportedeprensa.utalca.cl\/index.php?rest_route=\/wp\/v2\/posts\/9396\/revisions\/9400"}],"wp:attachment":[{"href":"https:\/\/www.reportedeprensa.utalca.cl\/index.php?rest_route=%2Fwp%2Fv2%2Fmedia&parent=9396"}],"wp:term":[{"taxonomy":"category","embeddable":true,"href":"https:\/\/www.reportedeprensa.utalca.cl\/index.php?rest_route=%2Fwp%2Fv2%2Fcategories&post=9396"},{"taxonomy":"post_tag","embeddable":true,"href":"https:\/\/www.reportedeprensa.utalca.cl\/index.php?rest_route=%2Fwp%2Fv2%2Ftags&post=9396"}],"curies":[{"name":"wp","href":"https:\/\/api.w.org\/{rel}","templated":true}]}}