{"id":9411,"date":"2024-03-27T15:10:09","date_gmt":"2024-03-27T18:10:09","guid":{"rendered":"https:\/\/www.reportedeprensa.utalca.cl\/?p=9411"},"modified":"2024-03-27T15:39:40","modified_gmt":"2024-03-27T18:39:40","slug":"27-de-marzo-de-2024","status":"publish","type":"post","link":"https:\/\/www.reportedeprensa.utalca.cl\/?p=9411","title":{"rendered":"27 de marzo de 2024"},"content":{"rendered":"\t\t<div data-elementor-type=\"wp-post\" data-elementor-id=\"9411\" class=\"elementor elementor-9411\" data-elementor-settings=\"[]\">\n\t\t\t\t\t\t\t<div class=\"elementor-section-wrap\">\n\t\t\t\t\t\t\t<section class=\"elementor-section elementor-top-section elementor-element elementor-element-bcea1a8 elementor-section-boxed elementor-section-height-default elementor-section-height-default\" data-id=\"bcea1a8\" data-element_type=\"section\">\n\t\t\t\t\t\t<div class=\"elementor-container elementor-column-gap-default\">\n\t\t\t\t\t<div class=\"elementor-column elementor-col-100 elementor-top-column elementor-element elementor-element-e7183bf\" data-id=\"e7183bf\" data-element_type=\"column\">\n\t\t\t<div class=\"elementor-widget-wrap elementor-element-populated\">\n\t\t\t\t\t\t\t\t<div class=\"elementor-element elementor-element-5ffbb87 elementor-widget elementor-widget-text-editor\" data-id=\"5ffbb87\" data-element_type=\"widget\" data-widget_type=\"text-editor.default\">\n\t\t\t\t<div class=\"elementor-widget-container\">\n\t\t\t\t\t\t\t\t<div>\u00a0<\/div><div><div><p><b>DIARIO MAULE HOY<\/b><b>\u00a0<\/b><\/p><p><a href=\"https:\/\/www.litoralpress.cl\/paginaconsultas\/Servicios_NClipSitio\/Get_Imagen_Nota.aspx?LPKey=Q6PCRWRWHDXLIQDUL5DCC5IP4QFURPNAH5QKFVZ45AYNU6Y7ONUUHLWRE5LTL7BB6GNDZCDTMVAGQ\">Lanzan programa para la transformaci\u00f3n rural y agroalimentaria de Latinoam\u00e9rica. Se refiere rector Carlos Torres Fuchslocher y \u00c1lvaro Rojas Mar\u00edn, acad\u00e9mico de la Facultad de Ciencias Agrarias.<\/a><a href=\"https:\/\/www.litoralpress.cl\/paginaconsultas\/Servicios_NClipSitio\/Get_Imagen_Nota.aspx?LPKey=Q6PCRWRWHDXLIQDUL5DCC5IP4QFURPNAH5QKFVZ45AYNU6Y7ONUUHLWRE5LTL7BB6GNDZCDTMVAGQ\">\u00a0<\/a><b><br \/><\/b><\/p><\/div><div><p>\u00a0<\/p><p><b>DIARIOELHERALDO.CL<\/b>\u00a0<br \/><a href=\"https:\/\/www.diarioelheraldo.cl\/noticia\/estudiantes-de-la-utalca-orientaran-a-contribuyentes-en-operacion-renta\">Estudiantes de la UTalca orientar\u00e1n a contribuyentes en Operaci\u00f3n Renta. Se refiere Gu\u00edsela Osses, acad\u00e9mica Facultad de Econom\u00eda y Negocios.\u202f\u00a0<\/a><br \/><br \/><\/p><\/div><div><p><b>EL MAULE INFORMA<\/b><b>\u00a0<br \/><\/b><a href=\"https:\/\/elmauleinforma.cl\/estudiantes-de-la-utalca-orientaran-a-contribuyentes-en-operacion-renta\/\">Estudiantes de la UTalca orientar\u00e1n a contribuyentes en Operaci\u00f3n Renta. Se refiere Gu\u00edsela Osses, acad\u00e9mica Facultad de Econom\u00eda y Negocios.\u202f\u00a0<\/a><\/p><p>\u00a0<\/p><p><b>DIARIO EL HERALDO<\/b><b>\u00a0 <\/b><\/p><p><a href=\"https:\/\/www.litoralpress.cl\/paginaconsultas\/Servicios_NClipSitio\/Get_Imagen_Nota.aspx?LPKey=BBHYQYDFH7OH55UTOACYNDF7L2XGU3DN7POI2HCXRWNEKFQF4GL6YOBCRWGN7ZDRW3LHON3VF664W\">Advierten que las Pymes ser\u00edan afectadas con la llegada de la Ley de las 40 horas. Se refiere Rodrigo Palomo V\u00e9lez, acad\u00e9mico de la Facultad de Ciencias Jur\u00eddicas y Sociales.\u00a0<\/a><\/p><\/div><div>\u00a0<\/div><div><p><b>EL LECTOR<\/b> \u00a0<br \/><a href=\"https:\/\/www.litoralpress.cl\/paginaconsultas\/Servicios_NClipSitio\/Get_Imagen_Nota.aspx?LPKey=UBZLWZB3AVT4EU7EALUCF6AVIELMIY7LJLTEYMX2ORNGKE6I4AMWCHTZJ2EEF77NMPQ5MMYKGJ7V6\">Advierten que las Pymes ser\u00edan afectadas con la llegada de la Ley de las 40 horas. Se refiere Rodrigo Palomo V\u00e9lez, acad\u00e9mico de la Facultad de Ciencias Jur\u00eddicas y Sociales.\u00a0<\/a><br \/><br \/><\/p><\/div><div><p><b>PUBLIMICRO<\/b>\u00a0<br \/><a href=\"https:\/\/www.septimapaginanoticias.cl\/advierten-que-las-pymes-serian-afectadas-con-la-llegada-de-la-ley-de-las-40-horas\">Advierten que las Pymes ser\u00edan afectadas con la llegada de la Ley de las 40 horas. Se refiere Rodrigo Palomo V\u00e9lez, acad\u00e9mico de la Facultad de Ciencias Jur\u00eddicas y Sociales.\u00a0<\/a><br \/><br \/><\/p><\/div><div><p><b>S\u00c9PTIMA P\u00c1GINA NOTICIAS<\/b>\u00a0<br \/><a href=\"https:\/\/www.septimapaginanoticias.cl\/advierten-que-las-pymes-serian-afectadas-con-la-llegada-de-la-ley-de-las-40-horas\">Advierten que las pymes ser\u00edan afectadas con la llegada de la Ley de las 40 horas. Se refiere Rodrigo Palomo V\u00e9lez, acad\u00e9mico de la Facultad de Ciencias Jur\u00eddicas y Sociales.\u00a0<\/a><br \/><br \/><\/p><\/div><div><p><b>LA PRENSA DE CURIC\u00d3<\/b><b>\u00a0<br \/><\/b><a href=\"https:\/\/www.litoralpress.cl\/paginaconsultas\/Servicios_NClipSitio\/Get_Imagen_Nota.aspx?LPKey=UBZLWZB3AVT4EU7EALUCF6AVIELMIY7LJLTEYMX2ORNGKE6I4AMWCHTZJ2EEF77NMPQ5MMYKGJ7V6\">Destacan liderazgo de mujeres maulinas. Se menciona la Universidad de Talca.<\/a><a href=\"https:\/\/www.litoralpress.cl\/paginaconsultas\/Servicios_NClipSitio\/Get_Imagen_Nota.aspx?LPKey=UBZLWZB3AVT4EU7EALUCF6AVIELMIY7LJLTEYMX2ORNGKE6I4AMWCHTZJ2EEF77NMPQ5MMYKGJ7V6\">\u00a0<\/a><b><br \/><\/b><b><a id=\"OWA79f232d0-8d44-af73-ed2d-a0af0360f7e6\" href=\"https:\/\/www.litoralpress.cl\/paginaconsultas\/Servicios_NClipSitio\/Get_Imagen_Nota.aspx?LPKey=UBZLWZB3AVT4EU7EALUCF6AVIELMIY7LJLTEYMX2ORNGKE6I4AMWCHTZJ2EEF77NMPQ5MMYKGJ7V6\" target=\"_blank\" rel=\"noopener noreferrer\" data-auth=\"NotApplicable\" data-loopstyle=\"linkonly\" data-linkindex=\"7\"><\/a><\/b><b>\u00a0<\/b><\/p><p><b style=\"font-style: inherit;\">EMOL<\/b><b style=\"font-style: inherit;\">\u00a0<\/b><\/p><\/div><div><p><a href=\"https:\/\/www.emol.com\/noticias\/Economia\/2024\/03\/24\/1125780\/crisis-siderurgica-huachipato-conceptos-actores.html\">&#8216;Dumping&#8217;, empresas investigadas y propuestas: Conceptos y actores clave para entender la crisis de Huachipato. Se refiere Rodrigo Saens, acad\u00e9mico de la Facultad de Econom\u00eda y Negocios. \u00a0<\/a><\/p><p><b>\u00a0<\/b><\/p><\/div><div><p><b>CNN CHILE<\/b><b>\u00a0<\/b><\/p><p><a href=\"https:\/\/www.litoralpress.cl\/sitio\/RadioTV_Detalles.cshtml?LPKey=6UKQRDS5H3NL2NS7PXSDD5RHW5DBXCZIZPDLAMRZ54SDYM6XDA7KIJOYH45MVQWTOS5KHAAMMDJ5K\">El General Director de Carabineros particip\u00f3 de la ceremonia de promulgaci\u00f3n de la ley de ciberseguridad. Se refiere Mauricio Morales Quiroga, director del Centro de An\u00e1lisis Pol\u00edtico (CAP).<\/a><\/p><p>\u00a0<\/p><p><b>RADIO INFINITA<\/b>\u00a0<\/p><div><a href=\"https:\/\/www.litoralpress.cl\/sitio\/RadioTV_Detalles.cshtml?LPKey=GVXEDF2DDTGH6X5LLVG5CPMU6GNHCWV3LKHHYCGK35AAUWCRC373QD7OVPWUDRP5OAUWKY7PYACII\">Comentario de pol\u00edtica de Mauricio Morales Quiroga,\u00a0director del Centro de An\u00e1lisis Pol\u00edtico (CAP).<\/a><\/div><div><b>\u00a0<\/b><\/div><\/div><div><p><b>MEDIABANCO<\/b><b>\u00a0<\/b><\/p><p><a href=\"https:\/\/www.mediabanco.com\/dia-del-clima-que-es-el-fenomeno-de-la-nina-y-por-que-este-ano-sera-mas-seco\/\">D\u00eda del clima: \u00bfQu\u00e9 es el fen\u00f3meno de La Ni\u00f1a y por qu\u00e9 este a\u00f1o ser\u00e1 m\u00e1s seco? Se refiere Patricio Gonz\u00e1lez Colville, agroclimat\u00f3logo y acad\u00e9mico del Centro de Investigaci\u00f3n y Transferencia en Riego y Agroclimatolog\u00eda (CITRA). \u202f<\/a><a href=\"https:\/\/www.mediabanco.com\/dia-del-clima-que-es-el-fenomeno-de-la-nina-y-por-que-este-ano-sera-mas-seco\/\">\u00a0<\/a><b><br \/><\/b><\/p><\/div><div><p>\u00a0<\/p><p><b>RADIO MAGALLANES<\/b>\u00a0<br \/><a href=\"https:\/\/radiomagallanes.cl\/noticia.php?id_not=109728\">D\u00eda del clima: \u00bfQu\u00e9 es el fen\u00f3meno de La Ni\u00f1a y por qu\u00e9 este a\u00f1o ser\u00e1 m\u00e1s seco? Se refiere Patricio Gonz\u00e1lez Colville, agroclimat\u00f3logo y acad\u00e9mico del Centro de Investigaci\u00f3n y Transferencia en Riego y Agroclimatolog\u00eda (CITRA). \u202f\u00a0<\/a><\/p><p>\u00a0<\/p><p><b>MEDIABANCO<\/b><b>\u00a0<\/b><\/p><p><a href=\"https:\/\/www.litoralpress.cl\/sitio\/MediosOnline_Detalles.cshtml?LPKey=6MNXQUD7KSAYQOYRHF2VRPOIZZ5L25TNSY62NUTK6RY5OPMGWIPFZJXDR3W2LHCDF4P4QL3TPB7VU\">Expertos presentaron estrategias para enfrentar megaincendios en Chile. Se refiere Roberto\u202fPizarro\u202fTapia, director de la C\u00e1tedra UNESCO en Hidrolog\u00eda de Superficie.\u202f\u00a0<\/a><\/p><\/div><div>\u00a0<\/div><div><p><b>EL CALBUCANO<\/b>\u00a0<br \/><a href=\"https:\/\/www.elcalbucano.cl\/2024\/03\/aun-hay-cupos-gratuitos-para-talleres-de-robotica\/\">A\u00fan hay cupos gratuitos para talleres de Rob\u00f3tica. Se menciona la Universidad de Talca.\u00a0<\/a><br \/><br \/><\/p><\/div><div><p><b>GRAFELBERG NOTICIAS<\/b>\u00a0<br \/><a href=\"http:\/\/grafelbergnoticias.blogspot.com\/2024\/03\/aun-hay-cupos-gratuitos-para-talleres.html\">A\u00fan hay cupos gratuitos para talleres de Rob\u00f3tica con Fundaci\u00f3n Mustakis en alianza con UACh. Se menciona la Universidad de Talca.<\/a> \u00a0<br \/><br \/><\/p><\/div><div><p><b>CODEX VERDE<\/b>\u00a0<br \/><a href=\"https:\/\/codexverde.cl\/gobierno-define-destino-de-salares-para-explotacion-de-litio-academicos-comunicadores-y-ambientalistas-exigen-proteccion-de-estos-ecosistemas\/\">Gobierno define destino de salares para explotaci\u00f3n de litio: acad\u00e9micos, comunicadores y ambientalistas exigen protecci\u00f3n de estos ecosistemas. Se menciona la Universidad de Talca.\u00a0<\/a><\/p><\/div><p>\u00a0<\/p><div><p><b>LA TERCERA ONLINE<\/b>\u00a0<br \/><a href=\"https:\/\/www.latercera.com\/nacional\/noticia\/ministro-jean-pierre-matus-yo-no-le-escribi-al-senor-hermosilla-no-mantengo-con-el-chats-por-escrito\/7MY6FYTSDRGKNOU4J6ZMXGU4RA\/\">Ministro Jean Pierre Matus: \u201cYo no le escrib\u00ed al se\u00f1or Hermosilla, no mantengo con \u00e9l chats por escrito\u201d. Se menciona la Universidad de Talca.\u00a0<\/a><br \/><br \/><\/p><\/div><div><b>DI\u00c1LOGO SUR<\/b><\/div><div><a href=\"https:\/\/dialogosur.cl\/2024\/03\/cere-imparte-curso-sobre-hidrogeno-verde-y-sus-derivados\/\">Cere imparte curso sobre hidr\u00f3geno verde y sus derivados<b>.\u00a0<\/b>Se menciona la Universidad de Talca.\u00a0\u00a0<\/a><\/div><div>\u00a0<\/div><div><b>TXSPLUS<\/b>\u00a0<br \/><a href=\"https:\/\/txsplus.com\/2024\/03\/alejandro-ianiszewski-chile-problemas-auditivos\/\">Alejandro Ianiszewski: \u201cChile tiene tecnolog\u00edas para diagnosticar en forma temprana los problemas auditivos\u201d. Se menciona la Universidad de Talca.\u00a0\u00a0<\/a><\/div><div>\u00a0<\/div><\/div>\t\t\t\t\t\t<\/div>\n\t\t\t\t<\/div>\n\t\t\t\t\t<\/div>\n\t\t<\/div>\n\t\t\t\t\t\t\t<\/div>\n\t\t<\/section>\n\t\t\t\t\t\t<\/div>\n\t\t\t\t\t<\/div>\n\t\t","protected":false},"excerpt":{"rendered":"<p>\u00a0 DIARIO MAULE HOY\u00a0 Lanzan programa para la transformaci\u00f3n rural y agroalimentaria de Latinoam\u00e9rica. Se refiere rector Carlos Torres Fuchslocher y \u00c1lvaro Rojas Mar\u00edn, acad\u00e9mico de la Facultad de Ciencias Agrarias.\u00a0 \u00a0 DIARIOELHERALDO.CL\u00a0Estudiantes de la UTalca orientar\u00e1n a contribuyentes en Operaci\u00f3n Renta. Se refiere Gu\u00edsela Osses, acad\u00e9mica Facultad de Econom\u00eda y Negocios.\u202f\u00a0 EL MAULE INFORMA\u00a0Estudiantes &hellip;<\/p>\n<p class=\"read-more\"> <a class=\"\" href=\"https:\/\/www.reportedeprensa.utalca.cl\/?p=9411\"> <span class=\"screen-reader-text\">27 de marzo de 2024<\/span> Read More &raquo;<\/a><\/p>\n","protected":false},"author":1,"featured_media":0,"comment_status":"closed","ping_status":"open","sticky":false,"template":"","format":"standard","meta":{"_monsterinsights_skip_tracking":false,"_monsterinsights_sitenote_active":false,"_monsterinsights_sitenote_note":"","_monsterinsights_sitenote_category":0},"categories":[46],"tags":[],"_links":{"self":[{"href":"https:\/\/www.reportedeprensa.utalca.cl\/index.php?rest_route=\/wp\/v2\/posts\/9411"}],"collection":[{"href":"https:\/\/www.reportedeprensa.utalca.cl\/index.php?rest_route=\/wp\/v2\/posts"}],"about":[{"href":"https:\/\/www.reportedeprensa.utalca.cl\/index.php?rest_route=\/wp\/v2\/types\/post"}],"author":[{"embeddable":true,"href":"https:\/\/www.reportedeprensa.utalca.cl\/index.php?rest_route=\/wp\/v2\/users\/1"}],"replies":[{"embeddable":true,"href":"https:\/\/www.reportedeprensa.utalca.cl\/index.php?rest_route=%2Fwp%2Fv2%2Fcomments&post=9411"}],"version-history":[{"count":4,"href":"https:\/\/www.reportedeprensa.utalca.cl\/index.php?rest_route=\/wp\/v2\/posts\/9411\/revisions"}],"predecessor-version":[{"id":9415,"href":"https:\/\/www.reportedeprensa.utalca.cl\/index.php?rest_route=\/wp\/v2\/posts\/9411\/revisions\/9415"}],"wp:attachment":[{"href":"https:\/\/www.reportedeprensa.utalca.cl\/index.php?rest_route=%2Fwp%2Fv2%2Fmedia&parent=9411"}],"wp:term":[{"taxonomy":"category","embeddable":true,"href":"https:\/\/www.reportedeprensa.utalca.cl\/index.php?rest_route=%2Fwp%2Fv2%2Fcategories&post=9411"},{"taxonomy":"post_tag","embeddable":true,"href":"https:\/\/www.reportedeprensa.utalca.cl\/index.php?rest_route=%2Fwp%2Fv2%2Ftags&post=9411"}],"curies":[{"name":"wp","href":"https:\/\/api.w.org\/{rel}","templated":true}]}}