{"id":9436,"date":"2024-04-01T13:19:33","date_gmt":"2024-04-01T16:19:33","guid":{"rendered":"https:\/\/www.reportedeprensa.utalca.cl\/?p=9436"},"modified":"2024-05-02T13:50:34","modified_gmt":"2024-05-02T16:50:34","slug":"01-de-abril-de-2024","status":"publish","type":"post","link":"https:\/\/www.reportedeprensa.utalca.cl\/?p=9436","title":{"rendered":"01 de abril de 2024"},"content":{"rendered":"\t\t<div data-elementor-type=\"wp-post\" data-elementor-id=\"9436\" class=\"elementor elementor-9436\" data-elementor-settings=\"[]\">\n\t\t\t\t\t\t\t<div class=\"elementor-section-wrap\">\n\t\t\t\t\t\t\t<section class=\"elementor-section elementor-top-section elementor-element elementor-element-bcea1a8 elementor-section-boxed elementor-section-height-default elementor-section-height-default\" data-id=\"bcea1a8\" data-element_type=\"section\">\n\t\t\t\t\t\t<div class=\"elementor-container elementor-column-gap-default\">\n\t\t\t\t\t<div class=\"elementor-column elementor-col-100 elementor-top-column elementor-element elementor-element-e7183bf\" data-id=\"e7183bf\" data-element_type=\"column\">\n\t\t\t<div class=\"elementor-widget-wrap elementor-element-populated\">\n\t\t\t\t\t\t\t\t<div class=\"elementor-element elementor-element-5ffbb87 elementor-widget elementor-widget-text-editor\" data-id=\"5ffbb87\" data-element_type=\"widget\" data-widget_type=\"text-editor.default\">\n\t\t\t\t<div class=\"elementor-widget-container\">\n\t\t\t\t\t\t\t\t<p><b>ARAUCAN\u00cdA DIARIO\u00a0<br \/><\/b><a href=\"https:\/\/araucaniadiario.cl\/contenido\/23657\/lanzan-programa-para-la-transformacion-rural-y-agroalimentaria-de-latinoamerica\">Lanzan programa para la transformaci\u00f3n rural y agroalimentaria de Latinoam\u00e9rica. Se refiere rector Carlos Torres Fuchslocher y \u00c1lvaro Rojas Mar\u00edn, acad\u00e9mico de la Facultad de Ciencias Agrarias.\u00a0<\/a><b><br \/><\/b><\/p><p><b>\u00a0<\/b><\/p><p><b>EL MAULE INFORMA\u00a0<br \/><\/b><a href=\"https:\/\/elmauleinforma.cl\/utalcatv-estrena-renovada-programacion-2024\/\">UTalcaTV estrena renovada programaci\u00f3n 2024. Se refiere, Marcela Barros Morales, directora de Comunicaciones Corporativas\u00a0<\/a><b><br \/><\/b><\/p><p>\u00a0<\/p><p><b>MEDIABANCO<\/b>\u00a0<br \/><a href=\"https:\/\/www.mediabanco.com\/utalcatv-estrena-renovada-programacion-2024\/\">UTalcaTV estrena renovada programaci\u00f3n 2024. Se refiere, Marcela Barros Morales, directora de Comunicaciones Corporativas\u00a0<\/a><br \/><br \/><\/p><p><b>CHILL\u00c1N ONLINE<\/b>\u00a0<br \/><a href=\"https:\/\/www.chillanonline.cl\/V7\/2024\/03\/29\/utalcatv-estrena-renovada-programacion-2024\/\">UTalcaTV estrena renovada programaci\u00f3n 2024. Se refiere, Marcela Barros Morales, directora de Comunicaciones Corporativas.\u00a0<\/a><br \/><br \/><\/p><p><b>LA PRENSA DE CURIC\u00d3\u00a0<br \/><\/b><a href=\"https:\/\/www.litoralpress.cl\/paginaconsultas\/Servicios_NClipSitio\/Get_Imagen_Nota.aspx?LPKey=4LVYMLY5SD32RLC4R5VUGPUMRWRRCNCCU3D2KHY6XMIOYIFDN5RYOFZJALYLYTLRGME6Q5VLOGGUG\">Reconocimiento a acad\u00e9mica de la UTalca. Se refiere Karin Saavedra Redlich, directora de Vinculaci\u00f3n con el Medio y Marcela Barros Morales, directora de Comunicaciones Corporativas\u00a0<\/a><br \/><br \/><b>PUBLIMICRO<\/b>\u00a0<br \/><a href=\"https:\/\/publimicro.cl\/destacan-a-academica-de-la-universidad-de-talca-por-su-contribucion-a-la-equidad-de-genero\/\">Destacan a acad\u00e9mica de la Universidad de Talca por su contribuci\u00f3n a la equidad de g\u00e9nero. Se refiere Karin Saavedra Redlich, directora de Vinculaci\u00f3n con el Medio y Marcela Barros Morales, directora de Comunicaciones Corporativas\u00a0<\/a><\/p><p>\u00a0<\/p><p><b>ADPRENSA\u00a0<br \/><\/b><a href=\"https:\/\/www.adprensa.cl\/cronica\/destacan-a-academica-de-la-utalca-por-su-contribucion-a-la-equidad-de-genero\/\">Destacan a acad\u00e9mica de la UTalca por su contribuci\u00f3n a la equidad de g\u00e9nero. Se refiere Karin Saavedra Redlich, directora de Vinculaci\u00f3n con el Medio y Marcela Barros Morales, directora de Comunicaciones Corporativas\u00a0<\/a><b><br \/><\/b><\/p><p>\u00a0<\/p><p><b>MEDIABANCO<\/b>\u00a0<br \/><a href=\"https:\/\/www.mediabanco.com\/destacan-a-academica-de-la-utalca-por-su-contribucion-a-la-equidad-de-genero\/\">Destacan a acad\u00e9mica de la UTalca por su contribuci\u00f3n a la equidad de g\u00e9nero. Se refiere Karin Saavedra Redlich, directora de Vinculaci\u00f3n con el Medio y Marcela Barros Morales, directora de Comunicaciones Corporativas\u00a0<\/a><br \/><br \/><\/p><p><b>MEDIABANCO<\/b>\u00a0<br \/><a href=\"https:\/\/www.mediabanco.com\/alerta-sanitaria-advierten-la-mayor-circulacion-de-virus-respiratorios-de-los-ultimos-dos-anos\/\">Alerta sanitaria: advierten la mayor circulaci\u00f3n de virus respiratorios de los \u00faltimos dos a\u00f1os. Se refiere, Erika Retamal Contreras, epidemi\u00f3loga y directora del Departamento de Salud P\u00fablica.\u00a0<\/a><br \/><a id=\"OWA962f8894-8455-4fef-6592-73aa1985cd0e\" class=\"x_OWAAutoLink\" href=\"https:\/\/www.mediabanco.com\/alerta-sanitaria-advierten-la-mayor-circulacion-de-virus-respiratorios-de-los-ultimos-dos-anos\/\" target=\"_blank\" rel=\"noopener noreferrer\" data-auth=\"NotApplicable\" data-linkindex=\"8\"><\/a><\/p><p>\u00a0<\/p><p><b>RADIO CONDELL<\/b>\u00a0<br \/><a href=\"http:\/\/www.radiocondell.cl\/2024\/03\/27\/alerta-sanitaria-advierten-la-mayor-circulacion-de-virus-respiratorios-de-los-ultimos-dos-anos\/\">Alerta sanitaria: advierten la mayor circulaci\u00f3n de virus respiratorios de los \u00faltimos dos a\u00f1os. Se refiere, Erika Retamal Contreras, epidemi\u00f3loga y directora del Departamento de Salud P\u00fablica.\u00a0<\/a><br \/><br \/><\/p><p><b>DIARIOS EN RED<\/b>\u00a0<br \/><a href=\"https:\/\/diariosenred.com\/nacional\/alerta-sanitaria-advierten-la-mayor-circulacion-de-virus-respiratorios\">Alerta sanitaria: advierten la mayor circulaci\u00f3n de virus respiratorios de los \u00faltimos dos a\u00f1os. Se refiere, Erika Retamal Contreras, epidemi\u00f3loga y directora del Departamento de Salud P\u00fablica.\u00a0<\/a><br \/><br \/><\/p><p><b>RED ARICA<\/b>\u00a0<br \/><a href=\"https:\/\/redarica.com\/nacional\/alerta-sanitaria-advierten-la-mayor-circulacion-de-virus-respiratorios\">Alerta sanitaria: advierten la mayor circulaci\u00f3n de virus respiratorios de los \u00faltimos dos a\u00f1os. Se refiere, Erika Retamal Contreras, epidemi\u00f3loga y directora del Departamento de Salud P\u00fablica.\u00a0<\/a><br \/><a id=\"OWA8bfe088d-ae57-d13e-a569-2b05c433469f\" class=\"x_OWAAutoLink\" href=\"https:\/\/redarica.com\/nacional\/alerta-sanitaria-advierten-la-mayor-circulacion-de-virus-respiratorios\" target=\"_blank\" rel=\"noopener noreferrer\" data-auth=\"NotApplicable\" data-linkindex=\"11\"><\/a><\/p><p>\u00a0<\/p><p><b>RED LOS LAGOS<\/b>\u00a0<br \/><a href=\"https:\/\/redloslagos.com\/nacional\/alerta-sanitaria-advierten-la-mayor-circulacion-de-virus-respiratorios\">Alerta sanitaria: advierten la mayor circulaci\u00f3n de virus respiratorios de los \u00faltimos dos a\u00f1os. Se refiere, Erika Retamal Contreras, epidemi\u00f3loga y directora del Departamento de Salud P\u00fablica.\u00a0<\/a><br \/><br \/><\/p><p><b>RED ATACAMA<\/b>\u00a0<br \/><a href=\"https:\/\/redatacama.com\/nacional\/alerta-sanitaria-advierten-la-mayor-circulacion-de-virus-respiratorios\">Alerta sanitaria: advierten la mayor circulaci\u00f3n de virus respiratorios de los \u00faltimos dos a\u00f1os. Se refiere, Erika Retamal Contreras, epidemi\u00f3loga y directora del Departamento de Salud P\u00fablica.\u00a0<\/a><\/p><p>\u00a0<\/p><p><b>LA PRENSA DE CURIC\u00d3<\/b>\u00a0<br \/><a href=\"https:\/\/www.litoralpress.cl\/paginaconsultas\/Servicios_NClipSitio\/Get_Imagen_Nota.aspx?LPKey=XW4DT2NNRAVV3Z74ZFV353XDA7VIZTZSRL3XYQZTG4BPH5XXVMDWI4CLN4VJC3VFD6THZPW7AJGZM\">Alerta sanitaria: Advierten mayor circulaci\u00f3n de virus respiratorios. Se refiere \u00c9rika Retamal Contreras, epidemi\u00f3loga y directora del Departamento de Salud P\u00fablica. \u00a0<\/a><br \/><br \/><\/p><p><b>DIARIO TALCA<\/b>\u00a0<br \/><a href=\"https:\/\/diariotalca.cl\/alerta-sanitaria-advierten-la-mayor-circulacion-de-virus-respiratorios\/\">Alerta sanitaria: advierten la mayor circulaci\u00f3n de virus respiratorios de los \u00faltimos dos a\u00f1os. Se refiere, Erika Retamal Contreras, epidemi\u00f3loga y directora del Departamento de Salud P\u00fablica.\u00a0<\/a><br \/><br \/><\/p><p><b>G5 NOTICIAS<\/b>\u00a0<br \/><a href=\"https:\/\/g5noticias.cl\/2024\/03\/31\/alerta-sanitaria-advierten-la-mayor-circulacion-de-virus-respiratorios-de-los-ultimos-dos-anos\/\">Alerta sanitaria: advierten la mayor circulaci\u00f3n de virus respiratorios de los \u00faltimos dos a\u00f1os. Se refiere, Erika Retamal Contreras, epidemi\u00f3loga y directora del Departamento de Salud P\u00fablica.\u00a0<\/a><\/p><p>\u00a0<\/p><p><b>EL MERCURIO<\/b>\u00a0<br \/><a href=\"https:\/\/www.litoralpress.cl\/paginaconsultas\/Servicios_NClipSitio\/Get_Imagen_Nota.aspx?LPKey=LNTEYL76BMGMZ53UPMD3S4RPKKOMOUZZTQYK6NTX3PRDQRWYIBBX6N37ZTRPXTGEIDF6CUL4KMOVO\">Alrededor de 25 mil familias en Chile no tienen acceso a la energ\u00eda, Carlos Baier, acad\u00e9mico de la Facultad de Ingenier\u00eda. \u00a0<br \/><\/a><\/p><p>\u00a0<br \/><b>DIARIO TALCA<\/b>\u00a0<br \/><a href=\"https:\/\/www.litoralpress.cl\/paginaconsultas\/Servicios_NClipSitio\/Get_Imagen_Nota.aspx?LPKey=IBH2DVBLNZZXCWZU2WBAVBBVL6D6NCUWF5VIZYP2IHLDH22Z3CQ7ZFILDFYIG2IODQN7FIYOSM3YS\">Impacto y proyecci\u00f3n del evento de \u201cLa Ni\u00f1a\u201d. Se refiere Patricio Gonz\u00e1lez Colville, acad\u00e9mico del Centro de Investigaci\u00f3n y Transferencia en Riego y Agroclimatolog\u00eda (CITRA).\u00a0<\/a><br \/><br \/><b>RADIO COOPERATIVA\u00a0<br \/><\/b><a href=\"https:\/\/www.cooperativa.cl\/noticias\/pais\/region-del-maule\/temperaturas-extremas-de-verano-causaron-efectos-negativos-en-las-manzanas\/2024-03-31\/161357.html\">Temperaturas extremas de verano causaron efectos negativos en las manzanas. Se refiere \u00c1lvaro Sep\u00falveda y Daniela Simeone, investigadores Centro de Pom\u00e1ceas.\u00a0<\/a><b><br \/><\/b><\/p><p>\u00a0<\/p><p><b>S\u00c9PTIMA P\u00c1GINA NOTICIAS<\/b>\u00a0<br \/><a href=\"https:\/\/www.septimapaginanoticias.cl\/temperaturas-extremas-de-verano-causaron-efectos-negativos-en-las-manzanas\">Temperaturas extremas de verano causaron efectos negativos en las manzanas. Se refiere \u00c1lvaro Sep\u00falveda y Daniela Simeone, investigadores Centro de Pom\u00e1ceas. \u00a0<\/a><br \/><br \/><b>AD PRENSA<\/b>\u00a0<br \/><a href=\"https:\/\/www.adprensa.cl\/cronica\/temperaturas-extremas-de-verano-causaron-efectos-negativos-en-las-manzanas\/\">Temperaturas extremas de verano causaron efectos negativos en las manzanas. Se refiere \u00c1lvaro Sep\u00falveda y Daniela Simeone, investigadores Centro de Pom\u00e1ceas.\u00a0<\/a><br \/><br \/><b>G5 NOTICIAS<\/b>\u00a0\u00a0<br \/><a href=\"https:\/\/g5noticias.cl\/2024\/03\/31\/temperaturas-extremas-de-verano-causaron-efectos-negativos-en-las-manzanas\/\">Temperaturas extremas de verano causaron efectos negativos en las manzanas. Se refiere \u00c1lvaro Sep\u00falveda y Daniela Simeone, investigadores Centro de Pom\u00e1ceas.\u00a0<\/a><br \/>\u00a0<\/p><p><b>CHILL\u00c1N ONLINE<\/b>\u00a0<br \/><a href=\"https:\/\/www.chillanonline.cl\/V7\/2024\/03\/31\/temperaturas-extremas-de-verano-causaron-efectos-negativos-en-las-manzanas\/\">Temperaturas extremas de verano causaron efectos negativos en las manzanas. Se refiere \u00c1lvaro Sep\u00falveda y Daniela Simeone, investigadores Centro de Pom\u00e1ceas.\u00a0<\/a><br \/><b>\u00a0<\/b>\u00a0<\/p><p><b>MEDIABANCO<\/b>\u00a0<br \/><a href=\"https:\/\/www.mediabanco.com\/temperaturas-extremas-de-verano-causaron-efectos-negativos-en-las-manzanas\/\">Temperaturas extremas de verano causaron efectos negativos en las manzanas. Se refiere \u00c1lvaro Sep\u00falveda y Daniela Simeone, imvestigadores Centro de Pom\u00e1ceas.\u00a0<\/a><\/p><p>\u00a0<\/p><p><b>EL MOSTRADOR\u00a0<br \/><\/b><a href=\"https:\/\/www.litoralpress.cl\/sitio\/MediosOnline_Detalles.cshtml?LPKey=WIQZW6LF4FOSY7Z3D2O2XUT6R4IBBNYEU6XZRAAUMMJSH6IMS3QGRWEQ35CMFEFGTXE6K2NVDOXE6\">Proyecto explorar\u00e1 sistemas productivos sustentables para potenciar la agroecolog\u00eda. Se refiere Ricardo Cabeza P\u00e9rez, acad\u00e9mico Facultad de Ciencias Agrarias.\u00a0<\/a><b><br \/><\/b><\/p><p><b>\u00a0<\/b><\/p><p><b>EL MOSTRADOR\u00a0<br \/><\/b><a href=\"https:\/\/www.elmostrador.cl\/agenda-pais\/vida-en-linea\/2024\/03\/28\/experta-detalla-los-cuidados-al-consumir-productos-del-mar\/\">Experta detalla los cuidados al consumir productos del mar. Se refiere Carolina Sobarzo Reyes, nutricionista encargada del Laboratorio de Dieto T\u00e9cnicas de la Escuela de Nutrici\u00f3n.\u00a0<\/a><b><br \/><\/b><\/p><p><b>\u00a0<\/b><\/p><p><b>EL LECTOR\u00a0<\/b>\u00a0<br \/><a href=\"https:\/\/www.litoralpress.cl\/paginaconsultas\/Servicios_NClipSitio\/Get_Imagen_Nota.aspx?LPKey=SBNWIKIO67MEQG5Q7TJZA42ZELWIBSFMBIHQEME4ZPRUJQJOE3GYSFNNTBJKJ4I3DXK2RVEV2A4VQ\">Experta detalla los cuidados al consumir productos del mar. Se refiere Carolina Sobarzo Reyes, nutricionista encargada del Laboratorio de Dieto T\u00e9cnicas de la Escuela de Nutrici\u00f3n.\u00a0<\/a><\/p><p>\u00a0<\/p><p><b>VALPARA\u00cdSO NOTICIAS<\/b>\u00a0<br \/><a href=\"https:\/\/www.valparaisonoticias.cl\/2024\/03\/27\/experta-detalla-los-cuidados-al-consumir-productos-del-mar-2\/14237\">Experta detalla los cuidados al consumir productos del mar. Se refiere Carolina Sobarzo Reyes, nutricionista encargada del Laboratorio de Dieto T\u00e9cnicas de la Escuela de Nutrici\u00f3n.\u00a0<\/a><br \/><a id=\"OWAe59e4d11-28f2-4fb4-5c57-9e33eb8d8320\" class=\"x_OWAAutoLink\" href=\"https:\/\/www.valparaisonoticias.cl\/2024\/03\/27\/experta-detalla-los-cuidados-al-consumir-productos-del-mar-2\/14237\" target=\"_blank\" rel=\"noopener noreferrer\" data-auth=\"NotApplicable\" data-linkindex=\"28\"><\/a><\/p><p>\u00a0<\/p><p><b>NOTICIAS DEL LAGO\u00a0<\/b>\u00a0<br \/><a href=\"https:\/\/www.noticiasdellago.cl\/2024\/experta-detalla-los-cuidados-al-consumir-productos-del-mar-2\/032767994\">Experta detalla los cuidados al consumir productos del mar. Se refiere Carolina Sobarzo Reyes, nutricionista encargada del Laboratorio de Dieto T\u00e9cnicas de la Escuela de Nutrici\u00f3n.\u00a0<\/a><\/p><p>\u00a0<\/p><p><b>LOS R\u00cdOS NOTICIAS<\/b>\u00a0<br \/><a href=\"https:\/\/www.losriosnoticias.cl\/2024\/03\/27\/experta-detalla-los-cuidados-al-consumir-productos-del-mar-2\/18801\">Experta detalla los cuidados al consumir productos del mar. Se refiere Carolina Sobarzo Reyes, nutricionista encargada del Laboratorio de Dieto T\u00e9cnicas de la Escuela de Nutrici\u00f3n.\u00a0<\/a><\/p><p>\u00a0<\/p><p><b>ARAUCAN\u00cdA NOTICIAS<\/b>\u00a0<br \/><a href=\"https:\/\/www.araucanianoticias.cl\/2024\/03\/27\/experta-detalla-los-cuidados-al-consumir-productos-del-mar-2\/17411\">Experta detalla los cuidados al consumir productos del mar. Se refiere Carolina Sobarzo Reyes, nutricionista encargada del Laboratorio de Dieto T\u00e9cnicas de la Escuela de Nutrici\u00f3n.\u00a0<\/a><\/p><p>\u00a0<\/p><p><b>CIENCIA Y SALUD<\/b>\u00a0<br \/><a href=\"https:\/\/cienciaysalud.cl\/2024\/03\/28\/nutricionista-detalla-los-cuidados-necesarios-al-consumir-productos-del-mar\/\">Nutricionista detalla los cuidados necesarios al consumir productos del mar. Se refiere Carolina Sobarzo Reyes, nutricionista encargada del Laboratorio de Dieto T\u00e9cnicas de la Escuela de Nutrici\u00f3n.\u00a0<\/a><br \/><br \/><\/p><p><b>CANAL TVN<\/b>\u00a0<br \/><a href=\"https:\/\/www.litoralpress.cl\/sitio\/RadioTV_Detalles.cshtml?LPKey=VVI6SCEXRSHDSOWAYV4SA3NSKIOEWZC27X2IQNAD4GIHADILHHMJC3CV6UX5FX5LST7CA4MKIUW6M\">Red social de Trump arrasa en la Bolsa de Nueva York. Se refiere Pablo Neudofer, acad\u00e9mico Facultad de Econom\u00eda y Negocios. \u00a0<\/a><b><br \/><\/b>\u00a0<\/p><p><b>LA NOTICIA\u00a0<\/b>\u00a0<br \/><a href=\"https:\/\/lanoticia.cl\/advierten-que-las-pymes-serian-afectadas-con-la-llegada-de-la-ley-de-las-40-horas\/\">Advierten que las pymes ser\u00edan afectadas con la llegada de la Ley de las 40 horas.\u00a0Se refiere Rodrigo Palomo V\u00e9lez, acad\u00e9mico de la Facultad de Ciencias Jur\u00eddicas y Sociales.\u202f\u00a0<\/a><\/p><p>\u00a0<\/p><p><b>GRAN VALPARA\u00cdSO<\/b>\u00a0<br \/><a href=\"https:\/\/www.granvalparaiso.cl\/sociedad\/advierten-que-las-pymes-serian-afectadas-con-la-llegada-de-la-ley-de-las-40-horas\/\">Advierten que las pymes ser\u00edan afectadas con la llegada de la Ley de las 40 horas. Se refiere Rodrigo Palomo V\u00e9lez, acad\u00e9mico de la Facultad de Ciencias Jur\u00eddicas y Sociales.\u202f\u00a0<\/a><\/p><p><b><br \/><\/b><b>G5 NOTICIAS\u00a0<br \/><\/b><a href=\"https:\/\/g5noticias.cl\/2024\/03\/28\/advierten-que-las-pymes-serian-afectadas-con-la-llegada-de-la-ley-de-las-40-horas\/\">Advierten que las pymes ser\u00edan afectadas con la llegada de la Ley de las 40 horas.\u00a0<\/a><a href=\"https:\/\/g5noticias.cl\/2024\/03\/28\/advierten-que-las-pymes-serian-afectadas-con-la-llegada-de-la-ley-de-las-40-horas\/\">Se refiere Rodrigo Palomo V\u00e9lez, acad\u00e9mico de la Facultad de Ciencias Jur\u00eddicas y Sociales.\u202f<\/a><a href=\"https:\/\/g5noticias.cl\/2024\/03\/28\/advierten-que-las-pymes-serian-afectadas-con-la-llegada-de-la-ley-de-las-40-horas\/\">\u00a0<\/a><b><br \/><\/b><\/p><p>\u00a0<\/p><p><b>EL DIARIO INMOBILIARIO\u00a0<br \/><\/b><a href=\"https:\/\/eldiarioinmobiliario.cl\/tendencias\/carretera-austral-tendra-puntos-de-carga-para-vehiculos-electricos\/\">Carretera Austral tendr\u00e1 puntos de carga para veh\u00edculos el\u00e9ctricos. Se refiere Cristi\u00e1n Garc\u00eda, acad\u00e9mico de la Facultad de Ingenier\u00eda. \u00a0<\/a><b><br \/><\/b><\/p><p>\u00a0<\/p><p><b>G5 NOTICIAS<\/b>\u00a0<br \/><a href=\"https:\/\/g5noticias.cl\/2024\/03\/28\/expertos-presentaron-estrategias-para-enfrentar-megaincendios-en-chile\/\">Expertos presentaron estrategias para enfrentar megaincendios en Chile. Se refiere Roberto\u202fPizarro\u202fTapia, director de la C\u00e1tedra UNESCO en Hidrolog\u00eda de Superficie.\u202f\u00a0<\/a><\/p><p>\u00a0<\/p><p><b>UNIVERSIDAD DE CHILE<\/b>\u00a0<br \/><a href=\"https:\/\/uchile.cl\/noticias\/214566\/prevencion-control-y-combate-el-foco-de-seminario-de-megaincendios\">Prevenci\u00f3n, control y combate: el foco de Seminario de Megaincendios.\u00a0Se refiere Roberto\u202fPizarro\u202fTapia, director de la C\u00e1tedra UNESCO en Hidrolog\u00eda de Superficie.\u202f\u00a0<\/a><br \/><br \/><\/p><p><b>DIARIO TALCA<\/b>\u00a0<br \/><a href=\"https:\/\/www.litoralpress.cl\/paginaconsultas\/Servicios_NClipSitio\/Get_Imagen_Nota.aspx?LPKey=N4FZMBNOO65RSZJDNXMAIWOYZJLJGALPCCVBCTOT7O4MQS25RYTOGERJ6RV3QU5H4HAQHIIGP6KT6\">Los vac\u00edos en el proyecto de ley que busca prevenir incendios forestales. Se refiere Roberto Pizarro, director de la C\u00e1tedra UNESCO en Hidrolog\u00eda de Superficie.\u202f\u00a0<\/a><\/p><p>\u00a0<\/p><p><b>LA \u00daLTIMAS NOTICIAS<\/b>\u00a0<br \/><a href=\"https:\/\/www.litoralpress.cl\/paginaconsultas\/Servicios_NClipSitio\/Get_Imagen_Nota.aspx?LPKey=AWXPH62ECILI3HGPEKCYDTPLJ4WVE4EMIWK4AIMESWM6QPLH3LQRKGPNQGY3OCI4ZWUYVOKASP636\">Primer estudiante con discapacidad visual se titula en Ingenier\u00eda Civil Inform\u00e1tica de la USM. Se menciona la Universidad de Talca.\u00a0<\/a><\/p><p>\u00a0<\/p><p><b>DIARIO CONSTITUCIONAL<\/b>\u00a0<br \/><a href=\"https:\/\/www.diarioconstitucional.cl\/2024\/03\/30\/seminario-analizo-experiencia-de-irlanda-sobre-la-regulacion-de-la-ia-por-camila-barrueto-prieto\/\">Seminario analiz\u00f3 experiencia de Irlanda sobre la regulaci\u00f3n de la IA. Se refiere Iv\u00e1n Obando Camino, decano de la Facultad de Ciencias Jur\u00eddicas y Gonzalo Aguilar Cavallo, acad\u00e9micos de esta misma facultad.\u00a0<\/a><\/p><p>\u00a0<\/p><p><b>EL MOSTRADOR<\/b>\u00a0<br \/><a href=\"https:\/\/www.elmostrador.cl\/noticias\/opinion\/columnas\/2024\/03\/30\/la-iniciativa-legislativa-en-cuanto-a-la-politica-criminal-el-techo-es-el-cielo\/\">La iniciativa legislativa en cuanto a la pol\u00edtica criminal: el techo es el cielo. Se refiere Diego Palomo V\u00e9lez, acad\u00e9mico de la Facultad de Ciencias Jur\u00eddicas y Sociales.\u00a0<\/a><\/p><p>\u00a0<\/p><p><b>RADIO INFINITA<\/b>\u00a0<br \/><a href=\"https:\/\/www.litoralpress.cl\/sitio\/RadioTV_Detalles.cshtml?LPKey=UZKRI45ZMYUVXLMESBSQGFTH7UDUFTHETNIAZCL4MZGAE7AIXQLGYWKPNZULN3U5CKZGA2LZBIHMW\">Comentario de pol\u00edtica de Mauricio Morales Quiroga, director del Centro de An\u00e1lisis Pol\u00edtico (CAP). \u00a0<\/a><br \/><br \/><\/p><p><b>EL MERCURIO<\/b>\u00a0<br \/><a href=\"https:\/\/www.litoralpress.cl\/paginaconsultas\/Servicios_NClipSitio\/Get_Imagen_Nota.aspx?LPKey=6OKD7JH7BEOCVDRYX5NRZMK5ETB6M742TCDEISVBU5BAOLUUFQVJDUTTN25RRFTCUQR7FYKEWFZN4\">Juicio al rol de Toh\u00e1 en el gabinete: &#8220;Carga con el peso del Gobierno&#8221;, dicen analistas. Se refiere Mauricio Morales Quiroga, director del Centro de An\u00e1lisis Pol\u00edtico (CAP). \u00a0<\/a><\/p><p>\u00a0<\/p><p><b>RADIO BIOB\u00cdO<\/b>\u00a0<br \/><a href=\"https:\/\/www.biobiochile.cl\/noticias\/nacional\/chile\/2024\/03\/30\/temblor-en-la-moneda-y-carrera-casi-perdida-en-la-camara-el-saldo-del-polemico-llamado-de-nunez-pc.shtml\">Temblor en La Moneda y carrera casi perdida en la C\u00e1mara: el saldo del pol\u00e9mico llamado de N\u00fa\u00f1ez (PC). Se refiere Mauricio Morales Quiroga, director del Centro de An\u00e1lisis Pol\u00edtico (CAP). \u00a0<\/a><\/p><p>\u00a0<\/p><p><b>RADIO BIOBIO<\/b>\u00a0<br \/><a href=\"https:\/\/www.biobiochile.cl\/noticias\/nacional\/chile\/2024\/03\/31\/el-reloj-corre-para-el-general-yanez-boric-tendria-en-sus-manos-su-futuro-de-cara-a-la-formalizacion.shtml\">El reloj corre para el general Y\u00e1\u00f1ez: Boric tendr\u00eda en sus manos su futuro de cara a la formalizaci\u00f3n. Se refiere Mauricio Morales Quiroga, director del Centro de An\u00e1lisis Pol\u00edtico (CAP).<\/a> \u00a0<\/p><p>\u00a0<\/p><p><b>THE CLINIC<\/b>\u00a0<br \/><a href=\"https:\/\/www.theclinic.cl\/2024\/03\/31\/jose-antonio-kast-a-tres-meses-del-plebiscito-lejos-de-la-atencion-mediatica-activo-en-terreno-y-en-busqueda-de-candidatos-municipales\/\">Jos\u00e9 Antonio Kast a tres meses del plebiscito: lejos de la atenci\u00f3n medi\u00e1tica, activo en terreno y en b\u00fasqueda de candidatos municipales. Se refiere Mauricio Morales Quiroga, director del Centro de An\u00e1lisis Pol\u00edtico (CAP). \u00a0<\/a><\/p><p><br \/><b>MEGANOTICIAS<\/b>\u00a0<br \/><a href=\"https:\/\/www.meganoticias.cl\/nacional\/443778-mauricio-morales-cadem-elecciones-comunistas-democratas-republicanos-pillos-habiles-y-valientes-31-03-2024.html\">Columna: &#8220;Comunistas, Dem\u00f3cratas y Republicanos&#8230; pillos, h\u00e1biles y valientes&#8221;. Se refiere Mauricio Morales Quiroga, director del Centro de An\u00e1lisis Pol\u00edtico (CAP). \u00a0<\/a><\/p><p>\u00a0<\/p><p><b>EL TIP\u00d3GRAFO<\/b>\u00a0<br \/><a href=\"https:\/\/eltipografo.cl\/2024\/03\/elecciones-2024-que-se-vota-y-cuales-son-las-novedades-del-proceso\">Elecciones 2024: \u00bfQu\u00e9 se vota y cu\u00e1les son las novedades del proceso? Se refiere Mario Herrera Mu\u00f1oz, acad\u00e9mico del Centro de An\u00e1lisis Pol\u00edtico (CAP). \u00a0<\/a><\/p><p>\u00a0<\/p><p><b>REVISTA ECOCIENCIAS<\/b>\u00a0<br \/><a href=\"https:\/\/revistaecociencias.cl\/2024\/03\/28\/campus-naturaleza-prepara-superficies-para-conservacion-ex-situ-de-especies-nativas-amenazadas\/\">Campus Naturaleza prepara superficies para conservaci\u00f3n ex situ de especies nativas amenazadas. Se menciona la Universidad de Talca.\u00a0<\/a><\/p><p>\u00a0<\/p><p><b>COOPERATIVA CIENCIA<\/b>\u00a0<br \/><a href=\"https:\/\/www.cooperativaciencia.cl\/medio-ambiente\/2024\/03\/28\/campus-naturaleza-prepara-areas-para-conservar-especies-amenazadas\/\">Campus Naturaleza se prepara para conservar especies amenazadas. Se menciona la Universidad de Talca.\u00a0<\/a><\/p><p>\u00a0<\/p><p><b>DIARIO CONCEPCI\u00d3N<\/b>\u00a0<br \/><a href=\"https:\/\/www.diarioconcepcion.cl\/ciencia-y-sociedad\/2024\/03\/30\/campus-naturaleza-prepara-superficies-para-conservacion-ex-situ-de-especies-nativas-amenazadas.html\">Campus Naturaleza prepara superficies para conservaci\u00f3n ex situ de especies nativas amenazadas. Se menciona la Universidad de Talca. \u00a0<\/a><\/p><p><br \/><b>EL LECTOR<\/b>\u00a0<br \/><a href=\"https:\/\/www.litoralpress.cl\/paginaconsultas\/Servicios_NClipSitio\/Get_Imagen_Nota.aspx?LPKey=3JTG7MU2DWLAD3DARR47ETUADDW6EQWON5EOE7645HEXHN3LYVRDFFSPMUXB4RGIQQIKHP4XVBQ4W\">En Francia, GORE Maule visita prestigioso centro de combate contra el c\u00e1ncer. Se menciona la Universidad de Talca\u00a0<\/a><\/p><p>\u00a0<\/p><p><b>DIARIO EL CENTRO<\/b>\u00a0<br \/><a href=\"https:\/\/www.diarioelcentro.cl\/2024\/03\/29\/gobierno-regional-del-maule-en-francia-comitiva-visito-prestigioso-centro-oncologico\/\">Gobierno Regional del Maule en Francia: Comitiva visit\u00f3 prestigioso centro oncol\u00f3gico. Se menciona la Universidad de Talca.\u00a0<\/a><br \/>\u00a0<\/p><p><b>LINARES EN L\u00cdNEA<\/b>\u00a0<br \/><a href=\"https:\/\/www.linaresenlinea.cl\/2024\/03\/30\/en-francia-gore-maule-visita-prestigioso-centro-de-combate-contra-el-cancer\/\">En Francia: GORE Maule visita prestigioso centro de combate contra el c\u00e1ncer. Se menciona la Universidad de Talca. \u00a0<\/a><\/p>\t\t\t\t\t\t<\/div>\n\t\t\t\t<\/div>\n\t\t\t\t\t<\/div>\n\t\t<\/div>\n\t\t\t\t\t\t\t<\/div>\n\t\t<\/section>\n\t\t\t\t\t\t<\/div>\n\t\t\t\t\t<\/div>\n\t\t","protected":false},"excerpt":{"rendered":"<p>ARAUCAN\u00cdA DIARIO\u00a0Lanzan programa para la transformaci\u00f3n rural y agroalimentaria de Latinoam\u00e9rica. Se refiere rector Carlos Torres Fuchslocher y \u00c1lvaro Rojas Mar\u00edn, acad\u00e9mico de la Facultad de Ciencias Agrarias.\u00a0 \u00a0 EL MAULE INFORMA\u00a0UTalcaTV estrena renovada programaci\u00f3n 2024. Se refiere, Marcela Barros Morales, directora de Comunicaciones Corporativas\u00a0 \u00a0 MEDIABANCO\u00a0UTalcaTV estrena renovada programaci\u00f3n 2024. Se refiere, Marcela Barros &hellip;<\/p>\n<p class=\"read-more\"> <a class=\"\" href=\"https:\/\/www.reportedeprensa.utalca.cl\/?p=9436\"> <span class=\"screen-reader-text\">01 de abril de 2024<\/span> Read More &raquo;<\/a><\/p>\n","protected":false},"author":1,"featured_media":0,"comment_status":"closed","ping_status":"open","sticky":false,"template":"","format":"standard","meta":{"_monsterinsights_skip_tracking":false,"_monsterinsights_sitenote_active":false,"_monsterinsights_sitenote_note":"","_monsterinsights_sitenote_category":0},"categories":[47],"tags":[],"_links":{"self":[{"href":"https:\/\/www.reportedeprensa.utalca.cl\/index.php?rest_route=\/wp\/v2\/posts\/9436"}],"collection":[{"href":"https:\/\/www.reportedeprensa.utalca.cl\/index.php?rest_route=\/wp\/v2\/posts"}],"about":[{"href":"https:\/\/www.reportedeprensa.utalca.cl\/index.php?rest_route=\/wp\/v2\/types\/post"}],"author":[{"embeddable":true,"href":"https:\/\/www.reportedeprensa.utalca.cl\/index.php?rest_route=\/wp\/v2\/users\/1"}],"replies":[{"embeddable":true,"href":"https:\/\/www.reportedeprensa.utalca.cl\/index.php?rest_route=%2Fwp%2Fv2%2Fcomments&post=9436"}],"version-history":[{"count":4,"href":"https:\/\/www.reportedeprensa.utalca.cl\/index.php?rest_route=\/wp\/v2\/posts\/9436\/revisions"}],"predecessor-version":[{"id":9440,"href":"https:\/\/www.reportedeprensa.utalca.cl\/index.php?rest_route=\/wp\/v2\/posts\/9436\/revisions\/9440"}],"wp:attachment":[{"href":"https:\/\/www.reportedeprensa.utalca.cl\/index.php?rest_route=%2Fwp%2Fv2%2Fmedia&parent=9436"}],"wp:term":[{"taxonomy":"category","embeddable":true,"href":"https:\/\/www.reportedeprensa.utalca.cl\/index.php?rest_route=%2Fwp%2Fv2%2Fcategories&post=9436"},{"taxonomy":"post_tag","embeddable":true,"href":"https:\/\/www.reportedeprensa.utalca.cl\/index.php?rest_route=%2Fwp%2Fv2%2Ftags&post=9436"}],"curies":[{"name":"wp","href":"https:\/\/api.w.org\/{rel}","templated":true}]}}