{"id":9606,"date":"2024-04-23T12:52:36","date_gmt":"2024-04-23T15:52:36","guid":{"rendered":"https:\/\/www.reportedeprensa.utalca.cl\/?p=9606"},"modified":"2024-05-02T13:52:31","modified_gmt":"2024-05-02T16:52:31","slug":"23-de-abril-de-2024","status":"publish","type":"post","link":"https:\/\/www.reportedeprensa.utalca.cl\/?p=9606","title":{"rendered":"23 de abril de 2024"},"content":{"rendered":"\t\t<div data-elementor-type=\"wp-post\" data-elementor-id=\"9606\" class=\"elementor elementor-9606\" data-elementor-settings=\"[]\">\n\t\t\t\t\t\t\t<div class=\"elementor-section-wrap\">\n\t\t\t\t\t\t\t<section class=\"elementor-section elementor-top-section elementor-element elementor-element-bcea1a8 elementor-section-boxed elementor-section-height-default elementor-section-height-default\" data-id=\"bcea1a8\" data-element_type=\"section\">\n\t\t\t\t\t\t<div class=\"elementor-container elementor-column-gap-default\">\n\t\t\t\t\t<div class=\"elementor-column elementor-col-100 elementor-top-column elementor-element elementor-element-e7183bf\" data-id=\"e7183bf\" data-element_type=\"column\">\n\t\t\t<div class=\"elementor-widget-wrap elementor-element-populated\">\n\t\t\t\t\t\t\t\t<div class=\"elementor-element elementor-element-b3ec857 elementor-widget elementor-widget-text-editor\" data-id=\"b3ec857\" data-element_type=\"widget\" data-widget_type=\"text-editor.default\">\n\t\t\t\t<div class=\"elementor-widget-container\">\n\t\t\t\t\t\t\t\t<div><b>EL MOSTRADOR\u00a0<br \/><\/b><a href=\"https:\/\/www.elmostrador.cl\/cultura\/2024\/04\/22\/festival-en-torno-a-la-poesia-y-el-vino-reunio-a-artistas-nacionales-e-internacionales\/\">Festival en torno a la poes\u00eda y el vino reuni\u00f3 a artistas nacionales e internacionales. Se refiere Carlos Torres Fuchslocher, rector.\u202f\u00a0<\/a><b><br \/><\/b><\/div><div>\u00a0<\/div><div><b>TIERRA AMARILLANO<\/b>\u00a0<br \/><a href=\"https:\/\/tierramarillano.cl\/2024\/04\/22\/utalca-recibe-a-sus-nuevos-estudiantes-de-doctorado\/\">UTalca recibe a sus nuevos estudiantes de doctorado. Se refiere Rodrigo Palomo, vicerrector acad\u00e9mico.\u00a0<\/a><br \/><br \/><\/div><div><b>EL DIARIO SANTIAGO\u00a0<br \/><\/b><a href=\"https:\/\/eldiariosantiago.cl\/utalca-recibe-a-sus-nuevos-estudiantes-de-doctorado\/\">UTalca recibe a sus nuevos estudiantes de doctorado. Se refiere Rodrigo Palomo, vicerrector acad\u00e9mico.\u00a0<\/a><b><br \/><\/b><\/div><div>\u00a0<\/div><div><b>DIARIO TALCA\u00a0<br \/><\/b><a href=\"https:\/\/diariotalca.cl\/editorial-utalca-presenta-libro-de-pablo-neruda-sobre-espana\/\">Editorial UTalca presenta libro de Neruda sobre Espa\u00f1a. Se refiere Marcela Albornoz, directora Editorial UTalca.\u00a0<\/a><b><br \/><\/b><\/div><div>\u00a0<\/div><div><b>DE MAR A CORDILLERA<\/b>\u00a0<br \/><a href=\"https:\/\/demaracordilleratv.cl\/2024\/04\/22\/presentan-libro-de-neruda-sobre-espana\/\">Presentan libro de Neruda sobre Espa\u00f1a. Se refiere Marcela Albornoz, directora Editorial UTalca.\u00a0<\/a><br \/><br \/><\/div><div><b>RADIO LAUTARO<\/b>\u00a0<br \/><a href=\"https:\/\/radiolautarotalca.cl\/utalca-abrio-postulaciones-a-curso-gratuito-de-ciencias-para-educadoras-de-parvulos\/\">UTalca abri\u00f3 postulaciones a curso gratuito de ciencias para educadoras de p\u00e1rvulos. Se refiere C\u00e9sar Retamal, acad\u00e9mico de la Facultad de Ingenier\u00eda.\u00a0<\/a><br \/><br \/><\/div><div><b>PUNTO LONTU\u00c9<\/b>\u00a0<br \/><a href=\"https:\/\/puntolontue.cl\/?p=13788\">Estudiantes de la UTalca ganan reconocimiento por curso de alfabetizaci\u00f3n digital a personas mayores. \u00a0<\/a><br \/><br \/><\/div><div><b>DE MAR A CORDILLERA<\/b>\u00a0<br \/><a href=\"https:\/\/demaracordilleratv.cl\/2024\/04\/22\/desarrollan-taller-de-alfabetizacion-digital-para-adultos-mayores\/\">Desarrollan taller de alfabetizaci\u00f3n digital para adultos mayores. Se refiere Marlene Guti\u00e9rrez, directora Programa de Formaci\u00f3n Fundamental.\u00a0<\/a><br \/><br \/><\/div><div><b>PUBLIMICRO<\/b>\u00a0<br \/><a href=\"https:\/\/publimicro.cl\/estudiantes-de-la-universidad-de-talca-ganan-reconocimiento-por-curso-de-alfabetizacion-digital-a-personas-mayores\/\">Estudiantes de la Universidad de Talca ganan reconocimiento por curso de alfabetizaci\u00f3n digital a personas mayores. Se menciona la Universidad de Talca.\u00a0<\/a><br \/><br \/><\/div><div><b>HOY X HOY\u00a0<br \/><\/b><a href=\"https:\/\/www.litoralpress.cl\/paginaconsultas\/Servicios_NClipSitio\/Get_Imagen_Nota.aspx?LPKey=XAVFZQFMNNF6BABTPJTIJRGQFY3EVB7AVQT7DASY7RDLGRCGJ6OSU73MMRRVVZBTVYBO5KRCDVT7U\">Acelerar menos y mantenimiento al d\u00eda: expertos dan tips para gastar menos combustible. Se refiere Gonzalo Pincheira, acad\u00e9mico de la Facultad de Ingenier\u00eda. \u00a0<\/a><b><br \/><\/b><\/div><div>\u00a0<\/div><div><b>HOY X HOY ANTOFAGASTA<\/b>\u00a0<br \/><a href=\"https:\/\/www.litoralpress.cl\/paginaconsultas\/Servicios_NClipSitio\/Get_Imagen_Nota.aspx?LPKey=QD4L74BHDIL2O3PQVTUPYSGM2XU23E6OASXYVOFVGLLCJ3VZMV6C7GUWAKH6YL3FN7WOUATRIBJ34\">Acelerar menos y mantenimiento al d\u00eda: expertos dan tips para gastar menos combustible. Se refiere Gonzalo Pincheira, acad\u00e9mico de la Facultad de Ingenier\u00eda. \u00a0<\/a><br \/><br \/><\/div><div><b>HOY X HOY CONCEPCI\u00d3N<\/b>\u00a0<br \/><a href=\"https:\/\/www.litoralpress.cl\/paginaconsultas\/Servicios_NClipSitio\/Get_Imagen_Nota.aspx?LPKey=WLVP6FKVFIHZDX6A2E46IJAKITQ3MR3532DCXXADJPA5YSJLDB6SX4FCKPDETVTT5Z3C2TU37QEC2\">Acelerar menos y mantenimiento al d\u00eda: expertos dan tips para gastar menos combustible. Se refiere Gonzalo Pincheira, acad\u00e9mico de la Facultad de Ingenier\u00eda. \u00a0<\/a><\/div><div><br \/><b>AD PRENSA\u00a0<br \/><\/b><a href=\"https:\/\/www.adprensa.cl\/cronica\/expertas-entregan-recomendaciones-para-prevenir-las-patologias-de-la-voz\/\">Expertas entregan recomendaciones para prevenir las patolog\u00edas de la voz. Se refieren Gloria Benavides y Claudia Montoya, acad\u00e9micas del Departamento de Ciencias de la Fonoaudiolog\u00eda.\u00a0<\/a><b><br \/><\/b><b>\u00a0<\/b><\/div><div><b>TIERRA AMARILLANO<\/b>\u00a0<br \/><a href=\"https:\/\/tierramarillano.cl\/2024\/04\/22\/expertas-entregan-recomendaciones-para-prevenir-las-patologias-de-la-voz\/\">Expertas entregan recomendaciones para prevenir las patolog\u00edas de la voz. Se refieren Gloria Benavides y Claudia Montoya, acad\u00e9micas del Departamento de Ciencias de la Fonoaudiolog\u00eda.\u00a0<\/a><br \/><br \/><\/div><div><b>RADIO AGRICULTURA\u00a0<\/b><\/div><div><a href=\"https:\/\/www.litoralpress.cl\/sitio\/RadioTV_Detalles.cshtml?LPKey=GFDGC4SYYG4VVKRSBEPLHM6SWLX2UXQGFVADP2XCIZFEDE4XBOJXQJ4DZJC5VQBCE5LBZNK6IZP4E\">Programa para la transformaci\u00f3n rural y agroalimentaria (PETRA). Entrevista a \u00c1lvaro Rojas, exrector y acad\u00e9mico de la Facultad de Ciencias Agrarias (Parte 1).\u00a0<\/a><\/div><div>\u00a0<\/div><div><b>RADIO AGRICULTURA\u00a0<\/b><\/div><div><a href=\"https:\/\/www.litoralpress.cl\/sitio\/RadioTV_Detalles.cshtml?LPKey=XTUBC7SPZVMWEUMWIMLP3CVZAT6VSWZRGKRPQ45ORPNGCZCB233N3MKWDHCHTBXTOJTVZJVCKBI7M\">Programa para la transformaci\u00f3n rural y agroalimentaria (PETRA). Entrevista a \u00c1lvaro Rojas, exrector y acad\u00e9mico de la Facultad de Ciencias Agrarias (Parte 2).\u00a0<\/a><\/div><div>\u00a0<\/div><div><b>RADIO AMIGA \u00a0<br \/><\/b><a href=\"https:\/\/www.litoralpress.cl\/sitio\/RadioTV_Detalles.cshtml?LPKey=JTD32EH5NKTRVRSGY73NWGBA4CVTVADDAAW62UDCSWPXHRABJXBYDKXSOCJOKBUSQX2T2HBCYN7QU\">Mosca de la Fruta. Entrevista a Eduardo Fuentes, acad\u00e9mico de la Facultad de Ciencias Agrarias. \u00a0<\/a><\/div><div>\u00a0<\/div><div><b>CR\u00d3NICA CHILL\u00c1N<\/b>\u00a0<br \/><a href=\"https:\/\/www.litoralpress.cl\/paginaconsultas\/Servicios_NClipSitio\/Get_Imagen_Nota.aspx?LPKey=H3DTNZNBGJZHHBWTPJ7XEB452UPTOTL43NJNDNNGU4SVHZXLL6OQZQMHOCWU6UI6R3S6ZMRATBEZS\">Definen rutas para la erradicaci\u00f3n de la \u201cmosca de la fruta\u201d en \u00d1uble. Se refiere Eduardo fuentes Contreras, acad\u00e9mico de la Facultad de Ciencias Agrarias.\u202f\u00a0<\/a><br \/><br \/><\/div><div><b>SOY CHILL\u00c1N<\/b>\u00a0<br \/><a href=\"https:\/\/www.soychile.cl\/Chillan\/Sociedad\/2024\/04\/22\/857029\/definen-rutas-erradicacion-mosca-fruta.html\">Definen rutas para la erradicaci\u00f3n de la \u201cmosca de la fruta\u201d en \u00d1uble. Se refiere Eduardo fuentes Contreras, acad\u00e9mico de la Facultad de Ciencias Agrarias.\u202f\u00a0<\/a><\/div><div>\u00a0<\/div><div><b>CANAL 30<br \/><\/b><a href=\"https:\/\/www.litoralpress.cl\/sitio\/RadioTV_Detalles.cshtml?LPKey=36HK64NICPRTLKADSY4QVSYXBUMKVEWI63JX65R4GNEJ7E2YIPNOUNQVMMGDX4YF7JUTEVEH7JH4E\">Fen\u00f3meno La Ni\u00f1a y Cambio Clim\u00e1tico. Entrevista a Patricio Gonz\u00e1lez Colville, agroclimat\u00f3logo y acad\u00e9mico del Centro de Investigaci\u00f3n y Transferencia en Riego y Agroclimatolog\u00eda (CITRA).\u00a0 \u00a0<\/a><\/div><div><b><a id=\"OWA62ca4a3f-bf44-a9b2-40ac-0dadf173866c\" class=\"x_x_Hyperlink x_x_SCXW220356175 x_x_BCX0 x_x_OWAAutoLink\" href=\"https:\/\/www.litoralpress.cl\/sitio\/RadioTV_Detalles.cshtml?LPKey=36HK64NICPRTLKADSY4QVSYXBUMKVEWI63JX65R4GNEJ7E2YIPNOUNQVMMGDX4YF7JUTEVEH7JH4E\" target=\"_blank\" rel=\"noopener noreferrer\" data-auth=\"NotApplicable\" data-loopstyle=\"linkonly\" data-linkindex=\"19\"><\/a><\/b><b>\u00a0<\/b><b><\/b><\/div><div><b>CIENCIA Y SALUD\u00a0<br \/><\/b><a href=\"https:\/\/cienciaysalud.cl\/2024\/04\/19\/periodo-perinatal-que-efectos-produce-en-la-salud-mental-de-las-madres\/\">Ciencia y Salud Per\u00edodo perinatal: \u00bfQu\u00e9 efectos produce en la salud mental de las madres? Se refiere Rosario Spencer, acad\u00e9mico Facultad de Psicolog\u00eda. \u00a0<\/a><\/div><div>\u00a0<\/div><div><b>MEGANOTICIAS<\/b>\u00a0<br \/><a href=\"https:\/\/www.meganoticias.cl\/nacional\/445633-mauricio-morales-cadem-michelle-bachellet-campana-presidencial-fds01-21-04-2024.html\">\u00bfEl \u00faltimo baile de Michelle? Se refiere Mauricio Morales Quiroga, director Centro de An\u00e1lisis Pol\u00edtico (CAP)\u00a0<\/a><br \/><br \/><\/div><div><b>RADIO INFINITA<\/b>\u00a0<br \/><a href=\"https:\/\/www.litoralpress.cl\/sitio\/RadioTV_Detalles.cshtml?LPKey=NMPOC6GNAVKJ53EHEUQCH6MM55WGUAUY5FUPHQINSFXWKKZ4NTIFGMQE2HOFRN3ZVWZBJVIUX5OI6\">Comentario de pol\u00edtica de Mauricio Morales, director Centro de An\u00e1lisis Pol\u00edtico (CAP).\u00a0<\/a><br \/><br \/><\/div><div><b>RADIO BIOBIO<\/b>\u00a0<br \/><a href=\"https:\/\/www.biobiochile.cl\/noticias\/nacional\/chile\/2024\/04\/22\/el-fracaso-de-republicanos-un-ataque-a-cualquier-costo-que-lo-aleja-de-chile-vamos.shtml\">El fracaso de Republicanos: un ataque &#8220;a cualquier costo&#8221; que lo aleja de Chile Vamos, director Centro de An\u00e1lisis Pol\u00edtico (CAP)\u00a0<\/a><\/div><div>\u00a0<\/div><div><b>NUEVA MINER\u00cdA\u00a0<br \/><\/b><a href=\"https:\/\/www.nuevamineria.com\/revista\/plan-de-descarbonizacion-segundo-tiempo\/\">Plan de descarbonizaci\u00f3n: Segundo tiempo. Se refiere Marco Rivera, acad\u00e9mico de la Facultad de Ingenier\u00eda. \u00a0<\/a><br \/><br \/><\/div><div><b>DIARIO VI REGI\u00d3N <\/b>\u00a0<br \/><a href=\"https:\/\/www.litoralpress.cl\/paginaconsultas\/Servicios_NClipSitio\/Get_Imagen_Nota.aspx?LPKey=M4NG7LYSBFPKITWCFSPWPQQ3QBOUUBQFC3AUMK7WJ2ETPFYEA2LF5A6IRCJEVOBXWXLJ6YOHJX47S\">Charla Magistral sobre Inteligencia Artificial evidenci\u00f3 lo importante que se ha vuelto esta tem\u00e1tica. Se menciona la Universidad de Talca.<\/a> \u00a0<br \/><br \/><\/div><div><b>VGR\u00c1FICO<\/b>\u00a0<br \/><a href=\"https:\/\/vgrafico.cl\/oficios-en-el-maule\/\">M\u00e1s de un centenar de personas se capacitaron en diversos oficios en el Maule. Se menciona la Universidad de Talca.\u00a0<\/a><br \/><br \/><b>LA PRENSA DE CURIC\u00d3<\/b>\u00a0<br \/><a href=\"https:\/\/www.litoralpress.cl\/paginaconsultas\/Servicios_NClipSitio\/Get_Imagen_Nota.aspx?LPKey=WLE4KPEJGNSKZNAIHWIOKIIBWP2A5BTMRKLYJH47KFKYYE2OVZ2MZTL3SS4RPI42RFBQBARXYCJP2\">Sucede. Se menciona la Universidad de Talca. \u00a0<\/a><br \/><br \/><\/div>\t\t\t\t\t\t<\/div>\n\t\t\t\t<\/div>\n\t\t\t\t\t<\/div>\n\t\t<\/div>\n\t\t\t\t\t\t\t<\/div>\n\t\t<\/section>\n\t\t\t\t\t\t<\/div>\n\t\t\t\t\t<\/div>\n\t\t","protected":false},"excerpt":{"rendered":"<p>EL MOSTRADOR\u00a0Festival en torno a la poes\u00eda y el vino reuni\u00f3 a artistas nacionales e internacionales. Se refiere Carlos Torres Fuchslocher, rector.\u202f\u00a0\u00a0TIERRA AMARILLANO\u00a0UTalca recibe a sus nuevos estudiantes de doctorado. Se refiere Rodrigo Palomo, vicerrector acad\u00e9mico.\u00a0 EL DIARIO SANTIAGO\u00a0UTalca recibe a sus nuevos estudiantes de doctorado. Se refiere Rodrigo Palomo, vicerrector acad\u00e9mico.\u00a0\u00a0DIARIO TALCA\u00a0Editorial UTalca presenta &hellip;<\/p>\n<p class=\"read-more\"> <a class=\"\" href=\"https:\/\/www.reportedeprensa.utalca.cl\/?p=9606\"> <span class=\"screen-reader-text\">23 de abril de 2024<\/span> Read More &raquo;<\/a><\/p>\n","protected":false},"author":1,"featured_media":0,"comment_status":"closed","ping_status":"open","sticky":false,"template":"","format":"standard","meta":{"_monsterinsights_skip_tracking":false,"_monsterinsights_sitenote_active":false,"_monsterinsights_sitenote_note":"","_monsterinsights_sitenote_category":0},"categories":[47],"tags":[],"_links":{"self":[{"href":"https:\/\/www.reportedeprensa.utalca.cl\/index.php?rest_route=\/wp\/v2\/posts\/9606"}],"collection":[{"href":"https:\/\/www.reportedeprensa.utalca.cl\/index.php?rest_route=\/wp\/v2\/posts"}],"about":[{"href":"https:\/\/www.reportedeprensa.utalca.cl\/index.php?rest_route=\/wp\/v2\/types\/post"}],"author":[{"embeddable":true,"href":"https:\/\/www.reportedeprensa.utalca.cl\/index.php?rest_route=\/wp\/v2\/users\/1"}],"replies":[{"embeddable":true,"href":"https:\/\/www.reportedeprensa.utalca.cl\/index.php?rest_route=%2Fwp%2Fv2%2Fcomments&post=9606"}],"version-history":[{"count":4,"href":"https:\/\/www.reportedeprensa.utalca.cl\/index.php?rest_route=\/wp\/v2\/posts\/9606\/revisions"}],"predecessor-version":[{"id":9611,"href":"https:\/\/www.reportedeprensa.utalca.cl\/index.php?rest_route=\/wp\/v2\/posts\/9606\/revisions\/9611"}],"wp:attachment":[{"href":"https:\/\/www.reportedeprensa.utalca.cl\/index.php?rest_route=%2Fwp%2Fv2%2Fmedia&parent=9606"}],"wp:term":[{"taxonomy":"category","embeddable":true,"href":"https:\/\/www.reportedeprensa.utalca.cl\/index.php?rest_route=%2Fwp%2Fv2%2Fcategories&post=9606"},{"taxonomy":"post_tag","embeddable":true,"href":"https:\/\/www.reportedeprensa.utalca.cl\/index.php?rest_route=%2Fwp%2Fv2%2Ftags&post=9606"}],"curies":[{"name":"wp","href":"https:\/\/api.w.org\/{rel}","templated":true}]}}