{"id":9666,"date":"2024-05-02T13:47:00","date_gmt":"2024-05-02T16:47:00","guid":{"rendered":"https:\/\/www.reportedeprensa.utalca.cl\/?p=9666"},"modified":"2024-05-02T13:59:36","modified_gmt":"2024-05-02T16:59:36","slug":"02-de-mayo-de-2024","status":"publish","type":"post","link":"https:\/\/www.reportedeprensa.utalca.cl\/?p=9666","title":{"rendered":"02 de mayo de 2024"},"content":{"rendered":"\t\t<div data-elementor-type=\"wp-post\" data-elementor-id=\"9666\" class=\"elementor elementor-9666\" data-elementor-settings=\"[]\">\n\t\t\t\t\t\t\t<div class=\"elementor-section-wrap\">\n\t\t\t\t\t\t\t<section class=\"elementor-section elementor-top-section elementor-element elementor-element-bcea1a8 elementor-section-boxed elementor-section-height-default elementor-section-height-default\" data-id=\"bcea1a8\" data-element_type=\"section\">\n\t\t\t\t\t\t<div class=\"elementor-container elementor-column-gap-default\">\n\t\t\t\t\t<div class=\"elementor-column elementor-col-100 elementor-top-column elementor-element elementor-element-e7183bf\" data-id=\"e7183bf\" data-element_type=\"column\">\n\t\t\t<div class=\"elementor-widget-wrap elementor-element-populated\">\n\t\t\t\t\t\t\t\t<div class=\"elementor-element elementor-element-b3ec857 elementor-widget elementor-widget-text-editor\" data-id=\"b3ec857\" data-element_type=\"widget\" data-widget_type=\"text-editor.default\">\n\t\t\t\t<div class=\"elementor-widget-container\">\n\t\t\t\t\t\t\t\t<div><b>EL MERCURIO\u00a0<\/b><\/div><div><a href=\"https:\/\/www.litoralpress.cl\/paginaconsultas\/Servicios_NClipSitio\/Get_Imagen_Nota.aspx?LPKey=HXNYM3LKFOSCZQV42ZVO5UKNUAIUVLMT5CJWS2DAJHIKCYVMGN43UYWRY4U4XKCD2NOO4ZKRPQSV6\">Desarrollo de software, la arquitectura del mundo digital. Se refiere Luis Silvestre, acad\u00e9mico del Departamento de Ciencias de la Computaci\u00f3n.\u00a0<\/a><b><br \/><\/b><\/div><div>\u00a0<\/div><div><b>EL MERCURIO\u00a0<br \/><\/b><a href=\"https:\/\/www.litoralpress.cl\/paginaconsultas\/Servicios_NClipSitio\/Get_Imagen_Nota.aspx?LPKey=3SSFNQHFGQW64OK2EP37PGVR73ZWOHT5EAXSUIIN25DFHCKRSYJIUKESJGVMX774YWBQLI3BJD4PW\">Venta de autom\u00f3viles h\u00edbridos y el\u00e9ctricos se aceler\u00f3 en marzo. Se refiere Yerko Cort\u00e9s, acad\u00e9mico de la Facultad de Econom\u00eda y Negocios.\u00a0<\/a><b><br \/><\/b><\/div><div>\u00a0<\/div><div><b>DIARIO TALCA\u00a0<br \/><\/b><a href=\"https:\/\/diariotalca.cl\/en-utalca-restauran-registro-musical-mas-antiguo-de-talca\/\">En UTalca restauran registro musical m\u00e1s antiguo de Talca. Se refiere Jos\u00e9 Miguel Ramos Fuentes, acad\u00e9mico de la Escuela de M\u00fasica.\u00a0<\/a><b><br \/><\/b><\/div><div>\u00a0<\/div><div><b>MEDIABANCO<\/b>\u00a0<br \/><a href=\"https:\/\/www.mediabanco.com\/restauran-registro-musical-mas-antiguo-de-talca\/\">Restauran registro musical m\u00e1s antiguo de Talca. Se refiere Jos\u00e9 Miguel Ramos Fuentes, acad\u00e9mico de la escuela de M\u00fasica.\u00a0<\/a><br \/><br \/><\/div><div><b>EL MAULE INFORMA<\/b>\u00a0<br \/><a href=\"https:\/\/elmauleinforma.cl\/restauran-registro-musical-mas-antiguo-de-talca\/\">Restauran registro musical m\u00e1s antiguo de Talca. Se refiere Jos\u00e9 Miguel Ramos Fuentes, acad\u00e9mico de la escuela de M\u00fasica.\u00a0<\/a><br \/><br \/><\/div><div><b>AD PRENSA<\/b>\u00a0<br \/><a href=\"https:\/\/www.adprensa.cl\/cronica\/restauran-registro-musical-mas-antiguo-de-talca\/\">Restauran registro musical m\u00e1s antiguo de Talca. Se refiere Jos\u00e9 Miguel Ramos Fuentes, acad\u00e9mico de la escuela de M\u00fasica.\u00a0<\/a><br \/><br \/><\/div><div><b>MEDIABANCO\u00a0<br \/><\/b><a href=\"https:\/\/revistaecociencias.cl\/2024\/05\/01\/jota-loyola-crovetto-estrena-antartica-en-busqueda-de-la-adaptacion-una-obra-documental-que-retrata-ciencia-y-esperanza\/\">UTalca realiz\u00f3 m\u00e1s de 800 asesor\u00edas para la Transformaci\u00f3n Digital de Municipios. Se menciona la Universidad de Talca.\u00a0<\/a><b><br \/><\/b><\/div><div>\u00a0<\/div><div><b>RADIO ADN\u00a0<br \/><\/b><a href=\"https:\/\/www.litoralpress.cl\/sitio\/RadioTV_Detalles.cshtml?LPKey=RXYRGLBSWS7CK4A6TTK4XGHJNYR44LHMSYXVXWAK45GCYXBX7DD5OHPJX35F2JIZ4QRMH653HIMMK\">Entregan los resultados de un estudio sobre las caracter\u00edsticas de los campamentos en Chile. Se refiere Blanca Z\u00fa\u00f1iga, directora de la Escuela de Arquitectura.\u00a0<\/a><\/div><div>\u00a0<\/div><div><b>AGENCIA XINHUA EN ESPA\u00d1OL ( CHINA)<br \/><\/b><a href=\"https:\/\/www.litoralpress.cl\/paginaconsultas\/Servicios_NClipSitio\/Get_Imagen_Nota.aspx?LPKey=BRZ5MZ3CZPCSYFDV7RGAJNQ6YNPM5CJ2KGPXSCS6HRJSRV3257FKS35CU5XQEIES6HBCR7245ERME\">Expertos ven posible que Chile retome 2% de crecimiento econ\u00f3mico con alza de empleos y baja de pobreza. Se refiere Dany Jaimovich, acad\u00e9mico de la Facultad de econom\u00eda y Negocios. \u00a0<\/a><\/div><div aria-hidden=\"true\">\u00a0<\/div><div><b>MERCORPESS.COM<\/b>\u00a0<br \/><a href=\"https:\/\/www.litoralpress.cl\/paginaconsultas\/Servicios_NClipSitio\/Get_Imagen_Nota.aspx?LPKey=B6ZLJHA2IKKFRKVSVYZIVWTCSOYJV7WUQMLGM5ADR3KG2T7CDPPMUN5ZUTMWW2EFSQWJWY53F2LUM\">Los casos de dengue en Chile continental son todos importados. Se refiere Olga Lobos, directora del Departamento de Microbiolog\u00eda.\u00a0<\/a><br \/><br \/><\/div><div><b>AGENCIA XINHUA EN ESPA\u00d1OL (CHINA)<br \/><\/b><a href=\"https:\/\/www.litoralpress.cl\/paginaconsultas\/Servicios_NClipSitio\/Get_Imagen_Nota.aspx?LPKey=OFL2BPDDYEAA5QPYV3F37B44A3WS346CUKG4JSG5OSSFODT2VR2IAOTB7VPVPI74FFRSYDSTCL57A\">Casos de dengue aumentan en Chile, con el insecto presente en el pa\u00eds e impulsado por cambio clim\u00e1tico. Se refiere Olga Lobos, directora del Departamento de Microbiolog\u00eda.\u00a0<\/a><b><br \/><\/b><\/div><div>\u00a0<\/div><div><b>NEWSESEURO<\/b>\u00a0<br \/><a href=\"https:\/\/news.eseuro.com\/noticias\/3384386.html\">Los casos de dengue en Chile continental son todos importados. Se refiere Olga Lobos, directora del Departamento de Microbiolog\u00eda.<\/a>\u00a0<br \/><br \/><\/div><div><b>AD PRENSA<\/b>\u00a0<br \/><a href=\"https:\/\/www.adprensa.cl\/cronica\/labores-asignadas-culturalmente-a-mujeres-mantienen-brechas-de-genero-en-materia-laboral\/\">Labores asignadas culturalmente a mujeres mantienen brechas de g\u00e9nero en materia laboral. Se refiere Irene Rojas Mi\u00f1o, acad\u00e9mica de la Facultad de Ciencias Jur\u00eddicas y Sociales. \u00a0<\/a><br \/><br \/><\/div><div><b>LA PRENSA DE CURIC\u00d3\u00a0<br \/><\/b><a href=\"https:\/\/www.litoralpress.cl\/paginaconsultas\/Servicios_NClipSitio\/Get_Imagen_Nota.aspx?LPKey=C6ME3DXUAWKQ5K6KKGIS4JLJ7QCDQZWBM64NDMZ6MZIBBWFMFYQNXODJET2WZKGC7Q4K5EVYDWE62\">Labores asignadas culturalmente a mujeres mantienen brechas de g\u00e9nero en materia laboral. Se refiere Irene Rojas Mi\u00f1o, acad\u00e9mica de la Facultad de Ciencias Jur\u00eddicas y Sociales. \u00a0<\/a><b><br \/><\/b><\/div><div>\u00a0<\/div><div><b>AD PRENSA <\/b>\u00a0<br \/><a href=\"https:\/\/www.adprensa.cl\/cronica\/alertan-sobre-bajo-interes-de-vacunacion-en-poblacion-de-riesgo\/\">Alertan sobre bajo inter\u00e9s de vacunaci\u00f3n en poblaci\u00f3n de riesgo. Se refiere \u00c9rika Retamal Contreras, directora de Salud P\u00fablica. \u00a0<\/a><\/div><div>\u00a0<\/div><div><b>RADIO LAUTARO<\/b>\u00a0<br \/><a href=\"https:\/\/radiolautarotalca.cl\/alertan-sobre-el-bajo-porcentaje-de-inmunizados-contra-el-covid19-a-nivel-nacional\/\">Alertan sobre el bajo porcentaje de inmunizados contra el Covid19 a nivel nacional. Se refiere \u00c9rika Retamal Contreras, directora de Salud P\u00fablica. \u00a0<\/a><\/div><div>\u00a0<\/div><div><b>NEWSESEURO<\/b>\u00a0<br \/><a href=\"https:\/\/news.eseuro.com\/noticias\/3387400.html\">Las campa\u00f1as de vacunaci\u00f3n contra el Covid s\u00f3lo llegan al 17% de la poblaci\u00f3n de riesgo. Se refiere \u00c9rika Retamal Contreras, directora de Salud P\u00fablica. \u00a0<\/a><br \/><br \/><\/div><div><b>ARAUCAN\u00cdA DIARIO\u00a0<br \/><\/b><a href=\"https:\/\/araucaniadiario.cl\/contenido\/24130\/alertan-sobre-bajo-interes-de-vacunacion-en-poblacion-de-riesgo\">Alertan sobre bajo inter\u00e9s de vacunaci\u00f3n en poblaci\u00f3n de riesgo Se refiere \u00c9rika Retamal Contreras, directora de Salud P\u00fablica. \u00a0<\/a><b><br \/><\/b><\/div><div>\u00a0<\/div><div><b>NEWSESEURO<\/b>\u00a0<br \/><a href=\"https:\/\/news.eseuro.com\/noticias\/3387400.html\">Las campa\u00f1as de vacunaci\u00f3n contra el Covid s\u00f3lo llegan al 17% de la poblaci\u00f3n de riesgo. Se refiere \u00c9rika Retamal Contreras, directora de Salud P\u00fablica. \u00a0<\/a><\/div><div>\u00a0<\/div><div><b>PORTAL AGRO CHILE<\/b>\u00a0<br \/><a href=\"https:\/\/www.portalagrochile.cl\/2024\/04\/29\/regenera-chile-2024\/\">Regenera Chile 2024. Se menciona la Universidad de Talca.\u00a0<\/a><br \/><br \/><\/div><div><b>DIARIO HERALDO<\/b>\u00a0<br \/><a href=\"https:\/\/www.diarioelheraldo.cl\/noticia\/evento-capacitara-emprendedores-locales-como-agentes-de-cambio-cumbre-agroregenera-maule-2024-profundizara-en-las-oportunidades-de-la-region-para-una-agricultura-sostenible-frente-al-cambio-climatico\">Evento capacitar\u00e1 emprendedores locales como agentes de cambio: Cumbre Agroregenera Maule 2024 profundizar\u00e1 en las oportunidades de la regi\u00f3n para una agricultura sostenible frente al cambio clim\u00e1tico. Se menciona la Universidad de Talca.\u00a0<\/a><br \/><br \/><\/div><div><b>EL CLARIN<\/b>\u00a0<br \/><a href=\"https:\/\/www.elclarin.cl\/2024\/04\/30\/las-ejecuciones-de-canete-y-la-inutilidad-historica-de-los-crimenes-de-connotacion-politica-en-chile\/\">Las ejecuciones de Ca\u00f1ete y la inutilidad hist\u00f3rica de los cr\u00edmenes de connotaci\u00f3n pol\u00edtica en Chile. Se menciona la Universidad de Talca.\u00a0<\/a><\/div><div>\u00a0<\/div><div><b>FUERZA A\u00c9REA DE CHILE\u00a0<br \/><\/b><a href=\"https:\/\/www.fach.mil.cl\/noticias\/2024\/abril\/25_visita\/25_visita.html\">Alumnos de Ingenier\u00eda en Minas de la Universidad de Talca visitaron el Servicio Aerofotogram\u00e9trico. Se menciona la Universidad de Talca.\u00a0<\/a><\/div><div>\u00a0<\/div><div><b>CNC<\/b>\u00a0<br \/><a href=\"https:\/\/www.cnc.cl\/cnc-participo-de-seminario-sobre-institucionalidad-frente-al-crimen-organizado\/\">CNC particip\u00f3 de seminario sobre institucionalidad frente al crimen organizado. Se refiere Ra\u00fal Carnevali, acad\u00e9mico de la Facultad de Ciencias Jur\u00eddicas y Sociales. \u00a0<\/a><br \/><br \/><\/div><div><b>EL HERALDO<\/b>\u00a0<br \/><a href=\"https:\/\/www.litoralpress.cl\/paginaconsultas\/Servicios_NClipSitio\/Get_Imagen_Nota.aspx?LPKey=N2PWO6QRUMJBSJFED24O24ZKSVK2EL5W56HIFCLDZGVG7AC65L26KMZ42M5TBVZ55ZLF5RH67WXOI\">Cumbre Agroregenera Maule 2024 profundizar\u00e1 en las oportunidades de la regi\u00f3n para una agricultura sostenible frente al cambio clim\u00e1tico. Se menciona la Universidad de Talca.\u00a0<\/a><br \/><br \/><\/div><div><b>EN L\u00cdNEA MAULE<\/b>\u00a0<br \/><a href=\"https:\/\/www.litoralpress.cl\/sitio\/RadioTV_Detalles.cshtml?LPKey=BPJTLXJ3B32DYCJDFCJLLHIWRYYNNQZMD3GH2PZUSWGVJBUALVO6KIZMONSVKLNTFQTKPK4MJMTI4\">Academia busca aplicar estrategias para prevenir los incendios forestales en Chile. Se refiere Roberto Pizarro, director C\u00e1tedra Unesco en Hidrolog\u00eda de Superficie\u200b\u00a0<\/a><br \/><br \/><\/div><div><b>RADIO INFINITA<\/b>\u00a0<br \/><a href=\"https:\/\/www.litoralpress.cl\/sitio\/RadioTV_Detalles.cshtml?LPKey=GRWGTF5ABC57IINZZZJ723PJAJLZMUQWKHF4WYX5VQYAVAGJ7O3K6J76NFVDAWC27QNOTYOGSOFOA\">Comentario de pol\u00edtica de Mauricio Morales Quiroga, director del Centro de An\u00e1lisis Pol\u00edtico (CAP).\u00a0<\/a><br \/><br \/><\/div><div><b>REVISTA ECOCIENCIAS<\/b>\u00a0<br \/><a href=\"https:\/\/revistaecociencias.cl\/2024\/05\/01\/jota-loyola-crovetto-estrena-antartica-en-busqueda-de-la-adaptacion-una-obra-documental-que-retrata-ciencia-y-esperanza\/\">Jota Loyola Crovetto estrena \u201cAnt\u00e1rtica: En B\u00fasqueda de la Adaptaci\u00f3n\u201d una obra documental que retrata ciencia y esperanza. Se menciona la Universidad de Talca. \u00a0<\/a><br \/><br \/><\/div><div><b>LA PRENSA DE CURIC\u00d3<\/b>\u00a0<br \/><a href=\"https:\/\/www.litoralpress.cl\/paginaconsultas\/Servicios_NClipSitio\/Get_Imagen_Nota.aspx?LPKey=3DS5SDK75EVVJ3NZVEHETGCIIYM3G3ENZAGRHAYWGRJOKYDVNX4SXRN2V4DHISX4L5H6DINNUZWNI\">Sucede. Se menciona la Universidad de Talca.\u00a0<\/a><br \/><br \/><\/div>\t\t\t\t\t\t<\/div>\n\t\t\t\t<\/div>\n\t\t\t\t\t<\/div>\n\t\t<\/div>\n\t\t\t\t\t\t\t<\/div>\n\t\t<\/section>\n\t\t\t\t\t\t<\/div>\n\t\t\t\t\t<\/div>\n\t\t","protected":false},"excerpt":{"rendered":"<p>EL MERCURIO\u00a0Desarrollo de software, la arquitectura del mundo digital. Se refiere Luis Silvestre, acad\u00e9mico del Departamento de Ciencias de la Computaci\u00f3n.\u00a0\u00a0EL MERCURIO\u00a0Venta de autom\u00f3viles h\u00edbridos y el\u00e9ctricos se aceler\u00f3 en marzo. Se refiere Yerko Cort\u00e9s, acad\u00e9mico de la Facultad de Econom\u00eda y Negocios.\u00a0\u00a0DIARIO TALCA\u00a0En UTalca restauran registro musical m\u00e1s antiguo de Talca. Se refiere Jos\u00e9 &hellip;<\/p>\n<p class=\"read-more\"> <a class=\"\" href=\"https:\/\/www.reportedeprensa.utalca.cl\/?p=9666\"> <span class=\"screen-reader-text\">02 de mayo de 2024<\/span> Read More &raquo;<\/a><\/p>\n","protected":false},"author":1,"featured_media":0,"comment_status":"closed","ping_status":"open","sticky":false,"template":"","format":"standard","meta":{"_monsterinsights_skip_tracking":false,"_monsterinsights_sitenote_active":false,"_monsterinsights_sitenote_note":"","_monsterinsights_sitenote_category":0},"categories":[48],"tags":[],"_links":{"self":[{"href":"https:\/\/www.reportedeprensa.utalca.cl\/index.php?rest_route=\/wp\/v2\/posts\/9666"}],"collection":[{"href":"https:\/\/www.reportedeprensa.utalca.cl\/index.php?rest_route=\/wp\/v2\/posts"}],"about":[{"href":"https:\/\/www.reportedeprensa.utalca.cl\/index.php?rest_route=\/wp\/v2\/types\/post"}],"author":[{"embeddable":true,"href":"https:\/\/www.reportedeprensa.utalca.cl\/index.php?rest_route=\/wp\/v2\/users\/1"}],"replies":[{"embeddable":true,"href":"https:\/\/www.reportedeprensa.utalca.cl\/index.php?rest_route=%2Fwp%2Fv2%2Fcomments&post=9666"}],"version-history":[{"count":4,"href":"https:\/\/www.reportedeprensa.utalca.cl\/index.php?rest_route=\/wp\/v2\/posts\/9666\/revisions"}],"predecessor-version":[{"id":9670,"href":"https:\/\/www.reportedeprensa.utalca.cl\/index.php?rest_route=\/wp\/v2\/posts\/9666\/revisions\/9670"}],"wp:attachment":[{"href":"https:\/\/www.reportedeprensa.utalca.cl\/index.php?rest_route=%2Fwp%2Fv2%2Fmedia&parent=9666"}],"wp:term":[{"taxonomy":"category","embeddable":true,"href":"https:\/\/www.reportedeprensa.utalca.cl\/index.php?rest_route=%2Fwp%2Fv2%2Fcategories&post=9666"},{"taxonomy":"post_tag","embeddable":true,"href":"https:\/\/www.reportedeprensa.utalca.cl\/index.php?rest_route=%2Fwp%2Fv2%2Ftags&post=9666"}],"curies":[{"name":"wp","href":"https:\/\/api.w.org\/{rel}","templated":true}]}}