{"id":9675,"date":"2024-05-03T12:40:37","date_gmt":"2024-05-03T15:40:37","guid":{"rendered":"https:\/\/www.reportedeprensa.utalca.cl\/?p=9675"},"modified":"2024-05-03T13:12:48","modified_gmt":"2024-05-03T16:12:48","slug":"03-de-mayo-de-2024","status":"publish","type":"post","link":"https:\/\/www.reportedeprensa.utalca.cl\/?p=9675","title":{"rendered":"03 de mayo de 2024"},"content":{"rendered":"\t\t<div data-elementor-type=\"wp-post\" data-elementor-id=\"9675\" class=\"elementor elementor-9675\" data-elementor-settings=\"[]\">\n\t\t\t\t\t\t\t<div class=\"elementor-section-wrap\">\n\t\t\t\t\t\t\t<section class=\"elementor-section elementor-top-section elementor-element elementor-element-bcea1a8 elementor-section-boxed elementor-section-height-default elementor-section-height-default\" data-id=\"bcea1a8\" data-element_type=\"section\">\n\t\t\t\t\t\t<div class=\"elementor-container elementor-column-gap-default\">\n\t\t\t\t\t<div class=\"elementor-column elementor-col-100 elementor-top-column elementor-element elementor-element-e7183bf\" data-id=\"e7183bf\" data-element_type=\"column\">\n\t\t\t<div class=\"elementor-widget-wrap elementor-element-populated\">\n\t\t\t\t\t\t\t\t<div class=\"elementor-element elementor-element-b3ec857 elementor-widget elementor-widget-text-editor\" data-id=\"b3ec857\" data-element_type=\"widget\" data-widget_type=\"text-editor.default\">\n\t\t\t\t<div class=\"elementor-widget-container\">\n\t\t\t\t\t\t\t\t<div><b>AD PRENSA\u00a0<br \/><\/b><a href=\"https:\/\/www.adprensa.cl\/cronica\/utalca-realizo-mas-de-800-asesorias-para-la-transformacion-digital-de-municipios\/\">UTalca realiz\u00f3 m\u00e1s de 800 asesor\u00edas para la Transformaci\u00f3n Digital de Municipios. Se refiere Karin Saavedra, directora General de Vinculaci\u00f3n con el Medio. \u00a0<\/a><b><br \/><\/b><\/div><div>\u00a0<\/div><div><b>RADIO ALLEN<\/b>\u00a0<br \/><a href=\"https:\/\/radioallen.cl\/maule-utalca-realizo-mas-de-800-asesorias-para-la-transformacion-digital-de-municipios\/\">UTalca realiz\u00f3 m\u00e1s de 800 asesor\u00edas para la Transformaci\u00f3n Digital de Municipios. Se refiere Karin Saavedra, directora General de Vinculaci\u00f3n con el Medio.\u00a0<\/a><br \/><br \/><\/div><div><b>EL MAULE INFORMA<\/b>\u00a0<br \/><a href=\"https:\/\/elmauleinforma.cl\/utalca-realizo-mas-de-800-asesorias-para-la-transformacion-digital-de-municipios\/\">UTalca realiz\u00f3 m\u00e1s de 800 asesor\u00edas para la Transformaci\u00f3n Digital de Municipios. Se refiere Karin Saavedra, directora General de Vinculaci\u00f3n con el Medio.\u00a0<\/a><br \/><br \/><\/div><div><b>SOMOS MAULE<\/b>\u00a0<br \/><a href=\"http:\/\/somosmaule.cl\/publico\/ficha\/ficha.aspx?i=64925\">UTalca realiz\u00f3 m\u00e1s de 800 asesor\u00edas para la Transformaci\u00f3n Digital de Municipios. Se refiere Karin Saavedra, directora General de Vinculaci\u00f3n con el Medio.\u00a0<\/a><br \/><br \/><\/div><div><b>PUBLIMICRO\u00a0<br \/><\/b><a href=\"https:\/\/publimicro.cl\/historico-registro-musical-del-maule-se-encuentra-restaurado-gracias-a-la-intervencion-de-la-universidad-de-talca\/\">Hist\u00f3rico Registro Musical del Maule se encuentra restaurado gracias a la intervenci\u00f3n de la Universidad de Talca. Se refiere V\u00edctor Brangier, director Centro de Documentaci\u00f3n Patrimonial y Jos\u00e9 Miguel Ramos Fuentes, acad\u00e9mico de la Escuela de M\u00fasica.\u00a0<\/a><b><br \/><\/b><\/div><div>\u00a0<\/div><div><b>RADIO CRISTALINA<\/b>\u00a0<br \/><a href=\"https:\/\/radiocristalina.cl\/casi-100-documentos-del-siglo-xix-restauran-registro-musical-mas-antiguo-de-talca\/\">Casi 100 documentos del siglo XIX: restauran registro musical m\u00e1s antiguo de Talca. Se refiere V\u00edctor Brangier, director Centro de Documentaci\u00f3n Patrimonial y Jos\u00e9 Miguel Ramos Fuentes, acad\u00e9mico de la Escuela de M\u00fasica.\u00a0<\/a><br \/><br \/><\/div><div><b>EL LECTOR<\/b>\u00a0<br \/><a href=\"https:\/\/www.litoralpress.cl\/sitio\/Prensa_Detalles.cshtml?LPKey=TJMJRSUOFJPUGZRVCTQVYB75EWJXV7YDFLM2OQGFNTIORFYFZTVA\">Restauran registro musical m\u00e1s antiguo de Talca. Se refiere V\u00edctor Brangier, director Centro de Documentaci\u00f3n Patrimonial y Jos\u00e9 Miguel Ramos Fuentes, acad\u00e9mico de la Escuela de M\u00fasica.\u00a0<\/a><br \/><br \/><\/div><div><b>SOMOS MAULE<\/b>\u00a0<br \/><a href=\"http:\/\/somosmaule.cl\/publico\/ficha\/ficha.aspx?i=63923\">Restauran registro musical m\u00e1s antiguo de Talca. Se refiere V\u00edctor Brangier, director Centro de Documentaci\u00f3n Patrimonial y Jos\u00e9 Miguel Ramos Fuentes, acad\u00e9mico de la Escuela de M\u00fasica. \u00a0<\/a><br \/><br \/><\/div><div><b>PUNTO LONTU\u00c9<\/b>\u00a0<br \/><a href=\"https:\/\/puntolontue.cl\/?p=13901\">Restauran registro musical m\u00e1s antiguo de Talca. Se refiere V\u00edctor Brangier, director Centro de Documentaci\u00f3n Patrimonial y Jos\u00e9 Miguel Ramos Fuentes, acad\u00e9mico de la Escuela de M\u00fasica.\u00a0<\/a><\/div><div>\u00a0<\/div><div><b>EL MOSTRADOR\u00a0<br \/><\/b><a href=\"https:\/\/www.elmostrador.cl\/braga\/2024\/05\/02\/medidas-de-conciliacion-laboral-para-igualdad-de-genero-en-chile\/\">Medidas de conciliaci\u00f3n laboral buscan igualdad de g\u00e9nero en Chile. Se refiere Irene Rojas, directora Centro de Estudios de Derecho del Trabajo y de la Seguridad Social<\/a><\/div><div>\u00a0<\/div><div><b>CANAL 30<\/b>\u00a0<br \/><a href=\"https:\/\/www.litoralpress.cl\/sitio\/RadioTV_Detalles.cshtml?LPKey=7WSCN7QZPZJ3DQZXU\">Brecha de g\u00e9nero en labores asignadas. Se refiere Irene Rojas, directora Centro de Estudios de Derecho del Trabajo y de la Seguridad Social\u00a0<\/a><\/div><div>\u00a0<\/div><div><b>TVN<br \/><\/b><a href=\"https:\/\/www.tvn.cl\/noticias\/tendencias\/celiaquia-cuales-son-los-primeros-sintomas\">Celiaqu\u00eda: \u00bfCu\u00e1les son los primeros s\u00edntomas? Se refiere Paula Contreras, acad\u00e9mica Escuela de Nutrici\u00f3n y Diet\u00e9tica.\u00a0<\/a><b><br \/><\/b><\/div><div>\u00a0<\/div><div><b>DIARIO EL HERALDO<\/b>\u00a0<br \/><a href=\"https:\/\/www.litoralpress.cl\/sitio\/Prensa_Detalles.cshtml?LPKey=7XSNPRI23IADQZSK4BTYVSRXG6NH34NDA7BZB23N7UOAL76LWODQ\">Celiaqu\u00eda: \u00bfCu\u00e1les son los primeros s\u00edntomas? Se refiere Paula Contreras, acad\u00e9mica Escuela de Nutrici\u00f3n y Diet\u00e9tica.\u00a0<\/a><br \/><br \/><\/div><div><b>S\u00c9PTIMA P\u00c1GINA NOTICIAS<\/b>\u00a0<br \/><a href=\"https:\/\/www.septimapaginanoticias.cl\/celiaquia-cuales-son-los-primeros-sintomas\">Celiaqu\u00eda: \u00bfCu\u00e1les son los primeros s\u00edntomas? Se refiere Paula Contreras, acad\u00e9mica Escuela de Nutrici\u00f3n y Diet\u00e9tica. \u00a0<\/a><br \/><br \/><\/div><div><b>CIENCIA Y SALUD<\/b>\u00a0<br \/><a href=\"https:\/\/cienciaysalud.cl\/2024\/05\/02\/celiaquia-en-que-consiste-esta-enfermedad-y-cuales-son-los-primeros-sintomas\/\">Celiaqu\u00eda: \u00bfEn qu\u00e9 consiste esta enfermedad y cu\u00e1les son los primeros s\u00edntomas? Se refiere Paula Contreras, acad\u00e9mica Escuela de Nutrici\u00f3n y Diet\u00e9tica.\u00a0<\/a><br \/><br \/><\/div><div><b>MEDIABANCO<\/b>\u00a0<br \/><a href=\"https:\/\/www.mediabanco.com\/celiaquia-cuales-son-los-primeros-sintomas\/\">Celiaqu\u00eda: \u00bfCu\u00e1les son los primeros s\u00edntomas? Se refiere Paula Contreras, acad\u00e9mica Escuela de Nutrici\u00f3n y Diet\u00e9tica.\u00a0<\/a><br \/><br \/><\/div><div><b>EL TIP\u00d3GRAFO<\/b>\u00a0<br \/><a href=\"https:\/\/eltipografo.cl\/2024\/05\/como-saber-si-soy-celiaco\">\u00bfC\u00f3mo saber si soy celiaco? Se refiere Paula Contreras, acad\u00e9mica Escuela de Nutrici\u00f3n y Diet\u00e9tica.\u00a0<\/a><br \/><br \/><b>AD PRENSA<\/b>\u00a0<br \/><a href=\"https:\/\/www.adprensa.cl\/cronica\/celiaquia-cuales-son-los-primeros-sintomas\/\">Celiaqu\u00eda: \u00bfCu\u00e1les son los primeros s\u00edntomas? Se refiere Paula Contreras, acad\u00e9mica Escuela de Nutrici\u00f3n y Diet\u00e9tica.\u00a0<\/a><br \/><br \/><b>ELHERALDO.CL<\/b>\u00a0<br \/><a href=\"https:\/\/www.diarioelheraldo.cl\/noticia\/celiaquia-cuales-son-los-primeros-sintomas\">\u00bfC\u00f3mo saber si soy celiaco? Se refiere Paula Contreras, acad\u00e9mica Escuela de Nutrici\u00f3n y Diet\u00e9tica.\u00a0<\/a><br \/><br \/><b>LA TRIBUNA\u00a0<br \/><\/b><a href=\"https:\/\/www.litoralpress.cl\/sitio\/Prensa_Detalles.cshtml?LPKey=75UN57PZWBE3Y6NKZXO5QYB6XKGOJV6XNSBFE4XTY7C2YF3L5DYQ\">\u00bfOmeprazol despu\u00e9s de cada comida? Los peligros intr\u00ednsecos en el consumo indiscriminado de medicamentos. Se refiere Jessica Z\u00fa\u00f1iga, acad\u00e9mica Escuela de Medicina.\u00a0<\/a><b><br \/><\/b><\/div><div>\u00a0<\/div><div><b>SOMOS MAULE<\/b>\u00a0<br \/><a href=\"http:\/\/somosmaule.cl\/publico\/ficha\/ficha.aspx?i=63921\">Alertan sobre bajo inter\u00e9s de\u00a0vacunaci\u00f3n en la poblaci\u00f3n de riesgo. Se refiere Erika Retamal, directora Departamento de Salud P\u00fablica.\u00a0<\/a><br \/>\u00a0<br \/><b>CANAL 30\u00a0<br \/><\/b><a href=\"https:\/\/www.litoralpress.cl\/sitio\/RadioTV_Detalles.cshtml?LPKey=OIXAQ6NCD2GUHVP2VQD2ZFEEQZZP2MXYSVDZGRWMHYMZDRDJ6YKLV5AGKBSPA3ADZPPHTIVEPBUM6\">Preocupa baja vacunaci\u00f3n contra el Covid-19 en la poblaci\u00f3n de riesgo. Se refiere Erika Retamal, directora Departamento de Salud P\u00fablica.\u00a0<\/a><b><br \/><\/b><\/div><div>\u00a0<\/div><div><b>RADIO LAUTARO\u00a0<br \/><\/b><a href=\"https:\/\/www.litoralpress.cl\/sitio\/RadioTV_Detalles.cshtml?LPKey=XLMVWFCHEHKQ4DCOUQ52I42Q7ZPWJP5VZQ2JKJ4PXREBZJDCK6CQGV44YNUGLBJWEYUWJ63PKUBSY\">Patolog\u00edas orales. Entrevista a Marcelo S\u00e1nchez, acad\u00e9mico de la Facultad de Odontolog\u00eda. \u00a0<\/a><b><br \/><\/b><b><a id=\"OWAc408c3c3-55f1-60bd-cb83-1557f77b72cb\" class=\"x_x_Hyperlink x_x_SCXW172369701 x_x_BCX0 x_x_OWAAutoLink\" href=\"https:\/\/www.litoralpress.cl\/sitio\/RadioTV_Detalles.cshtml?LPKey=XLMVWFCHEHKQ4DCOUQ52I42Q7ZPWJP5VZQ2JKJ4PXREBZJDCK6CQGV44YNUGLBJWEYUWJ63PKUBSY\" target=\"_blank\" rel=\"noopener noreferrer\" data-auth=\"NotApplicable\" data-loopstyle=\"linkonly\" data-linkindex=\"22\"><\/a><\/b><b> \u00a0<\/b><\/div><div><b>TVN RED MAULE\u00a0<br \/><\/b><a href=\"https:\/\/www.litoralpress.cl\/sitio\/RadioTV_Detalles.cshtml?LPKey=REN4C5FUHDGUSKPY5KORPBASMJCAHRRBT4JFL2E5V7ABCRJ5KPQCS5BULKACUKLOLGK2DF22BFWPI\">Las intensas lluvias que azotaron la regi\u00f3n del Maule generaron una serie de problemas. Se refiere Patricio Gonz\u00e1lez Colville, acad\u00e9mico del Centro de Investigaci\u00f3n y Transferencia en Riego y Agroclimatolog\u00eda (CITRA).\u00a0<\/a><b><br \/><\/b><b>\u00a0<\/b><\/div><div><b>CANAL 30<\/b>\u00a0<br \/><a href=\"https:\/\/www.litoralpress.cl\/sitio\/RadioTV_Detalles.cshtml?LPKey=UI4HQUB2JTN623VJHI2DAVNN6HRDPBV3DY4MWPTONWPVIP7DEPFSKNY6CRA5YBBTCLQL5MEH74PJC\">Calles de Talca colapsaron por sistema frontal. Se refiere Patricio Gonz\u00e1lez Colville, acad\u00e9mico del Centro de Investigaci\u00f3n y Transferencia en Riego y Agroclimatolog\u00eda (CITRA).\u00a0<\/a><br \/><br \/><\/div><div><b>LA SEGUNDA<\/b>\u00a0<br \/><a href=\"https:\/\/www.litoralpress.cl\/sitio\/Prensa_PaginaCompleta.cshtml?LPKey=3JN27GS2WDTNXXPHMGZWHODH3WDDKBZAHZ2O5PC3G6O5XJGTHJ5A\">Dura prueba para Rinc\u00f3n y Walker: La primera elecci\u00f3n que medir\u00e1 a Dem\u00f3cratas. Se refiere Mauricio Morales, director Centro de An\u00e1lisis Pol\u00edtico (CAP). \u00a0<\/a><br \/><br \/><\/div><div><b>P\u00c1GINA V<\/b>\u00a0<br \/><a href=\"https:\/\/paginav.cl\/2024\/05\/02\/mas-de-100-estudiantes-de-toda-la-region-se-reunieron-parainvestigar-e-innovar-con-explora-biobio\/\">M\u00e1s de 100 estudiantes de toda la regi\u00f3n se reunieron para investigar e innovar con Explora Biob\u00edo. Se menciona la Universidad de Talca.\u00a0<\/a><br \/>\u00a0<\/div><div><b>EL LECTOR<\/b>\u00a0<br \/><a href=\"https:\/\/www.litoralpress.cl\/sitio\/Prensa_Detalles.cshtml?LPKey=HRIPVD3ARCCORJI7R5Y3ZU6GUUBMJ4LGJLNXGFYYOI4AGLPAL5KQ\">Evento m\u00e1s importante de la Agroindrustria 4.0 aterriza en la Regi\u00f3n del Maule. Se menciona la Universidad de Talca.\u00a0<\/a><br \/><br \/><b>RED CUECH\u00a0<br \/><\/b><a href=\"https:\/\/redvcmcuech.cl\/consultoria-para-estudio-de-brechas\/\">Estudio de brechas: \u201c\u201cEl inicio de este trabajo marca un paso crucial\u201d. Se menciona la Universidad de Talca.\u00a0<\/a><b><br \/><\/b><b><br \/>LAS \u00daLTIMAS NOTICIAS\u00a0<br \/><\/b><a href=\"https:\/\/www.litoralpress.cl\/sitio\/Prensa_Detalles.cshtml?LPKey=2FO7FABKX4N2QAACB73JHSZ46IIW5SXSZHBTPXQXWH3AIE3FO54Q\">Cu\u00e1nto ganan los inform\u00e1ticos seg\u00fan su universidad de egreso. Se menciona la Universidad de Talca.\u00a0<\/a><b><br \/><\/b><br \/><b>LA ESTRELLA DE \u00c1RICA<\/b>\u00a0<br \/><a href=\"https:\/\/www.litoralpress.cl\/sitio\/Prensa_Detalles.cshtml?LPKey=SN7SJ6TOD4SFOVYGNMCHICF3AS5CEGFZP2NCHQPF3CQYBYOALSRQ\">Concierto de piano y viol\u00edn tuvo gran acogida en el Liceo Art\u00edstico.<b> <\/b>Se menciona la Universidad de Talca.\u00a0<\/a><\/div><div aria-hidden=\"true\">\u00a0<\/div><div><b>EL DIARIO INMOBILIARIO<\/b>\u00a0<br \/><a href=\"https:\/\/eldiarioinmobiliario.cl\/noticias\/los-beneficios-que-trae-para-el-mercado-inmobiliario-la-presencia-de-universidades-en-distintas-ciudades\/\">Los beneficios que trae para el mercado inmobiliario la presencia de universidades en distintas ciudades. Se menciona la Universidad de Talca.\u00a0<\/a><br \/>\u00a0<br \/><b>LA PRENSA DE CURIC\u00d3<\/b>\u00a0<br \/><a href=\"https:\/\/www.litoralpress.cl\/sitio\/Prensa_Detalles.cshtml?LPKey=ZCANV4QR6UQRYWIT5KZZXSRJ4TXBZNFMFIVV23BLNIO322ZMGBOA\">Sucede.<b> <\/b>Se menciona la Universidad de Talca.\u00a0<\/a><br \/><br \/><\/div>\t\t\t\t\t\t<\/div>\n\t\t\t\t<\/div>\n\t\t\t\t\t<\/div>\n\t\t<\/div>\n\t\t\t\t\t\t\t<\/div>\n\t\t<\/section>\n\t\t\t\t\t\t<\/div>\n\t\t\t\t\t<\/div>\n\t\t","protected":false},"excerpt":{"rendered":"<p>AD PRENSA\u00a0UTalca realiz\u00f3 m\u00e1s de 800 asesor\u00edas para la Transformaci\u00f3n Digital de Municipios. Se refiere Karin Saavedra, directora General de Vinculaci\u00f3n con el Medio. \u00a0\u00a0RADIO ALLEN\u00a0UTalca realiz\u00f3 m\u00e1s de 800 asesor\u00edas para la Transformaci\u00f3n Digital de Municipios. Se refiere Karin Saavedra, directora General de Vinculaci\u00f3n con el Medio.\u00a0 EL MAULE INFORMA\u00a0UTalca realiz\u00f3 m\u00e1s de 800 &hellip;<\/p>\n<p class=\"read-more\"> <a class=\"\" href=\"https:\/\/www.reportedeprensa.utalca.cl\/?p=9675\"> <span class=\"screen-reader-text\">03 de mayo de 2024<\/span> Read More &raquo;<\/a><\/p>\n","protected":false},"author":1,"featured_media":0,"comment_status":"closed","ping_status":"open","sticky":false,"template":"","format":"standard","meta":{"_monsterinsights_skip_tracking":false,"_monsterinsights_sitenote_active":false,"_monsterinsights_sitenote_note":"","_monsterinsights_sitenote_category":0},"categories":[48],"tags":[],"_links":{"self":[{"href":"https:\/\/www.reportedeprensa.utalca.cl\/index.php?rest_route=\/wp\/v2\/posts\/9675"}],"collection":[{"href":"https:\/\/www.reportedeprensa.utalca.cl\/index.php?rest_route=\/wp\/v2\/posts"}],"about":[{"href":"https:\/\/www.reportedeprensa.utalca.cl\/index.php?rest_route=\/wp\/v2\/types\/post"}],"author":[{"embeddable":true,"href":"https:\/\/www.reportedeprensa.utalca.cl\/index.php?rest_route=\/wp\/v2\/users\/1"}],"replies":[{"embeddable":true,"href":"https:\/\/www.reportedeprensa.utalca.cl\/index.php?rest_route=%2Fwp%2Fv2%2Fcomments&post=9675"}],"version-history":[{"count":4,"href":"https:\/\/www.reportedeprensa.utalca.cl\/index.php?rest_route=\/wp\/v2\/posts\/9675\/revisions"}],"predecessor-version":[{"id":9680,"href":"https:\/\/www.reportedeprensa.utalca.cl\/index.php?rest_route=\/wp\/v2\/posts\/9675\/revisions\/9680"}],"wp:attachment":[{"href":"https:\/\/www.reportedeprensa.utalca.cl\/index.php?rest_route=%2Fwp%2Fv2%2Fmedia&parent=9675"}],"wp:term":[{"taxonomy":"category","embeddable":true,"href":"https:\/\/www.reportedeprensa.utalca.cl\/index.php?rest_route=%2Fwp%2Fv2%2Fcategories&post=9675"},{"taxonomy":"post_tag","embeddable":true,"href":"https:\/\/www.reportedeprensa.utalca.cl\/index.php?rest_route=%2Fwp%2Fv2%2Ftags&post=9675"}],"curies":[{"name":"wp","href":"https:\/\/api.w.org\/{rel}","templated":true}]}}