{"id":9684,"date":"2024-05-06T13:19:26","date_gmt":"2024-05-06T16:19:26","guid":{"rendered":"https:\/\/www.reportedeprensa.utalca.cl\/?p=9684"},"modified":"2024-05-06T16:57:52","modified_gmt":"2024-05-06T19:57:52","slug":"06-de-mayo-de-2024","status":"publish","type":"post","link":"https:\/\/www.reportedeprensa.utalca.cl\/?p=9684","title":{"rendered":"06 de mayo de 2024"},"content":{"rendered":"\t\t<div data-elementor-type=\"wp-post\" data-elementor-id=\"9684\" class=\"elementor elementor-9684\" data-elementor-settings=\"[]\">\n\t\t\t\t\t\t\t<div class=\"elementor-section-wrap\">\n\t\t\t\t\t\t\t<section class=\"elementor-section elementor-top-section elementor-element elementor-element-bcea1a8 elementor-section-boxed elementor-section-height-default elementor-section-height-default\" data-id=\"bcea1a8\" data-element_type=\"section\">\n\t\t\t\t\t\t<div class=\"elementor-container elementor-column-gap-default\">\n\t\t\t\t\t<div class=\"elementor-column elementor-col-100 elementor-top-column elementor-element elementor-element-e7183bf\" data-id=\"e7183bf\" data-element_type=\"column\">\n\t\t\t<div class=\"elementor-widget-wrap elementor-element-populated\">\n\t\t\t\t\t\t\t\t<div class=\"elementor-element elementor-element-b3ec857 elementor-widget elementor-widget-text-editor\" data-id=\"b3ec857\" data-element_type=\"widget\" data-widget_type=\"text-editor.default\">\n\t\t\t\t<div class=\"elementor-widget-container\">\n\t\t\t\t\t\t\t\t<div><b>AD PRENSA\u00a0<br \/><\/b><a href=\"https:\/\/www.adprensa.cl\/cronica\/editorial-utalca-presento-libro-que-recorre-la-trayectoria-de-la-escultora-francisca-cerda\/\">Editorial UTalca present\u00f3 libro que recorre la trayectoria de la escultora Francisca Cerda. Se refiere Carlos Torres Fuchslocher, rector y Marcela Albornoz, directora Editorial UTalca. \u00a0<\/a><b><br \/><\/b><\/div><div><b>CHILL\u00c1N ONLINE<\/b>\u00a0<br \/><a href=\"https:\/\/www.chillanonline.cl\/V7\/2024\/05\/05\/editorial-utalca-presento-libro-que-recorre-la-trayectoria-de-la-escultora-francisca-cerda\/\">Editorial UTalca present\u00f3 libro que recorre la trayectoria de la escultora Francisca Cerda. Se refiere Carlos Torres Fuchslocher, rector y Marcela Albornoz, directora Editorial UTalca. \u00a0<\/a><br \/><b>MEDIABANCO<\/b>\u00a0<br \/><a href=\"https:\/\/www.mediabanco.com\/editorial-utalca-presento-libro-que-recorre-la-trayectoria-de-la-escultora-francisca-cerda\/\">Editorial UTalca present\u00f3 libro que recorre la trayectoria de la escultora Francisca Cerda. Se refiere Carlos Torres Fuchslocher, rector y Marcela Albornoz, directora Editorial UTalca.\u00a0<\/a><br \/><br \/><\/div><div><b>RADIO LAUTARO<\/b>\u00a0<br \/><a href=\"https:\/\/radiolautarotalca.cl\/editorial-utalca-presento-libro-que-recorre-la-trayectoria-de-la-escultora-francisca-cerda\/\">Editorial UTalca present\u00f3 libro que recorre la trayectoria de la escultora Francisca Cerda. Se refiere Carlos Torres Fuchslocher, rector y Marcela Albornoz, directora Editorial UTalca.\u00a0<\/a><br \/><br \/><\/div><div><b>PUBLIMICRO<\/b>\u00a0<br \/><a href=\"https:\/\/publimicro.cl\/universidad-de-talca-realizo-mas-de-800-asesorias-para-la-transformacion-digital-de-municipios\/\">Universidad de Talca realiz\u00f3 m\u00e1s de 800 asesor\u00edas para la Transformaci\u00f3n Digital de Municipios. Se refiere Karin Saavedra, directora General de Vinculaci\u00f3n con el Medio.\u00a0<\/a> \u00a0<br \/><br \/><\/div><div><b>LA PRENSA DE CURIC\u00d3\u00a0<br \/><\/b><a href=\"https:\/\/www.litoralpress.cl\/paginaconsultas\/Servicios_NClipSitio\/Get_Imagen_Nota.aspx?LPKey=AG3MULFCR4KE4MIIKZ3RZRD5HOT52EHCKNYM2GYU56YLSJ72R4VD5HUTAGYOKUCB7XVWDQDGQHCPW\">UTalca realiza asesor\u00edas para la transformaci\u00f3n digital. Se refiere Karin Saavedra, directora General de Vinculaci\u00f3n con el Medio.\u00a0 \u00a0<\/a><b><br \/><\/b><\/div><div>\u00a0<\/div><div><b>EL LECTOR<\/b>\u00a0<br \/><a href=\"https:\/\/www.litoralpress.cl\/paginaconsultas\/Servicios_NClipSitio\/Get_Imagen_Nota.aspx?LPKey=UNFFM5232IB6FRBZSR7P73RQ4I3V7CNW3KOWVIPVKVVLKAXG5HCIMD6P4YB7WDRGMNMKT3DGJHC54\">UTalca realiz\u00f3 m\u00e1s de 800 asesor\u00edas para la Transformaci\u00f3n Digital de Municipios. Se refiere Karin Saavedra, directora General de Vinculaci\u00f3n con el Medio.\u00a0 \u00a0<\/a><br \/><br \/><\/div><div><b>CAUQUENES.NET<\/b>\u00a0<br \/><a href=\"https:\/\/cauquenesnet.cl\/2024\/05\/03\/utalca-realizo-mas-de-800-asesorias-para-la-transformacion-digital-de-municipios\/\">UTalca realiz\u00f3 m\u00e1s de 800 asesor\u00edas para la Transformaci\u00f3n Digital de Municipios. Se refiere Karin Saavedra, directora General de Vinculaci\u00f3n con el Medio.\u00a0<\/a> \u00a0<br \/><br \/><\/div><div><b>EXTRA NOTICIAS<\/b>\u00a0<br \/><a href=\"https:\/\/www.extranoticias.cl\/utalca-realizo-mas-de-800-asesorias-para-la-transformacion-digital-de-municipios\/\">UTalca realiz\u00f3 m\u00e1s de 800 asesor\u00edas para la Transformaci\u00f3n Digital de Municipios. Se refiere Karin Saavedra, directora General de Vinculaci\u00f3n con el Medio.\u00a0 \u00a0<\/a><br \/><br \/><\/div><div><b>REVISTAS ECOCIENCIAS\u00a0<br \/><\/b><a href=\"https:\/\/revistaecociencias.cl\/2024\/05\/03\/premian-proyecto-que-desarrollo-elementos-didacticos-para-ninos-con-discapacidad-visual\/\">Premian proyecto que desarroll\u00f3 elementos did\u00e1cticos para ni\u00f1os con discapacidad visual. Se refiere Ariela Vergara Jaque, vicerrectora de Innovaci\u00f3n y Claudio Aravena Aranda, acad\u00e9mico de la Facultad de Ingenier\u00eda. \u00a0<\/a><b><br \/><\/b><\/div><div>\u00a0<\/div><div><b>RADIO LAUTARO<\/b>\u00a0<br \/><a href=\"https:\/\/radiolautarotalca.cl\/estudiantes-crean-soluciones-educativas-a-traves-de-impresion-3d-para-ninos-con-discapacidad\/\">Estudiantes crean soluciones educativas a trav\u00e9s de impresi\u00f3n 3D para ni\u00f1os con discapacidad.\u00a0<\/a><br \/><a href=\"https:\/\/radiolautarotalca.cl\/estudiantes-crean-soluciones-educativas-a-traves-de-impresion-3d-para-ninos-con-discapacidad\/\">Se refiere Ariela Vergara Jaque, vicerrectora de Innovaci\u00f3n y Claudio Aravena Aranda, acad\u00e9mico de la Facultad de Ingenier\u00eda. \u00a0<\/a><br \/><br \/><\/div><div><b>EL LECTOR <\/b>\u00a0<br \/><a href=\"https:\/\/www.litoralpress.cl\/paginaconsultas\/Servicios_NClipSitio\/Get_Imagen_Nota.aspx?LPKey=PW5KW7TOQMLIOBIM6DLQPSLKQGH7VYI6BI5GA7OIDGITUR6C2SWJCWUXF4KZW3FEMVJZLWXZCWOWQ\">Premian proyecto que desarroll\u00f3 elementos did\u00e1cticos para ni\u00f1os con discapacidad visual. Se refiere Ariela Vergara Jaque, vicerrectora de Innovaci\u00f3n y Claudio Aravena Aranda, acad\u00e9mico de la Facultad de Ingenier\u00eda. \u00a0<\/a><br \/><br \/><\/div><div><b>LA PRENSA DE CURIC\u00d3<\/b>\u00a0<br \/><a href=\"https:\/\/www.litoralpress.cl\/paginaconsultas\/Servicios_NClipSitio\/Get_Imagen_Nota.aspx?LPKey=TP6OHWDD5EKWZ4SWSVLUDG55RSK5MRQW4IK3HAAJVDEAEI6DXY2SVJTIRGSVLBG2UH57N37537MPI\">Crean elementos para ni\u00f1os con discapacidad audiovisual. Se refiere Ariela Vergara Jaque, vicerrectora de Innovaci\u00f3n y Claudio Aravena Aranda, acad\u00e9mico de la Facultad de Ingenier\u00eda. \u00a0<\/a><br \/><br \/><\/div><div><b>EL DIARIO SANTIAGO<\/b>\u00a0<br \/><a href=\"https:\/\/eldiariosantiago.cl\/premian-proyecto-que-desarrollo-elementos-didacticos-para-ninos-con-discapacidad-visual\/\">Premian proyecto que desarroll\u00f3 elementos did\u00e1cticos para ni\u00f1os con discapacidad visual. Se refiere Ariela Vergara Jaque, vicerrectora de Innovaci\u00f3n y Claudio Aravena Aranda, acad\u00e9mico de la Facultad de Ingenier\u00eda. \u00a0<\/a><br \/><br \/><\/div><div><b>AD PRENSA<\/b>\u00a0<br \/><a href=\"https:\/\/www.adprensa.cl\/cronica\/premian-proyecto-que-desarrollo-elementos-didacticos-para-ninos-con-discapacidad-visual\/\">Premian proyecto que desarroll\u00f3 elementos did\u00e1cticos para ni\u00f1os con discapacidad visual. Se refiere Ariela Vergara Jaque, vicerrectora de Innovaci\u00f3n y Claudio Aravena Aranda, acad\u00e9mico de la Facultad de Ingenier\u00eda. \u00a0<\/a><br \/><br \/><\/div><div><b>MEDIABANCO<\/b>\u00a0<br \/><a href=\"https:\/\/www.mediabanco.com\/premian-proyecto-que-desarrollo-elementos-didacticos-para-ninos-con-discapacidad-visual\/\">Premian proyecto que desarroll\u00f3 elementos did\u00e1cticos para ni\u00f1os con discapacidad visual. Se refiere Ariela Vergara Jaque, vicerrectora de Innovaci\u00f3n y Claudio Aravena Aranda, acad\u00e9mico de la Facultad de Ingenier\u00eda. \u00a0<\/a><br \/><br \/><\/div><div><b>CANAL 30 MULTICOM\u00a0<br \/><\/b><a href=\"https:\/\/www.litoralpress.cl\/sitio\/RadioTV_Detalles.cshtml?LPKey=NMVYATG3WQHMZWLSVREFCBSYKKUNKP5FUIYX7KRHIIVYPQCNXBWPM4D2VCZBW3TC2VIWZZTY5VJ5Q\">Restauran registro musical. Se refieren V\u00edctor Brangier, director del Centro de Documentaci\u00f3n Patrimonial y\u00a0 Jos\u00e9 Miguel Ramos Fuentes, acad\u00e9mico de la Escuela de M\u00fasica.<\/a><b><br \/><\/b><\/div><div>\u00a0<\/div><div><b>EN L\u00cdNEA MAULE<\/b>\u00a0<br \/><a href=\"https:\/\/www.litoralpress.cl\/sitio\/RadioTV_Detalles.cshtml?LPKey=57WRFKBV4JPR4J7XXN6KV7Z6GIU2BD6NTX6IY4HUG5PI6IOYVG7XZ7FQZH2OCL2EQJLAFYGVWWTBC\">Se rescataron m\u00e1s de 100 partituras musicales antiguas de Talca. Se refieren V\u00edctor Brangier, director del Centro de Documentaci\u00f3n Patrimonial y\u00a0 Jos\u00e9 Miguel Ramos Fuentes, acad\u00e9mico de la Escuela de M\u00fasica. \u00a0<\/a><br \/><br \/><\/div><div><b>RADIO LAUTARO<\/b>\u00a0<\/div><div class=\"x_elementToProof\"><a href=\"https:\/\/radiolautarotalca.cl\/restauran-registro-musical-mas-antiguo-de-talca\/\">Restauran registro musical m\u00e1s antiguo de Talca. Se refieren V\u00edctor Brangier, director del\u00a0Centro de Documentaci\u00f3n Patrimonial y\u00a0Jos\u00e9 Miguel Ramos Fuentes, acad\u00e9mico de la Escuela de M\u00fasica.<\/a> \u00a0<\/div><div>\u00a0<\/div><div><b>TIERRA AMARILLANO<\/b>\u00a0<\/div><div class=\"x_elementToProof\"><a href=\"https:\/\/tierramarillano.cl\/2024\/05\/05\/restauran-registro-musical-mas-antiguo-de-talca\/\">Restauran registro musical m\u00e1s antiguo de Talca. Se refieren V\u00edctor Brangier, director del\u00a0Centro de Documentaci\u00f3n Patrimonial y\u00a0Jos\u00e9 Miguel Ramos Fuentes, acad\u00e9mico de la Escuela de M\u00fasica.\u00a0<\/a><\/div><div>\u00a0<\/div><div><b>DIARIO TALCA (PORTADA)<\/b>\u00a0<br \/><a href=\"https:\/\/www.litoralpress.cl\/paginaconsultas\/Servicios_NClipSitio\/Get_Imagen_Nota.aspx?LPKey=MX2ZUNQQL557NMXY323XH3OALVWN4EDYGMOFZ37K4HTIOLQ4DHFGNATWVHW35FCAOXG242JHCR5KY\">El Maule ser\u00e1 desierto. Se refiere Patricio Gonz\u00e1lez Colville, agroclimat\u00f3logo del Centro de Investigaci\u00f3n y Transferencia en Riego y Agroclimatolog\u00eda (CITRA).\u00a0<\/a><\/div><div>\u00a0<\/div><div><b>RADIO AGRICULTURA\u00a0<\/b><\/div><div><a href=\"https:\/\/www.litoralpress.cl\/sitio\/RadioTV_Detalles.cshtml?LPKey=AU6RKDZIQSLUCEJSP6HNGAKSRQJPTIBTADXUAZAFIQBXXRQ4WCXWTC3J56GWYOAAK4V2FMBC2B7QG\">Lluvias y heladas, efectos en la agricultura. Entrevista a Patricio Gonz\u00e1lez Colville, agroclimat\u00f3logo del Centro de Investigaci\u00f3n y Transferencia en Riego y Agroclimatolog\u00eda (CITRA).\u00a0(Parte 1)<\/a><\/div><div>\u00a0<\/div><div><b>RADIO AGRICULTURA<\/b>\u00a0<br \/><a href=\"https:\/\/www.litoralpress.cl\/sitio\/RadioTV_Detalles.cshtml?LPKey=OSLAFNCQG5QRF47DOORO2HRZGXEEGA3ZRV6CMTOBT2A33LEQNWQXV4B5FSEW7LFDDY3LZJAF6UG4K\">Lluvias y heladas, efectos en la agricultura. Entrevista a Patricio Gonz\u00e1lez Colville, agroclimat\u00f3logo del Centro de Investigaci\u00f3n y Transferencia en Riego y Agroclimatolog\u00eda (CITRA).\u00a0(Parte 2)<\/a><br \/><br \/><\/div><div><b>EN L\u00cdNEA MAULE<\/b>\u00a0<br \/><a href=\"https:\/\/www.litoralpress.cl\/sitio\/RadioTV_Detalles.cshtml?LPKey=MULCKWEEA5IDMKY6MFIJRC77AWE2AT7NJSRFSAQWVQDL222FNQWEFW6RPIJ3IAPD5OHATMJTUKRPQ\">Entrevista a Patricio Gonz\u00e1lez Colville, agroclimat\u00f3logo del Centro de Investigaci\u00f3n y Transferencia en Riego y Agroclimatolog\u00eda (CITRA).\u00a0<\/a><br \/><br \/><\/div><div><b>RADIO LAUTARO<\/b>\u00a0<br \/><a href=\"https:\/\/radiolautarotalca.cl\/talca-tiene-un-deficit-del-53-de-precipitaciones\/\">Talca tiene un d\u00e9ficit del 53% de precipitaciones. Se refiere Patricio Gonz\u00e1lez Colville, agroclimat\u00f3logo del Centro de Investigaci\u00f3n y Transferencia en Riego y Agroclimatolog\u00eda (CITRA).\u00a0<\/a><\/div><div>\u00a0<\/div><div><b>EL MOSTRADOR\u00a0<br \/><\/b><a href=\"https:\/\/www.elmostrador.cl\/agenda-pais\/vida-en-linea\/2024\/05\/05\/celiaquia-cuales-son-los-primeros-sintomas\/\">Celiaqu\u00eda: \u00bfCu\u00e1les son los primeros s\u00edntomas? Se refiere Paula Contreras Rebolledo, acad\u00e9mica de la Escuela de Nutrici\u00f3n y Diet\u00e9tica.\u00a0<\/a><b><br \/><\/b><\/div><div>\u00a0<\/div><div><b>DIARIO EL HERALDO<\/b>\u00a0<br \/><a href=\"https:\/\/www.litoralpress.cl\/paginaconsultas\/Servicios_NClipSitio\/Get_Imagen_Nota.aspx?LPKey=7CKJ5WUVOW7QPDJFC57C2E6ZUPJ4H5GXE46ESBMHNQFLDHKS7TN2TYFE7BSBRO2XIVP7KYVXLHVKA\">Celiaqu\u00eda: \u00bfCu\u00e1les son los primeros s\u00edntomas? Se refiere Paula Contreras Rebolledo, acad\u00e9mica de la Escuela de Nutrici\u00f3n y Diet\u00e9tica.\u00a0<\/a><br \/><br \/><\/div><div><b>DIARIO EL HERALDO<\/b>\u00a0<br \/><a href=\"https:\/\/www.diarioelheraldo.cl\/noticia\/celiaquia-cuales-son-los-primeros-sintomas\">Celiaqu\u00eda: \u00bfCu\u00e1les son los primeros s\u00edntomas? Se refiere Paula Contreras Rebolledo, acad\u00e9mica de la Escuela de Nutrici\u00f3n y Diet\u00e9tica.\u00a0<\/a><br \/><br \/><\/div><div><b>TIERRA AMARILLANO<\/b>\u00a0<br \/><a href=\"https:\/\/tierramarillano.cl\/2024\/05\/03\/celiaquia-cuales-son-los-primeros-sintomas\/\">Primeros s\u00edntomas de la Celiaqu\u00eda. Se refiere Paula Contreras Rebolledo, acad\u00e9mica de la Escuela de Nutrici\u00f3n y Diet\u00e9tica.\u00a0<\/a><br \/><br \/><\/div><div><b>DE MAR A CORDILLERA<\/b>\u00a0<br \/><a href=\"https:\/\/demaracordilleratv.cl\/2024\/05\/03\/primeros-sintomas-de-la-celiaquia\/\">Primeros s\u00edntomas de la Celiaqu\u00eda. Se refiere Paula Contreras Rebolledo, acad\u00e9mica de la Escuela de Nutrici\u00f3n y Diet\u00e9tica\u00a0<\/a><br \/><br \/><\/div><div><b>EL MERCURIO\u00a0<br \/><\/b><a href=\"https:\/\/www.litoralpress.cl\/paginaconsultas\/Servicios_NClipSitio\/Get_Imagen_Nota.aspx?LPKey=D4L6X7LDJNOGGCQD7ORC6DCERNDE2TN5MKO3CEHVLTWFZTPOMGJU36KQOBVJ6ZAVTOSQP4TUGBSR4\">Calidad nutricional y producci\u00f3n de excelencia: los motores que impulsan la demanda de salm\u00f3n en el mundo. Se refiere Carolina Sobarzo, encargada del Laboratorio de Dietot\u00e9cnicas de la Escuela de Nutrici\u00f3n y Diet\u00e9tica. \u00a0<\/a><\/div><div>\u00a0<br \/><b>CHILL\u00c1N ONLINE<\/b>\u00a0<br \/><a href=\"https:\/\/www.chillanonline.cl\/V7\/2024\/05\/04\/red-de-academicos-universitarios-impulsara-la-investigacion-escolar-en-el-maule\/\">Red de acad\u00e9micos universitarios impulsar\u00e1 la investigaci\u00f3n escolar en el Maule. Se refiere C\u00e9sar Retamal, jefe de la Unidad de Divulgaci\u00f3n de la Direcci\u00f3n General de Vinculaci\u00f3n con el Medio; Mar\u00eda Eugenia Rubio, investigadora del Laboratorio de Se\u00f1alizaci\u00f3n El\u00e9ctrica en Plantas, de la Facultad de Ingenier\u00eda y Cristian Vidal, acad\u00e9mico de la Escuela de Ingenier\u00eda en Desarrollo de Videojuegos y Realidad Virtual de la citada facultad.\u00a0<\/a><br \/><br \/><\/div><div><b>MEDIABANCO\u00a0<br \/><\/b><a href=\"https:\/\/www.mediabanco.com\/red-de-academicos-universitarios-impulsara-la-investigacion-escolar-en-el-maule\/\">Red de acad\u00e9micos universitarios impulsar\u00e1 la <\/a><a href=\"https:\/\/www.mediabanco.com\/red-de-academicos-universitarios-impulsara-la-investigacion-escolar-en-el-maule\/\">investigaci\u00f3n escolar en el Maule. Se refiere C\u00e9sar Retamal, jefe de la Unidad de Divulgaci\u00f3n de la Direcci\u00f3n General de Vinculaci\u00f3n con el Medio; Mar\u00eda Eugenia Rubio, investigadora del Laboratorio de Se\u00f1alizaci\u00f3n El\u00e9ctrica en Plantas, de la Facultad de Ingenier\u00eda; y Cristian Vidal, acad\u00e9mico de la Escuela de Ingenier\u00eda en Desarrollo de Videojuegos y Realidad Virtual de la citada facultad.\u00a0<\/a><b><br \/><\/b><\/div><div>\u00a0<\/div><div><b>AD PRENSA<\/b>\u00a0<br \/><a href=\"https:\/\/www.adprensa.cl\/cronica\/red-de-academicos-universitarios-impulsara-la-investigacion-escolar-en-el-maule\/\">Red de acad\u00e9micos universitarios impulsar\u00e1 la investigaci\u00f3n escolar en el Maule. Se refiere C\u00e9sar Retamal, jefe de la Unidad de Divulgaci\u00f3n de la Direcci\u00f3n General de Vinculaci\u00f3n con el Medio; Mar\u00eda Eugenia Rubio, investigadora del Laboratorio de Se\u00f1alizaci\u00f3n El\u00e9ctrica en Plantas, de la Facultad de Ingenier\u00eda y Cristian Vidal, acad\u00e9mico de la Escuela de Ingenier\u00eda en Desarrollo de Videojuegos y Realidad Virtual de la citada facultad.\u00a0<\/a><br \/><br \/><\/div><div><b>EL LECTOR<\/b>\u00a0<br \/><a href=\"https:\/\/www.litoralpress.cl\/sitio\/Prensa_Detalles.cshtml?LPKey=BP3UGOJJNCUA2GJIHK5LTVH5XFQAGX7GKXLBSNQUVTYF2NKCGAAQ\">Red de acad\u00e9micos universitarios impulsar\u00e1 la investigaci\u00f3n escolar en el Maule. Se refiere C\u00e9sar Retamal, jefe de la Unidad de Divulgaci\u00f3n de la Direcci\u00f3n General de Vinculaci\u00f3n con el Medio; Mar\u00eda Eugenia Rubio, investigadora del Laboratorio de Se\u00f1alizaci\u00f3n El\u00e9ctrica en Plantas, de la Facultad de Ingenier\u00eda y Cristian Vidal, acad\u00e9mico de la Escuela de Ingenier\u00eda en Desarrollo de Videojuegos y Realidad Virtual de la citada facultad.\u00a0<\/a><br \/><br \/><\/div><div><b>PUBLIMICRO <\/b>\u00a0<\/div><div><a href=\"https:\/\/www.meganoticias.cl\/nacional\/446722-mauricio-morales-cadem-presidente-gabriel-boric-izquierda-convicciones-votantes-fds01-05-05-2024.html\">Red de acad\u00e9micos universitarios impulsar\u00e1 la investigaci\u00f3n escolar en el Maule. Se refiere C\u00e9sar Retamal, jefe de la Unidad de Divulgaci\u00f3n de la Direcci\u00f3n General de Vinculaci\u00f3n con el Medio.<\/a>\u00a0<\/div><div class=\"x_elementToProof\">\u00a0<\/div><div><b>RADIO LAUTARO \u00a0<br \/><\/b><a href=\"https:\/\/radiolautarotalca.cl\/labores-asignadas-culturalmente-a-mujeres-mantienen-brechas-de-genero-en-materia-laboral\/\">Labores asignadas culturalmente a mujeres mantienen brechas de g\u00e9nero en materia laboral. Se refiere Irene Rojas Mi\u00f1o, acad\u00e9mica de la Facultad de Ciencias Jur\u00eddicas y Sociales. \u00a0<\/a><b><br \/><\/b><\/div><div>\u00a0<\/div><div><b>EL DESCONCIERTO\u00a0<br \/><\/b><a href=\"https:\/\/www.eldesconcierto.cl\/nacional\/2024\/05\/03\/ley-integral-beneficiaria-a-3-millones-de-personas-mayores-contra-abuso-patrimonial-y-abandono.html\">Ley Integral beneficiar\u00eda a 3 millones de personas mayores contra abuso patrimonial y abandono. Se refiere Iv\u00e1n Palomo Gonz\u00e1lez, acad\u00e9mico de la Facultad de Ciencias\u202fde la Salud.\u202f\u00a0<\/a><\/div><div>\u00a0<\/div><div><b>CONSORCIO DE UNIVERSIDADES DEL ESTADO DE CHILE<\/b>\u00a0<br \/><a href=\"https:\/\/noticias.uestatales.cl\/utalca-utem-y-uta-organizan-seminario-sobre-impacto-del-liderazgo-y-clima-organizacional-en-la-investigacion\">UTalca, UTEM y UTA organizan seminario sobre impacto del liderazgo y clima organizacional en la investigaci\u00f3n. Se menciona la Universidad de Talca.\u00a0<\/a><\/div><div>\u00a0<\/div><div><b>REVISTA EMPRENDE<\/b>\u00a0<br \/><a href=\"https:\/\/revistaemprende.cl\/evento-mas-importante-de-la-agroindrustria-4-0-aterriza-en-la-region-del-maule\/\">Evento m\u00e1s importante de la Agroindustria 4.0 aterriza en la Regi\u00f3n del Maule. Se menciona la Universidad de Talca.\u00a0<\/a><br \/><br \/><\/div><div><b>DIARIO TALCA<\/b>\u00a0<br \/><a href=\"https:\/\/www.litoralpress.cl\/sitio\/Prensa_Detalles.cshtml?LPKey=7UCDMWY5N6NPZDFHRHRSDJHCK3ENFKLYVWBMLMR3WHRPUM2BDGJA\">Primer Encuentro Regional de Mujeres del Agro analizaron escenarios actuales y desaf\u00edos. Se menciona la Universidad de Talca.\u00a0<\/a><br \/><br \/><\/div><div><b>LA SERENA ONLINE<\/b>\u00a0<br \/><a href=\"https:\/\/laserenaonline.cl\/2024\/04\/30\/investigacion-medira-por-4ta-vez-anticuerpos-para-covid19-en-la-serena\/\">Investigaci\u00f3n medir\u00e1 por 4ta vez anticuerpos para Covid19 en La Serena. Se menciona la Universidad de Talca. \u00a0<\/a><br \/><br \/><\/div><div><b>LA TERCERA ONLINE<\/b>\u00a0<br \/><a href=\"https:\/\/www.latercera.com\/opinion\/noticia\/columna-de-mauricio-morales-no-hay-punto-de-inflexion\/JDHE35B4HNCCBH4QOEMT7FHOYQ\/\">No hay punto de inflexi\u00f3n. Se refiere Mauricio Morales Quiroga, acad\u00e9mico de la Facultad de Ciencias Jur\u00eddicas y Sociales.\u00a0<\/a><br \/><br \/><\/div><div><b>EL MERCURIO\u00a0<br \/><\/b><a href=\"https:\/\/www.litoralpress.cl\/paginaconsultas\/Servicios_NClipSitio\/Get_Imagen_Nota.aspx?LPKey=Y2HKGQSEJSKCTMKSSY5WIGJLZBI35DYVX23ZI5B5ZNDQW52EUKSXLEE27ZE2XHBFLROG67H3BSIYW\">Analistas abordan vaivenes de Boric ante rol de los medios. Se refiere Mauricio Morales Quiroga, acad\u00e9mico de la Facultad de Ciencias Jur\u00eddicas y Sociales. \u00a0<\/a><br \/><br \/><\/div><div><b>LA TERCERA<\/b>\u00a0<br \/><a href=\"https:\/\/www.litoralpress.cl\/paginaconsultas\/Servicios_NClipSitio\/Get_Imagen_Nota.aspx?LPKey=K7MIJ4LD3F4ED4DUQXLJJ7BD56DW4C2VPNSEWGXMSQDVZDXGD7A72IRYLUD5COMOE6L7JNDEB7DIG\">No hay punto de inflexi\u00f3n. Se refiere Mauricio Morales Quiroga, acad\u00e9mico de la Facultad de Ciencias Jur\u00eddicas y Sociales. \u00a0<\/a><br \/><br \/><\/div><div><b>MEGANOTICIAS<\/b>\u00a0<br \/><a href=\"https:\/\/www.meganoticias.cl\/nacional\/446722-mauricio-morales-cadem-presidente-gabriel-boric-izquierda-convicciones-votantes-fds01-05-05-2024.html\">Columna &#8220;Boric en su hora triste&#8221;. Se refiere Mauricio Morales Quiroga, acad\u00e9mico de la Facultad de Ciencias Jur\u00eddicas y Sociales. \u00a0<\/a><br \/><br \/><\/div><div><b>EL LIBERO<\/b>\u00a0<br \/><a href=\"https:\/\/ellibero.cl\/actualidad\/como-el-voto-obligatorio-relativizara-el-peso-de-los-militantes-pro-hassler-en-santiago\/\">C\u00f3mo el voto obligatorio relativizar\u00e1 el peso de los militantes pro Hassler en Santiago. Se refiere Mauricio Morales Quiroga, acad\u00e9mico de la Facultad de Ciencias Jur\u00eddicas y Sociales. \u00a0<\/a><br \/><br \/><\/div><div><b>EL MOSTRADOR\u00a0<br \/><\/b><a href=\"https:\/\/www.elmostrador.cl\/noticias\/opinion\/2024\/05\/04\/cordero-el-precio-de-no-ser-populista-en-materia-penal-y-poner-sobre-la-mesa-cifras-e-informacion\/\">Cordero, el precio de no ser populista en materia penal y poner sobre la mesa cifras e informaci\u00f3n. Se refiere Diego Palomo Acad\u00e9mico de la Facultad de Ciencias Jur\u00eddicas y Sociales.\u00a0<\/a><br \/><br \/><\/div><div><b>EL LECTOR<\/b>\u00a0<br \/><a href=\"https:\/\/www.litoralpress.cl\/paginaconsultas\/Servicios_NClipSitio\/Get_Imagen_Nota.aspx?LPKey=UCGVUMA4ZN5Q34JKEB5FA5FLRPIXNLF2MP5N6NCQJ5ZW2OBNZSRAKLE2RGFFBYUKMMDJGR6CIPMNG\">SENDA presenta protocolo para prevenir consumo de sustancias en estudiantes de educaci\u00f3n superior. Se menciona la Universidad de Talca. \u00a0<\/a><br \/><br \/><\/div><div><b>DIARIO EL HERALDO<\/b>\u00a0<br \/><a href=\"https:\/\/www.diarioelheraldo.cl\/noticia\/senda-presenta-protocolo-para-prevenir-consumo-de-sustancias-en-estudiantes-de-educacion-superior\">SENDA presenta protocolo para prevenir consumo de sustancias en estudiantes de educaci\u00f3n superior. Se menciona la Universidad de Talca.\u00a0<\/a><br \/><br \/><\/div><div><b>DIARIO EL HERALDO<\/b>\u00a0<br \/><a href=\"https:\/\/www.litoralpress.cl\/sitio\/Prensa_Detalles.cshtml?LPKey=BRMFZKSRLN5EWLL5QTZ4TSCJTWSVGELM2OCDZ2Y6HTPRHBU4ETQA\">SENDA presenta protocolo para prevenir consumo de sustancias en estudiantes de educaci\u00f3n superior. Se menciona la Universidad de Talca.\u00a0<\/a><br \/><br \/><\/div><div><b>ELHERALDO.CL<\/b>\u00a0<br \/><a href=\"https:\/\/www.diarioelheraldo.cl\/noticia\/senda-presenta-protocolo-para-prevenir-consumo-de-sustancias-en-estudiantes-de-educacion-superior\">SENDA presenta protocolo para prevenir consumo de sustancias en estudiantes de educaci\u00f3n superior. Se menciona la Universidad de Talca.\u00a0<\/a><br \/>\u00a0<\/div><div><b>LA PRENSA DE CURIC\u00d3<\/b>\u00a0<br \/><a href=\"https:\/\/www.litoralpress.cl\/sitio\/Prensa_Detalles.cshtml?LPKey=DWP3NCODCHTJZCSKTIICHD7FSLBZ33SAMQMGXVAXQRVLOVHHPAZQ\">Presentan protocolo para prevenir consumo de sustancias en estudiantes de educaci\u00f3n superior. Se menciona la Universidad de Talca.\u00a0<\/a><br \/><br \/><\/div><div><b>DIARIO EL CENTRO<\/b>\u00a0<br \/><a href=\"https:\/\/www.diarioelcentro.cl\/2024\/05\/05\/presentan-protocolo-de-prevencion-contra-drogas\/\">Presentan protocolo para prevenir consumo de sustancias en estudiantes de educaci\u00f3n superior. Se menciona la Universidad de Talca.\u00a0<\/a><br \/><br \/><\/div><div><b>EXPLORA SUR PONIENTE<\/b>\u00a0<br \/><a href=\"https:\/\/www.explora.cl\/biobio\/mas-de-100-estudiantes-de-la-region-se-reunieron-para-investigar-con-explora-biobio\/\">M\u00e1s de 100 estudiantes de toda la regi\u00f3n se reunieron para investigar e innovar con Explora Biob\u00edo. Se menciona la Universidad de Talca.<\/a> \u00a0<br \/><br \/><\/div><div><b>DIARIO EL CENTRO<\/b>\u00a0<br \/><a href=\"https:\/\/www.diarioelcentro.cl\/2024\/05\/04\/llega-a-talca-la-segunda-version-de-la-feria-enjambre\/\">Llega a Talca la segunda versi\u00f3n de la feria \u201cEnjambre\u201d. Se menciona la Universidad de Talca.\u00a0<\/a><br \/><br \/><\/div><div><b>RADIO AGRICULTURA<\/b>\u00a0<br \/><a href=\"https:\/\/www.radioagricultura.cl\/tendencias\/2024\/05\/04\/app-fomenta-uso-integral-y-responsable-de-alimentos\/\">App fomenta uso integral y responsable de alimentos. Se menciona la Universidad de Talca.\u00a0<\/a><br \/><br \/><\/div><div><b>PJUD<\/b>\u00a0<br \/><a href=\"https:\/\/www.pjud.cl\/prensa-y-comunicaciones\/noticias-del-poder-judicial\/108334\">Juez penal Fernando Guzm\u00e1n expone en seminario en ex Congreso Nacional sobre institucionalidad frente al crimen organizado. Se menciona la Universidad de Talca.\u00a0<\/a><br \/><br \/><\/div><div><b>DIARIO UACH<\/b>\u00a0<br \/><a href=\"https:\/\/diario.uach.cl\/programas-2030-que-se-ejecutan-en-la-uach-fortalecen-trabajo-conjunto\/\">Programas 2030 que se ejecutan en la UACh fortalecen trabajo conjunto. Se menciona la Universidad de Talca.\u00a0<\/a><br \/><br \/><\/div><div><b>USACH<\/b>\u00a0<br \/><a href=\"https:\/\/usach.cl\/news\/plantel-forma-cursos-culturales-hibridos-estudiantes-universidades-del-cuech\">Plantel forma en cursos culturales h\u00edbridos a estudiantes de universidades del Cuech. Se menciona la Universidad de Talca.\u00a0<\/a><br \/><br \/><\/div><div><b>EL MERCURIO<\/b>\u00a0<br \/><a href=\"https:\/\/www.litoralpress.cl\/sitio\/Prensa_PaginaCompleta.cshtml?LPKey=DXONROPYX6SFBLIHOJJ4JUPBYTBDWHXPJMMI25A2WY7KYE477LNQ\">Talca renueva su oferta de casas y departamentos. Se menciona la Universidad de Talca.\u00a0<\/a><\/div><div>\u00a0<\/div><div><b>RADIO BEETHOVEN<\/b>\u00a0<br \/><a href=\"https:\/\/www.beethovenfm.cl\/evento\/semana-del-folclor-chileno-2024\/\">Semana del Folclor Chileno 2024. Se menciona la Universidad de Talca.\u00a0<\/a><\/div><div>\u00a0<\/div><div><b>RADIO BEETHOVEN<\/b>\u00a0<br \/><a href=\"https:\/\/www.beethovenfm.cl\/recomendado\/karen-plath-muler-turina-es-muy-importante-que-las-personas-conozcan-esta-gran-variedad-de-lo-que-significa-el-folclor\/\">Karen Plath M\u00fcler Turina: &#8220;Es muy importante que las personas conozcan esta gran variedad de lo que significa el folclor&#8221;. Se menciona la Universidad de Talca.\u00a0<\/a><\/div><div class=\"x_elementToProof\">\u00a0<\/div>\t\t\t\t\t\t<\/div>\n\t\t\t\t<\/div>\n\t\t\t\t\t<\/div>\n\t\t<\/div>\n\t\t\t\t\t\t\t<\/div>\n\t\t<\/section>\n\t\t\t\t\t\t<\/div>\n\t\t\t\t\t<\/div>\n\t\t","protected":false},"excerpt":{"rendered":"<p>AD PRENSA\u00a0Editorial UTalca present\u00f3 libro que recorre la trayectoria de la escultora Francisca Cerda. Se refiere Carlos Torres Fuchslocher, rector y Marcela Albornoz, directora Editorial UTalca. \u00a0CHILL\u00c1N ONLINE\u00a0Editorial UTalca present\u00f3 libro que recorre la trayectoria de la escultora Francisca Cerda. Se refiere Carlos Torres Fuchslocher, rector y Marcela Albornoz, directora Editorial UTalca. \u00a0MEDIABANCO\u00a0Editorial UTalca present\u00f3 &hellip;<\/p>\n<p class=\"read-more\"> <a class=\"\" href=\"https:\/\/www.reportedeprensa.utalca.cl\/?p=9684\"> <span class=\"screen-reader-text\">06 de mayo de 2024<\/span> Read More &raquo;<\/a><\/p>\n","protected":false},"author":1,"featured_media":0,"comment_status":"closed","ping_status":"open","sticky":false,"template":"","format":"standard","meta":{"_monsterinsights_skip_tracking":false,"_monsterinsights_sitenote_active":false,"_monsterinsights_sitenote_note":"","_monsterinsights_sitenote_category":0},"categories":[48],"tags":[],"_links":{"self":[{"href":"https:\/\/www.reportedeprensa.utalca.cl\/index.php?rest_route=\/wp\/v2\/posts\/9684"}],"collection":[{"href":"https:\/\/www.reportedeprensa.utalca.cl\/index.php?rest_route=\/wp\/v2\/posts"}],"about":[{"href":"https:\/\/www.reportedeprensa.utalca.cl\/index.php?rest_route=\/wp\/v2\/types\/post"}],"author":[{"embeddable":true,"href":"https:\/\/www.reportedeprensa.utalca.cl\/index.php?rest_route=\/wp\/v2\/users\/1"}],"replies":[{"embeddable":true,"href":"https:\/\/www.reportedeprensa.utalca.cl\/index.php?rest_route=%2Fwp%2Fv2%2Fcomments&post=9684"}],"version-history":[{"count":4,"href":"https:\/\/www.reportedeprensa.utalca.cl\/index.php?rest_route=\/wp\/v2\/posts\/9684\/revisions"}],"predecessor-version":[{"id":9689,"href":"https:\/\/www.reportedeprensa.utalca.cl\/index.php?rest_route=\/wp\/v2\/posts\/9684\/revisions\/9689"}],"wp:attachment":[{"href":"https:\/\/www.reportedeprensa.utalca.cl\/index.php?rest_route=%2Fwp%2Fv2%2Fmedia&parent=9684"}],"wp:term":[{"taxonomy":"category","embeddable":true,"href":"https:\/\/www.reportedeprensa.utalca.cl\/index.php?rest_route=%2Fwp%2Fv2%2Fcategories&post=9684"},{"taxonomy":"post_tag","embeddable":true,"href":"https:\/\/www.reportedeprensa.utalca.cl\/index.php?rest_route=%2Fwp%2Fv2%2Ftags&post=9684"}],"curies":[{"name":"wp","href":"https:\/\/api.w.org\/{rel}","templated":true}]}}