{"id":9693,"date":"2024-05-07T13:01:42","date_gmt":"2024-05-07T16:01:42","guid":{"rendered":"https:\/\/www.reportedeprensa.utalca.cl\/?p=9693"},"modified":"2024-05-07T13:05:35","modified_gmt":"2024-05-07T16:05:35","slug":"07-de-mayo-de-2024","status":"publish","type":"post","link":"https:\/\/www.reportedeprensa.utalca.cl\/?p=9693","title":{"rendered":"07 de mayo de 2024"},"content":{"rendered":"\t\t<div data-elementor-type=\"wp-post\" data-elementor-id=\"9693\" class=\"elementor elementor-9693\" data-elementor-settings=\"[]\">\n\t\t\t\t\t\t\t<div class=\"elementor-section-wrap\">\n\t\t\t\t\t\t\t<section class=\"elementor-section elementor-top-section elementor-element elementor-element-bcea1a8 elementor-section-boxed elementor-section-height-default elementor-section-height-default\" data-id=\"bcea1a8\" data-element_type=\"section\">\n\t\t\t\t\t\t<div class=\"elementor-container elementor-column-gap-default\">\n\t\t\t\t\t<div class=\"elementor-column elementor-col-100 elementor-top-column elementor-element elementor-element-e7183bf\" data-id=\"e7183bf\" data-element_type=\"column\">\n\t\t\t<div class=\"elementor-widget-wrap elementor-element-populated\">\n\t\t\t\t\t\t\t\t<div class=\"elementor-element elementor-element-b3ec857 elementor-widget elementor-widget-text-editor\" data-id=\"b3ec857\" data-element_type=\"widget\" data-widget_type=\"text-editor.default\">\n\t\t\t\t<div class=\"elementor-widget-container\">\n\t\t\t\t\t\t\t\t<div><b>LA PRENSA DE CURIC\u00d3\u00a0<br \/><\/b><a href=\"https:\/\/www.litoralpress.cl\/paginaconsultas\/Servicios_NClipSitio\/Get_Imagen_Nota.aspx?LPKey=WJIMDGQ5EOAOVSB6OY2WOKUG75BUQQR46NX6SZ2KOUC2ULDIKLJITQ3B6LDJBC2NORHEMK2EQJL6Q\">Libro recorre la trayectoria de escultora Francisca Cerda. Se refiere Carlos Torres Fuchslocher, rector, y Marcela Albornoz Dachelet, directora Editorial Universidad de Talca.\u00a0<\/a><b><br \/><\/b><\/div><div>\u00a0<\/div><div><b>PUBLIMICRO<\/b>\u00a0<br \/><a href=\"https:\/\/publimicro.cl\/editorial-de-la-universidad-de-talca-presento-libro-que-recorre-la-trayectoria-de-la-escultora-francisca-cerda\/\">Editorial de la Universidad de Talca present\u00f3 libro que recorre la trayectoria de la escultora Francisca Cerda. Se refiere Carlos Torres Fuchslocher, rector.\u00a0<\/a><br \/><br \/><\/div><div><b>DIARIO TALCA<\/b>\u00a0<br \/><a href=\"https:\/\/diariotalca.cl\/utalca-presento-libro-con-trayectoria-de-la-escultora-francisca-cerda\/\">UTalca present\u00f3 libro con trayectoria de la escultora Francisca Cerda. Se refiere Carlos Torres Fuchslocher, rector, y Marcela Albornoz Dachelet, directora Editorial Universidad de Talca.\u00a0<\/a><br \/><br \/><\/div><div><b>ENTREPRENERD\u00a0<br \/><\/b><a href=\"https:\/\/www.entnerd.com\/premian-proyecto-que-desarrollo-elementos-didacticos-para-ninos-con-discapacidad-visual\/\">Premian proyecto que desarroll\u00f3 elementos did\u00e1cticos para ni\u00f1os con discapacidad visual. Se refiere Ariela Vergara Jaque, vicerrectora de Innovaci\u00f3n y Claudio Aravena Aranda, acad\u00e9mico de la Facultad de Ingenier\u00eda.\u00a0 \u00a0<\/a><b><br \/><\/b><\/div><div>\u00a0<\/div><div><b>DIARIO EL CENTRO\u00a0<br \/><\/b><a href=\"https:\/\/www.diarioelcentro.cl\/2024\/05\/06\/registro-musical-mas-antiguo-de-talca-fue-recuperado-y-digitalizado\/\">Registro musical m\u00e1s antiguo de Talca fue recuperado y digitalizado. Se refiere V\u00edctor Brangier, director Centro de Documentaci\u00f3n Patrimonial y Jos\u00e9 Miguel Ramos Fuentes, acad\u00e9mico de la Escuela de M\u00fasica.\u00a0<\/a><\/div><div>\u00a0<\/div><div><b>LA TERCERA ONLINE\u00a0<br \/><\/b><a href=\"https:\/\/www.latercera.com\/que-pasa\/noticia\/mas-de-1-millon-de-personas-mayores-de-30-anos-aun-viven-con-sus-padres\/KK4GFEL73JE37OKBEXE2GNYMLI\/\">M\u00e1s de 1 mill\u00f3n de personas mayores de 30 a\u00f1os a\u00fan viven con sus padres. Se refiere Carla Mendoza N\u00fa\u00f1ez, coordinadora de la Unidad Cl\u00ednica del Centro de Psicolog\u00eda Aplicada (CEPA).\u00a0<\/a><b><br \/><\/b><\/div><div>\u00a0<\/div><div><b>CNN CHILE<\/b>\u00a0<\/div><div><a href=\"https:\/\/www.cnnchile.com\/pais\/efecto-pandemia-falta-de-arriendos-estudio-revela-que-mas-de-1-millon-de-mayores-de-30-anos-aun-viven-con-sus-padres_20240506\/\">\u00bfEfecto pandemia? \u00bffalta de arriendos?: estudio revela que m\u00e1s de 1 mill\u00f3n de mayores de 30 a\u00f1os a\u00fan viven con sus padres. \u00a0Se refiere Carla Mendoza N\u00fa\u00f1ez, coordinadora de la Unidad Cl\u00ednica del Centro de Psicolog\u00eda Aplicada (CEPA).\u00a0<\/a><\/div><div>\u00a0<\/div><div><b>DIARIO TALCA\u00a0<br \/><\/b><a href=\"https:\/\/www.litoralpress.cl\/sitio\/Prensa_PaginaCompleta.cshtml?LPKey=RANTLC2UK2SQV64L2ABAYFW6WTRHC37YE4I43NL77ELMUYK7DD3Q\">\u00bfQu\u00e9 variables clim\u00e1ticas est\u00e1n volviendo vulnerable a la Regi\u00f3n del Maule hacia el 2030? Se refiere Patricio Gonz\u00e1lez, agroclimat\u00f3logo del Centro de Investigaci\u00f3n y Transferencia en Riego y Agroclimatolog\u00eda (CITRA).\u00a0<\/a><b><br \/><br \/><\/b><\/div><div><b>CAUQUENES.NET<\/b>\u00a0<br \/><a href=\"https:\/\/cauquenesnet.cl\/2024\/05\/05\/profesores-de-la-utalca-se-capacitan-para-acercar-las-ciencias-a-comunidades-escolares-del-maule\/\">Profesores de la UTalca se capacitan para acercar las ciencias a comunidades escolares del Maule. Se refiere C\u00e9sar Retamal, jefe de la Unidad de Divulgaci\u00f3n de la Direcci\u00f3n General de Vinculaci\u00f3n con el Medio, Bernarda L\u00f3pez, acad\u00e9mica de la Facultad de Ciencias de la Salud y Ver\u00f3nica Olate, investigadora del Instituto de Investigaci\u00f3n Interdisciplinaria.\u00a0<\/a><br \/><br \/><\/div><div><div><b>EL MAULE INFORMA<\/b>\u00a0<br \/><a href=\"https:\/\/elmauleinforma.cl\/red-de-academicos-universitarios-impulsara-la-investigacion-escolar-en-el-maule\/\">Red de acad\u00e9micos universitarios impulsar\u00e1 la investigaci\u00f3n escolar en el Maule. Se refiere C\u00e9sar Retamal, jefe de la Unidad de Divulgaci\u00f3n de la Direcci\u00f3n General de Vinculaci\u00f3n con el Medio, Bernarda L\u00f3pez, acad\u00e9mica de la Facultad de Ciencias de la Salud y Ver\u00f3nica Olate, investigadora del Instituto de Investigaci\u00f3n Interdisciplinaria.\u00a0<\/a><\/div><div>\u00a0<\/div><\/div><div><b>CAMPO SURE\u00d1O\u00a0<br \/><\/b><a href=\"https:\/\/www.litoralpress.cl\/paginaconsultas\/Servicios_NClipSitio\/Get_Imagen_Nota.aspx?LPKey=SDTHFGF5KA2DMXWIUYYSHGQXIL4JUH6ZE7LQJONVLX4KYPDCDIJANCN5XXJYMYSUOWRX3TCSKFM7S\">Crean microdispositivo que identifica peligrosos t\u00f3xicos de pesticidas del agro. Se refiere Carlos Zambra, acad\u00e9mico de la Facultad de Ingenier\u00eda. \u00a0<\/a><b><br \/><\/b><b>\u00a0<\/b><\/div><div><b>EN ESTRADO<\/b>\u00a0<br \/><a href=\"https:\/\/enestrado.com\/que-es-el-vishing-y-como-podemos-defendernos-de-esta-ciberestafa\/\">\u00bfQu\u00e9 es el vishing y c\u00f3mo podemos defendernos de esta ciberestafa? Se refiere H\u00e9ctor Mu\u00f1oz, jefe de la Unidad de seguridad digital.\u00a0<\/a><br \/><br \/><\/div><div><b>MEDIABANCO<\/b>\u00a0<br \/><a href=\"https:\/\/www.mediabanco.com\/que-es-el-vishing-y-como-podemos-defendernos-de-esta-ciberestafa\/\">\u00bfQu\u00e9 es el vishing y c\u00f3mo podemos defendernos de esta ciberestafa? Se refiere H\u00e9ctor Mu\u00f1oz, jefe de la Unidad de seguridad digital. \u00a0<\/a><br \/><br \/><\/div><div><b>DIARIOS EN RED\u00a0<br \/><\/b><a href=\"https:\/\/diariosenred.com\/nacional\/que-es-el-vishing-y-como-podemos-defendernos-de-esta-ciberestafa\">\u00bfQu\u00e9 es el vishing y c\u00f3mo podemos defendernos de esta ciberestafa? Se refiere H\u00e9ctor Mu\u00f1oz, jefe de la Unidad de seguridad digital.\u00a0<\/a><b><br \/><\/b><\/div><div>\u00a0<\/div><div><b>RED MAULE<\/b>\u00a0<br \/><a href=\"https:\/\/www.redmaule.com\/nacional\/que-es-el-vishing-y-como-podemos-defendernos-de-esta-ciberestafa\">\u00bfQu\u00e9 es el vishing y c\u00f3mo podemos defendernos de esta ciberestafa? Se refiere H\u00e9ctor Mu\u00f1oz, jefe de la Unidad de seguridad digital.\u00a0<\/a><br \/><br \/><\/div><div><b>RED BIOBIO<\/b>\u00a0<br \/><a href=\"https:\/\/redbiobio.com\/nacional\/que-es-el-vishing-y-como-podemos-defendernos-de-esta-ciberestafa\">\u00bfQu\u00e9 es el vishing y c\u00f3mo podemos defendernos de esta ciberestafa? Se refiere H\u00e9ctor Mu\u00f1oz, jefe de la Unidad de seguridad digital.\u00a0<\/a><br \/><br \/><\/div><div><b>RED VALPARA\u00cdSO<\/b>\u00a0<br \/><a href=\"https:\/\/redvalparaiso.com\/nacional\/que-es-el-vishing-y-como-podemos-defendernos-de-esta-ciberestafa\">\u00bfQu\u00e9 es el vishing y c\u00f3mo podemos defendernos de esta ciberestafa? Se refiere H\u00e9ctor Mu\u00f1oz, jefe de la Unidad de seguridad digital.<\/a>\u00a0<\/div><div>\u00a0<\/div><div><b>CANAL 30 SAN JAVIER<\/b>\u00a0<\/div><div><a href=\"https:\/\/www.litoralpress.cl\/sitio\/RadioTV_Detalles.cshtml?LPKey=ZK5PVN37OXJ4GKELZV2AFNRUH7ML4IC5S6B5WKO735Y5QTCKVLCJX7KJJJ5NIMUXNTAHCKR3EZTYA\">UTalca: Proyecto de Ley para los adultos mayores. Se menciona la Universidad de Talca.\u00a0<\/a><\/div><div>\u00a0<\/div><div><b>CANAL TVN RED MAULE<br \/><\/b><a href=\"https:\/\/www.litoralpress.cl\/sitio\/RadioTV_Detalles.cshtml?LPKey=K2KMSLCNUTLNHXMCH3VNMJLE52U5HTSGKNBSCPQYLUIQBFO4W7ER6NRDOJEYH3M6JQ23TEVAA3AEU\">La ciudadan\u00eda, \u00bfse est\u00e1 vacunando? Se refiere \u00c9rika Contreras Retamal, directora del Departamento de Salud P\u00fablica.\u00a0<\/a><b><br \/><\/b><\/div><div>\u00a0<\/div><div><b>CANAL TVN RED MAULE<br \/><\/b><a href=\"https:\/\/www.litoralpress.cl\/sitio\/RadioTV_Detalles.cshtml?LPKey=OJYWDGW6LWWPC2V2CJZCZCBM5XICNAUFBYSB4KMHQR5PJKWLTRFKKU722HUVEOY7PWHAEOB5SWSAE\">Detectan pollos manipulados con cloro en supermercado de Romeral. Se refiere Macarena Said, acad\u00e9mica del Departamento de Salud P\u00fablica.\u00a0<\/a><b><br \/><\/b><\/div><div>\u00a0<\/div><div><b>DIARIO EL CENTRO\u00a0<br \/><\/b><a href=\"https:\/\/www.diarioelcentro.cl\/2024\/05\/06\/dia-del-trabajo-parlamento-y-algo-de-su-trabajo-pendiente\/\">D\u00eda del trabajo, Parlamento y algo de su trabajo pendiente. Se refiere Emilio Moyano, acad\u00e9mico Facultad de Psicolog\u00eda.\u00a0<\/a><\/div><div>\u00a0<\/div><div><b>LA SEGUNDA<\/b>\u00a0<br \/><a href=\"https:\/\/www.litoralpress.cl\/paginaconsultas\/Servicios_NClipSitio\/Get_Imagen_Nota.aspx?LPKey=OCSGZVYELPHFYYZUMPK6BCLFP7TQEDXIOHBL5YPHZB7GERGOK64ZDVDGUCS3BQZECSDIGLHJSQV34\">Asesinato de carabineros y cr\u00edtica al Matapacos le pasan la cuenta a Boric. Se refiere Mauricio Morales Quiroga, director Centro de An\u00e1lisis Pol\u00edtico (CAP).\u00a0<\/a><br \/><br \/><\/div><div><b>RADIO INFINITA<\/b>\u00a0<br \/><a href=\"https:\/\/www.litoralpress.cl\/sitio\/RadioTV_Detalles.cshtml?LPKey=RG5KSPJASUTMVEYJIHV2PYPC2CMLMXRHAODXNFYMTCQ7BX2RLUVPUMJE75EAB256HRKT7HOYZ4UW2\">Comentario de pol\u00edtica de Mauricio Morales, director Centro de An\u00e1lisis Pol\u00edtico (CAP).\u00a0<\/a><br \/><br \/><b>EL HERALDO<\/b>\u00a0<br \/><a href=\"https:\/\/www.diarioelheraldo.cl\/noticia\/adultos-mayores-del-centro-diurno-la-granja-de-longavi-se-informaron-de-las-implicancias-de-la-ley-de-integracion-para-la-tercera-edad\">Adultos Mayores del Centro Diurno La Granja de Longav\u00ed se informaron de las implicancias de la ley de integraci\u00f3n para la tercera edad. Se menciona la Universidad de Talca.\u00a0<\/a><br \/><br \/><\/div><div><b>LA PRENSA DE CURIC\u00d3<\/b>\u00a0<br \/><a href=\"https:\/\/www.litoralpress.cl\/paginaconsultas\/Servicios_NClipSitio\/Get_Imagen_Nota.aspx?LPKey=RH5J6W7SDBFFYVLAWBXTTHGUATR7XESIPD4N33X2CFZMUZD33YKKTIWTMOHE6NGMBRVJUKFMALU5E\">Sucede. Se menciona la Universidad de Talca.\u00a0<\/a><br \/><br \/><\/div>\t\t\t\t\t\t<\/div>\n\t\t\t\t<\/div>\n\t\t\t\t\t<\/div>\n\t\t<\/div>\n\t\t\t\t\t\t\t<\/div>\n\t\t<\/section>\n\t\t\t\t\t\t<\/div>\n\t\t\t\t\t<\/div>\n\t\t","protected":false},"excerpt":{"rendered":"<p>LA PRENSA DE CURIC\u00d3\u00a0Libro recorre la trayectoria de escultora Francisca Cerda. Se refiere Carlos Torres Fuchslocher, rector, y Marcela Albornoz Dachelet, directora Editorial Universidad de Talca.\u00a0\u00a0PUBLIMICRO\u00a0Editorial de la Universidad de Talca present\u00f3 libro que recorre la trayectoria de la escultora Francisca Cerda. Se refiere Carlos Torres Fuchslocher, rector.\u00a0 DIARIO TALCA\u00a0UTalca present\u00f3 libro con trayectoria de &hellip;<\/p>\n<p class=\"read-more\"> <a class=\"\" href=\"https:\/\/www.reportedeprensa.utalca.cl\/?p=9693\"> <span class=\"screen-reader-text\">07 de mayo de 2024<\/span> Read More &raquo;<\/a><\/p>\n","protected":false},"author":1,"featured_media":0,"comment_status":"closed","ping_status":"open","sticky":false,"template":"","format":"standard","meta":{"_monsterinsights_skip_tracking":false,"_monsterinsights_sitenote_active":false,"_monsterinsights_sitenote_note":"","_monsterinsights_sitenote_category":0},"categories":[48],"tags":[],"_links":{"self":[{"href":"https:\/\/www.reportedeprensa.utalca.cl\/index.php?rest_route=\/wp\/v2\/posts\/9693"}],"collection":[{"href":"https:\/\/www.reportedeprensa.utalca.cl\/index.php?rest_route=\/wp\/v2\/posts"}],"about":[{"href":"https:\/\/www.reportedeprensa.utalca.cl\/index.php?rest_route=\/wp\/v2\/types\/post"}],"author":[{"embeddable":true,"href":"https:\/\/www.reportedeprensa.utalca.cl\/index.php?rest_route=\/wp\/v2\/users\/1"}],"replies":[{"embeddable":true,"href":"https:\/\/www.reportedeprensa.utalca.cl\/index.php?rest_route=%2Fwp%2Fv2%2Fcomments&post=9693"}],"version-history":[{"count":4,"href":"https:\/\/www.reportedeprensa.utalca.cl\/index.php?rest_route=\/wp\/v2\/posts\/9693\/revisions"}],"predecessor-version":[{"id":9697,"href":"https:\/\/www.reportedeprensa.utalca.cl\/index.php?rest_route=\/wp\/v2\/posts\/9693\/revisions\/9697"}],"wp:attachment":[{"href":"https:\/\/www.reportedeprensa.utalca.cl\/index.php?rest_route=%2Fwp%2Fv2%2Fmedia&parent=9693"}],"wp:term":[{"taxonomy":"category","embeddable":true,"href":"https:\/\/www.reportedeprensa.utalca.cl\/index.php?rest_route=%2Fwp%2Fv2%2Fcategories&post=9693"},{"taxonomy":"post_tag","embeddable":true,"href":"https:\/\/www.reportedeprensa.utalca.cl\/index.php?rest_route=%2Fwp%2Fv2%2Ftags&post=9693"}],"curies":[{"name":"wp","href":"https:\/\/api.w.org\/{rel}","templated":true}]}}