{"id":9702,"date":"2024-05-08T14:01:46","date_gmt":"2024-05-08T17:01:46","guid":{"rendered":"https:\/\/www.reportedeprensa.utalca.cl\/?p=9702"},"modified":"2024-05-08T14:08:18","modified_gmt":"2024-05-08T17:08:18","slug":"08-de-mayo-de-2024","status":"publish","type":"post","link":"https:\/\/www.reportedeprensa.utalca.cl\/?p=9702","title":{"rendered":"08 de mayo de 2024"},"content":{"rendered":"\t\t<div data-elementor-type=\"wp-post\" data-elementor-id=\"9702\" class=\"elementor elementor-9702\" data-elementor-settings=\"[]\">\n\t\t\t\t\t\t\t<div class=\"elementor-section-wrap\">\n\t\t\t\t\t\t\t<section class=\"elementor-section elementor-top-section elementor-element elementor-element-bcea1a8 elementor-section-boxed elementor-section-height-default elementor-section-height-default\" data-id=\"bcea1a8\" data-element_type=\"section\">\n\t\t\t\t\t\t<div class=\"elementor-container elementor-column-gap-default\">\n\t\t\t\t\t<div class=\"elementor-column elementor-col-100 elementor-top-column elementor-element elementor-element-e7183bf\" data-id=\"e7183bf\" data-element_type=\"column\">\n\t\t\t<div class=\"elementor-widget-wrap elementor-element-populated\">\n\t\t\t\t\t\t\t\t<div class=\"elementor-element elementor-element-b3ec857 elementor-widget elementor-widget-text-editor\" data-id=\"b3ec857\" data-element_type=\"widget\" data-widget_type=\"text-editor.default\">\n\t\t\t\t<div class=\"elementor-widget-container\">\n\t\t\t\t\t\t\t\t<div><b>LA TERCERA\u00a0<br \/><\/b><a href=\"https:\/\/www.litoralpress.cl\/paginaconsultas\/Servicios_NClipSitio\/Get_Imagen_Nota.aspx?LPKey=KMPLSKRCJAAUXTGH2CQ6XODYD4FUKFKPLF4FMQY2A45LV4DSAUE4ASPN6E7IR2OVFKWELA57KGGHU\">M\u00e1s de 1 mill\u00f3n de personas mayores de 30 a\u00f1os a\u00fan viven con sus padres. Se refiere Carla Mendoza N\u00fa\u00f1ez, coordinadora de la Unidad Cl\u00ednica del Centro de Psicolog\u00eda Aplicada (CEPA).\u202f\u00a0<\/a><\/div><div><b><a id=\"OWA12b7b848-1f82-3d9a-c771-6ed41a81389f\" class=\"x_x_Hyperlink x_x_SCXW125622711 x_x_BCX0 x_x_OWAAutoLink\" href=\"https:\/\/www.litoralpress.cl\/paginaconsultas\/Servicios_NClipSitio\/Get_Imagen_Nota.aspx?LPKey=KMPLSKRCJAAUXTGH2CQ6XODYD4FUKFKPLF4FMQY2A45LV4DSAUE4ASPN6E7IR2OVFKWELA57KGGHU\" target=\"_blank\" rel=\"noopener noreferrer\" data-auth=\"NotApplicable\" data-loopstyle=\"linkonly\" data-linkindex=\"0\"><\/a><\/b><b>\u00a0<\/b><\/div><div><b>EST\u00c1 PASANDO\u00a0<br \/><\/b><a href=\"https:\/\/estapasando.cl\/crean-microdispositivo-que-identifica-peligrosos-toxicos-de-pesticidas-del-agro\/\">Crean microdispositivo que identifica peligrosos t\u00f3xicos de pesticidas del agro. Se refiere Carlos Zambra, acad\u00e9mico de la Facultad de Ingenier\u00eda.\u00a0 \u00a0<\/a><b><br \/><\/b><\/div><div>\u00a0<\/div><div><b>REVISTA ECOCIENCIAS<\/b>\u00a0<br \/><a href=\"https:\/\/revistaecociencias.cl\/2024\/05\/07\/crean-microdispositivo-que-identifica-peligrosos-toxicos-de-pesticidas-del-agro\/\">Crean microdispositivo que identifica peligrosos t\u00f3xicos de pesticidas del agro. Se refiere Carlos Zambra, acad\u00e9mico de la Facultad de Ingenier\u00eda.\u00a0 \u00a0<\/a><br \/><br \/><\/div><div><b>MEDIABANCO<\/b>\u00a0<br \/><a href=\"https:\/\/www.mediabanco.com\/crean-microdispositivo-que-identifica-peligrosos-toxicos-de-pesticidas-del-agro\/\">Crean microdispositivo que identifica peligrosos t\u00f3xicos de pesticidas del agro. Se refiere Carlos Zambra, acad\u00e9mico de la Facultad de Ingenier\u00eda.\u00a0 \u00a0<\/a><br \/><br \/><\/div><div><b>RADIO LAUTARO<\/b>\u00a0<br \/><a href=\"https:\/\/radiolautarotalca.cl\/explora-maule-busca-potenciar-la-investigacion-escolar-en-el-maule\/\">Explora Maule busca potenciar la investigaci\u00f3n escolar en el Maule. Se refiere C\u00e9sar Retamal, jefe de la Unidad de Divulgaci\u00f3n de la Direcci\u00f3n General de Vinculaci\u00f3n con el Medio; Mar\u00eda Eugenia Rubio, investigadora del Laboratorio de Se\u00f1alizaci\u00f3n El\u00e9ctrica en Plantas, de la Facultad de Ingenier\u00eda y Cristian Vidal, acad\u00e9mico de la Escuela de Ingenier\u00eda en Desarrollo de Videojuegos y Realidad Virtual de la citada facultad.\u202f\u00a0<\/a><br \/><br \/><\/div><div><b>EL MOSTRADOR\u00a0<br \/><\/b><a href=\"https:\/\/www.elmostrador.cl\/cultura\/2024\/05\/07\/restauran-registro-musical-mas-antiguo-de-talca\/\">Restauran registro musical m\u00e1s antiguo de Talca. Se refieren V\u00edctor Brangier, director del\u202fCentro de Documentaci\u00f3n Patrimonial y\u202fJos\u00e9 Miguel Ramos Fuentes, acad\u00e9mico de la Escuela de M\u00fasica.\u00a0<\/a><\/div><div>\u00a0<\/div><div><b>EL MOSTRADOR\u00a0<br \/><\/b><a href=\"https:\/\/www.elmostrador.cl\/agenda-pais\/agenda-digital\/2024\/05\/07\/que-es-el-vishing-y-como-podemos-defendernos-de-esta-ciberestafa\/\">\u00bfQu\u00e9 es el vishing y c\u00f3mo podemos defendernos de esta ciberestafa? Se refiere H\u00e9ctor Mu\u00f1oz,\u00a0jefe de la Unidad de seguridad digital.\u00a0<\/a><\/div><div>\u00a0<\/div><div><b>EL TIP\u00d3GRAFO<\/b>\u00a0<br \/><a href=\"https:\/\/eltipografo.cl\/2024\/05\/vishing-la-nueva-estafa-telefonica-que-toma-el-control-del-telefono-celular\">Vishing: La nueva estafa telef\u00f3nica que toma el control del tel\u00e9fono celular. Se refiere H\u00e9ctor Mu\u00f1oz,\u00a0jefe de la Unidad de seguridad digital.\u00a0<\/a><br \/><br \/><b>ELHERALDO.CL<\/b>\u00a0<br \/><a href=\"https:\/\/www.diarioelheraldo.cl\/noticia\/que-es-el-vishing-y-como-podemos-defendernos-de-esta-ciberestafa-\">\u00bfQu\u00e9 es el vishing y c\u00f3mo podemos defendernos de esta ciberestafa? Se refiere H\u00e9ctor Mu\u00f1oz,\u00a0jefe de la Unidad de seguridad digital.\u00a0<\/a><br \/><br \/><\/div><div><b>S\u00c9PTIMA P\u00c1GINA NOTICIAS<\/b>\u00a0<br \/><a href=\"https:\/\/www.septimapaginanoticias.cl\/que-es-el-vishing-y-como-podemos-defendernos-de-esta-ciberestafa\">\u00bfQu\u00e9 es el vishing y c\u00f3mo podemos defendernos de esta ciberestafa? Se refiere H\u00e9ctor Mu\u00f1oz,\u00a0 jefe de la Unidad de seguridad digital.<\/a>\u00a0<br \/><br \/><\/div><div><b>EL LECTOR<\/b>\u00a0<br \/><a href=\"https:\/\/www.litoralpress.cl\/paginaconsultas\/Servicios_NClipSitio\/Get_Imagen_Nota.aspx?LPKey=XIFMAB6QCYT4RBRYYGQ3YVVA67N7T4LGGV6XR5EE43WXFL27QLVECXQSTRLIHXMBF5ZJQAV3RVIQU\">\u00bfQu\u00e9 es el vishing y c\u00f3mo podemos defendernos de esta ciberestafa? Se refiere H\u00e9ctor Mu\u00f1oz, jefe de la Unidad de seguridad digital.\u00a0<\/a><br \/><br \/><\/div><div><b>EL DIARIO DE MAULE<\/b>\u00a0<br \/><a href=\"https:\/\/eldiariodemaule.cl\/el-vishing-y-como-se-puede-hacer-defensa-de-esta-ciberestafa\/\">El vishing y c\u00f3mo se puede hacer defensa de esta ciberestafa. Se refiere H\u00e9ctor Mu\u00f1oz,\u00a0 jefe de la Unidad de seguridad digital.\u00a0<\/a><\/div><div>\u00a0<\/div><div><b>CANAL CNN\u00a0<br \/><\/b><a href=\"https:\/\/www.litoralpress.cl\/sitio\/RadioTV_Detalles.cshtml?LPKey=MTRVWKQSTRUFBNRVDTVYQEEVZVEL2HQH6J7PLYKHRFABJ7YSFGKJ6D4CTNIXHHIRCLC62H35ZKPDI\">\u00bfC\u00f3mo operaban las empresas de gas industrial acusadas de colusi\u00f3n? Se refiere Di\u00f3genes Hern\u00e1ndez, acad\u00e9mico Facultad de Ingenier\u00eda.\u00a0<\/a><\/div><div>\u00a0<\/div><div><b>RADIO GUAYAC\u00c1N\u00a0<br \/><\/b><a href=\"https:\/\/www.litoralpress.cl\/sitio\/RadioTV_Detalles.cshtml?LPKey=4BVWTPPM5FG2UN3UMKLEBHE5G5JJTCDW5SZTKHPXXHBJTHNR3QPDFRNZUXQZY26BK2LHMH3XA5VJA\">C\u00f3mo preparar los hogares ante las heladas. Entrevista a Mar\u00eda Luisa del Campo, directora del Centro Tecnol\u00f3gico Kipus. \u00a0<\/a><\/div><div>\u00a0<\/div><div><b>CANAL TVN RED MAULE<br \/><\/b><a href=\"https:\/\/www.litoralpress.cl\/sitio\/RadioTV_Detalles.cshtml?LPKey=K2KMSLCNUTLNHXMCH3VNMJLE52U5HTSGKNBSCPQYLUIQBFO4W7ER6NRDOJEYH3M6JQ23TEVAA3AEU\">La ciudadan\u00eda, \u00bfse est\u00e1 vacunando? Se refiere \u00c9rika Contreras Retamal, directora del Departamento de Salud P\u00fablica.\u00a0<\/a><\/div><div><b>\u00a0<\/b><\/div><div><b>EL MERCURIO\u00a0<br \/><\/b><a href=\"https:\/\/www.litoralpress.cl\/paginaconsultas\/Servicios_NClipSitio\/Get_Imagen_Nota.aspx?LPKey=Y2HKGQSEJSKCTMKSSY5WIGJLZBI35DYVX23ZI5B5ZNDQW52EUKSXLEE27ZE2XHBFLROG67H3BSIYW\">Analistas abordan vaivenes de Boric ante rol de los medios. Se refiere Mauricio Morales Quiroga, acad\u00e9mico de la Facultad de Ciencias Jur\u00eddicas y Sociales. \u00a0<\/a><\/div><div>\u00a0<\/div><div><b>RADIO LAUTARO\u00a0<br \/><\/b><a href=\"https:\/\/radiolautarotalca.cl\/talca-tiene-un-deficit-del-53-de-precipitaciones\/\">Talca tiene un d\u00e9ficit del 53% de precipitaciones. Se refiere Patricio Gonz\u00e1lez Colville, agroclimat\u00f3logo del Centro de Investigaci\u00f3n y Transferencia en Riego y Agroclimatolog\u00eda (CITRA).\u00a0<\/a><\/div><div>\u00a0<\/div><div><b>EL HERALDO<\/b>\u00a0<br \/><a href=\"https:\/\/litoralpress.cl\/paginaconsultas\/Servicios_NClipSitio\/Get_Imagen_Nota.aspx?LPKey=7TPPYYAJEFMWTNRAGSYRX2IOSX3CQNNEMO2MXCGKMYWNJ2P6NQKA4CFE6LLA3GUENI7HUGCLMRCTK\">Adultos Mayores del Centro Diurno La Granja de Longav\u00ed se informaron de las implicancias de la ley de integraci\u00f3n para la tercera edad. Se menciona la Universidad de Talca. \u00a0<\/a><br \/><br \/><\/div><div><b>EL LECTOR<\/b>\u00a0<br \/><a href=\"https:\/\/www.litoralpress.cl\/paginaconsultas\/Servicios_NClipSitio\/Get_Imagen_Nota.aspx?LPKey=SYQHQMNLT64TYHRYLR7TYOTZ6Z6HK7NLCZQBPRRXCLJMMUQQGJVPDDM7J672EMJZQKDZ63ZDMDVA2\">Adultos mayores del Centro Diurno La Granja de Longav\u00ed se informaron delas implicancias de la leyde integraci\u00f3n para personas mayores. Se menciona la Universidad de Talca. \u00a0<\/a><br \/><br \/><\/div><div><b>LINARES EN L\u00cdNE<\/b>A\u00a0<br \/><a href=\"https:\/\/www.linaresenlinea.cl\/2024\/05\/07\/adultos-mayores-del-centro-diurno-la-granja-de-longavi-se-informaron-de-las-implicancias-de-la-ley-de-integracion-para-personas-mayores\/\">Adultos mayores del Centro Diurno La Granja de Longav\u00ed se informaron de las implicancias de la Ley de integraci\u00f3n para personas mayores. Se menciona la Universidad de Talca. \u00a0<\/a><br \/><br \/><\/div><div><b>EL DIARIO DE MAULE<\/b>\u00a0<br \/><a href=\"https:\/\/eldiariodemaule.cl\/difunden-alcances-del-proyecto-de-ley-integral-de-las-personas-mayores\/\">Difunden alcances del proyecto de Ley Integral de las Personas Mayores. Se refiere Iv\u00e1n Palomo Gonz\u00e1lez, Facultad de Ciencias\u202fde la Salud.\u202f\u00a0<\/a><br \/><br \/><\/div><div><b>RADIO ANCOA\u00a0<br \/><\/b><a href=\"https:\/\/www.radioancoa.cl\/categoria\/regional\/jornada-educativa-talca-linares-proyecto-ley-integral-personas-mayores\">Con Jornada Educativa en Talca y Linares se dio a conocer el proyecto de Ley Integral de las Personas Mayores. Se refiere Iv\u00e1n Palomo Gonz\u00e1lez, Facultad de Ciencias\u202fde la Salud.\u202f\u00a0<\/a><b><br \/><\/b><\/div><div>\u00a0<\/div><div><b>DE MAR A CORDILLERA<\/b>\u00a0<br \/><a href=\"https:\/\/demaracordilleratv.cl\/2024\/05\/07\/experto-explica-como-defendernos-de-la-nueva-ciberestafa\/\">Experto explica c\u00f3mo defendernos de la nueva ciberestafa. Se refiere H\u00e9ctor Mu\u00f1oz,\u00a0jefe de la Unidad de seguridad digital.\u00a0<\/a><\/div><div aria-hidden=\"true\">\u00a0<\/div><div><b>UBIOBIO<\/b>\u00a0<br \/><a href=\"https:\/\/noticias.ubiobio.cl\/2024\/05\/06\/carola-fredes-ofrecio-clases-magistrales-de-viola-en-el-conservatorio-ubb\/\">Carola Fredes ofreci\u00f3 clases magistrales de viola en el Conservatorio UBB. Se menciona la Universidad de Talca.\u00a0<\/a><br \/><br \/><\/div><div><b>RADIO INFINITA<\/b>\u00a0<br \/><a href=\"https:\/\/www.litoralpress.cl\/sitio\/RadioTV_Detalles.cshtml?LPKey=RG5KSPJASUTMVEYJIHV2PYPC2CMLMXRHAODXNFYMTCQ7BX2RLUVPUMJE75EAB256HRKT7HOYZ4UW2\">Comentario de pol\u00edtica de Mauricio Morales, director Centro de An\u00e1lisis Pol\u00edtico (CAP). \u00a0<\/a><br \/><br \/><\/div><div><b>LA PRENSA DE CURIC\u00d3<\/b>\u00a0<br \/><a href=\"https:\/\/www.litoralpress.cl\/paginaconsultas\/Servicios_NClipSitio\/Get_Imagen_Nota.aspx?LPKey=OWYNZWG4EVQEWYBWRM6EHKPIPU5YCLZ32YZYODEXWERSHK6SKDQTCJNKOTOFIAH5U64B4YSHDRGZA\">Sucede. Se menciona la Universidad de Talca. \u00a0<\/a><br \/><br \/><\/div>\t\t\t\t\t\t<\/div>\n\t\t\t\t<\/div>\n\t\t\t\t\t<\/div>\n\t\t<\/div>\n\t\t\t\t\t\t\t<\/div>\n\t\t<\/section>\n\t\t\t\t\t\t<\/div>\n\t\t\t\t\t<\/div>\n\t\t","protected":false},"excerpt":{"rendered":"<p>LA TERCERA\u00a0M\u00e1s de 1 mill\u00f3n de personas mayores de 30 a\u00f1os a\u00fan viven con sus padres. Se refiere Carla Mendoza N\u00fa\u00f1ez, coordinadora de la Unidad Cl\u00ednica del Centro de Psicolog\u00eda Aplicada (CEPA).\u202f\u00a0\u00a0EST\u00c1 PASANDO\u00a0Crean microdispositivo que identifica peligrosos t\u00f3xicos de pesticidas del agro. Se refiere Carlos Zambra, acad\u00e9mico de la Facultad de Ingenier\u00eda.\u00a0 \u00a0\u00a0REVISTA ECOCIENCIAS\u00a0Crean microdispositivo &hellip;<\/p>\n<p class=\"read-more\"> <a class=\"\" href=\"https:\/\/www.reportedeprensa.utalca.cl\/?p=9702\"> <span class=\"screen-reader-text\">08 de mayo de 2024<\/span> Read More &raquo;<\/a><\/p>\n","protected":false},"author":1,"featured_media":0,"comment_status":"closed","ping_status":"open","sticky":false,"template":"","format":"standard","meta":{"_monsterinsights_skip_tracking":false,"_monsterinsights_sitenote_active":false,"_monsterinsights_sitenote_note":"","_monsterinsights_sitenote_category":0},"categories":[48],"tags":[],"_links":{"self":[{"href":"https:\/\/www.reportedeprensa.utalca.cl\/index.php?rest_route=\/wp\/v2\/posts\/9702"}],"collection":[{"href":"https:\/\/www.reportedeprensa.utalca.cl\/index.php?rest_route=\/wp\/v2\/posts"}],"about":[{"href":"https:\/\/www.reportedeprensa.utalca.cl\/index.php?rest_route=\/wp\/v2\/types\/post"}],"author":[{"embeddable":true,"href":"https:\/\/www.reportedeprensa.utalca.cl\/index.php?rest_route=\/wp\/v2\/users\/1"}],"replies":[{"embeddable":true,"href":"https:\/\/www.reportedeprensa.utalca.cl\/index.php?rest_route=%2Fwp%2Fv2%2Fcomments&post=9702"}],"version-history":[{"count":4,"href":"https:\/\/www.reportedeprensa.utalca.cl\/index.php?rest_route=\/wp\/v2\/posts\/9702\/revisions"}],"predecessor-version":[{"id":9706,"href":"https:\/\/www.reportedeprensa.utalca.cl\/index.php?rest_route=\/wp\/v2\/posts\/9702\/revisions\/9706"}],"wp:attachment":[{"href":"https:\/\/www.reportedeprensa.utalca.cl\/index.php?rest_route=%2Fwp%2Fv2%2Fmedia&parent=9702"}],"wp:term":[{"taxonomy":"category","embeddable":true,"href":"https:\/\/www.reportedeprensa.utalca.cl\/index.php?rest_route=%2Fwp%2Fv2%2Fcategories&post=9702"},{"taxonomy":"post_tag","embeddable":true,"href":"https:\/\/www.reportedeprensa.utalca.cl\/index.php?rest_route=%2Fwp%2Fv2%2Ftags&post=9702"}],"curies":[{"name":"wp","href":"https:\/\/api.w.org\/{rel}","templated":true}]}}