{"id":9710,"date":"2024-05-09T12:29:02","date_gmt":"2024-05-09T15:29:02","guid":{"rendered":"https:\/\/www.reportedeprensa.utalca.cl\/?p=9710"},"modified":"2024-05-09T16:28:51","modified_gmt":"2024-05-09T19:28:51","slug":"09-de-mayo-de-2024","status":"publish","type":"post","link":"https:\/\/www.reportedeprensa.utalca.cl\/?p=9710","title":{"rendered":"09 de mayo de 2024"},"content":{"rendered":"\t\t<div data-elementor-type=\"wp-post\" data-elementor-id=\"9710\" class=\"elementor elementor-9710\" data-elementor-settings=\"[]\">\n\t\t\t\t\t\t\t<div class=\"elementor-section-wrap\">\n\t\t\t\t\t\t\t<section class=\"elementor-section elementor-top-section elementor-element elementor-element-bcea1a8 elementor-section-boxed elementor-section-height-default elementor-section-height-default\" data-id=\"bcea1a8\" data-element_type=\"section\">\n\t\t\t\t\t\t<div class=\"elementor-container elementor-column-gap-default\">\n\t\t\t\t\t<div class=\"elementor-column elementor-col-100 elementor-top-column elementor-element elementor-element-e7183bf\" data-id=\"e7183bf\" data-element_type=\"column\">\n\t\t\t<div class=\"elementor-widget-wrap elementor-element-populated\">\n\t\t\t\t\t\t\t\t<div class=\"elementor-element elementor-element-b3ec857 elementor-widget elementor-widget-text-editor\" data-id=\"b3ec857\" data-element_type=\"widget\" data-widget_type=\"text-editor.default\">\n\t\t\t\t<div class=\"elementor-widget-container\">\n\t\t\t\t\t\t\t\t<p><b><span data-contrast=\"auto\">EL LECTOR<\/span><\/b>\u00a0<br \/><a href=\"https:\/\/www.litoralpress.cl\/paginaconsultas\/Servicios_NClipSitio\/Get_Imagen_Nota.aspx?LPKey=5TISH2CPPYUI5MBV6TOC6AGHTU3C2XOASBGFAIVSNEGTKKEZPGORR4FDDUAK2NPKFOLO7YIYTQ2SU\"><span data-contrast=\"auto\">Crean microdispositivo que identifica peligrosos t\u00f3xicos de pesticidas del agro.<\/span><span data-contrast=\"none\"> Se refiere Carlos Zambra, acad\u00e9mico de la Facultad de Ingenier\u00eda.\u202f \u202f<\/span>\u00a0<\/a><br \/><br \/><b><span data-contrast=\"auto\">EL MOSTRADOR<\/span><\/b>\u00a0<br \/><a href=\"https:\/\/www.elmostrador.cl\/noticias\/2024\/05\/08\/crean-microdispositivo-que-identifica-peligrosos-toxicos-de-pesticidas-del-agro\/\"><span data-contrast=\"auto\">Crean microdispositivo que identifica peligrosos t\u00f3xicos de pesticidas del agro.<\/span><span data-contrast=\"none\"> Se refiere Carlos Zambra, acad\u00e9mico de la Facultad de Ingenier\u00eda.\u202f \u202f<\/span>\u00a0<\/a><br \/><br \/><\/p><p><b><span data-contrast=\"auto\">PUBLIMICRO<\/span><\/b>\u00a0<br \/><a href=\"https:\/\/publimicro.cl\/cientifico-de-la-universidad-de-talca-crean-microdispositivo-que-identifica-peligrosos-toxicos-de-pesticidas-del-agro\/\"><span data-contrast=\"auto\">Cient\u00edfico de la Universidad de Talca, crean microdispositivo que identifica peligrosos t\u00f3xicos de pesticidas del agro.<\/span><span data-contrast=\"none\"> Se refiere Carlos Zambra, acad\u00e9mico de la Facultad de Ingenier\u00eda.\u202f \u202f<\/span>\u00a0<\/a><br \/><br \/><\/p><p><b><span data-contrast=\"auto\">EL MAULE INFORMA<\/span><\/b>\u00a0<br \/><a href=\"https:\/\/elmauleinforma.cl\/crean-microdispositivo-que-identifica-peligrosos-toxicos-de-pesticidas-del-agro\/\"><span data-contrast=\"auto\">Crean microdispositivo que identifica peligrosos t\u00f3xicos de pesticidas del agro.<\/span><span data-contrast=\"none\"> Se refiere Carlos Zambra, acad\u00e9mico de la Facultad de Ingenier\u00eda.\u202f \u202f<\/span>\u00a0<\/a><br \/><br \/><\/p><p><b><span data-contrast=\"auto\">AD PRENSA<\/span><\/b>\u00a0<br \/><a href=\"https:\/\/www.adprensa.cl\/cronica\/crean-microdispositivo-que-identifica-peligrosos-toxicos-de-pesticidas-del-agro-2\/\"><span data-contrast=\"auto\">Crean microdispositivo que identifica peligrosos t\u00f3xicos de pesticidas del agro.<\/span><span data-contrast=\"none\"> Se refiere Carlos Zambra, acad\u00e9mico de la Facultad de Ingenier\u00eda.\u202f \u202f<\/span>\u00a0<\/a><br \/><br \/><\/p><p><b><span data-contrast=\"auto\">M\u00daSICA Y NOTICIAS<\/span><\/b>\u00a0<br \/><a href=\"https:\/\/www.musicaynoticias.cl\/en-chile-crean-dispositivos-que-identifican-quimicos-toxicos-en-personas-que-viven-cerca-de-zonas-agricolas\/\"><span data-contrast=\"auto\">En Chile crean dispositivos que identifican qu\u00edmicos t\u00f3xicos en personas que viven cerca de zonas agr\u00edcolas. <\/span><span data-contrast=\"none\">Se refiere Carlos Zambra, acad\u00e9mico de la Facultad de Ingenier\u00eda.\u202f \u202f<\/span>\u00a0<\/a><br \/><br \/><\/p><p><b><span data-contrast=\"auto\">EL HERALDO<\/span><\/b>\u00a0<br \/><a href=\"https:\/\/www.litoralpress.cl\/paginaconsultas\/Servicios_NClipSitio\/Get_Imagen_Nota.aspx?LPKey=UL66SCC7RBU2HJ7TOOQWCKFV2HDL6MQIDYELMRKP6OBLR6FUNIGWN5ZHELLWGJCN6EWRIKBMG6JLE\"><span data-contrast=\"auto\">\u00bfQu\u00e9 es el vishing y c\u00f3mo podemos defendernos de esta ciberestafa?<\/span><span data-contrast=\"none\"> Se refiere H\u00e9ctor Mu\u00f1oz,\u202fjefe de la Unidad de seguridad digital.\u202f<\/span>\u00a0<\/a><br \/><br \/><\/p><p><b><span data-contrast=\"auto\">RADIO CRISTALINA.CL<\/span><\/b>\u00a0<br \/><a href=\"https:\/\/radiocristalina.cl\/seguridad-digital-que-es-el-vishing-y-como-podemos-defendernos-de-esta-ciberestafa\/\"><span data-contrast=\"auto\">Seguridad digital: \u00bfQu\u00e9 es el vishing y c\u00f3mo podemos defendernos de esta ciberestafa? <\/span><span data-contrast=\"none\">Se refiere H\u00e9ctor Mu\u00f1oz,\u202fjefe de la Unidad de seguridad digital.\u202f<\/span>\u00a0<\/a><br \/><br \/><\/p><p><b><span data-contrast=\"auto\">DIARIO EL HERALDO<\/span><\/b>\u00a0<br \/><a href=\"https:\/\/www.diarioelheraldo.cl\/noticia\/que-es-el-vishing-y-como-podemos-defendernos-de-esta-ciberestafa-\"><span data-contrast=\"auto\">\u00bfQu\u00e9 es el vishing y c\u00f3mo podemos defendernos de esta ciberestafa? <\/span><span data-contrast=\"none\">Se refiere H\u00e9ctor Mu\u00f1oz,\u202fjefe de la Unidad de seguridad digital.\u202f<\/span><\/a>\u00a0<br \/><br \/><\/p><p><b><span data-contrast=\"auto\">EL LECTOR<\/span><\/b>\u00a0<br \/><a href=\"https:\/\/www.litoralpress.cl\/paginaconsultas\/Servicios_NClipSitio\/Get_Imagen_Nota.aspx?LPKey=5TISH2CPPYUI5MBV6TOC6AGHTU3C2XOASBGFAIVSNEGTKKEZPGORR4FDDUAK2NPKFOLO7YIYTQ2SU\"><span data-contrast=\"auto\">Con Jornada Educativa en Talca y Linares se dio a conocer el proyecto de Ley Integral de las Personas Mayores.<\/span><span data-contrast=\"none\"> Se refiere Iv\u00e1n Palomo Gonz\u00e1lez, Facultad de Ciencias\u202fde la Salud.\u202f\u202f<\/span>\u00a0<\/a><br \/><br \/><\/p><p><b><span data-contrast=\"auto\">LA PRENSA DE CURIC\u00d3<\/span><\/b>\u00a0<br \/><a href=\"https:\/\/www.litoralpress.cl\/paginaconsultas\/Servicios_NClipSitio\/Get_Imagen_Nota.aspx?LPKey=7VOHLGJR5YMYUMKFLG3BIDBCBNHMKYDN5PJHAAKMYRRJRFOBK2GSGAKZWU4OYZ5I5U3YCOKEYEWGM\"><span data-contrast=\"auto\">Dan a conocer proyecto de Ley Integral de las Personas Mayores en Jornada Educativa. <\/span><span data-contrast=\"none\">Se refiere Iv\u00e1n Palomo Gonz\u00e1lez, Facultad de Ciencias\u202fde la Salud.\u202f\u202f<\/span>\u00a0<\/a><br \/><br \/><\/p><p><b><span data-contrast=\"auto\">EL MAULE INFORMA<\/span><\/b>\u00a0<br \/><a href=\"https:\/\/elmauleinforma.cl\/con-jornada-educativa-en-talca-y-linares-se-dio-a-conocer-el-proyecto-de-ley-integral-de-las-personas-mayores\/\"><span data-contrast=\"auto\">Con Jornada Educativa en Talca y Linares se dio a conocer el proyecto de Ley Integral de las Personas Mayores.<\/span><span data-contrast=\"none\"> Se refiere Iv\u00e1n Palomo Gonz\u00e1lez, Facultad de Ciencias\u202fde la Salud.\u202f\u202f<\/span>\u00a0<\/a><br \/><br \/><\/p><p><b><span data-contrast=\"auto\">SDIARIO EL HERALDO<\/span><\/b>\u00a0<br \/><a href=\"https:\/\/www.diarioelheraldo.cl\/noticia\/elecciones-primarias-que-se-vota-y-cuales-son-los-detalles-de-este-proceso\"><span data-contrast=\"auto\">Elecciones primarias: \u00bfQu\u00e9 se vota y cu\u00e1les son los detalles de este proceso? Se refiere Mario Herrera Mu\u00f1oz, acad\u00e9mico de la Facultad de Ciencias Jur\u00eddicas y Sociales.<\/span>\u00a0<\/a><br \/><br \/><\/p><p><b><span data-contrast=\"auto\">\u00daLTIMA HORA<\/span><\/b>\u00a0<br \/><a href=\"https:\/\/www.ultimahora.cl\/elecciones-primarias-que-se-vota-y-cuales-son-los-detalles-de-este-proceso\/\"><span data-contrast=\"auto\">Elecciones primarias: \u00bfQu\u00e9 se vota y cu\u00e1les son los detalles de este proceso? Se refiere Mario Herrera Mu\u00f1oz, acad\u00e9mico de la Facultad de Ciencias Jur\u00eddicas y Sociales.<\/span>\u00a0<\/a><br \/><br \/><\/p><p><b><span data-contrast=\"auto\">RADIO AGRICULTURA<\/span><\/b>\u00a0<br \/><a href=\"https:\/\/www.radioagricultura.cl\/dato-practico\/2024\/05\/08\/elecciones-primarias-en-chile\/\"><span data-contrast=\"auto\">Elecciones primarias: \u00bfQu\u00e9 se vota y cu\u00e1les son los detalles de este proceso? Se refiere Mario Herrera Mu\u00f1oz, acad\u00e9mico de la Facultad de Ciencias Jur\u00eddicas y Sociales.<\/span>\u00a0<\/a><br \/><br \/><\/p><p><b><span data-contrast=\"auto\">RED VALPARA\u00cdSO<\/span><\/b>\u00a0<br \/><a href=\"https:\/\/redvalparaiso.com\/nacional\/elecciones-primarias-que-se-vota-y-cuales-son-los-detalles-de-este\"><span data-contrast=\"auto\">Elecciones primarias: \u00bfQu\u00e9 se vota y cu\u00e1les son los detalles de este proceso? Se refiere Mario Herrera Mu\u00f1oz, acad\u00e9mico de la Facultad de Ciencias Jur\u00eddicas y Sociales.<\/span>\u00a0<\/a><br \/><br \/><\/p><p><b><span data-contrast=\"auto\">RED MAULE<\/span><\/b>\u00a0<br \/><a href=\"https:\/\/redmaule.com\/nacional\/elecciones-primarias-que-se-vota-y-cuales-son-los-detalles-de-este\"><span data-contrast=\"auto\">Elecciones primarias: \u00bfQu\u00e9 se vota y cu\u00e1les son los detalles de este proceso? Se refiere Mario Herrera Mu\u00f1oz, acad\u00e9mico de la Facultad de Ciencias Jur\u00eddicas y Sociales.<\/span>\u00a0<\/a><br \/><br \/><\/p><p><b><span data-contrast=\"auto\">DIARIOS EN RED<\/span><\/b>\u00a0<br \/><a href=\"https:\/\/diariosenred.com\/nacional\/elecciones-primarias-que-se-vota-y-cuales-son-los-detalles-de-este\"><span data-contrast=\"auto\">Elecciones primarias: \u00bfQu\u00e9 se vota y cu\u00e1les son los detalles de este proceso? Se refiere Mario Herrera Mu\u00f1oz, acad\u00e9mico de la Facultad de Ciencias Jur\u00eddicas y Sociales.<\/span>\u00a0<\/a><br \/><br \/><\/p><p><b><span data-contrast=\"auto\">RADIO LAUTARO<\/span><\/b>\u00a0<br \/><a href=\"https:\/\/www.litoralpress.cl\/sitio\/RadioTV_Detalles.cshtml?LPKey=2ZNDFFKKQTHEBVQP7YMILYIP6EAP5GSYYFIYBFHCFAQHKDRWGPN6HD5TA5NPQ45HEHCB42GI2YV3M\"><span data-contrast=\"auto\">Entrevista Eduardo Fuentes Contreras, acad\u00e9mico Facultad de Ciencias Agrarias.<\/span>\u00a0<\/a><br \/><br \/><\/p><p><b><span data-contrast=\"auto\">RADIO 13C<\/span><\/b>\u00a0<br \/><a href=\"https:\/\/www.litoralpress.cl\/sitio\/RadioTV_Detalles.cshtml?LPKey=VGCZ5LCILYQQZV7H7SMWJ44WXS72EICUNVL53TD7QVEJZUYTWIDJHGJHOWEOAAZKFFG53DIEYD5D6\"><span data-contrast=\"auto\">Entrevista a Patricio Gonz\u00e1lez Colville, agroclimat\u00f3logo del Centro de Investigaci\u00f3n y Transferencia en Riego y Agroclimatolog\u00eda (CITRA).<\/span>\u00a0<\/a><br \/><br \/><\/p><p><b><span data-contrast=\"auto\">CANAL TVN RED MAULE<\/span><\/b>\u00a0<br \/><a href=\"https:\/\/www.litoralpress.cl\/sitio\/RadioTV_Detalles.cshtml?LPKey=BRX4IQIY3ZEZIWBQ2NLQLROYJKR47POFFFS5554TNTK6QG22CNBJ5LPH76FZEHRFR6IR25UNMKGPK\"><span data-contrast=\"auto\">Llega nuevo sistema frontal. Se refiere Patricio Gonz\u00e1lez Colville, agroclimat\u00f3logo del Centro de Investigaci\u00f3n y Transferencia en Riego y Agroclimatolog\u00eda (CITRA).<\/span>\u00a0<\/a><br \/><br \/><\/p><p><b><span data-contrast=\"auto\">SOMOS MAULE<\/span><\/b>\u00a0<br \/><a href=\"http:\/\/somosmaule.cl\/publico\/ficha\/ficha.aspx?i=65931\"><span data-contrast=\"auto\">Celiaqu\u00eda: \u00bfcu\u00e1les son los primeros s\u00edntomas? Se refiere Paula Contreras Rebolledo, acad\u00e9mica de la Escuela de Nutrici\u00f3n y Diet\u00e9tica.<\/span>\u00a0<\/a><br \/><br \/><\/p><p><b><span data-contrast=\"auto\">RADIO CRISTALINA.CL<\/span><\/b>\u00a0<br \/><a href=\"https:\/\/radiocristalina.cl\/celiaquia-cuales-son-los-primeros-sintomas-su-deteccion-es-clave-para-evitar-otras-afecciones\/\"><span data-contrast=\"auto\">Celiaqu\u00eda: \u00bfcu\u00e1les son los primeros s\u00edntomas? Su detecci\u00f3n es clave para evitar otras afecciones. Se refiere Paula Contreras Rebolledo, acad\u00e9mica de la Escuela de Nutrici\u00f3n y Diet\u00e9tica.<\/span>\u00a0<\/a><br \/><br \/><\/p><p><b><span data-contrast=\"auto\">RADIO LAUTARO<\/span><\/b>\u00a0<br \/><a href=\"https:\/\/radiolautarotalca.cl\/que-es-y-como-detectar-la-celiaquia\/\"><span data-contrast=\"auto\">\u00bfQu\u00e9 es y c\u00f3mo detectar la Celiaqu\u00eda? Se refiere Paula Contreras Rebolledo, acad\u00e9mica de la Escuela de Nutrici\u00f3n y Diet\u00e9tica.<\/span>\u00a0<\/a><br \/><br \/><\/p><p><b><span data-contrast=\"auto\">VIDA Y SALUD<\/span><\/b>\u00a0<br \/><a href=\"https:\/\/vidaysalud.la\/bienestar-fisico\/2024\/05\/08\/celiaquia-cuales-son-los-primeros-sintomas.html\"><span data-contrast=\"auto\">Celiaqu\u00eda: \u00bfCu\u00e1les son los primeros s\u00edntomas?. Se refiere Paula Contreras Rebolledo, acad\u00e9mica de la Escuela de Nutrici\u00f3n y Diet\u00e9tica.<\/span>\u00a0<\/a><br \/><br \/><\/p><p><b><span data-contrast=\"auto\">ATENTOS<\/span><\/b>\u00a0<br \/><a href=\"https:\/\/www.atentos.cl\/region-del-maule-lidera-la-revolucion-tecnologica-para-la-industria-del-agro\/\"><span data-contrast=\"auto\">Regi\u00f3n del Maule lidera la revoluci\u00f3n tecnol\u00f3gica para la Industria del Agro. Se menciona la Universidad de Talca. <\/span>\u00a0<\/a><br \/><br \/><\/p><p><b><span data-contrast=\"auto\">PA\u00cdS CIRCULAR<\/span><\/b>\u00a0<br \/><a href=\"https:\/\/www.paiscircular.cl\/economia-circular\/region-del-maule-lidera-la-revolucion-tecnologica-para-la-industria-del-agro\/\"><span data-contrast=\"auto\">Regi\u00f3n del Maule lidera la revoluci\u00f3n tecnol\u00f3gica para la Industria del Agro. Se menciona la Universidad de Talca. <\/span>\u00a0<\/a><br \/><br \/><\/p><p><b><span data-contrast=\"auto\">PORTAL AGRO CHILE<\/span><\/b>\u00a0<br \/><a href=\"https:\/\/www.portalagrochile.cl\/2024\/05\/08\/region-del-maule-lidera-la-revolucion-tecnologica-para-la-industria-del-agro\/\"><span data-contrast=\"auto\">Regi\u00f3n del Maule lidera la revoluci\u00f3n tecnol\u00f3gica para la Industria del Agro. Se menciona la Universidad de Talca. <\/span>\u00a0<\/a><br \/><br \/><\/p><p><b><span data-contrast=\"auto\">EL MAULE INFORMA<\/span><\/b>\u00a0<br \/><a href=\"https:\/\/elmauleinforma.cl\/region-del-maule-lidera-la-revolucion-tecnologica-para-la-industria-del-agro\/\"><span data-contrast=\"auto\">Regi\u00f3n del Maule lidera la revoluci\u00f3n tecnol\u00f3gica para la Industria del Agro. Se menciona la Universidad de Talca. <\/span>\u00a0<\/a><br \/><br \/><\/p><p><b><span data-contrast=\"auto\">REDIMIN<\/span><\/b>\u00a0<br \/><a href=\"https:\/\/www.redimin.cl\/region-del-maule-lidera-la-revolucion-tecnologica-para-la-industria-del-agro\/\"><span data-contrast=\"auto\">Regi\u00f3n del Maule lidera la revoluci\u00f3n tecnol\u00f3gica para la Industria del Agro. Se menciona la Universidad de Talca. <\/span>\u00a0<\/a><br \/><br \/><\/p><p><b><span data-contrast=\"auto\">DIARIO TALCA<\/span><\/b>\u00a0<br \/><a href=\"https:\/\/diariotalca.cl\/concejo-municipal-aprobo-destaca-tres-personajes-en-aniversario-282-de-talca\/\"><span data-contrast=\"auto\">Concejo Municipal aprob\u00f3 destaca tres personajes en aniversario 282 de Talca. Se menciona la Universidad de Talca.<\/span>\u00a0<\/a><br \/><br \/><\/p><p><b><span data-contrast=\"auto\">ATENTOS<\/span><\/b>\u00a0<br \/><a href=\"https:\/\/www.atentos.cl\/pamela-toledo-ricardo-baeza-y-congregacion-hermanos-de-la-inmaculada-concepcion-seran-reconocidos-en-el-aniversario-282-de-talca\/\"><span data-contrast=\"auto\">Pamela Toledo, Ricardo Baeza y Congregaci\u00f3n Hermanos de la Inmaculada Concepci\u00f3n ser\u00e1n reconocidos en el Aniversario 282 de Talca. Se menciona la Universidad de Talca.<\/span>\u00a0<\/a><br \/><br \/><\/p><p><b><span data-contrast=\"auto\">AM NOTICIAS<\/span><\/b>\u00a0<br \/><a href=\"https:\/\/amnoticias.cl\/pamela-toledo-ricardo-baeza-y-congregacion-hermanos-de-la-inmaculada-concepcion-seran-reconocidos-en-el-aniversario-282-de-talca\/\"><span data-contrast=\"auto\">Pamela Toledo, Ricardo Baeza y Congregaci\u00f3n Hermanos de la Inmaculada Concepci\u00f3n ser\u00e1n reconocidos en el Aniversario 282 de Talca. Se menciona la Universidad de Talca.<\/span>\u00a0<\/a><br \/><br \/><\/p><p><b><span data-contrast=\"auto\">EL MAULE INFORMA<\/span><\/b>\u00a0<br \/><a href=\"https:\/\/elmauleinforma.cl\/48980-2\/\"><span data-contrast=\"auto\">Entregar\u00e1n premios de ciudadano ilustre en aniversario de Talca. Se menciona la Universidad de Talca.<\/span>\u00a0<\/a><br \/><br \/><\/p><p><b><span data-contrast=\"auto\">SOMOS MAULE<\/span><\/b>\u00a0<br \/><a href=\"http:\/\/somosmaule.cl\/publico\/ficha\/ficha.aspx?i=65953\"><span data-contrast=\"auto\">Entregar\u00e1n premios de ciudadano ilustre en aniversario de Talca. Se menciona la Universidad de Talca.<\/span>\u00a0<\/a><br \/><br \/><\/p><p><b><span data-contrast=\"auto\">TV MAULE<\/span><\/b>\u00a0<br \/><a href=\"https:\/\/www.tvmaule.cl\/en-aniversario-de-talca-seran-homenajeados-pamela-toledo-ricardo-baeza-y-congregacion-hermanos-de-la-inmaculada-concepcion\/\"><span data-contrast=\"auto\">En aniversario de Talca ser\u00e1n homenajeados Pamela Toledo, Ricardo Baeza y Congregaci\u00f3n Hermanos de la Inmaculada Concepci\u00f3n. Se menciona la Universidad de Talca. <\/span>\u00a0<\/a><br \/><br \/><\/p><p><b><span data-contrast=\"auto\">SOMOS MAULE<\/span><\/b>\u00a0<br \/><a href=\"http:\/\/somosmaule.cl\/publico\/ficha\/ficha.aspx?i=65928\"><span data-contrast=\"auto\">Red de acad\u00e9micos universitarios impulsar\u00e1 la investigaci\u00f3n escolar en el Maule.<\/span><span data-contrast=\"none\"> Se refiere C\u00e9sar Retamal, jefe de la Unidad de Divulgaci\u00f3n de la Direcci\u00f3n General de Vinculaci\u00f3n con el Medio, Bernarda L\u00f3pez, acad\u00e9mica de la Facultad de Ciencias de la Salud y Ver\u00f3nica Olate, investigadora del Instituto de Investigaci\u00f3n Interdisciplinaria.\u202f<\/span>\u00a0<\/a><br \/><br \/><\/p><p><b><span data-contrast=\"auto\">TOUR INNOVACI\u00d3N<\/span><\/b>\u00a0<br \/><a href=\"https:\/\/www.tourinnovacion.cl\/educacion\/premian-proyecto-que-desarrollo-elementos-didacticos-para-ninos-con-discapacidad-visual\/\"><span data-contrast=\"auto\">Premian proyecto que desarroll\u00f3 elementos did\u00e1cticos para ni\u00f1os con discapacidad visual. Se refiere Ariela Vergara Jaque, vicerrectora de Innovaci\u00f3n y Claudio Aravena Aranda, acad\u00e9mico de la Facultad de Ingenier\u00eda.\u00a0\u00a0 <\/span>\u00a0<\/a><br \/><br \/><\/p><p><b><span data-contrast=\"auto\">LA CUARTA<\/span><\/b>\u00a0<br \/><a href=\"https:\/\/www.lacuarta.com\/tendencias\/noticia\/6-beneficios-del-tomate-que-tal-vez-no-conocias\/QNMDPILQY5HTLBGSHOB5BUGYTM\/\"><span data-contrast=\"auto\">6 beneficios del tomate que tal vez no conoc\u00edas. Se menciona la Universidad de Talca.<\/span>\u00a0<\/a><br \/><br \/><\/p><p><b><span data-contrast=\"auto\">ACTUALIDAD JUR\u00cdDICA<\/span><\/b>\u00a0<br \/><a href=\"https:\/\/actualidadjuridica.doe.cl\/juicios-en-ausencia-mas-alla-del-dogma-de-la-presencialidad\/\"><span data-contrast=\"auto\">Juicios en ausencia. M\u00e1s all\u00e1 del dogma de la presencialidad. Se refiere Diego Palomo Veliz, acad\u00e9mico de la Facultad de Ciencias Jur\u00eddicas y Sociales. <\/span>\u00a0<\/a><br \/><br \/><\/p><p><b><span data-contrast=\"auto\">ACTUALIDAD JUR\u00cdDICA<\/span><\/b>\u00a0<br \/><a href=\"https:\/\/actualidadjuridica.doe.cl\/conferencia-magistral-etica-en-la-funcion-publica\/\"><span data-contrast=\"auto\">Conferencia magistral: \u00c9tica en la Funci\u00f3n P\u00fablica. Se menciona la Universidad de Talca. <\/span>\u00a0<\/a><\/p><p><br \/><b><span data-contrast=\"auto\">RADIO INFINITA<\/span><\/b>\u00a0<br \/><a href=\"https:\/\/www.litoralpress.cl\/sitio\/RadioTV_Detalles.cshtml?LPKey=FKD5JVZ4RX7YWXC5MEVBLUBRU6HQKKQV5LMIGEF6OJFPZW6NPOHZ4OFYXNZ5HBGCAHWWYYNTXLS26\"><span data-contrast=\"auto\">Comentario de pol\u00edtica de Mauricio Morales Quiroga, acad\u00e9mico de la Facultad de Humanidades.\u00a0<\/span><\/a><\/p><p>\u00a0<\/p><p><b><span data-contrast=\"auto\">LA PRENSA DE CURIC\u00d3<\/span><\/b>\u00a0<br \/><a href=\"https:\/\/www.litoralpress.cl\/paginaconsultas\/Servicios_NClipSitio\/Get_Imagen_Nota.aspx?LPKey=D75YQ6KA43B6SZ5FN6CMKMLGLOCH5L56UCLZCYUAPQD5WOOU45HWFSOCY6F722GXT4EMK52TSNPVW\"><span data-contrast=\"auto\">Sucede. Se menciona la Universidad de Talca.<\/span>\u00a0<\/a><br \/><br \/><\/p>\t\t\t\t\t\t<\/div>\n\t\t\t\t<\/div>\n\t\t\t\t\t<\/div>\n\t\t<\/div>\n\t\t\t\t\t\t\t<\/div>\n\t\t<\/section>\n\t\t\t\t\t\t<\/div>\n\t\t\t\t\t<\/div>\n\t\t","protected":false},"excerpt":{"rendered":"<p>EL LECTOR\u00a0Crean microdispositivo que identifica peligrosos t\u00f3xicos de pesticidas del agro. Se refiere Carlos Zambra, acad\u00e9mico de la Facultad de Ingenier\u00eda.\u202f \u202f\u00a0 EL MOSTRADOR\u00a0Crean microdispositivo que identifica peligrosos t\u00f3xicos de pesticidas del agro. Se refiere Carlos Zambra, acad\u00e9mico de la Facultad de Ingenier\u00eda.\u202f \u202f\u00a0 PUBLIMICRO\u00a0Cient\u00edfico de la Universidad de Talca, crean microdispositivo que identifica peligrosos &hellip;<\/p>\n<p class=\"read-more\"> <a class=\"\" href=\"https:\/\/www.reportedeprensa.utalca.cl\/?p=9710\"> <span class=\"screen-reader-text\">09 de mayo de 2024<\/span> Read More &raquo;<\/a><\/p>\n","protected":false},"author":1,"featured_media":0,"comment_status":"closed","ping_status":"open","sticky":false,"template":"","format":"standard","meta":{"_monsterinsights_skip_tracking":false,"_monsterinsights_sitenote_active":false,"_monsterinsights_sitenote_note":"","_monsterinsights_sitenote_category":0},"categories":[48],"tags":[],"_links":{"self":[{"href":"https:\/\/www.reportedeprensa.utalca.cl\/index.php?rest_route=\/wp\/v2\/posts\/9710"}],"collection":[{"href":"https:\/\/www.reportedeprensa.utalca.cl\/index.php?rest_route=\/wp\/v2\/posts"}],"about":[{"href":"https:\/\/www.reportedeprensa.utalca.cl\/index.php?rest_route=\/wp\/v2\/types\/post"}],"author":[{"embeddable":true,"href":"https:\/\/www.reportedeprensa.utalca.cl\/index.php?rest_route=\/wp\/v2\/users\/1"}],"replies":[{"embeddable":true,"href":"https:\/\/www.reportedeprensa.utalca.cl\/index.php?rest_route=%2Fwp%2Fv2%2Fcomments&post=9710"}],"version-history":[{"count":4,"href":"https:\/\/www.reportedeprensa.utalca.cl\/index.php?rest_route=\/wp\/v2\/posts\/9710\/revisions"}],"predecessor-version":[{"id":9715,"href":"https:\/\/www.reportedeprensa.utalca.cl\/index.php?rest_route=\/wp\/v2\/posts\/9710\/revisions\/9715"}],"wp:attachment":[{"href":"https:\/\/www.reportedeprensa.utalca.cl\/index.php?rest_route=%2Fwp%2Fv2%2Fmedia&parent=9710"}],"wp:term":[{"taxonomy":"category","embeddable":true,"href":"https:\/\/www.reportedeprensa.utalca.cl\/index.php?rest_route=%2Fwp%2Fv2%2Fcategories&post=9710"},{"taxonomy":"post_tag","embeddable":true,"href":"https:\/\/www.reportedeprensa.utalca.cl\/index.php?rest_route=%2Fwp%2Fv2%2Ftags&post=9710"}],"curies":[{"name":"wp","href":"https:\/\/api.w.org\/{rel}","templated":true}]}}