{"id":9720,"date":"2024-05-10T11:48:51","date_gmt":"2024-05-10T14:48:51","guid":{"rendered":"https:\/\/www.reportedeprensa.utalca.cl\/?p=9720"},"modified":"2024-05-10T11:53:47","modified_gmt":"2024-05-10T14:53:47","slug":"10-de-mayo-de-2024","status":"publish","type":"post","link":"https:\/\/www.reportedeprensa.utalca.cl\/?p=9720","title":{"rendered":"10 de mayo de 2024"},"content":{"rendered":"\t\t<div data-elementor-type=\"wp-post\" data-elementor-id=\"9720\" class=\"elementor elementor-9720\" data-elementor-settings=\"[]\">\n\t\t\t\t\t\t\t<div class=\"elementor-section-wrap\">\n\t\t\t\t\t\t\t<section class=\"elementor-section elementor-top-section elementor-element elementor-element-bcea1a8 elementor-section-boxed elementor-section-height-default elementor-section-height-default\" data-id=\"bcea1a8\" data-element_type=\"section\">\n\t\t\t\t\t\t<div class=\"elementor-container elementor-column-gap-default\">\n\t\t\t\t\t<div class=\"elementor-column elementor-col-100 elementor-top-column elementor-element elementor-element-e7183bf\" data-id=\"e7183bf\" data-element_type=\"column\">\n\t\t\t<div class=\"elementor-widget-wrap elementor-element-populated\">\n\t\t\t\t\t\t\t\t<div class=\"elementor-element elementor-element-b3ec857 elementor-widget elementor-widget-text-editor\" data-id=\"b3ec857\" data-element_type=\"widget\" data-widget_type=\"text-editor.default\">\n\t\t\t\t<div class=\"elementor-widget-container\">\n\t\t\t\t\t\t\t\t<div><b>LAS \u00daLTIMAS NOTICIAS\u00a0<br \/><\/b><a href=\"https:\/\/www.litoralpress.cl\/sitio\/Prensa_Detalles.cshtml?LPKey=6PWR2CPPSHGYSBR2GHC46ASIDV6P5SVVZJWTR7EC4B2PAYDZXDRA\">Cu\u00e1nto ganan los odont\u00f3logos seg\u00fan su universidad de egreso. Se refiere \u00c1lvaro Arellano, director Escuela de Odontolog\u00eda. \u00a0<\/a><\/div><div>\u00a0<\/div><div><b>AD PRENSA<\/b>\u00a0<\/div><div><a href=\"https:\/\/www.adprensa.cl\/cronica\/utalca-advierten-que-la-obesidad-infantil-se-incremento-producto-de-la-pandemia\/\">Advierten que la obesidad infantil se increment\u00f3 producto de la pandemia. Se refiere Mauricio Orellana Molina, acad\u00e9mico de la Escuela de Nutrici\u00f3n y Diet\u00e9tica.\u00a0<\/a><br \/><br \/><\/div><div><b>CIENCIA Y SALUD\u00a0<br \/><\/b><a href=\"https:\/\/cienciaysalud.cl\/2024\/05\/09\/advierten-que-la-obesidad-infantil-se-incremento-producto-de-la-pandemia\/\">Advierten que la obesidad infantil se increment\u00f3 producto de la pandemia. Se refiere Mauricio Orellana Molina, acad\u00e9mico de la Escuela de Nutrici\u00f3n y Diet\u00e9tica.\u00a0<\/a><b><br \/><\/b><b><a id=\"OWA5882f599-b826-062b-c3d6-350e1a51b66a\" class=\"x_x_Hyperlink x_x_SCXW259318313 x_x_BCX0 x_x_OWAAutoLink\" href=\"https:\/\/cienciaysalud.cl\/2024\/05\/09\/advierten-que-la-obesidad-infantil-se-incremento-producto-de-la-pandemia\/\" target=\"_blank\" rel=\"noopener noreferrer\" data-auth=\"NotApplicable\" data-loopstyle=\"linkonly\" data-linkindex=\"2\"><\/a><\/b><b>\u00a0<\/b><\/div><div><b>S\u00c9PTIMA P\u00c1GINA NOTICIAS<\/b>\u00a0<br \/><a href=\"https:\/\/www.septimapaginanoticias.cl\/advierten-que-la-obesidad-infantil-se-incremento-producto-de-la-pandemia\">Advierten que la obesidad infantil se increment\u00f3 producto de la pandemia. Se refiere Mauricio Orellana Molina, acad\u00e9mico de la Escuela de Nutrici\u00f3n y Diet\u00e9tica.\u00a0<\/a><br \/><br \/><\/div><div><b>RADIO MAGALLANES<\/b>\u00a0<br \/><a href=\"https:\/\/radiomagallanes.cl\/noticia.php?id_not=110276\">Advierten que la obesidad infantil se increment\u00f3 producto de la pandemia. Se refiere Mauricio Orellana Molina, acad\u00e9mico de la Escuela de Nutrici\u00f3n y Diet\u00e9tica.\u00a0<\/a><br \/><br \/><\/div><div><b>MEDIABANCO<\/b>\u00a0<br \/><a href=\"https:\/\/www.mediabanco.com\/advierten-que-la-obesidad-infantil-se-incremento-producto-de-la-pandemia\/\">Advierten que la obesidad infantil se increment\u00f3 producto de la pandemia. Se refiere Mauricio Orellana Molina, acad\u00e9mico de la Escuela de Nutrici\u00f3n y Diet\u00e9tica. <\/a><\/div><div>\u00a0<br \/><b>EL DIARIO MAULE<\/b>\u00a0<br \/><a href=\"https:\/\/eldiariodemaule.cl\/advierten-que-la-obesidad-infantil-se-incremento-producto-de-la-pandemia\/\">Advierten que la obesidad infantil se increment\u00f3 producto de la pandemia. Se refiere Mauricio Orellana Molina, acad\u00e9mico de la Escuela de Nutrici\u00f3n y Diet\u00e9tica.\u00a0<\/a><br \/><br \/><b>CHILL\u00c1N ONLINE<\/b>\u00a0<br \/><a href=\"https:\/\/www.chillanonline.cl\/V7\/2024\/05\/09\/advierten-que-la-obesidad-infantil-se-incremento-producto-de-la-pandemia\/\">Advierten que la obesidad infantil se increment\u00f3 producto de la pandemia. Se refiere Mauricio Orellana Molina, acad\u00e9mico de la Escuela de Nutrici\u00f3n y Diet\u00e9tica.\u00a0<\/a><br \/><br \/><\/div><div><b>EL HERALDO<\/b>\u00a0<br \/><a href=\"https:\/\/www.diarioelheraldo.cl\/noticia\/advierten-que-la-obesidad-infantil-se-incremento-producto-de-la-pandemia-\">Advierten que la obesidad infantil se increment\u00f3 producto de la pandemia. Se refiere Mauricio Orellana Molina, acad\u00e9mico de la Escuela de Nutrici\u00f3n y Diet\u00e9tica. \u00a0<\/a><br \/><br \/><\/div><div><b>RADIO AGRICULTURA<\/b><\/div><div><a href=\"https:\/\/www.radioagricultura.cl\/dato-practico\/2024\/05\/08\/elecciones-primarias-en-chile\/\">Elecciones primarias: \u00bfQu\u00e9 se vota y cu\u00e1les son los detalles del proceso?\u00a0Se refiere Mario Herrera Mu\u00f1oz, acad\u00e9mico del Centro de An\u00e1lisis Pol\u00edtico (CAP).\u00a0<\/a><\/div><div>\u00a0<\/div><div><b>DIARIO EL HERALDO <\/b>\u00a0<br \/><a href=\"https:\/\/www.litoralpress.cl\/paginaconsultas\/Servicios_NClipSitio\/Get_Imagen_Nota.aspx?LPKey=XOI4VXOJDLQ4IHVFOTUKD36OAKL3MEJZV7WIFGNCQMUS6ENY75A4U2DT6LCMBK3QEEO3Y33PAIEU2\">Elecciones primarias: \u00bfQu\u00e9 se vota y cu\u00e1les son los detalles de este proceso? Se refiere Mario Herrera Mu\u00f1oz, acad\u00e9mico del Centro de An\u00e1lisis Pol\u00edtico (CAP).\u00a0<\/a><br \/><a id=\"OWA86b2af98-b958-c74a-f7ea-fc743de69d57\" class=\"x_x_Hyperlink x_x_SCXW259318313 x_x_BCX0 x_x_OWAAutoLink\" href=\"https:\/\/www.litoralpress.cl\/paginaconsultas\/Servicios_NClipSitio\/Get_Imagen_Nota.aspx?LPKey=XOI4VXOJDLQ4IHVFOTUKD36OAKL3MEJZV7WIFGNCQMUS6ENY75A4U2DT6LCMBK3QEEO3Y33PAIEU2\" target=\"_blank\" rel=\"noopener noreferrer\" data-auth=\"NotApplicable\" data-loopstyle=\"linkonly\" data-linkindex=\"10\"><\/a>\u00a0<\/div><div><b>ELHERALDO.CL<\/b>\u00a0<br \/><a href=\"https:\/\/www.diarioelheraldo.cl\/noticia\/elecciones-primarias-que-se-vota-y-cuales-son-los-detalles-de-este-proceso\">Elecciones primarias: \u00bfQu\u00e9 se vota y cu\u00e1les son los detalles de este proceso? Se refiere Mario Herrera Mu\u00f1oz, acad\u00e9mico del Centro de An\u00e1lisis Pol\u00edtico (CAP).\u00a0<\/a><br \/><br \/><\/div><div><b>EL LECTOR<\/b>\u00a0<br \/><a href=\"https:\/\/www.litoralpress.cl\/paginaconsultas\/Servicios_NClipSitio\/Get_Imagen_Nota.aspx?LPKey=SFIQMDUUUGFTFLTBQD36AUOGKWSHJOMECBB56OUC4NZNDCIB55AYFXIK7N5IFHKGKXK4YELAJLUEQ\">Elecciones primarias: \u00bfQu\u00e9 se vota y cu\u00e1les son los detalles de este proceso? Se refiere Mario Herrera Mu\u00f1oz, acad\u00e9mico del Centro de An\u00e1lisis Pol\u00edtico (CAP).\u00a0<\/a><br \/><br \/><\/div><div><b>LA PRENSA DE CURIC\u00d3<\/b>\u00a0<br \/><a href=\"https:\/\/www.litoralpress.cl\/paginaconsultas\/Servicios_NClipSitio\/Get_Imagen_Nota.aspx?LPKey=F6RSI5I2PLLVKG4T5PH5PN33RZ6IGM6K5XOTUX6XHJUX7DJC5HYE2CNAOAC4MZYJX7YFZCF4YSSLC\">Tres primarias habr\u00e1 en el Maule para elegir candidatos a alcaldes. Se refiere Mario Herrera Mu\u00f1oz, acad\u00e9mico del Centro de An\u00e1lisis Pol\u00edtico (CAP).\u00a0<\/a><br \/><br \/><\/div><div><b>SOMOS MAULE<\/b>\u00a0<br \/><a href=\"http:\/\/somosmaule.cl\/publico\/ficha\/ficha.aspx?i=65960\">Elecciones primarias: \u00bfQu\u00e9 se vota y cu\u00e1les son los detalles de este proceso? Se refiere Mario Herrera Mu\u00f1oz, acad\u00e9mico del Centro de An\u00e1lisis Pol\u00edtico (CAP).\u00a0\u00a0<\/a><br \/><br \/><\/div><div><b>RADIO CRISTALINA<\/b>\u00a0<br \/><a href=\"https:\/\/radiocristalina.cl\/elecciones-primarias-que-se-vota-y-cuales-son-los-detalles-de-este-proceso\/\">Elecciones primarias: \u00bfQu\u00e9 se vota y cu\u00e1les son los detalles de este proceso? Se refiere Mario Herrera Mu\u00f1oz, acad\u00e9mico del Centro de An\u00e1lisis Pol\u00edtico (CAP).<\/a><\/div><div>\u00a0<\/div><div><b>ELMAULE INFORMA <\/b>\u00a0<br \/><a href=\"https:\/\/elmauleinforma.cl\/elecciones-primarias-que-se-vota-y-cuales-son-los-detalles-de-este-proceso\/\">Elecciones primarias: \u00bfQu\u00e9 se vota y cu\u00e1les son los detalles de este proceso? Se refiere Mario Herrera Mu\u00f1oz, acad\u00e9mico del Centro de An\u00e1lisis Pol\u00edtico (CAP).\u00a0 \u00a0<\/a><br \/><br \/><\/div><div><b>RADIO LAUTARO<\/b>\u00a0<br \/><a href=\"https:\/\/radiolautarotalca.cl\/elecciones-primarias-cuando-son-y-quienes-votan\/\">Elecciones Primarias: \u00bfCu\u00e1ndo son y qui\u00e9nes votan? Se refiere Mario Herrera Mu\u00f1oz, acad\u00e9mico del Centro de An\u00e1lisis Pol\u00edtico (CAP).\u00a0<\/a><\/div><div>\u00a0<\/div><div><b>EL MOSTRADOR<\/b><\/div><div><a href=\"https:\/\/www.elmostrador.cl\/noticias\/2024\/05\/08\/crean-microdispositivo-que-identifica-peligrosos-toxicos-de-pesticidas-del-agro\/\">Crean microdispositivo que identifica peligrosos t\u00f3xicos de pesticidas del agro.\u00a0Se refiere Carlos Zambra, acad\u00e9mico de la Facultad de Ingenier\u00eda.\u202f \u202f\u00a0<\/a><\/div><div aria-hidden=\"true\">\u00a0<\/div><div><b>EL TIP\u00d3GRAFO<\/b>\u00a0<br \/><a href=\"https:\/\/eltipografo.cl\/2024\/05\/crean-micro-dispositivo-que-identifica-peligrosos-toxicos-de-pesticidas-del-agro\">Crean microdispositivo que identifica peligrosos t\u00f3xicos de pesticidas del agro. Se refiere Carlos Zambra, acad\u00e9mico de la Facultad de Ingenier\u00eda.\u00a0<\/a><\/div><div>\u00a0<\/div><div>\u00a0<b>ENTREPRENERD<\/b>\u00a0<br \/><a href=\"https:\/\/www.entnerd.com\/microdispositivo-identifica-peligrosos-toxicos-de-pesticidas-del-agro\/\">Crean micro dispositivo que identifica peligrosos t\u00f3xicos de pesticidas del agro. Se refiere Carlos Zambra, acad\u00e9mico de la Facultad de Ingenier\u00eda.\u00a0<\/a><br \/><br \/><\/div><div><b>RADIO CRISTALINA<\/b>\u00a0<br \/><a href=\"https:\/\/radiocristalina.cl\/crean-microdispositivo-que-identifica-peligrosos-toxicos-de-pesticidas-del-agro\/\">Crean microdispositivo que identifica peligrosos t\u00f3xicos de pesticidas del agro. Se refiere Carlos Zambra, acad\u00e9mico de la Facultad de Ingenier\u00eda.\u00a0<\/a><br \/><br \/><\/div><div><b>AD PRENSA<\/b>\u00a0<br \/><a href=\"https:\/\/www.adprensa.cl\/cronica\/crean-microdispositivo-que-identifica-peligrosos-toxicos-de-pesticidas-del-agro-2\/\">Crean microdispositivo que identifica peligrosos t\u00f3xicos de pesticidas del agro. Se refiere Carlos Zambra, acad\u00e9mico de la Facultad de Ingenier\u00eda.\u00a0<\/a><br \/><br \/><\/div><div><b>LA TERCERA ONLINE\u00a0<br \/><\/b><a href=\"https:\/\/www.latercera.com\/practico\/noticia\/este-burlete-aislo-mi-pieza-del-ruido-y-del-frio-por-menos-de-7-mil-pesos\/AYZD3KJDGNFVZF34U3XT3MONOQ\/\">Este burlete aisl\u00f3 mi pieza del ruido y del fr\u00edo por menos de 7 mil pesos. Se refiere Mar\u00eda Luisa del Campo, directora del Centro Tecnol\u00f3gico KIPUS.\u00a0<\/a><b><br \/><\/b><\/div><div>\u00a0<\/div><div><b>CANAL VTV TELEVISI\u00d3N (LOS ANDES)<\/b>\u00a0<br \/><a href=\"https:\/\/www.litoralpress.cl\/sitio\/RadioTV_Detalles.cshtml?LPKey=6VC6UTUEFM2DHQLH43QZPFND4NV6I4SDYD4DKGBNNIJ2AI7P5ABOTICQ7ENJV6EXYM23UWI5OFPL2\">\u00bfC\u00f3mo nos afecta la colusi\u00f3n en el mercado de los gases industriales? Se refiere Di\u00f3genes Hern\u00e1ndez, acad\u00e9mico de la Facultad de Ingenier\u00eda.\u00a0<\/a><b><br \/><\/b><\/div><div><b><br \/>EL MOSTRADOR<\/b><\/div><div><a href=\"https:\/\/www.elmostrador.cl\/agenda-pais\/agenda-digital\/2024\/05\/07\/que-es-el-vishing-y-como-podemos-defendernos-de-esta-ciberestafa\/\">\u00bfQu\u00e9 es el vishing y c\u00f3mo podemos defendernos de esta ciberestafa?\u00a0Se refiere H\u00e9ctor Mu\u00f1oz, jefe de la Unidad de seguridad digital.\u00a0<\/a><\/div><div>\u00a0<\/div><div><b>AD PRENSA<\/b>\u00a0<\/div><div><a href=\"https:\/\/www.adprensa.cl\/cronica\/que-es-el-vishing-y-como-podemos-defendernos-de-esta-ciberestafa\/\">\u00bfQu\u00e9 es el vishing y c\u00f3mo podemos defendernos de esta ciberestafa? Se refiere H\u00e9ctor Mu\u00f1oz, jefe de la Unidad de seguridad digital.\u00a0<\/a><br \/><br \/><\/div><div><b>TVN RED MAULE\u00a0<br \/><\/b><a href=\"https:\/\/www.litoralpress.cl\/sitio\/RadioTV_Detalles.cshtml?LPKey=IEF3WR6N5KN7QMEW4E5JCKAHZE4CYYEHTY4J6PHLMOFYPHRYRELL7N2TRXX2PWZYR6C4ZONYRUH56\">Desde mitad de junio podr\u00edamos tener heladas. Se refiere Patricio Gonz\u00e1lez, agroclimat\u00f3logo del Centro de Investigaci\u00f3n y Transferencia en Riego y Agroclimatolog\u00eda (CITRA).\u00a0<\/a><b><br \/><\/b><b><a id=\"OWAfa9339e3-c41e-c5d9-f32d-637397212168\" class=\"x_x_Hyperlink x_x_SCXW259318313 x_x_BCX0 x_x_OWAAutoLink\" href=\"https:\/\/www.litoralpress.cl\/sitio\/RadioTV_Detalles.cshtml?LPKey=IEF3WR6N5KN7QMEW4E5JCKAHZE4CYYEHTY4J6PHLMOFYPHRYRELL7N2TRXX2PWZYR6C4ZONYRUH56\" target=\"_blank\" rel=\"noopener noreferrer\" data-auth=\"NotApplicable\" data-loopstyle=\"linkonly\" data-linkindex=\"27\"><\/a><\/b><b> \u00a0<\/b><\/div><div><b>VIDA Y SALUD\u00a0<br \/><\/b><a href=\"https:\/\/vidaysalud.la\/bienestar-fisico\/2024\/05\/08\/celiaquia-cuales-son-los-primeros-sintomas.html\">Celiaqu\u00eda: \u00bfCu\u00e1les son los primeros s\u00edntomas? Se refiere Paula Contreras, acad\u00e9mica Escuela de Nutrici\u00f3n y Diet\u00e9tica.\u00a0<\/a><\/div><div>\u00a0<\/div><div><b>RADIO LAUTARO\u00a0<br \/><\/b><a href=\"https:\/\/www.litoralpress.cl\/sitio\/RadioTV_Detalles.cshtml?LPKey=ROSTXMO6MHBQZLFRNFTFBSVH63A455G663H233RXN3APRCSJQDWMQAOUQVJ7NRLAYXESPHTMX6Z7E\">Semana de la Salud en la Enc\u00edas. Entrevista a Sergio Matus, acad\u00e9mico de la Facultad de Odontolog\u00eda.\u00a0<\/a><\/div><div>\u00a0<\/div><div><b>EL MAULE INFORMA\u00a0<br \/><\/b><a href=\"https:\/\/elmauleinforma.cl\/region-del-maule-lidera-la-revolucion-tecnologica-para-la-industria-del-agro\/\">Regi\u00f3n del Maule lidera la revoluci\u00f3n tecnol\u00f3gica para la Industria del Agro. Se menciona la Universidad de Talca.\u00a0<\/a><br \/><br \/><\/div><div><b>REDIMIN\u00a0<br \/><\/b><a href=\"https:\/\/www.redimin.cl\/region-del-maule-lidera-la-revolucion-tecnologica-para-la-industria-del-agro\/\">Regi\u00f3n del Maule lidera la revoluci\u00f3n tecnol\u00f3gica para la Industria del Agro. Se menciona la Universidad de Talca.<\/a><\/div><div class=\"x_elementToProof\"><b>\u00a0<\/b><b><\/b><\/div><div class=\"x_elementToProof\"><b>RADIO LAUTARO<\/b>\u00a0<br \/><a href=\"https:\/\/radiolautarotalca.cl\/en-el-aniversario-282-de-talca-el-municipio-reconocera-a-tres-habitantes-de-la-ciudad\/\">En el Aniversario 282 de Talca el municipio reconocer\u00e1 a tres habitantes de la ciudad. Se menciona a Ricardo Baeza, acad\u00e9mico del Instituto de Matem\u00e1ticas. \u00a0<\/a><\/div><div class=\"x_elementToProof\">\u00a0<\/div><div><b>PRIMERA FUENTE NOTICIAS<\/b>\u00a0<br \/><a href=\"https:\/\/primerafuente.cl\/2024\/05\/region-del-maule-lidera-la-revolucion-tecnologica-para-la-industria-del-agro\/\">Regi\u00f3n del Maule lidera la revoluci\u00f3n tecnol\u00f3gica para la Industria del Agro. Se menciona la Universidad de Talca.\u00a0<\/a><br \/><br \/><\/div><div><b>MAULE HOY<\/b>\u00a0<br \/><a href=\"https:\/\/maulehoy.cl\/2024\/05\/08\/cumbre-agroregenera-maule-2024\/\">Cumbre Agroregenera Maule 2024. Se menciona la Universidad de Talca.\u00a0<\/a><br \/><br \/><\/div><div><b>DECOOP CHILE<\/b>\u00a0<br \/><a href=\"https:\/\/www.decoopchile.cl\/cooperativas-mecanizan-proceso-de-envasado-de-miel\/\">Cooperativas mecanizan proceso de envasado de miel. Se menciona la Universidad de Talca.\u00a0<\/a><\/div><div class=\"x_elementToProof\">\u00a0<\/div><div><b>TV MAULE<\/b>\u00a0<br \/><a href=\"https:\/\/www.tvmaule.cl\/en-aniversario-de-talca-seran-homenajeados-pamela-toledo-ricardo-baeza-y-congregacion-hermanos-de-la-inmaculada-concepcion\/\">En aniversario de Talca ser\u00e1n homenajeados Pamela Toledo, Ricardo Baeza y Congregaci\u00f3n Hermanos de la Inmaculada Concepci\u00f3n. Se menciona la Universidad de Talca. \u00a0<\/a><br \/><br \/><\/div><div><b>DIARIO UACH<\/b>\u00a0<br \/><a href=\"https:\/\/diario.uach.cl\/escolares-de-valdivia-disfrutaron-de-estreno-de-documental-sobre-expedicion-a-la-antartica\/\">Escolares de Valdivia disfrutaron de estreno de documental sobre expedici\u00f3n a la Ant\u00e1rtica. Se menciona la Universidad de Talca.\u00a0<\/a><br \/>\u00a0<\/div><div><b>NOTICIAS UDEC<\/b>\u00a0<br \/><a href=\"https:\/\/noticias.udec.cl\/exitoso-6to-encuentro-de-estudiantes-e-investigadores-crhiam-fomento-de-la-ciencia-y-creacion-de-vinculos-interdisciplinarios\/\">Exitoso 6to Encuentro de Estudiantes e Investigadores Crhiam fomento de la ciencia y creaci\u00f3n de v\u00ednculos interdisciplinarios. Se menciona la Universidad de Talca. \u00a0<\/a><\/div><div class=\"x_elementToProof\">\u00a0<\/div>\t\t\t\t\t\t<\/div>\n\t\t\t\t<\/div>\n\t\t\t\t\t<\/div>\n\t\t<\/div>\n\t\t\t\t\t\t\t<\/div>\n\t\t<\/section>\n\t\t\t\t\t\t<\/div>\n\t\t\t\t\t<\/div>\n\t\t","protected":false},"excerpt":{"rendered":"<p>LAS \u00daLTIMAS NOTICIAS\u00a0Cu\u00e1nto ganan los odont\u00f3logos seg\u00fan su universidad de egreso. Se refiere \u00c1lvaro Arellano, director Escuela de Odontolog\u00eda. \u00a0\u00a0AD PRENSA\u00a0Advierten que la obesidad infantil se increment\u00f3 producto de la pandemia. Se refiere Mauricio Orellana Molina, acad\u00e9mico de la Escuela de Nutrici\u00f3n y Diet\u00e9tica.\u00a0 CIENCIA Y SALUD\u00a0Advierten que la obesidad infantil se increment\u00f3 producto de &hellip;<\/p>\n<p class=\"read-more\"> <a class=\"\" href=\"https:\/\/www.reportedeprensa.utalca.cl\/?p=9720\"> <span class=\"screen-reader-text\">10 de mayo de 2024<\/span> Read More &raquo;<\/a><\/p>\n","protected":false},"author":1,"featured_media":0,"comment_status":"closed","ping_status":"open","sticky":false,"template":"","format":"standard","meta":{"_monsterinsights_skip_tracking":false,"_monsterinsights_sitenote_active":false,"_monsterinsights_sitenote_note":"","_monsterinsights_sitenote_category":0},"categories":[48],"tags":[],"_links":{"self":[{"href":"https:\/\/www.reportedeprensa.utalca.cl\/index.php?rest_route=\/wp\/v2\/posts\/9720"}],"collection":[{"href":"https:\/\/www.reportedeprensa.utalca.cl\/index.php?rest_route=\/wp\/v2\/posts"}],"about":[{"href":"https:\/\/www.reportedeprensa.utalca.cl\/index.php?rest_route=\/wp\/v2\/types\/post"}],"author":[{"embeddable":true,"href":"https:\/\/www.reportedeprensa.utalca.cl\/index.php?rest_route=\/wp\/v2\/users\/1"}],"replies":[{"embeddable":true,"href":"https:\/\/www.reportedeprensa.utalca.cl\/index.php?rest_route=%2Fwp%2Fv2%2Fcomments&post=9720"}],"version-history":[{"count":4,"href":"https:\/\/www.reportedeprensa.utalca.cl\/index.php?rest_route=\/wp\/v2\/posts\/9720\/revisions"}],"predecessor-version":[{"id":9724,"href":"https:\/\/www.reportedeprensa.utalca.cl\/index.php?rest_route=\/wp\/v2\/posts\/9720\/revisions\/9724"}],"wp:attachment":[{"href":"https:\/\/www.reportedeprensa.utalca.cl\/index.php?rest_route=%2Fwp%2Fv2%2Fmedia&parent=9720"}],"wp:term":[{"taxonomy":"category","embeddable":true,"href":"https:\/\/www.reportedeprensa.utalca.cl\/index.php?rest_route=%2Fwp%2Fv2%2Fcategories&post=9720"},{"taxonomy":"post_tag","embeddable":true,"href":"https:\/\/www.reportedeprensa.utalca.cl\/index.php?rest_route=%2Fwp%2Fv2%2Ftags&post=9720"}],"curies":[{"name":"wp","href":"https:\/\/api.w.org\/{rel}","templated":true}]}}