{"id":9729,"date":"2024-05-13T13:39:12","date_gmt":"2024-05-13T16:39:12","guid":{"rendered":"https:\/\/www.reportedeprensa.utalca.cl\/?p=9729"},"modified":"2024-05-14T16:11:19","modified_gmt":"2024-05-14T19:11:19","slug":"13-de-mayo-de-2024","status":"publish","type":"post","link":"https:\/\/www.reportedeprensa.utalca.cl\/?p=9729","title":{"rendered":"13 de mayo de 2024"},"content":{"rendered":"\t\t<div data-elementor-type=\"wp-post\" data-elementor-id=\"9729\" class=\"elementor elementor-9729\" data-elementor-settings=\"[]\">\n\t\t\t\t\t\t\t<div class=\"elementor-section-wrap\">\n\t\t\t\t\t\t\t<section class=\"elementor-section elementor-top-section elementor-element elementor-element-bcea1a8 elementor-section-boxed elementor-section-height-default elementor-section-height-default\" data-id=\"bcea1a8\" data-element_type=\"section\">\n\t\t\t\t\t\t<div class=\"elementor-container elementor-column-gap-default\">\n\t\t\t\t\t<div class=\"elementor-column elementor-col-100 elementor-top-column elementor-element elementor-element-e7183bf\" data-id=\"e7183bf\" data-element_type=\"column\">\n\t\t\t<div class=\"elementor-widget-wrap elementor-element-populated\">\n\t\t\t\t\t\t\t\t<div class=\"elementor-element elementor-element-b437e83 elementor-widget elementor-widget-text-editor\" data-id=\"b437e83\" data-element_type=\"widget\" data-widget_type=\"text-editor.default\">\n\t\t\t\t<div class=\"elementor-widget-container\">\n\t\t\t\t\t\t\t\t<div><div><b>LA \u00daLTIMAS NOTICIAS\u00a0<br \/><\/b><a href=\"https:\/\/www.litoralpress.cl\/paginaconsultas\/Servicios_NClipSitio\/Get_Imagen_Nota.aspx?LPKey=CNMWIBNBZPCSDB3ZCVJQWJ6E2GTK4WD3VXRLQ3CYIYFW5IQRKVM57VOHB4ZMIM473RJQHUS2OYWAU\">Cu\u00e1nto ganan los odont\u00f3logos seg\u00fan su universidad de egreso. Se refiere \u00c1lvaro Arellano Arriagada, acad\u00e9mico de la Facultad de Odontolog\u00eda. \u00a0<\/a><\/div><div>\u00a0<\/div><div><b>CANAL CNN CHILE\u00a0<br \/><\/b><a href=\"https:\/\/www.litoralpress.cl\/sitio\/RadioTV_Detalles.cshtml?LPKey=NVVTG2VRRKW4Y6PR2PE6FEHWIY3MFAWLFJNEZQRZEAGVCR3TMUQXVPVOO6UYTGDGLSGZ2DYN4RIQS\">Obesidad Infantil &#8211; Mapa nutricional de Chile. Entrevista a Mauricio Orellana Molina, acad\u00e9mico de la Escuela de Nutrici\u00f3n y Diet\u00e9tica.\u202f\u00a0<\/a><\/div><div><p>\u00a0<\/p><p><b>DIARIO EL HERALDO<\/b>\u00a0<br \/><a href=\"https:\/\/www.litoralpress.cl\/paginaconsultas\/Servicios_NClipSitio\/Get_Imagen_Nota.aspx?LPKey=7ZZIRFZHTYM5GICIHEKUOR6WJXNBB3MMV6BLDYBZJ33YHY5RAH5PGMQ2KSCFW4S3HUWFNC3YGPWBG\">Advierten que la obesidad infantil se increment\u00f3 producto de la pandemia. Se refiere Mauricio Orellana Molina, acad\u00e9mico de la Escuela de Nutrici\u00f3n y Diet\u00e9tica.\u202f\u00a0<\/a><\/p><\/div><div><p>\u00a0<\/p><p><b>LA PRENSA DE CURIC\u00d3<\/b>\u00a0<br \/><a href=\"https:\/\/www.litoralpress.cl\/paginaconsultas\/Servicios_NClipSitio\/Get_Imagen_Nota.aspx?LPKey=HQ6DOSVL3AERV4US4JSQ4KHJD37V7LMABPF5I42QHBPLM54JYXLR3LTFHEKM4DGGCIJT4OI7R4VRM\">Obesidad infantil se increment\u00f3 por efecto de la pandemia. Se refiere Mauricio Orellana Molina, acad\u00e9mico de la Escuela de Nutrici\u00f3n y Diet\u00e9tica.\u202f\u00a0<\/a><\/p><\/div><div><p>\u00a0<\/p><p><b>ELHERALDO.CL<\/b>\u00a0<br \/><a href=\"https:\/\/www.diarioelheraldo.cl\/noticia\/advierten-que-la-obesidad-infantil-se-incremento-producto-de-la-pandemia-\">Advierten que la obesidad infantil se increment\u00f3 producto de la pandemia. Se refiere Mauricio Orellana Molina, acad\u00e9mico de la Escuela de Nutrici\u00f3n y Diet\u00e9tica.\u202f\u00a0<\/a><\/p><\/div><div><p>\u00a0<\/p><p><b>PUBLIMICRO<\/b>\u00a0<br \/><a href=\"https:\/\/publimicro.cl\/universidad-de-talca-advierten-que-la-obesidad-infantil-se-incremento-producto-de-la-pandemia\/\">Universidad de Talca: Advierten que la obesidad infantil se increment\u00f3 producto de la pandemia. Se refiere Mauricio Orellana Molina, acad\u00e9mico de la Escuela de Nutrici\u00f3n y Diet\u00e9tica.\u202f\u00a0<\/a><\/p><\/div><div><p>\u00a0<\/p><p><b>RADIO CRISTALINA<\/b>\u00a0<br \/><a href=\"https:\/\/radiocristalina.cl\/salud-advierten-que-la-obesidad-infantil-se-incremento-producto-de-la-pandemia\/\">Salud: advierten que la obesidad infantil se increment\u00f3 producto de la pandemia. . Se refiere Mauricio Orellana Molina, acad\u00e9mico de la Escuela de Nutrici\u00f3n y Diet\u00e9tica.\u202f\u00a0<\/a><\/p><\/div><div>\u00a0<\/div><div><b>RADIO LAUTARO<\/b>\u00a0<br \/><a href=\"https:\/\/radiolautarotalca.cl\/obesidad-infantil-tuvo-un-alza-durante-la-pandemia\/\">Obesidad infantil tuvo un alza durante la pandemia. Se refiere Mauricio Orellana Molina, acad\u00e9mico de la Escuela de Nutrici\u00f3n y Diet\u00e9tica.\u202f\u00a0<\/a><\/div><div>\u00a0<\/div><div><p><b>EL LECTOR<\/b>\u00a0<br \/><a href=\"https:\/\/www.litoralpress.cl\/sitio\/Prensa_Detalles.cshtml?LPKey=F6HY3LJKXJYGO37KTKTSJLOAD2522YOB46MMI3TOBKNI4RBTR3ZA\">Expertos coinciden en la relevancia de aprobar la ley integral de las personas mayores. Se refiere Rodrigo Palomo, vicerrector acad\u00e9mico.<\/a>\u00a0<\/p><\/div><div>\u00a0<\/div><div><b>MEDIABANCO\u00a0<br \/><\/b><a href=\"https:\/\/www.mediabanco.com\/expertos-coinciden-en-la-relevancia-de-aprobar-la-ley-integral-de-las-personas-mayores\/\">Expertos coinciden en la relevancia de aprobar la Ley Integral de las Personas Mayores. Se refiere Rodrigo Palomo, vicerrector acad\u00e9mico. \u00a0<\/a><b><br \/><\/b><\/div><div>\u00a0<\/div><div><b>PUBLIMICRO<\/b>\u00a0<br \/><a href=\"https:\/\/publimicro.cl\/expertos-coinciden-en-la-relevancia-de-aprobar-la-ley-integral-de-las-personas-mayores\/\">Expertos coinciden en la relevancia de aprobar la Ley Integral de las Personas Mayores. Se refiere Rodrigo Palomo, vicerrector acad\u00e9mico.<\/a> \u00a0<\/div><div>\u00a0<\/div><div><b>AD PRENSA<\/b>\u00a0<br \/><a href=\"https:\/\/www.adprensa.cl\/cronica\/expertos-coinciden-en-la-relevancia-de-aprobar-la-ley-integral-de-las-personas-mayores\/\">Expertos coinciden en la relevancia de aprobar la Ley Integral de las Personas Mayores. Se refiere Rodrigo Palomo, vicerrector acad\u00e9mico.<\/a> \u00a0<\/div><div>\u00a0<\/div><div><b>TV5 LINARES<\/b>\u00a0<br \/><a href=\"https:\/\/www.litoralpress.cl\/sitio\/RadioTV_Detalles.cshtml?LPKey=BDT6NASXSJIFZIVFBFOPWU4KEJNBCAORJYSKBDCUZ5YDAU2D2INTQ5BJJAVG3QA6VOADRAWMG45JM\">Presentan proyecto de ley personas mayores en jornada educativa regional. Se refiere Iv\u00e1n Palomo Gonz\u00e1lez, Facultad de Ciencias\u202fde la Salud.\u202f\u202f\u00a0<\/a><\/div><div>\u00a0<\/div><div><p><b>UNIVERSIDAD T\u00c9CNICA FEDERICO SANTA MAR\u00cdA<\/b>\u00a0<br \/><a href=\"https:\/\/usm.cl\/noticias\/libro-recopila-escritos-sobre-vinculo-entre-pablo-neruda-y-espana\/\">Libro recopila escritos sobre v\u00ednculo entre Pablo Neruda y Espa\u00f1a. Se refiere Marcela Albornoz dachelet, directora Marcela Albornoz Dachelet, directora Editorial Universidad de Talca.<\/a>\u202f\u00a0<\/p><\/div><div>\u00a0<\/div><div><b>EL PERIODIC (ESPA\u00d1A)<\/b>\u00a0<\/div><div><p><a href=\"https:\/\/www.elperiodic.com\/val\/alicante\/catedratic-jose-carlos-rovira-poeta-raul-zurita-presenten-xile-escrito-sobre-espana-pablo-neruda_958950\">El catedr\u00e0tic de la UA Jos\u00e9 Carlos Rovira i el poeta Ra\u00fal Zurita presenten a Xile Escrito sobre Espa\u00f1a. Pablo Neruda. Se menciona la Universidad de Talca.\u00a0<\/a><\/p><\/div><div>\u00a0<\/div><div><b>INFORMACI\u00d3N.ES (ESPA\u00d1A)\u00a0<br \/><\/b><a href=\"https:\/\/www.informacion.es\/cultura\/2024\/05\/10\/catedratico-jose-carlos-rovira-universidad-alicante-102190298.html\">El catedr\u00e1tico de la UA Jos\u00e9 Carlos Rovira viaja a chile para celebrar la conexi\u00f3n de Neruda con Espa\u00f1a. Se menciona la Universidad de Talca.\u00a0<\/a><b><br \/><\/b><b>\u00a0<\/b><\/div><div><b>UA.ES (ESPA\u00d1A)<\/b>\u00a0<br \/><a href=\"https:\/\/web.ua.es\/es\/actualidad-universitaria\/2024\/mayo2024\/1-12\/el-catedratico-de-la-ua-jose-carlos-rovira-y-el-poeta-raul-zurita-presentan-en-chile-escrito-sobre-espana.-pablo-neruda.html\">El catedr\u00e1tico de la UA Jos\u00e9 Carlos Rovira y el poeta Ra\u00fal Zurita presentan en Chile \u201cEscrito sobre Espa\u00f1a. Pablo Neruda\u201d. Se menciona la Universidad de Talca.\u00a0<\/a><\/div><div>\u00a0<\/div><div><b>MEGANOTICIAS\u00a0<br \/><\/b><a href=\"https:\/\/www.meganoticias.cl\/nacional\/447353-alertan-sobre-dano-heladas-tempranas-agricultura-brk-12-5-2024.html\">Alertan sobre el da\u00f1o a la agricultura debido a las heladas tempranas. Se refiere Patricio Gonz\u00e1lez Colville, agroclimat\u00f3logo y acad\u00e9mico del Centro de Investigaci\u00f3n y Transferencia en Riego y Agroclimatolog\u00eda (CITRA).\u202f<\/a><b><br \/><\/b><\/div><div>\u00a0<\/div><div><p><b>EL HERALDO<\/b>\u00a0<br \/><a href=\"https:\/\/www.litoralpress.cl\/paginaconsultas\/Servicios_NClipSitio\/Get_Imagen_Nota.aspx?LPKey=AE3M2CNDNJLE4IIBXEGU6HHGCOM3ZW5PV6BS3BECUYJRHOXAOK6GTOQFGS5DGWZFUO6VP2U3MS2VY\">Alertan sobre el da\u00f1o de las heladas tempranas a la agricultura. Se refiere Patricio Gonz\u00e1lez Colville, agroclimat\u00f3logo y acad\u00e9mico del Centro de Investigaci\u00f3n y Transferencia en Riego y Agroclimatolog\u00eda (CITRA).\u202f\u00a0<\/a><\/p><\/div><div><p><b>EL LECTOR<\/b>\u00a0<br \/><a href=\"https:\/\/www.litoralpress.cl\/paginaconsultas\/Servicios_NClipSitio\/Get_Imagen_Nota.aspx?LPKey=XFCJKLHDHQ7T3OY7DHKMSMSXRXR7ESZOMOPEBE63DADHWQJMD3JAZHNOFRCOFNS4KEWB2V4CDVHJY\">Alertan sobre el da\u00f1o de las heladas tempranas a la agricultura. Se refiere Patricio Gonz\u00e1lez Colville, agroclimat\u00f3logo y acad\u00e9mico del Centro de Investigaci\u00f3n y Transferencia en Riego y Agroclimatolog\u00eda (CITRA).\u202f\u00a0<\/a><\/p><\/div><div>\u00a0<\/div><div><b>DIARIO EL HERALDO<\/b>\u00a0<br \/><a href=\"https:\/\/www.diarioelheraldo.cl\/noticia\/alertan-sobre-el-dano-de-las-heladas-tempranas-a-la-agricultura\">Alertan sobre el da\u00f1o de las heladas tempranas a la agricultura. Se refiere Patricio Gonz\u00e1lez Colville, agroclimat\u00f3logo y acad\u00e9mico del Centro de Investigaci\u00f3n y Transferencia en Riego y Agroclimatolog\u00eda (CITRA).\u202f\u00a0<\/a><\/div><div>\u00a0<\/div><div><p><b>EL HERALDO<\/b>\u00a0<br \/><a href=\"https:\/\/www.litoralpress.cl\/paginaconsultas\/Servicios_NClipSitio\/Get_Imagen_Nota.aspx?LPKey=AE3M2CNDNJLE4IIBXEGU6HHGCOM3ZW5PV6BS3BECUYJRHOXAOK6GTOQFGS5DGWZFUO6VP2U3MS2VY\">Alertan sobre el da\u00f1o de las heladas tempranas a la agricultura. Se refiere Patricio Gonz\u00e1lez Colville, agroclimat\u00f3logo y acad\u00e9mico del Centro de Investigaci\u00f3n y Transferencia en Riego y Agroclimatolog\u00eda (CITRA).\u202f\u00a0<\/a><\/p><p>\u00a0<\/p><\/div><div><p><b>EL LECTOR<\/b>\u00a0<br \/><a href=\"https:\/\/www.litoralpress.cl\/paginaconsultas\/Servicios_NClipSitio\/Get_Imagen_Nota.aspx?LPKey=XFCJKLHDHQ7T3OY7DHKMSMSXRXR7ESZOMOPEBE63DADHWQJMD3JAZHNOFRCOFNS4KEWB2V4CDVHJY\">Alertan sobre el da\u00f1o de las heladas tempranas a la agricultura. Se refiere Patricio Gonz\u00e1lez Colville, agroclimat\u00f3logo y acad\u00e9mico del Centro de Investigaci\u00f3n y Transferencia en Riego y Agroclimatolog\u00eda (CITRA).\u202f\u00a0<\/a><\/p><\/div><div><p>\u00a0<\/p><p><b>DIARIO EL HERALDO<\/b>\u00a0<br \/><a href=\"https:\/\/www.diarioelheraldo.cl\/noticia\/alertan-sobre-el-dano-de-las-heladas-tempranas-a-la-agricultura\">Alertan sobre el da\u00f1o de las heladas tempranas a la agricultura. Se refiere Patricio Gonz\u00e1lez Colville, agroclimat\u00f3logo y acad\u00e9mico del Centro de Investigaci\u00f3n y Transferencia en Riego y Agroclimatolog\u00eda (CITRA).\u202f\u00a0<\/a><\/p><p>\u00a0<\/p><\/div><div><p><b>PUBLIMICRO<\/b>\u00a0<br \/><a href=\"https:\/\/publimicro.cl\/desde-la-universidad-de-talca-alertan-sobre-el-dano-de-las-heladas-tempranas-a-la-agricultura\/\">Desde la Universidad de Talca: Alertan sobre el da\u00f1o de las heladas tempranas a la agricultura. Se menciona la Universidad de Talca. \u00a0<\/a><\/p><\/div><div><p>\u00a0<\/p><p><b>S\u00c9PTIMA REGI\u00d3N NOTICIAS<\/b>\u00a0<br \/><a href=\"https:\/\/www.septimapaginanoticias.cl\/alertan-sobre-el-dano-de-las-heladas-tempranas-a-la-agricultura\">Alertan sobre el da\u00f1o de las heladas tempranas en el agro maulino. Se refiere Patricio Gonz\u00e1lez Colville, agroclimat\u00f3logo y acad\u00e9mico del Centro de Investigaci\u00f3n y Transferencia en Riego y Agroclimatolog\u00eda (CITRA).\u202f\u00a0<\/a><\/p><p>\u00a0<\/p><\/div><div><p><b>RADIO LAUTARO<\/b>\u00a0<br \/><a href=\"https:\/\/radiolautarotalca.cl\/alertan-sobre-el-dano-de-las-heladas-tempranas-a-la-agricultura\/\">Alertan sobre el da\u00f1o de las heladas tempranas a la agricultura. Se refiere Patricio Gonz\u00e1lez Colville, agroclimat\u00f3logo y acad\u00e9mico del Centro de Investigaci\u00f3n y Transferencia en Riego y Agroclimatolog\u00eda (CITRA).\u202f\u00a0<\/a><\/p><\/div><div>\u00a0<\/div><div><b>EL TIP\u00d3GRAFO<\/b>\u00a0<br \/><a href=\"https:\/\/eltipografo.cl\/2024\/05\/alertan-sobre-el-dano-de-las-heladas-tempranas-a-la-agricultura\">Alertan sobre el da\u00f1o de las heladas tempranas a la agricultura. Se refiere Patricio Gonz\u00e1lez Colville, agroclimat\u00f3logo y acad\u00e9mico del Centro de Investigaci\u00f3n y Transferencia en Riego y Agroclimatolog\u00eda (CITRA).\u202f\u00a0<\/a><\/div><div>\u00a0<\/div><div><p><b>DIARIO TALCA<\/b>\u00a0<br \/><a href=\"https:\/\/diariotalca.cl\/alertan-sobre-el-dano-de-las-heladas-tempranas-en-el-agro-maulino\/\">Alertan sobre el da\u00f1o de las heladas tempranas a la agricultura. Se refiere Patricio Gonz\u00e1lez Colville, agroclimat\u00f3logo y acad\u00e9mico del Centro de Investigaci\u00f3n y Transferencia en Riego y Agroclimatolog\u00eda (CITRA).\u202f\u00a0<\/a><\/p><p>\u00a0<\/p><\/div><div><p><b>EL PAIHUANO<\/b>\u00a0<br \/><a href=\"https:\/\/www.elpaihuanino.cl\/2024\/05\/10\/alertan-sobre-el-dano-de-las-heladas-tempranas-a-la-agricultura\/\">Alertan sobre el da\u00f1o de las heladas tempranas a la agricultura. Se refiere Patricio Gonz\u00e1lez Colville, agroclimat\u00f3logo y acad\u00e9mico del Centro de Investigaci\u00f3n y Transferencia en Riego y Agroclimatolog\u00eda (CITRA).\u00a0<\/a><\/p><p>\u00a0<\/p><\/div><div><p><b>AD PRENSA<\/b>\u00a0<br \/><a href=\"https:\/\/www.adprensa.cl\/cronica\/alertan-sobre-el-dano-de-las-heladas-tempranas-a-la-agricultura\/\">Alertan sobre el da\u00f1o de las heladas tempranas a la agricultura. Se refiere Patricio Gonz\u00e1lez Colville, agroclimat\u00f3logo y acad\u00e9mico del Centro de Investigaci\u00f3n y Transferencia en Riego y Agroclimatolog\u00eda (CITRA).\u00a0<\/a><\/p><\/div><div><p>\u00a0<\/p><p><b>EL MAULE INFORMA<\/b>\u00a0<br \/><a href=\"https:\/\/elmauleinforma.cl\/alertan-sobre-el-dano-de-las-heladas-tempranas-a-la-agricultura\/\">Alertan sobre el da\u00f1o de las heladas tempranas a la agricultura. Se refiere Patricio Gonz\u00e1lez Colville, agroclimat\u00f3logo y acad\u00e9mico del Centro de Investigaci\u00f3n y Transferencia en Riego y Agroclimatolog\u00eda (CITRA).\u202f\u00a0<\/a><\/p><\/div><div><p>\u00a0<\/p><p><b>EL INFORMADOR<\/b>\u00a0<br \/><a href=\"https:\/\/www.elinformador.cl\/nacional\/alertan-sobre-el-dano-de-las-heladas-tempranas-a-la-agricultura\/\">Alertan sobre el da\u00f1o de las heladas tempranas a la agricultura. Se refiere Patricio Gonz\u00e1lez Colville, agroclimat\u00f3logo y acad\u00e9mico del Centro de Investigaci\u00f3n y Transferencia en Riego y Agroclimatolog\u00eda (CITRA).\u202f\u00a0<\/a><\/p><p>\u00a0<\/p><\/div><div><p><b>MEDIABANCO<\/b>\u00a0<br \/><a href=\"https:\/\/www.mediabanco.com\/alertan-sobre-el-dano-de-las-heladas-tempranas-a-la-agricultura\/\">Alertan sobre el da\u00f1o de las heladas tempranas a la agricultura. Se refiere Patricio Gonz\u00e1lez Colville, agroclimat\u00f3logo y acad\u00e9mico del Centro de Investigaci\u00f3n y Transferencia en Riego y Agroclimatolog\u00eda (CITRA).\u202f\u00a0<\/a><\/p><\/div><div><p>\u00a0<\/p><p><b>EL DIARIO DE MAULE<\/b>\u00a0<br \/><a href=\"https:\/\/eldiariodemaule.cl\/alertan-sobre-el-dano-de-las-heladas-tempranas-a-la-agricultura\/\">Alertan sobre el da\u00f1o de las heladas tempranas a la agricultura. Se refiere Patricio Gonz\u00e1lez Colville, agroclimat\u00f3logo y acad\u00e9mico del Centro de Investigaci\u00f3n y Transferencia en Riego y Agroclimatolog\u00eda (CITRA).\u202f\u00a0<\/a><\/p><\/div><div><p>\u00a0<\/p><p><b>DIARIO EL HERALDO<\/b>\u00a0<br \/><a href=\"https:\/\/www.diarioelheraldo.cl\/noticia\/alertan-sobre-el-dano-de-las-heladas-tempranas-a-la-agricultura\">Alertan sobre el da\u00f1o de las heladas tempranas a la agricultura. Se refiere Patricio Gonz\u00e1lez Colville, agroclimat\u00f3logo y acad\u00e9mico del Centro de Investigaci\u00f3n y Transferencia en Riego y Agroclimatolog\u00eda (CITRA).\u202f\u00a0<\/a><\/p><p>\u00a0<\/p><p><b>CANAL 30 LINARES TV<\/b>\u00a0<br \/><a href=\"https:\/\/www.litoralpress.cl\/sitio\/RadioTV_Detalles.cshtml?LPKey=A6XBGP3EIBO52I6SZVMXXRPI4OBNCYC56BLJJRAHUDR4JKOUGJL2E3NMWKDAPMIPXG5KYXF2MXOCY\">Bajas temperaturas en Talca. Se refiere Patricio Gonz\u00e1lez Colville, agroclimat\u00f3logo y acad\u00e9mico del Centro de Investigaci\u00f3n y Transferencia en Riego y Agroclimatolog\u00eda (CITRA).\u00a0<\/a><\/p><\/div><div>\u00a0<\/div><div><p><b>DIARIO TALCA<\/b>\u00a0<br \/><a href=\"https:\/\/diariotalca.cl\/alertan-sobre-el-dano-de-las-heladas-tempranas-en-el-agro-maulino\/\">Alertan sobre el da\u00f1o de las heladas tempranas a la agricultura. Se refiere Patricio Gonz\u00e1lez Colville, agroclimat\u00f3logo y acad\u00e9mico del Centro de Investigaci\u00f3n y Transferencia en Riego y Agroclimatolog\u00eda (CITRA).\u202f\u00a0<\/a><\/p><\/div><div>\u00a0<\/div><div><b>EL PA\u00cdS (COLOMBIA)\u00a0<br \/><\/b><a href=\"https:\/\/www.elpais.com.co\/salud\/no-es-la-zanahoria-el-fruto-que-posee-vitaminas-a-y-k-que-mejora-la-agudeza-visual-1306.html\">No es la zanahoria: el fruto que posee vitaminas A y K que mejora la agudeza visual. Se menciona la Universidad de Talca. \u00a0<\/a><b><br \/><\/b><\/div><div>\u00a0<\/div><div><b>EL UNIVERSAL (M\u00c9XICO)\u00a0<br \/><\/b><a href=\"https:\/\/www.eluniversal.com.mx\/tendencias\/la-popular-verdura-que-contrarresta-el-efecto-del-tabaco-en-el-organismo\/\">La popular verdura que contrarresta el efecto del tabaco en el organismo. Se menciona la Universidad de Talca. \u00a0<\/a><b><br \/><\/b><\/div><div>\u00a0<\/div><div><p><b>SU M\u00c9DICO (M\u00c9XICO)<\/b>\u00a0<br \/><a href=\"https:\/\/www.sumedico.com\/especialidades\/otras-enfermedades\/2024\/5\/7\/cual-es-la-verdura-que-ayuda-contrarrestar-los-efectos-del-tabaco-50135.html\">\u00bfCu\u00e1l es la verdura que ayuda a contrarrestar los efectos del tabaco? Se menciona la Universidad de Talca. \u00a0<\/a><\/p><\/div><div><p>\u00a0<\/p><p><b>EL UNIVERSO (ECUADOR)<\/b>\u00a0<br \/><a href=\"https:\/\/www.eluniverso.com\/larevista\/salud\/que-beneficios-tiene-el-tomate-crudo-nota\/\">La verdura que fortalece los pulmones y contiene vitaminas A, C y K, potasio y hierro. Se menciona la Universidad de Talca. \u00a0<\/a><\/p><\/div><div><p>\u00a0<\/p><p><b>INFOBAE (ARGENTINA)<\/b>\u00a0<br \/><a href=\"https:\/\/www.infobae.com\/salud\/2024\/05\/08\/los-8-beneficios-para-la-salud-poco-conocidos-del-tomate\/\">Los 8 beneficios para la salud poco conocidos del tomate. Se menciona la Universidad de Talca. \u00a0<\/a><\/p><\/div><div><p>\u00a0<\/p><p><b>EL CARIBE (REP\u00daBLICA DOMINICANA)<\/b>\u00a0<br \/><a href=\"https:\/\/www.elcaribe.com.do\/gente\/nutricion-y-bienestar\/los-8-beneficios-para-la-salud-poco-conocidos-del-tomate\/\">Los 8 beneficios para la salud poco conocidos del tomate. Se menciona la Universidad de Talca. \u00a0<\/a><\/p><\/div><div><p>\u00a0<\/p><p><b>PULSOSLP (M\u00c9XICO)<\/b>\u00a0<br \/><a href=\"https:\/\/pulsoslp.com.mx\/sabor\/tomate-aliado-contra-el-cancer-de-vejiga\/1790973\">Tomate: un superalimento para tu bienestar. Se menciona la Universidad de Talca. \u00a0<\/a><\/p><\/div><div><p>\u00a0<\/p><p><b>LA GACETA (ARGENTINA)<\/b>\u00a0<br \/><a href=\"https:\/\/www.lagaceta.com.ar\/nota\/1034238\/sociedad\/estos-son-seis-beneficios-tomate-tiene-para-salud-no-conocias.html\">Estos son los seis beneficios que el tomate tiene para la salud y que no conoc\u00edas. . Se menciona la Universidad de Talca. \u00a0<\/a><\/p><\/div><div>\u00a0<\/div><div><b>MENDOZA POST (ARGENTINA)<\/b>\u00a0<br \/><a href=\"https:\/\/www.mendozapost.com\/estilodevida\/reto-mental-desafio-acertijo-matematico-cuanto-tendrias-que-pagar-por-la-manzana\/\">Los beneficios del tomate para la salud. Se menciona la Universidad de Talca. \u00a0<\/a><\/div><div>\u00a0<\/div><div><b>EL TIP\u00d3GRAFO\u00a0<br \/><\/b><a href=\"https:\/\/www.litoralpress.cl\/paginaconsultas\/Servicios_NClipSitio\/Get_Imagen_Nota.aspx?LPKey=WYLHMLC5VR3DALEVR5SQO7ETA2I3CH3IKLERRRPIGG2UDSF4O3AJ3NZAVZXHEGYGWWZGYP5GZU7Q4\">Vishing: La nueva estafa telef\u00f3nica que toma el control del celular. Se refiere H\u00e9ctor Mu\u00f1oz, jefe de la Unidad de seguridad digital.\u202f\u00a0<\/a><b><br \/><\/b><b>\u00a0<\/b><\/div><div><b>CANAL 30 MULTICOM<\/b>\u00a0<br \/><a href=\"https:\/\/www.litoralpress.cl\/sitio\/RadioTV_Detalles.cshtml?LPKey=36ZVZVV5E5A7WK7UF3LR5VN77YLUP77ZCZNCSNVS44QIAV7F3CK6I2UASE4J7AMCSQJ3CMZ5YE6D4\">\u00bfQu\u00e9 es el vishing? Se refiere H\u00e9ctor Mu\u00f1oz, jefe de la Unidad de seguridad digital.\u202f\u00a0<\/a><\/div><div>\u00a0<\/div><div><b>MEGANOTICIAS<\/b>\u00a0<br \/><a href=\"https:\/\/www.meganoticias.cl\/nacional\/447336-mauricio-morales-gabriel-boric-perro-matapacos-fds01-05-05-2024.html\">Columna &#8220;A otro perro con ese hueso&#8221;. Se refiere Mauricio Morales, director Centro de An\u00e1lisis Pol\u00edtico (CAP). \u00a0<\/a><\/div><div>\u00a0<\/div><div><p><b>TIERRA AMARILLANO<\/b>\u00a0<br \/><a href=\"https:\/\/tierramarillano.cl\/2024\/05\/10\/elecciones-primarias-que-se-vota-y-cuales-son-los-detalles-de-este-proceso\/\">Elecciones primarias: \u00bfQu\u00e9 se vota y cu\u00e1les son los detalles de este proceso? Se refiere Mario Herrera Mu\u00f1oz, acad\u00e9mico de la Facultad de Ciencias Jur\u00eddicas y Sociales. \u00a0<\/a><\/p><\/div><div>\u00a0<\/div><div><b>EL INFORMADOR\u00a0<br \/><\/b><a href=\"https:\/\/www.elinformador.cl\/nacional\/elecciones-primarias-que-se-vota-y-cuales-son-los-detalles-de-este-proceso\/\">Elecciones primarias: \u00bfQu\u00e9 se vota y cu\u00e1les son los detalles de este proceso? Se refiere Mario Herrera Mu\u00f1oz, acad\u00e9mico de la Facultad de Ciencias Jur\u00eddicas y Sociales.<\/a> <b><br \/><\/b><\/div><div>\u00a0<\/div><div><b>OVEJERO NOTICIAS<\/b>\u00a0<\/div><div><a href=\"https:\/\/www.ovejeronoticias.cl\/2024\/05\/el-domingo-9-de-junio-se-realizaran-elecciones-primarias-de-alcaldes-y-gobernadores-regionales\/\">El domingo 9 de junio se realizar\u00e1n elecciones primarias de Alcaldes y Gobernadores Regionales.<b> <\/b>Se refiere Mario Herrera Mu\u00f1oz, acad\u00e9mico de la Facultad de Ciencias Jur\u00eddicas y Sociales.\u00a0\u00a0<\/a><\/div><div>\u00a0<\/div><div><p><b>RADIO BIOB\u00cdO<\/b>\u00a0<br \/><a href=\"https:\/\/www.biobiochile.cl\/noticias\/servicios\/explicado\/2024\/05\/10\/por-menos-de-10-mil-como-aislar-el-frio-de-tu-hogar-de-manera-facil-con-este-simple-elemento.shtml\">Por menos de $10 mil: C\u00f3mo aislar el fr\u00edo de tu hogar de manera f\u00e1cil con este simple elemento. Se refiere Mar\u00eda Luisa del Campo, acad\u00e9mica de la Escuela de Ingenier\u00eda Civil en Obras Civiles.\u00a0<\/a><\/p><\/div><div>\u00a0<\/div><div><b>24 HORAS<\/b>\u00a0<br \/><a href=\"https:\/\/www.24horas.cl\/data\/vacuna-covid-19-en-2024-hasta-cuando-te-puedes-inmunizar\">Vacunaci\u00f3n COVID-19 en 2024 \u00bfhasta cu\u00e1ndo te puedes inmunizar? Se refiere \u00c9rika Retamal Contreras, directora \u00b4departamento de Salud P\u00fablica. \u00a0<\/a><\/div><div>\u00a0<\/div><div><p><b>MUNDO AGRO<\/b>\u00a0<br \/><a href=\"https:\/\/mundoagro.cl\/desarrollan-tecnologia-que-identifica-peligrosos-toxicos-de-pesticidas\/\">Desarrollan tecnolog\u00eda que identifica peligrosos t\u00f3xicos de pesticidas. Se refiere Carlos Zambra, acad\u00e9mico de la Facultad de Ingenier\u00eda.\u00a0<\/a><\/p><\/div><div><p>\u00a0<\/p><p><b>COOPERATIVA CIENCIA<\/b>\u00a0<br \/><a href=\"https:\/\/www.cooperativaciencia.cl\/ciencia\/2024\/05\/10\/crean-dispositivos-para-detectar-intoxicaciones-por-pesticidas\/\">Crean dispositivos para detectar intoxicaciones por pesticidas. Se refiere Carlos Zambra, acad\u00e9mico de la Facultad de Ingenier\u00eda.<\/a>\u00a0<\/p><\/div><div>\u00a0<\/div><div><b>SAN CARLOS ONLINE<\/b>\u00a0<br \/><a href=\"https:\/\/www.sancarlosonline.cl\/2024\/05\/microdispositivo-detecta-pesticidas.html\">Microdispositivo Detecta Pesticidas T\u00f3xicos del agro. Se refiere Carlos Zambra, acad\u00e9mico de la Facultad de Ingenier\u00eda.\u00a0<\/a><\/div><div>\u00a0<\/div><div><b>EL DIARIO SANTIAGO<\/b>\u00a0<br \/><a href=\"http:\/\/eldiariosantiago.cl\/crean-microdispositivo-que-identifica-peligrosos-toxicos-de-pesticidas-del-agro\/\">Microdispositivo Detecta Pesticidas T\u00f3xicos del agro. Se refiere Carlos Zambra, acad\u00e9mico de la Facultad de Ingenier\u00eda.\u00a0<\/a><\/div><div>\u00a0<\/div><div><p><b>LA PRENSA DE CURIC\u00d3<\/b>\u00a0<br \/><a href=\"https:\/\/www.litoralpress.cl\/sitio\/Prensa_Detalles.cshtml?LPKey=K6AS2QC2V33RMK7BZP26QMM3H25PPNPME5PJ35RXVY255HUTAYJQ\">Entrega de reconocimientos en el 282 aniversario de Talca. Se menciona la Universidad de Talca\u00a0<\/a><\/p><\/div><div><p>\u00a0<\/p><p><b>DIARIO TALCA<\/b>\u00a0<br \/><a href=\"https:\/\/diariotalca.cl\/talca-y-sus-282-anos-su-evolucion-desde-villa-a-metropolis-emergente\/\">Talca y sus 282 a\u00f1os: evoluci\u00f3n desde villa a metr\u00f3polis emergente. Se menciona la Universidad de Talca.\u00a0<\/a><\/p><\/div><div>\u00a0<\/div><div><b>RADIO LAUTARO<\/b>\u00a0<br \/><a href=\"https:\/\/radiolautarotalca.cl\/con-diversas-actividades-talca-conmemoro-su-aniversario-282\/\">Con diversas actividades Talca conmemor\u00f3 su Aniversario 282. Se menciona la Universidad de Talca.\u00a0<\/a><\/div><div>\u00a0<\/div><div><p><b>MEDIABANCO<\/b>\u00a0<br \/><a href=\"https:\/\/www.mediabanco.com\/explora-maule-lanzo-programa-de-actividades-para-el-2024\/\">Explora Maule lanz\u00f3 programa de actividades para el 2024. Se refiere C\u00e9sar Retamal, director de Explora Maule. \u00a0<\/a><\/p><\/div><div>\u00a0<\/div><div><b>CAUQUENES.NET<\/b>\u00a0<br \/><a href=\"https:\/\/cauquenesnet.cl\/2024\/05\/11\/explora-maule-lanzo-programa-de-actividades-para-el-2024\/\">Explora Maule lanz\u00f3 programa de actividades para el 2024. Se refiere C\u00e9sar Retamal, director de Explora Maule.\u00a0<\/a><\/div><div>\u00a0<\/div><div><b>EL MOSTRADOR\u00a0<br \/><\/b><a href=\"https:\/\/www.elmostrador.cl\/noticias\/opinion\/columnas\/2024\/05\/12\/calidad-de-las-universidades-chilenas\/\">Calidad de las universidades chilenas. Se refiere \u00c1lvaro Rojas, acad\u00e9mico Facultad de Ciencias Agrarias. \u00a0<\/a><b><br \/><\/b><\/div><div>\u00a0<\/div><div><p><b>P<\/b><b>RIMERA FUENTE<\/b>\u00a0<br \/><a href=\"https:\/\/primerafuente.cl\/2024\/05\/region-del-maule-lidera-la-revolucion-tecnologica-para-la-industria-del-agro\/\">Regi\u00f3n del Maule lidera la revoluci\u00f3n tecnol\u00f3gica para la Industria del Agro. Se menciona la Universidad de Talca.\u00a0<\/a><\/p><\/div><div><p>\u00a0<\/p><p><b>NEWSESEURO<\/b>\u00a0<br \/><a href=\"https:\/\/news.eseuro.com\/local\/3412453.html\">Regi\u00f3n del Maule lidera la revoluci\u00f3n tecnol\u00f3gica para la Industria Agropecuaria. Se menciona la Universidad de Talca.\u00a0<\/a><\/p><\/div><div><p>\u00a0<\/p><p><b>EL LECTOR<\/b>\u00a0<br \/><a href=\"https:\/\/www.litoralpress.cl\/paginaconsultas\/Servicios_NClipSitio\/Get_Imagen_Nota.aspx?LPKey=C7QC4KA26I473FOGGSM6T4LMZ2UUCHXKIY5HGQDNPUGSCHEGPI7WNCHXGLT5GAWSEF4U4OJ4KCCKM\">Regi\u00f3n del Maule lidera la revoluci\u00f3n tecnol\u00f3gica para la industria del Agro. Se menciona la Universidad de Talca. \u00a0<\/a><\/p><\/div><div><p>\u00a0<\/p><p><b>SOMOS MAULE<\/b>\u00a0<br \/><a href=\"http:\/\/somosmaule.cl\/publico\/ficha\/ficha.aspx?i=65956\">Regi\u00f3n del Maule lidera la revoluci\u00f3n tecnol\u00f3gica para la Industria del Agro. Se menciona la Universidad de Talca. \u00a0<\/a><\/p><\/div><div><p>\u00a0<\/p><p><b>SAN CARLOS ONLINE<\/b>\u00a0<br \/><a href=\"https:\/\/www.sancarlosonline.cl\/2024\/05\/cooperativas-mecanizan-proceso-de.html\">Cooperativas mecanizan proceso de envasado de miel.\u00a0 Se menciona la Universidad de Talca. \u00a0<\/a><\/p><\/div><div>\u00a0<\/div><div><b>LIBERTAD RELIGIOSA<\/b>\u00a0<br \/><a href=\"http:\/\/libertadreligiosa.org\/?option=com_guestbook&amp;view=guestbook&amp;Itemid=14#!\/-xxii-coloquio\/\">XXII coloquio anual del consorcio latinoamericano de libertad religiosa. Se menciona la Universidad de Talca.\u00a0<\/a><\/div><div aria-hidden=\"true\">\u00a0<\/div><div><b>HARO DIGITAL (ESPA\u00d1A)<\/b>\u00a0<br \/><a href=\"https:\/\/harodigital.com\/vino-y-bodegas\/la-enologa-y-sumiller-elena-corzana-abre-las-jornadas-experiencias-1innovadoras-en-enologia-y-viticultura-de-la-ur\/\">La en\u00f3loga y sumiller Elena Corzana abre las Jornadas \u2018Experiencias Innovadoras en Enolog\u00eda y Viticultura\u2019 de la UR. Se menciona la Universidad de Talca. \u00a0<\/a><\/div><div>\u00a0<\/div><div><p><b>CIENCIA EN CHILE<\/b>\u00a0<br \/><a href=\"https:\/\/www.cienciaenchile.cl\/curso-de-alfabetizacion-digital-a-personas-mayores\/\">Curso de alfabetizaci\u00f3n digital a personas mayores. Se refiere Marlene Guti\u00e9rrez Urz\u00faa, directora del Programa de Formaci\u00f3n Fundamental.<\/a> \u202f\u00a0<\/p><\/div><div>\u00a0<\/div><div><b>EL MERCURIO<\/b>\u00a0<br \/><a href=\"https:\/\/www.litoralpress.cl\/paginaconsultas\/Servicios_NClipSitio\/Get_Imagen_Nota.aspx?LPKey=TE2HD2FZ5POSSWKSTQOD3WVHUKNPL5S5SY27TNAG5HW43GUDXDKXK6O2V4Y73PRMA5Z4ABBQZL3MO\">Estudiantes e Investigadores Postdoctorales del centro CRHIAM presentaron sus trabajos de investigaci\u00f3n en encuentro anual. Se menciona la Universidad de Talca. \u00a0<\/a><\/div><div class=\"x_elementToProof\">\u00a0<\/div><\/div><div class=\"x_elementToProof\">\u00a0<\/div>\t\t\t\t\t\t<\/div>\n\t\t\t\t<\/div>\n\t\t\t\t\t<\/div>\n\t\t<\/div>\n\t\t\t\t\t\t\t<\/div>\n\t\t<\/section>\n\t\t\t\t\t\t<\/div>\n\t\t\t\t\t<\/div>\n\t\t","protected":false},"excerpt":{"rendered":"<p>LA \u00daLTIMAS NOTICIAS\u00a0Cu\u00e1nto ganan los odont\u00f3logos seg\u00fan su universidad de egreso. Se refiere \u00c1lvaro Arellano Arriagada, acad\u00e9mico de la Facultad de Odontolog\u00eda. \u00a0\u00a0CANAL CNN CHILE\u00a0Obesidad Infantil &#8211; Mapa nutricional de Chile. Entrevista a Mauricio Orellana Molina, acad\u00e9mico de la Escuela de Nutrici\u00f3n y Diet\u00e9tica.\u202f\u00a0 \u00a0 DIARIO EL HERALDO\u00a0Advierten que la obesidad infantil se increment\u00f3 producto &hellip;<\/p>\n<p class=\"read-more\"> <a class=\"\" href=\"https:\/\/www.reportedeprensa.utalca.cl\/?p=9729\"> <span class=\"screen-reader-text\">13 de mayo de 2024<\/span> Read More &raquo;<\/a><\/p>\n","protected":false},"author":1,"featured_media":0,"comment_status":"closed","ping_status":"open","sticky":false,"template":"","format":"standard","meta":{"_monsterinsights_skip_tracking":false,"_monsterinsights_sitenote_active":false,"_monsterinsights_sitenote_note":"","_monsterinsights_sitenote_category":0},"categories":[48],"tags":[],"_links":{"self":[{"href":"https:\/\/www.reportedeprensa.utalca.cl\/index.php?rest_route=\/wp\/v2\/posts\/9729"}],"collection":[{"href":"https:\/\/www.reportedeprensa.utalca.cl\/index.php?rest_route=\/wp\/v2\/posts"}],"about":[{"href":"https:\/\/www.reportedeprensa.utalca.cl\/index.php?rest_route=\/wp\/v2\/types\/post"}],"author":[{"embeddable":true,"href":"https:\/\/www.reportedeprensa.utalca.cl\/index.php?rest_route=\/wp\/v2\/users\/1"}],"replies":[{"embeddable":true,"href":"https:\/\/www.reportedeprensa.utalca.cl\/index.php?rest_route=%2Fwp%2Fv2%2Fcomments&post=9729"}],"version-history":[{"count":16,"href":"https:\/\/www.reportedeprensa.utalca.cl\/index.php?rest_route=\/wp\/v2\/posts\/9729\/revisions"}],"predecessor-version":[{"id":9765,"href":"https:\/\/www.reportedeprensa.utalca.cl\/index.php?rest_route=\/wp\/v2\/posts\/9729\/revisions\/9765"}],"wp:attachment":[{"href":"https:\/\/www.reportedeprensa.utalca.cl\/index.php?rest_route=%2Fwp%2Fv2%2Fmedia&parent=9729"}],"wp:term":[{"taxonomy":"category","embeddable":true,"href":"https:\/\/www.reportedeprensa.utalca.cl\/index.php?rest_route=%2Fwp%2Fv2%2Fcategories&post=9729"},{"taxonomy":"post_tag","embeddable":true,"href":"https:\/\/www.reportedeprensa.utalca.cl\/index.php?rest_route=%2Fwp%2Fv2%2Ftags&post=9729"}],"curies":[{"name":"wp","href":"https:\/\/api.w.org\/{rel}","templated":true}]}}