{"id":9753,"date":"2024-05-14T13:38:42","date_gmt":"2024-05-14T16:38:42","guid":{"rendered":"https:\/\/www.reportedeprensa.utalca.cl\/?p=9753"},"modified":"2024-05-14T16:12:34","modified_gmt":"2024-05-14T19:12:34","slug":"14-de-mayo-de-2024","status":"publish","type":"post","link":"https:\/\/www.reportedeprensa.utalca.cl\/?p=9753","title":{"rendered":"14 de mayo de 2024"},"content":{"rendered":"\t\t<div data-elementor-type=\"wp-post\" data-elementor-id=\"9753\" class=\"elementor elementor-9753\" data-elementor-settings=\"[]\">\n\t\t\t\t\t\t\t<div class=\"elementor-section-wrap\">\n\t\t\t\t\t\t\t<section class=\"elementor-section elementor-top-section elementor-element elementor-element-bcea1a8 elementor-section-boxed elementor-section-height-default elementor-section-height-default\" data-id=\"bcea1a8\" data-element_type=\"section\">\n\t\t\t\t\t\t<div class=\"elementor-container elementor-column-gap-default\">\n\t\t\t\t\t<div class=\"elementor-column elementor-col-100 elementor-top-column elementor-element elementor-element-e7183bf\" data-id=\"e7183bf\" data-element_type=\"column\">\n\t\t\t<div class=\"elementor-widget-wrap elementor-element-populated\">\n\t\t\t\t\t\t\t\t<div class=\"elementor-element elementor-element-58d7315 elementor-widget elementor-widget-text-editor\" data-id=\"58d7315\" data-element_type=\"widget\" data-widget_type=\"text-editor.default\">\n\t\t\t\t<div class=\"elementor-widget-container\">\n\t\t\t\t\t\t\t\t<div><div class=\"x_elementToProof\"><div><b>CANAL CNN<\/b>\u00a0<br \/><a href=\"https:\/\/www.litoralpress.cl\/sitio\/RadioTV_Detalles.cshtml?LPKey=B3S5IUHNID6MSCNGJOORL76YB5LPXVIC3NPGX3XLDX7G6EMJYAYMSERVGNDXJYCHYO2D5QBXFLCIW\">147 muertos por inundaciones en Brasil. Se refiere Patricio Gonz\u00e1lez Colville, agroclimat\u00f3logo y acad\u00e9mico del Centro de Investigaci\u00f3n y Transferencia en Riego y Agroclimatolog\u00eda (CITRA).\u202f\u202f\u00a0<\/a><\/div><div>\u00a0<\/div><div><b>MEGANOTICIAS<\/b>\u00a0<br \/><a href=\"https:\/\/www.meganoticias.cl\/nacional\/447353-alertan-sobre-dano-heladas-tempranas-agricultura-brk-12-5-2024.html\">Alertan sobre el da\u00f1o a la agricultura debido a las heladas tempranas. Se refiere Patricio Gonz\u00e1lez Colville, agroclimat\u00f3logo y acad\u00e9mico del Centro de Investigaci\u00f3n y Transferencia en Riego y Agroclimatolog\u00eda (CITRA).\u202f\u202f\u00a0<\/a><br \/><br \/><\/div><div><b>MAULE HOY<\/b>\u00a0<br \/><a href=\"https:\/\/maulehoy.cl\/2024\/05\/11\/alertan-sobre-el-dano-de-las-heladas-tempranas-a-la-agricultura\/\">Alertan sobre el da\u00f1o de las heladas tempranas a la agricultura. Se refiere Patricio Gonz\u00e1lez Colville, agroclimat\u00f3logo y acad\u00e9mico del Centro de Investigaci\u00f3n y Transferencia en Riego y Agroclimatolog\u00eda (CITRA).\u202f\u202f\u00a0<\/a><\/div><div>\u00a0<\/div><div><b>24 HORAS\u00a0<br \/><\/b><a href=\"https:\/\/www.24horas.cl\/actualidad\/nacional\/probabilidades-de-llegada-de-fenomeno-climatico-la-nina-perverso-para-chile-aumentaron\">Probabilidades de llegada de fen\u00f3meno clim\u00e1tico &#8220;perverso para Chile&#8221; aumentaron a un 60%. Se refiere Patricio Gonz\u00e1lez Colville, agroclimat\u00f3logo y acad\u00e9mico del Centro de Investigaci\u00f3n y Transferencia en Riego y Agroclimatolog\u00eda (CITRA).\u202f\u202f\u00a0<\/a><\/div><div>\u00a0<\/div><div><b>DE MAR A CORDILLERA<\/b>\u00a0<br \/><a href=\"https:\/\/demaracordilleratv.cl\/2024\/05\/13\/advierten-que-heladas-tempranas-causaran-grandes-danos-a-la-agricultura\/\">Advierten que heladas tempranas causar\u00e1n grandes da\u00f1os a la agricultura. Se refiere Patricio Gonz\u00e1lez Colville, agroclimat\u00f3logo y acad\u00e9mico del Centro de Investigaci\u00f3n y Transferencia en Riego y Agroclimatolog\u00eda (CITRA).\u202f\u202f\u00a0<\/a><br \/><br \/><\/div><div><b>PORTAL PIRQUE<\/b>\u00a0<br \/><a href=\"https:\/\/www.portalpirque.cl\/index.php\/world\/19-noticias\/5432-este-lunes-se-registro-la-manana-mas-fria-del-ano-en-pirque\">Este lunes se registr\u00f3 la ma\u00f1ana m\u00e1s fr\u00eda del a\u00f1o en Pirque. Se refiere Patricio Gonz\u00e1lez Colville, agroclimat\u00f3logo y acad\u00e9mico del Centro de Investigaci\u00f3n y Transferencia en Riego y Agroclimatolog\u00eda (CITRA).\u202f\u202f\u00a0<\/a><\/div><div>\u00a0<\/div><div><b>RADIO AGRICULTURA\u00a0<br \/><\/b><a href=\"https:\/\/www.radioagricultura.cl\/nacional\/2024\/05\/11\/expertos-abordan-necesidad-de-aprobar-ley-integral-de-las-personas-mayores\/\">Expertos abordan necesidad de aprobar Ley Integral de las Personas Mayores. Se refiere Rodrigo Palomo, vicerrector acad\u00e9mico. \u00a0<\/a><b><br \/><\/b><\/div><div>\u00a0<\/div><div><b>EL MOSTRADOR<\/b>\u00a0<br \/><a href=\"https:\/\/www.elmostrador.cl\/agenda-pais\/agenda-social\/2024\/05\/13\/expertos-coinciden-en-la-relevancia-de-aprobar-la-ley-integral-de-las-personas-mayores\/\">Expertos coinciden en la relevancia de aprobar la Ley Integral de las Personas Mayores. Se refiere Rodrigo Palomo,\u00a0vicerrector acad\u00e9mico<\/a>\u00a0<br \/><br \/><\/div><div><b>DIARIO EL CENTRO<\/b>\u00a0<br \/><a href=\"https:\/\/www.diarioelcentro.cl\/2024\/05\/13\/realizaron-jornada-educativa-e-informativa-sobre-la-ley-integral-de-las-personas-mayores\/\">Realizaron jornada educativa e informativa sobre la Ley Integral de las Personas Mayores. Se menciona la Universidad de Talca. \u00a0<\/a><br \/><br \/><\/div><div><b>CHILL\u00c1N ONLINE<\/b>\u00a0<br \/><a href=\"https:\/\/www.chillanonline.cl\/V7\/2024\/05\/13\/expresan-inquietudes-en-jornada-educativa-respecto-a-ley-integral-de-las-personas-mayores\/\">Expresan inquietudes en jornada educativa respecto a Ley Integral de las Personas Mayores. Se menciona la Universidad de Talca.<\/a> \u00a0<br \/><br \/><\/div><div><b>24 HORAS\u00a0<br \/><\/b><a href=\"https:\/\/www.24horas.cl\/data\/20-anos-ley-divorcio-chile-700-mil-parejas-terminar-matrimonio\">A dos d\u00e9cadas de la Ley de divorcio en Chile: 2023 registr\u00f3 la menor cantidad de disoluciones en 15 a\u00f1os. Se refiere Jorge del Pic\u00f3, director del Centro de Derechos de las Minor\u00edas y Gesti\u00f3n de la Diversidad.\u00a0<\/a><b><br \/><\/b><\/div><div>\u00a0<\/div><div><b>RADIO ALLEN<\/b>\u00a0<br \/><a href=\"https:\/\/radioallen.cl\/pais-a-20-anos-de-ley-que-regulo-el-divorcio-en-chile-en-que-se-avanzo-y-que-queda-por-hacer\/\">Pa\u00eds: A 20 a\u00f1os de ley que regul\u00f3 el divorcio en Chile, \u00bfen qu\u00e9 se avanz\u00f3 y qu\u00e9 queda por hacer? Se refiere Jorge del Pic\u00f3, director del Centro de Derechos de las Minor\u00edas y Gesti\u00f3n de la Diversidad<\/a>.\u00a0<br \/><br \/><\/div><div><b>EL LECTOR<\/b>\u00a0<br \/><a href=\"https:\/\/www.litoralpress.cl\/sitio\/Prensa_Detalles.cshtml?LPKey=Y6VKBNNH2CDRTP6EL76DKZ3SUZFRCEORII3IYFBTH5DCIFC25FZQ\">A 20 a\u00f1os de ley que regul\u00f3 el divorcio en Chile: \u00bfen qu\u00e9 se avanz\u00f3 y qu\u00e9 queda por hacer? Se refiere Jorge del Pic\u00f3, director del Centro de Derechos de las Minor\u00edas y Gesti\u00f3n de la Diversidad.\u00a0<\/a><br \/><br \/><\/div><div><b>AD PRENSA<\/b>\u00a0<br \/><a href=\"https:\/\/www.adprensa.cl\/cronica\/a-20-anos-de-ley-que-regulo-el-divorcio-en-chile-en-que-se-avanzo-y-que-queda-por-hacer\/\">A 20 a\u00f1os de ley que regul\u00f3 el divorcio en Chile: \u00bfen qu\u00e9 se avanz\u00f3 y qu\u00e9 queda por hacer? Se refiere Jorge del Pic\u00f3, director del Centro de Derechos de las Minor\u00edas y Gesti\u00f3n de la Diversidad.\u00a0<\/a><br \/><br \/><\/div><div><b>EL CALBUCANO<\/b>\u00a0<br \/><a href=\"https:\/\/www.elcalbucano.cl\/2024\/05\/a-20-anos-de-ley-que-regulo-el-divorcio-en-chile\/\">A 20 a\u00f1os de ley que regul\u00f3 el divorcio en Chile. Se refiere Jorge del Pic\u00f3, director del Centro de Derechos de las Minor\u00edas y Gesti\u00f3n de la Diversidad.\u00a0<\/a><br \/><br \/><\/div><div><b>MEDIABANCO<\/b>\u00a0<br \/><a href=\"https:\/\/www.mediabanco.com\/a-20-anos-de-ley-que-regulo-el-divorcio-en-chile-en-que-se-avanzo-y-que-queda-por-hacer\/\">A 20 a\u00f1os de ley que regul\u00f3 el divorcio en Chile: \u00bfen qu\u00e9 se avanz\u00f3 y qu\u00e9 queda por hacer? Se refiere Jorge del Pic\u00f3, director del Centro de Derechos de las Minor\u00edas y Gesti\u00f3n de la Diversidad.\u00a0<\/a><br \/><br \/><\/div><div><b>EN ESTRADO<\/b>\u00a0<br \/><a href=\"https:\/\/www.litoralpress.cl\/sitio\/MediosOnline_Detalles.cshtml?LPKey=FZTG6NTECPBBXLVEMSNC7WTPPP32RWK5VW6L6GOW5QCYKEK5DGZ2T32ZGSSMAFLDGV3P5IKZT45SG\">A 20 a\u00f1os de ley que regul\u00f3 el divorcio en Chile: \u00bfen qu\u00e9 se avanz\u00f3 y qu\u00e9 queda por hacer? Se refiere Jorge del Pic\u00f3, director del Centro de Derechos de las Minor\u00edas y Gesti\u00f3n de la Diversidad.\u00a0<\/a><br \/><br \/><\/div><div><b>CHILL\u00c1N ONLINE<\/b>\u00a0<br \/><a href=\"https:\/\/www.chillanonline.cl\/V7\/2024\/05\/13\/a-20-anos-de-ley-que-regulo-el-divorcio-en-chile-en-que-se-avanzo-y-que-queda-por-hacer\/\">A 20 a\u00f1os de ley que regul\u00f3 el divorcio en Chile: \u00bfen qu\u00e9 se avanz\u00f3 y qu\u00e9 queda por hacer? Se refiere Jorge del Pic\u00f3, director del Centro de Derechos de las Minor\u00edas y Gesti\u00f3n de la Diversidad.\u00a0<\/a><br \/><br \/><\/div><div><b>TIERRA AMARILLANO<\/b>\u00a0<br \/><a href=\"https:\/\/tierramarillano.cl\/2024\/05\/13\/a-20-anos-de-ley-que-regulo-el-divorcio-en-chile-en-que-se-avanzo-y-que-queda-por-hacer\/\">A 20 a\u00f1os de ley que regul\u00f3 el divorcio en Chile: \u00bfen qu\u00e9 se avanz\u00f3 y qu\u00e9 queda por hacer? Se refiere Jorge del Pic\u00f3, director del Centro de Derechos de las Minor\u00edas y Gesti\u00f3n de la Diversidad.\u00a0<\/a><\/div><div>\u00a0<\/div><div><b>EL UNIVERSO (ECUADOR)\u00a0<br \/><\/b><a href=\"https:\/\/www.eluniverso.com\/larevista\/salud\/que-beneficios-tiene-el-tomate-crudo-nota\/\">La verdura que fortalece los pulmones y contiene vitaminas A, C y K, potasio y hierro. Se menciona la Universidad de Talca. \u00a0<\/a><b><br \/><\/b><\/div><div>\u00a0<\/div><div><b>INFOBAE (ARGENTINA)\u00a0<br \/><\/b><a href=\"https:\/\/www.infobae.com\/salud\/2024\/05\/08\/los-8-beneficios-para-la-salud-poco-conocidos-del-tomate\/\">Los 8 beneficios para la salud poco conocidos del tomate. Se menciona la Universidad de Talca. \u00a0<\/a><\/div><div>\u00a0<\/div><div><b>RADIO BIOB\u00cdO\u00a0<br \/><\/b><a href=\"https:\/\/www.biobiochile.cl\/noticias\/servicios\/explicado\/2024\/05\/10\/por-menos-de-10-mil-como-aislar-el-frio-de-tu-hogar-de-manera-facil-con-este-simple-elemento.shtml\">Por menos de $10 mil: C\u00f3mo aislar el fr\u00edo de tu hogar de manera f\u00e1cil con este simple elemento. Se refiere Mar\u00eda Luisa del Campo, directora del Centro Tecnol\u00f3gico KIPUS.<\/a><\/div><div><b>\u00a0<\/b><\/div><div><b>LA PRENSA CURIC\u00d3\u00a0<br \/><\/b><a href=\"https:\/\/www.litoralpress.cl\/paginaconsultas\/Servicios_NClipSitio\/Get_Imagen_Nota.aspx?LPKey=JAG2GNZHTXWVUZMGB2O6Y7BIKWHJFQKCWQJ4OAQ24P6NXO4IAQOUSZALC3JJSUIPQLC7WS2XNS7IE\">Explora Maule present\u00f3 programa de actividades. Se refiere C\u00e9sar Retamal, director de Explora Maule. \u202f\u00a0<\/a><b><br \/><\/b><\/div><div>\u00a0<\/div><div><b>CAUQUENES.NET<\/b>\u00a0<br \/><a href=\"https:\/\/cauquenesnet.cl\/2024\/05\/11\/explora-maule-lanzo-programa-de-actividades-para-el-2024\/\">Explora Maule lanz\u00f3 programa de actividades para el 2024. Se refiere C\u00e9sar Retamal, director de Explora Maule. \u202f\u00a0<\/a><br \/><br \/><\/div><div><b>PUBLIMICRO<\/b>\u00a0<br \/><a href=\"https:\/\/publimicro.cl\/proyecto-explora-maule-de-la-universidad-de-talca-lanzo-su-programa-de-actividades-2024-para-el-mundo-escolar\/\">Proyecto \u201cExplora Maule\u201d de la Universidad de Talca, lanz\u00f3 su programa de actividades 2024 para el mundo escolar. Se refiere C\u00e9sar Retamal, director de Explora Maule. \u202f\u00a0<\/a><br \/><br \/><\/div><div><b>DIARIO LA PRENSA<\/b>\u00a0<br \/><a href=\"https:\/\/new.diariolaprensa.cl\/index.php\/2024\/05\/13\/explora-maule-presento-programa-de-actividades\/\">Explora Maule lanz\u00f3 programa de actividades para el 2024. Se refiere C\u00e9sar Retamal, director de Explora Maule.<\/a> \u202f\u00a0<br \/><br \/><\/div><div><b>RADIO LAUTARO\u00a0<br \/><\/b><a href=\"https:\/\/www.litoralpress.cl\/sitio\/RadioTV_Detalles.cshtml?LPKey=S7DUSOSE63SBB5FAPDZCOHT5EDMDBBXNBYKM5CYWD6UHSRILC3NROTU5IKWAJFMJGVZHY3EZOVQCY\">An\u00e1lisis de la Electromovilidad. Entrevista a Cristian Garc\u00eda, acad\u00e9mico Facultad de Ingenier\u00eda. <\/a><b><br \/><\/b><\/div><div>\u00a0<\/div><div><b>EL DIARIO DE SANTIAGO<\/b>\u00a0<br \/><a href=\"http:\/\/eldiariosantiago.cl\/crean-microdispositivo-que-identifica-peligrosos-toxicos-de-pesticidas-del-agro\/\">Crean microdispositivo que identifica peligrosos t\u00f3xicos de pesticidas del agro. Se refiere Carlos Zambra, acad\u00e9mico de la Facultad de Ingenier\u00eda.\u202f\u00a0<\/a><br \/><br \/><\/div><div><b>SIN EDITAR NOTICIAS CHILE<\/b>\u00a0<br \/><a href=\"https:\/\/sineditarnoticiaschile.cl\/2024\/05\/08\/con-jornada-educativa-en-talca-y-linares-se-dio-a-conocer-el-proyecto-de-ley-integral-de-las-personas-mayores\/\">Con Jornada Educativa en Talca y Linares se dio a conocer el proyecto de Ley Integral de las Personas Mayores. Se refiere Iv\u00e1n Palomo, acad\u00e9mico de la Facultad de Ciencias\u202fde la Salud.\u202f\u00a0<\/a><br \/><br \/><\/div><div><b>CANAL 30 MULTICOM<\/b>\u00a0<br \/><a href=\"https:\/\/www.litoralpress.cl\/sitio\/RadioTV_Detalles.cshtml?LPKey=SHXJLE7MF6PVORWJ4KUK5BAJ4PKIKKIIS3HDEKTBLD34UT7MUTNQOHPXW7PSYFGBUXCUKL3KGZVNY\">\u00bfQu\u00e9 es la celiaqu\u00eda? Se refiere Paula Contreras Rebolledo, acad\u00e9mica de la Escuela de Nutrici\u00f3n y Diet\u00e9tica.\u00a0<\/a><br \/><br \/><\/div><div><b>RADIO INFINITA<\/b>\u00a0<br \/><a href=\"https:\/\/www.litoralpress.cl\/sitio\/RadioTV_Detalles.cshtml?LPKey=JR2YXKESE6QVTTQ5QHVFWKHETGFXGD5W7CELKDDYLCEPJCE6XKZX22LSLYC5WHBLWXDYLPAVOLU46\">Comentario de pol\u00edtica de Mauricio Morales, director del Centro de An\u00e1lisis Pol\u00edtico (CAP).\u00a0<\/a><br \/><br \/><\/div><div><b>EMOL\u00a0<br \/><\/b><a href=\"https:\/\/www.emol.com\/noticias\/Nacional\/2024\/05\/13\/1130573\/fast-track-seguridad-economia-analisis.html\">\u00bfEs factible? Los cuestionamientos y el debate que surge por la tramitaci\u00f3n de dos &#8216;fast track&#8217; legislativos. Se refiere Mario Herrera Mu\u00f1oz, acad\u00e9mico del Centro de An\u00e1lisis Pol\u00edtico (CAP)<\/a><b><br \/><\/b><\/div><div>\u00a0<\/div><div><b>EL MOSTRADOR\u00a0<br \/><\/b><a href=\"https:\/\/www.elmostrador.cl\/noticias\/opinion\/cartas\/2024\/05\/13\/crisis-de-seguridad-y-tarea-legislativa\/\">Crisis de seguridad y tarea legislativa. Se refiere Diego Palomo, acad\u00e9mico de la Facultad de Ciencias Jur\u00eddicas y Sociales. \u00a0<\/a><b><br \/><\/b><\/div><div>\u00a0<\/div><div><b>EL CIUDADANO<\/b>\u00a0<br \/><a href=\"https:\/\/www.elciudadano.com\/actualidad\/este-lunes-comienza-la-semana-mundial-del-parto-respetado\/05\/13\/\">Este lunes comienza la Semana Mundial del Parto Respetado. Se menciona la Universidad de Talca.\u00a0<\/a><br \/><br \/><\/div><div><b>TERRA<\/b>\u00a0<br \/><a href=\"https:\/\/www.terra.cl\/nacionales\/2024\/5\/13\/toma-asiento-antes-de-conocer-cuanto-gana-un-odontologo-de-la-universidad-de-chile-31591.html\">Toma asiento antes de conocer cu\u00e1nto gana un odont\u00f3logo de la Universidad de Chile. Se menciona la Universidad de Talca.\u00a0<\/a><br \/><br \/><\/div><div><b>ATENTOS<\/b>\u00a0<br \/><a href=\"https:\/\/www.atentos.cl\/talca-conmemoro-su-aniversario-282-con-honores-y-reconocimientos\/\">Talca conmemor\u00f3 su Aniversario 282 con honores y reconocimientos. Se menciona la Universidad de Talca.\u00a0<\/a><br \/><br \/><\/div><div><b>SER\u00c1 NOTICIA<\/b>\u00a0<br \/><a href=\"https:\/\/seranoticia.cl\/2024\/05\/13\/talca-conmemoro-aniversario-282-con-te-deum-y-emotiva-ceremonia\/\">Talca conmemor\u00f3 aniversario 282 con Te Deum y emotiva ceremonia. Se menciona la Universidad de Talca.\u00a0<\/a><br \/><br \/><\/div><div><b>PUBLIMICRO<\/b>\u00a0<br \/><a href=\"https:\/\/publimicro.cl\/talca-conmemoro-su-aniversario-282-de-su-fundacion-nombrando-hija-ilustre-ciudadano-ilustre-e-institucion-destacada-de-la-sociedad\/\">Talca conmemor\u00f3 su aniversario 282 de su fundaci\u00f3n, nombrando Hija Ilustre, Ciudadano Ilustre e Instituci\u00f3n destacada de la Sociedad. Se menciona la Universidad de Talca.\u00a0<\/a><br \/><br \/><\/div><div><b>DIARIO TALCA<\/b>\u00a0<br \/><a href=\"https:\/\/diariotalca.cl\/talca-conmemoro-su-aniversario-282-con-te-deum-y-emotiva-ceremonia\/\">Talca conmemor\u00f3 aniversario 282 con Te Deum y emotiva ceremonia. Se menciona la Universidad de Talca.\u00a0<\/a><br \/><br \/><\/div><div><b>AM NOTICIAS<\/b>\u00a0<br \/><a href=\"https:\/\/amnoticias.cl\/talca-conmemoro-su-aniversario282-con-honores-y-reconocimientos\/\">Talca conmemor\u00f3 su Aniversario282 con honores y reconocimientos. Se menciona la Universidad de Talca. <\/a>\u00a0<\/div><div><br \/><b>DIARIO LA MA\u00d1ANA<\/b>\u00a0<br \/><a href=\"https:\/\/xn--diariolamaana-rkb.cl\/2024\/05\/13\/talca-conmemoro-su-aniversario282-con-honores-y-reconocimientos\/\">Talca conmemor\u00f3 su Aniversario282 con honores y reconocimientos. Se menciona la Universidad de Talca.\u00a0<\/a><br \/><br \/><\/div><div><b>DIARIO LA PRENSA<\/b>\u00a0<br \/><a href=\"https:\/\/new.diariolaprensa.cl\/index.php\/2024\/05\/13\/con-la-entrega-de-tres-designaciones-de-ciudadanos-ilustres-talca-celebra-nuevo-aniversario\/\">Con la entrega de tres designaciones de Ciudadanos Ilustres Talca celebra nuevo aniversario. Se menciona la Universidad de Talca.\u00a0<\/a><br \/><br \/><b>LA PRENSA CURIC\u00d3<\/b>\u00a0<br \/><a href=\"https:\/\/www.litoralpress.cl\/paginaconsultas\/Servicios_NClipSitio\/Get_Imagen_Nota.aspx?LPKey=65V3NAI2LO7OYH2WKT7GL2DX3UBAZXLTURZSGCML76DEMLJKUT523WU3DFCIBPZJKYSHKU5JDWDGK\">Con la entrega de tres designaciones de Ciudadanos Ilustres comuna de Talca celebra nuevo aniversario. Se menciona la Universidad de Talca.\u00a0<\/a><br \/><br \/><\/div><div><b>LA PRENSA DE CURIC\u00d3<\/b>\u00a0<br \/><a href=\"https:\/\/www.litoralpress.cl\/paginaconsultas\/Servicios_NClipSitio\/Get_Imagen_Nota.aspx?LPKey=SJLUBAC4KG5GRM2R7Y3SEW6NKOXY2KLCZ3MSBP2QZ2KQ32E4BZO6NN56G6XZ5DYYWG6JAMCIZWEEU\">La Regi\u00f3n del Maule lidera la revoluci\u00f3n tecnol\u00f3gica para la Industria del Agro. Se menciona la Universidad de Talca.\u00a0<\/a><br \/><br \/><\/div><div><b>LA TRIBUNA<\/b>\u00a0<br \/><a href=\"https:\/\/www.litoralpress.cl\/paginaconsultas\/Servicios_NClipSitio\/Get_Imagen_Nota.aspx?LPKey=7H5BALZ5TEKV35IWQKHC5EN63D3NZ7NBLELBWHT2PX35XFT5X4KTY6J5QGZROPIKN4PGNWEKXXGZ6\">Academia de Ballet Erika Meza mantiene vigente un legado con m\u00e1s de 20 a\u00f1os de historia. Se menciona la Universidad de Talca.\u00a0<\/a><br \/><br \/><\/div><div><b>MAULE HOY<\/b>\u00a0<br \/><a href=\"https:\/\/maulehoy.cl\/2024\/05\/11\/con-gran-afluencia-de-publico-se-desarrollo-la-feria-vocacional-liceo-marta-donoso-espejo-en-talca\/\">Con gran afluencia de p\u00fablico se desarroll\u00f3 la Feria Vocacional Liceo Marta Donoso Espejo en Talca. Se menciona la Universidad de Talca<\/a>\u00a0<br \/><br \/><\/div><div><b>MAULE HOY<\/b>\u00a0<br \/><a href=\"https:\/\/maulehoy.cl\/2024\/05\/11\/este-concierto-es-un-momento-culmine-fruto-del-esfuerzo-de-todos-estos-anos-dedicados-a-la-musica\/\">Este concierto es un momento culmine, fruto del esfuerzo de todos estos a\u00f1os dedicados a la m\u00fasica. Se menciona la Universidad de Talca.\u00a0<\/a><br \/><br \/><\/div><div><b>MAULE HOY<\/b>\u00a0<br \/><a href=\"https:\/\/maulehoy.cl\/2024\/05\/11\/director-del-hospital-de-parral-rinde-exitosa-cuenta-publica\/\">Director del Hospital de Parral rinde exitosa Cuenta P\u00fablica. Se menciona la Universidad de Talca.\u00a0<\/a><br \/><br \/><\/div><div><b>LA PRENSA CURIC\u00d3<\/b>\u00a0<br \/><a href=\"https:\/\/www.litoralpress.cl\/paginaconsultas\/Servicios_NClipSitio\/Get_Imagen_Nota.aspx?LPKey=PJNRM6ILTDRVNAWFDXKVORQ3GHXLAWPUUEC2AJVQ2PBZTN33YREBW6HIYIDA5VB7HN6QBJXELMEAO\">Sucede. Se menciona la Universidad de Talca. \u00a0<\/a><br \/><br \/><\/div><\/div><\/div><div class=\"x_elementToProof\">\u00a0<\/div>\t\t\t\t\t\t<\/div>\n\t\t\t\t<\/div>\n\t\t\t\t\t<\/div>\n\t\t<\/div>\n\t\t\t\t\t\t\t<\/div>\n\t\t<\/section>\n\t\t\t\t\t\t<\/div>\n\t\t\t\t\t<\/div>\n\t\t","protected":false},"excerpt":{"rendered":"<p>CANAL CNN\u00a0147 muertos por inundaciones en Brasil. Se refiere Patricio Gonz\u00e1lez Colville, agroclimat\u00f3logo y acad\u00e9mico del Centro de Investigaci\u00f3n y Transferencia en Riego y Agroclimatolog\u00eda (CITRA).\u202f\u202f\u00a0\u00a0MEGANOTICIAS\u00a0Alertan sobre el da\u00f1o a la agricultura debido a las heladas tempranas. Se refiere Patricio Gonz\u00e1lez Colville, agroclimat\u00f3logo y acad\u00e9mico del Centro de Investigaci\u00f3n y Transferencia en Riego y Agroclimatolog\u00eda &hellip;<\/p>\n<p class=\"read-more\"> <a class=\"\" href=\"https:\/\/www.reportedeprensa.utalca.cl\/?p=9753\"> <span class=\"screen-reader-text\">14 de mayo de 2024<\/span> Read More &raquo;<\/a><\/p>\n","protected":false},"author":1,"featured_media":0,"comment_status":"closed","ping_status":"open","sticky":false,"template":"","format":"standard","meta":{"_monsterinsights_skip_tracking":false,"_monsterinsights_sitenote_active":false,"_monsterinsights_sitenote_note":"","_monsterinsights_sitenote_category":0},"categories":[48],"tags":[],"_links":{"self":[{"href":"https:\/\/www.reportedeprensa.utalca.cl\/index.php?rest_route=\/wp\/v2\/posts\/9753"}],"collection":[{"href":"https:\/\/www.reportedeprensa.utalca.cl\/index.php?rest_route=\/wp\/v2\/posts"}],"about":[{"href":"https:\/\/www.reportedeprensa.utalca.cl\/index.php?rest_route=\/wp\/v2\/types\/post"}],"author":[{"embeddable":true,"href":"https:\/\/www.reportedeprensa.utalca.cl\/index.php?rest_route=\/wp\/v2\/users\/1"}],"replies":[{"embeddable":true,"href":"https:\/\/www.reportedeprensa.utalca.cl\/index.php?rest_route=%2Fwp%2Fv2%2Fcomments&post=9753"}],"version-history":[{"count":4,"href":"https:\/\/www.reportedeprensa.utalca.cl\/index.php?rest_route=\/wp\/v2\/posts\/9753\/revisions"}],"predecessor-version":[{"id":9768,"href":"https:\/\/www.reportedeprensa.utalca.cl\/index.php?rest_route=\/wp\/v2\/posts\/9753\/revisions\/9768"}],"wp:attachment":[{"href":"https:\/\/www.reportedeprensa.utalca.cl\/index.php?rest_route=%2Fwp%2Fv2%2Fmedia&parent=9753"}],"wp:term":[{"taxonomy":"category","embeddable":true,"href":"https:\/\/www.reportedeprensa.utalca.cl\/index.php?rest_route=%2Fwp%2Fv2%2Fcategories&post=9753"},{"taxonomy":"post_tag","embeddable":true,"href":"https:\/\/www.reportedeprensa.utalca.cl\/index.php?rest_route=%2Fwp%2Fv2%2Ftags&post=9753"}],"curies":[{"name":"wp","href":"https:\/\/api.w.org\/{rel}","templated":true}]}}