{"id":9769,"date":"2024-05-15T13:18:08","date_gmt":"2024-05-15T16:18:08","guid":{"rendered":"https:\/\/www.reportedeprensa.utalca.cl\/?p=9769"},"modified":"2024-05-15T13:25:08","modified_gmt":"2024-05-15T16:25:08","slug":"15-de-mayo-de-2024","status":"publish","type":"post","link":"https:\/\/www.reportedeprensa.utalca.cl\/?p=9769","title":{"rendered":"15 de mayo de 2024"},"content":{"rendered":"\t\t<div data-elementor-type=\"wp-post\" data-elementor-id=\"9769\" class=\"elementor elementor-9769\" data-elementor-settings=\"[]\">\n\t\t\t\t\t\t\t<div class=\"elementor-section-wrap\">\n\t\t\t\t\t\t\t<section class=\"elementor-section elementor-top-section elementor-element elementor-element-bcea1a8 elementor-section-boxed elementor-section-height-default elementor-section-height-default\" data-id=\"bcea1a8\" data-element_type=\"section\">\n\t\t\t\t\t\t<div class=\"elementor-container elementor-column-gap-default\">\n\t\t\t\t\t<div class=\"elementor-column elementor-col-100 elementor-top-column elementor-element elementor-element-e7183bf\" data-id=\"e7183bf\" data-element_type=\"column\">\n\t\t\t<div class=\"elementor-widget-wrap elementor-element-populated\">\n\t\t\t\t\t\t\t\t<div class=\"elementor-element elementor-element-58d7315 elementor-widget elementor-widget-text-editor\" data-id=\"58d7315\" data-element_type=\"widget\" data-widget_type=\"text-editor.default\">\n\t\t\t\t<div class=\"elementor-widget-container\">\n\t\t\t\t\t\t\t\t<div><b>AD PRENSA \u00a0<br \/><\/b><a href=\"https:\/\/www.adprensa.cl\/cronica\/deficit-de-medicos-especialistas-utalca-apuesta-por-la-formacion-de-profesionales-de-alta-calidad\/\">D\u00e9ficit de m\u00e9dicos especialistas: UTalca apuesta por la formaci\u00f3n de profesionales de alta calidad. Se refiere Ernesto Sol\u00eds A\u00f1ez, director de la Escuela de Medicina \u00a0<\/a><b><br \/><\/b><\/div><div>\u00a0<\/div><div><b>MEDIA BANCO<\/b>\u00a0<br \/><a href=\"https:\/\/www.mediabanco.com\/deficit-de-medicos-especialistas-utalca-apuesta-por-la-formacion-de-profesionales-de-alta-calidad\/\">D\u00e9ficit de m\u00e9dicos especialistas: UTalca apuesta por la formaci\u00f3n de profesionales de alta calidad. Se refiere Ernesto Sol\u00eds A\u00f1ez, director de la Escuela de Medicina \u00a0<\/a><br \/>\u00a0<\/div><div><b>RADIO ALLEN<\/b>\u00a0<br \/><a href=\"https:\/\/radioallen.cl\/deficit-de-medicos-especialistas-utalca-apuesta-por-la-formacion-de-profesionales-de-alta-calidad\/\">D\u00e9ficit de m\u00e9dicos especialistas: UTalca apuesta por la formaci\u00f3n de profesionales de alta calidad. Se refiere Ernesto Sol\u00eds A\u00f1ez, director de la Escuela de Medicina\u00a0<\/a><\/div><div><a id=\"OWA3653f11a-8dc1-9553-d3a7-2da6a3f6bf58\" class=\"x_x_Hyperlink x_x_SCXW157869582 x_x_BCX0 x_x_OWAAutoLink\" href=\"https:\/\/radioallen.cl\/deficit-de-medicos-especialistas-utalca-apuesta-por-la-formacion-de-profesionales-de-alta-calidad\/\" target=\"_blank\" rel=\"noopener noreferrer\" data-auth=\"NotApplicable\" data-loopstyle=\"linkonly\" data-linkindex=\"2\"><\/a>\u00a0<\/div><div><b>EL MOSTRADOR\u00a0<br \/><\/b><a href=\"https:\/\/www.elmostrador.cl\/agenda-pais\/agenda-social\/2024\/05\/14\/a-20-anos-de-ley-que-regulo-el-divorcio-en-chile-en-que-se-avanzo-y-que-queda-por-hacer\/\">A 20 a\u00f1os de ley que regul\u00f3 el divorcio en Chile: \u00bfen qu\u00e9 se avanz\u00f3 y qu\u00e9 queda por hacer? Se refiere Jorge del Pic\u00f3 Rubio, director del Centro de Derechos de las Minor\u00edas y Gesti\u00f3n de la Diversidad.\u00a0<\/a><b><br \/><\/b><\/div><div>\u00a0<\/div><div><b>RADIO USACH<\/b><\/div><div><a href=\"https:\/\/www.litoralpress.cl\/sitio\/RadioTV_Detalles.cshtml?LPKey=7Y5UJ6K7EPPAVKEYWMAHZDZCUJKBQ35FTRQWJ6DD2CGWBKRKYK5HWRWPWQPGF45UXJC2266XSYVGI\">20 a\u00f1os de ley que regul\u00f3 el divorcio en Chile. Entrevista a Jorge del Pic\u00f3, director del Centro de Derechos de las Minor\u00edas y Gesti\u00f3n de la Diversidad.\u00a0<\/a><\/div><div><br \/><b>EL LECTOR<\/b>\u00a0<br \/><a href=\"https:\/\/www.litoralpress.cl\/paginaconsultas\/Servicios_NClipSitio\/Get_Imagen_Nota.aspx?LPKey=V5XB7PYFMAEAAM6MDTP2FNI2FESAQ7L2OPVEZBB23QWLYZIO3BKOW64MSPLN54MYIZABPJBFAWMDE\">A 20 a\u00f1os de ley que regul\u00f3 el divorcio en Chile: \u00bfen qu\u00e9 se avanz\u00f3 y qu\u00e9 queda por hacer? Se refiere Jorge del Pic\u00f3 Rubio, director del Centro de Derechos de las Minor\u00edas y Gesti\u00f3n de la Diversidad.<\/a>\u00a0<br \/><br \/><\/div><div><b>NEWSESEURO<\/b>\u00a0<br \/><a href=\"https:\/\/news.eseuro.com\/local\/3422757.html\">\u00bfQu\u00e9 avances se han logrado y qu\u00e9 queda por hacer? Se refiere Jorge del Pic\u00f3 Rubio, director del Centro de Derechos de las Minor\u00edas y Gesti\u00f3n de la Diversidad.\u00a0<\/a><br \/><br \/><\/div><div><b>EL MAULE INFORMA<\/b>\u00a0<br \/><a href=\"https:\/\/elmauleinforma.cl\/a-20-anos-de-ley-que-regulo-el-divorcio-en-chile-en-que-se-avanzo-y-que-queda-por-hacer\/\">A 20 a\u00f1os de ley que regul\u00f3 el divorcio en Chile: \u00bfen qu\u00e9 se avanz\u00f3 y qu\u00e9 queda por hacer? Se refiere Jorge del Pic\u00f3 Rubio, director del Centro de Derechos de las Minor\u00edas y Gesti\u00f3n de la Diversidad.<\/a>\u00a0<br \/><br \/><\/div><div><b>CAUQUENES.NET<\/b>\u00a0<br \/><a href=\"https:\/\/cauquenesnet.cl\/2024\/05\/14\/a-20-anos-de-ley-que-regulo-el-divorcio-en-chile-en-que-se-avanzo-y-que-queda-por-hacer\/\">A 20 a\u00f1os de ley que regul\u00f3 el divorcio en Chile: \u00bfen qu\u00e9 se avanz\u00f3 y qu\u00e9 queda por hacer? Se refiere Jorge del Pic\u00f3 Rubio, director del Centro de Derechos de las Minor\u00edas y Gesti\u00f3n de la Diversidad.\u00a0<\/a><br \/><br \/><\/div><div><b>TV MAULE<\/b>\u00a0<br \/><a href=\"https:\/\/www.tvmaule.cl\/a-20-anos-de-ley-que-regulo-el-divorcio-en-chile-en-que-se-avanzo-y-que-queda-por-hacer\/\">A 20 a\u00f1os de ley que regul\u00f3 el divorcio en Chile: \u00bfen qu\u00e9 se avanz\u00f3 y qu\u00e9 queda por hacer? Se refiere Jorge del Pic\u00f3 Rubio, director del Centro de Derechos de las Minor\u00edas y Gesti\u00f3n de la Diversidad.\u00a0<\/a><br \/><br \/><\/div><div><b>S\u00c9PTIMA P\u00c1GIMA NOTICIAS<\/b>\u00a0<br \/><a href=\"https:\/\/www.septimapaginanoticias.cl\/a-20-anos-de-ley-que-regulo-el-divorcio-en-chile-en-que-se-avanzo-y-que-queda-por-hacer\">A 20 a\u00f1os de ley que regul\u00f3 el divorcio en Chile: \u00bfen qu\u00e9 se avanz\u00f3 y qu\u00e9 queda por hacer? Se refiere Jorge del Pic\u00f3 Rubio, director del Centro de Derechos de las Minor\u00edas y Gesti\u00f3n de la Diversidad.\u00a0<\/a><\/div><div>\u00a0<\/div><div><b>LA PRENSA DE CURIC\u00d3\u00a0<br \/><\/b><a href=\"https:\/\/www.litoralpress.cl\/paginaconsultas\/Servicios_NClipSitio\/Get_Imagen_Nota.aspx?LPKey=VTPXFLRQVZT2HV3WFXHMGGQVSTKNNETLHI6CISGNK25GWQVIQX6UUPAZMDY6JGPSUAOIGEGLSPMCC\">Recalcan que cambio clim\u00e1tico est\u00e1 \u201cpotenciando\u201d el evento de La Ni\u00f1a. Se refiere Patricio Gonz\u00e1lez Colville, agroclimat\u00f3logo y acad\u00e9mico del Centro de Investigaci\u00f3n y Transferencia en Riego y Agroclimatolog\u00eda (CITRA).<\/a><b><br \/><\/b><\/div><div>\u00a0<\/div><div><b>EN LINEA MAULE<\/b>\u00a0<br \/><a href=\"https:\/\/www.litoralpress.cl\/sitio\/RadioTV_Detalles.cshtml?LPKey=3NUXQVYZ7R52D246B2XEX3ALIYTUOZPBWOBQU74RBPIM45CPY6CB5UVISN2AKBTWBXKAGGH5DPVB6\">Heladas en la zona central tendr\u00e1n efectos negativos en la agricultura. Se refiere Patricio Gonz\u00e1lez Colville, agroclimat\u00f3logo y acad\u00e9mico del Centro de Investigaci\u00f3n y Transferencia en Riego y Agroclimatolog\u00eda (CITRA).\u202f\u202f\u00a0<\/a><br \/><br \/><\/div><div><b>DIARIO LA PRENSA<\/b>\u00a0<br \/><a href=\"https:\/\/new.diariolaprensa.cl\/index.php\/2024\/05\/14\/agroclimatologo-analiza-arribo-anticipado-del-frio\/\">Agroclimat\u00f3logo analiza arribo anticipado del fr\u00edo. Se refiere Patricio Gonz\u00e1lez Colville, agroclimat\u00f3logo y acad\u00e9mico del Centro de Investigaci\u00f3n y Transferencia en Riego y Agroclimatolog\u00eda (CITRA).\u202f\u202f\u00a0<\/a><br \/><br \/><\/div><div><b>RADIO MARAY<\/b>\u00a0<br \/><a href=\"https:\/\/www.maray.cl\/probabilidades-de-llegada-de-fenomeno-climatico-perverso-para-chile-aumentaron-a-un-60\/\">Probabilidades de llegada de fen\u00f3meno clim\u00e1tico \u00abperverso para Chile\u00bb aumentaron a un 60%. Se refiere Patricio Gonz\u00e1lez Colville, agroclimat\u00f3logo y acad\u00e9mico del Centro de Investigaci\u00f3n y Transferencia en Riego y Agroclimatolog\u00eda (CITRA).\u202f\u202f\u00a0<\/a><\/div><div>\u00a0<\/div><div><b>CIENCIA EN CHILE\u00a0<br \/><\/b><a href=\"https:\/\/www.cienciaenchile.cl\/universidad-aumenta-atenciones-de-salud-para-sus-estudiantes\/\">Universidad aumenta atenciones de salud para sus estudiantes. Se refiere Daniel Jim\u00e9nez Acu\u00f1a, director de Salud del Estudiante\u00a0<\/a><\/div><div>\u00a0<\/div><div><b>AD PRENSA<\/b>\u00a0<br \/><a href=\"https:\/\/www.adprensa.cl\/cronica\/academicos-del-cies-crean-innovadora-aplicacion-para-telefonos-moviles\/\">Acad\u00e9micos del CIES crean innovadora aplicaci\u00f3n para tel\u00e9fonos m\u00f3viles. Se refiere Soraya Le\u00f3n, acad\u00e9mica Facultad de Odontolog\u00eda.\u00a0<\/a><br \/>\u00a0<\/div><div><b>CHILL\u00c1N ONLINE<\/b>\u00a0<br \/><a href=\"https:\/\/www.chillanonline.cl\/V7\/2024\/05\/14\/academicos-del-cies-crean-innovadora-aplicacion-para-telefonos-moviles\/\">Acad\u00e9micos del CIES crean innovadora aplicaci\u00f3n para tel\u00e9fonos m\u00f3viles. Se refiere Soraya Le\u00f3n, acad\u00e9mica Facultad de Odontolog\u00eda.\u00a0<\/a><br \/><br \/><\/div><div><b>ANALIZA MAULE\u00a0<br \/><\/b><a href=\"https:\/\/analizamaule.cl\/academicos-del-cies-crean-innovadora-aplicacion-paratelefonos-moviles\/\">Acad\u00e9micos del CIES crean innovadora aplicaci\u00f3n para tel\u00e9fonos m\u00f3viles. Se refiere Soraya Le\u00f3n, acad\u00e9mica Facultad de Odontolog\u00eda.\u00a0<\/a><\/div><div><b>\u00a0<\/b><\/div><div><b>EL MAULE INFORMA<\/b>\u00a0<br \/><a href=\"https:\/\/elmauleinforma.cl\/explora-maule-lanzo-programa-de-actividades-para-el-2024\/\">Explora Maule lanz\u00f3 programa de actividades para el 2024. Se refiere C\u00e9sar Retamal, jefe de la Unidad de Divulgaci\u00f3n\u00a0<\/a><br \/><br \/><\/div><div><b>RADIO LAUTARO<\/b>\u00a0<br \/><a href=\"https:\/\/radiolautarotalca.cl\/explora-maule-presento-sus-lineas-de-trabajo-enfocadas-en-la-innovacion-educativa-y-la-divulgacion-cientifica\/\">Explora Maule present\u00f3 sus l\u00edneas de trabajo enfocadas en la innovaci\u00f3n educativa y la divulgaci\u00f3n cient\u00edfica. Se refiere C\u00e9sar Retamal, jefe de la Unidad de Divulgaci\u00f3n\u00a0<\/a><\/div><div>\u00a0<\/div><div><b>EL MERCURIO\u00a0<\/b><\/div><div><a href=\"https:\/\/www.litoralpress.cl\/sitio\/Prensa_Detalles.cshtml?LPKey=5DZL5D47CAWXD6XSS3QYWJL6WSYJ7XT4NCIB426GXEANITWP23GQ\">Las razones del Gobierno para impulsar la ley corta de isapres. Se refiere Mauricio Morales Quiroga, director del Centro de An\u00e1lisis Pol\u00edtico (CAP).\u00a0<\/a><\/div><div>\u00a0<\/div><div><b>RADIO INFINITA<\/b>\u00a0<\/div><div><a href=\"https:\/\/www.litoralpress.cl\/sitio\/RadioTV_Detalles.cshtml?LPKey=JR2YXKESE6QVTTQ5QHVFWKHETGFXGD5W7CELKDDYLCEPJCE6XKZX22LSLYC5WHBLWXDYLPAVOLU46\">Comentario de pol\u00edtica de Mauricio Morales Quiroga, director del Centro de An\u00e1lisis Pol\u00edtico (CAP).\u00a0<\/a>\u00a0<br \/><b><\/b><\/div><div>\u00a0<\/div><div><b>LA PRENSA DE CURIC\u00d3\u00a0<br \/><\/b><a href=\"https:\/\/www.litoralpress.cl\/paginaconsultas\/Servicios_NClipSitio\/Get_Imagen_Nota.aspx?LPKey=2VVT52RSEOE7OU2QA56BPM6IZ3UF7KBMBHJMTU7KXBAUV6QF7WCVUQB2JRIYSVDFATXAY4JVDFPEU\">Elecciones primarias: Ganadores tendr\u00e1n la posibilidad de visibilizar desde antes su nombre. Se refiere Mario Herrera Mu\u00f1oz, acad\u00e9mico del Centro de An\u00e1lisis Pol\u00edtico (CAP).<\/a><b><br \/><\/b><\/div><div><b>\u00a0<\/b><\/div><div><b>EL UNIVERSO (ECUADOR)\u00a0<br \/><\/b><a href=\"https:\/\/www.eluniverso.com\/larevista\/salud\/que-beneficios-tiene-el-tomate-crudo-nota\/\">La verdura que fortalece los pulmones y contiene vitaminas A, C y K, potasio y hierro. Se menciona la Universidad de Talca. \u00a0<\/a><\/div><div>\u00a0<\/div><div><b>LAS \u00daLTIMAS NOTICIAS\u00a0<br \/><\/b><a href=\"https:\/\/www.litoralpress.cl\/sitio\/Prensa_Detalles.cshtml?LPKey=D3G7VARJLALHZ3AYUOFPPH5OECLZEVT4TCPVONMVAK2GN4VSF4NQ\">C\u00f3mo le fue a Chile en el ranking mundial de universidades j\u00f3venes. Se menciona la Universidad de Talca.\u00a0<\/a><b><br \/><\/b><\/div><div><b>DIARIO CONSTITUCIONAL<\/b>\u00a0<br \/><a href=\"https:\/\/www.diarioconstitucional.cl\/articulos\/ley-de-40-horas-y-rebaja-proporcional-en-una-hora-semanal-a-falta-de-acuerdo-entre-trabajador-y-empleador-el-fin-justifica-los-medios\/#google_vignette\">Ley de 40 horas y rebaja proporcional en una hora semanal a falta de acuerdo entre trabajador y empleador. \u00bfEl fin justifica los medios? Se menciona la Universidad de Talca.\u00a0<\/a><br \/><br \/><\/div><div><b>LA PRENSA DE CURIC\u00d3<\/b>\u00a0<br \/><a href=\"https:\/\/www.litoralpress.cl\/paginaconsultas\/Servicios_NClipSitio\/Get_Imagen_Nota.aspx?LPKey=ZHLUB5KJBEVFI43WRMOTOLWXLTE3XS3YAF4UGTATBIGSAZMASGB3FY4NGM5XXZO5A36EYJJFLHK3E\">Sucede. Se menciona la Universidad de Talca. \u00a0<\/a><br \/><br \/><\/div>\t\t\t\t\t\t<\/div>\n\t\t\t\t<\/div>\n\t\t\t\t\t<\/div>\n\t\t<\/div>\n\t\t\t\t\t\t\t<\/div>\n\t\t<\/section>\n\t\t\t\t\t\t<\/div>\n\t\t\t\t\t<\/div>\n\t\t","protected":false},"excerpt":{"rendered":"<p>AD PRENSA \u00a0D\u00e9ficit de m\u00e9dicos especialistas: UTalca apuesta por la formaci\u00f3n de profesionales de alta calidad. Se refiere Ernesto Sol\u00eds A\u00f1ez, director de la Escuela de Medicina \u00a0\u00a0MEDIA BANCO\u00a0D\u00e9ficit de m\u00e9dicos especialistas: UTalca apuesta por la formaci\u00f3n de profesionales de alta calidad. Se refiere Ernesto Sol\u00eds A\u00f1ez, director de la Escuela de Medicina \u00a0\u00a0RADIO ALLEN\u00a0D\u00e9ficit &hellip;<\/p>\n<p class=\"read-more\"> <a class=\"\" href=\"https:\/\/www.reportedeprensa.utalca.cl\/?p=9769\"> <span class=\"screen-reader-text\">15 de mayo de 2024<\/span> Read More &raquo;<\/a><\/p>\n","protected":false},"author":1,"featured_media":0,"comment_status":"closed","ping_status":"open","sticky":false,"template":"","format":"standard","meta":{"_monsterinsights_skip_tracking":false,"_monsterinsights_sitenote_active":false,"_monsterinsights_sitenote_note":"","_monsterinsights_sitenote_category":0},"categories":[48],"tags":[],"_links":{"self":[{"href":"https:\/\/www.reportedeprensa.utalca.cl\/index.php?rest_route=\/wp\/v2\/posts\/9769"}],"collection":[{"href":"https:\/\/www.reportedeprensa.utalca.cl\/index.php?rest_route=\/wp\/v2\/posts"}],"about":[{"href":"https:\/\/www.reportedeprensa.utalca.cl\/index.php?rest_route=\/wp\/v2\/types\/post"}],"author":[{"embeddable":true,"href":"https:\/\/www.reportedeprensa.utalca.cl\/index.php?rest_route=\/wp\/v2\/users\/1"}],"replies":[{"embeddable":true,"href":"https:\/\/www.reportedeprensa.utalca.cl\/index.php?rest_route=%2Fwp%2Fv2%2Fcomments&post=9769"}],"version-history":[{"count":4,"href":"https:\/\/www.reportedeprensa.utalca.cl\/index.php?rest_route=\/wp\/v2\/posts\/9769\/revisions"}],"predecessor-version":[{"id":9773,"href":"https:\/\/www.reportedeprensa.utalca.cl\/index.php?rest_route=\/wp\/v2\/posts\/9769\/revisions\/9773"}],"wp:attachment":[{"href":"https:\/\/www.reportedeprensa.utalca.cl\/index.php?rest_route=%2Fwp%2Fv2%2Fmedia&parent=9769"}],"wp:term":[{"taxonomy":"category","embeddable":true,"href":"https:\/\/www.reportedeprensa.utalca.cl\/index.php?rest_route=%2Fwp%2Fv2%2Fcategories&post=9769"},{"taxonomy":"post_tag","embeddable":true,"href":"https:\/\/www.reportedeprensa.utalca.cl\/index.php?rest_route=%2Fwp%2Fv2%2Ftags&post=9769"}],"curies":[{"name":"wp","href":"https:\/\/api.w.org\/{rel}","templated":true}]}}