{"id":9780,"date":"2024-05-16T10:11:20","date_gmt":"2024-05-16T13:11:20","guid":{"rendered":"https:\/\/www.reportedeprensa.utalca.cl\/?p=9780"},"modified":"2024-05-16T10:59:10","modified_gmt":"2024-05-16T13:59:10","slug":"16-de-mayo-de-2024","status":"publish","type":"post","link":"https:\/\/www.reportedeprensa.utalca.cl\/?p=9780","title":{"rendered":"16 de mayo de 2024"},"content":{"rendered":"\t\t<div data-elementor-type=\"wp-post\" data-elementor-id=\"9780\" class=\"elementor elementor-9780\" data-elementor-settings=\"[]\">\n\t\t\t\t\t\t\t<div class=\"elementor-section-wrap\">\n\t\t\t\t\t\t\t<section class=\"elementor-section elementor-top-section elementor-element elementor-element-bcea1a8 elementor-section-boxed elementor-section-height-default elementor-section-height-default\" data-id=\"bcea1a8\" data-element_type=\"section\">\n\t\t\t\t\t\t<div class=\"elementor-container elementor-column-gap-default\">\n\t\t\t\t\t<div class=\"elementor-column elementor-col-100 elementor-top-column elementor-element elementor-element-e7183bf\" data-id=\"e7183bf\" data-element_type=\"column\">\n\t\t\t<div class=\"elementor-widget-wrap elementor-element-populated\">\n\t\t\t\t\t\t\t\t<div class=\"elementor-element elementor-element-58d7315 elementor-widget elementor-widget-text-editor\" data-id=\"58d7315\" data-element_type=\"widget\" data-widget_type=\"text-editor.default\">\n\t\t\t\t<div class=\"elementor-widget-container\">\n\t\t\t\t\t\t\t\t<div><b>EL LECTOR<\/b>\u00a0<br \/><a href=\"https:\/\/www.litoralpress.cl\/paginaconsultas\/Servicios_NClipSitio\/Get_Imagen_Nota.aspx?LPKey=ADIBBIVCTD7CLGFYE3KVREDVSOVSPV27YUEFGOUV7LLOVG27TVTPEEHXZUAHSEW64CCE2HRT4METC\">D\u00e9ficit e m\u00e9dicos especialistas: UTalca apuesta por la formaci\u00f3n de profesionales de alta calidad. Se refiere Ernesto Sol\u00eds A\u00f1ez, director de la Escuela de Medicina.\u00a0<\/a><br \/><br \/><\/div><div><b>MAULE HOY\u00a0<br \/><\/b><a href=\"https:\/\/maulehoy.cl\/2024\/05\/15\/utalca-apuesta-por-la-formacion-de-profesionales-de-alta-calidad\/\">UTalca apuesta por la formaci\u00f3n de profesionales de alta calidad. Se refiere Ernesto Sol\u00eds A\u00f1ez, director de la Escuela de Medicina.\u00a0<\/a><b><br \/><\/b><\/div><div>\u00a0<\/div><div><b>RADIO ALLEN <\/b>\u00a0<br \/><a href=\"https:\/\/radioallen.cl\/pais-contagios-por-influenza-se-han-duplicado-en-comparacion-al-ano-pasado\/\">Pa\u00eds: Contagios por Influenza se han duplicado en comparaci\u00f3n al a\u00f1o pasado. Se refiere Mar\u00eda Ester Mu\u00f1oz, acad\u00e9mica de la Escuela de Enfermer\u00eda.\u00a0<\/a><br \/><br \/><\/div><div><b>CIENCIA Y SALUD<\/b>\u00a0<br \/><a href=\"https:\/\/cienciaysalud.cl\/2024\/05\/15\/contagios-por-influenza-se-han-duplicado-en-comparacion-con-el-2023\/\">Contagios por influenza se han duplicado en comparaci\u00f3n con el 2023. Se refiere Mar\u00eda Ester Mu\u00f1oz, acad\u00e9mica de la Escuela de Enfermer\u00eda.\u00a0<\/a><br \/><br \/><\/div><div><b>MEDIABANCO<\/b>\u00a0<br \/><a href=\"https:\/\/www.mediabanco.com\/contagios-por-influenza-se-han-duplicado-en-comparacion-al-ano-pasado\/\">Contagios por influenza se han duplicado en comparaci\u00f3n con el 2023. Se refiere Mar\u00eda Ester Mu\u00f1oz, acad\u00e9mica de la Escuela de Enfermer\u00eda.\u00a0<\/a><br \/><br \/><\/div><div><b>DIARIOS EN RED\u00a0<br \/><\/b><a href=\"https:\/\/www.diariosenred.com\/nacional\/contagios-por-influenza-se-han-duplicado-en-comparacion-al-ano-pasado\">Contagios por influenza se han duplicado en comparaci\u00f3n con el 2023. Se refiere Mar\u00eda Ester Mu\u00f1oz, acad\u00e9mica de la Escuela de Enfermer\u00eda.\u00a0<\/a><b><br \/><\/b><\/div><div>\u00a0<\/div><div><b>RED TARAPAC\u00c1<\/b>\u00a0<br \/><a href=\"https:\/\/www.redtarapaca.com\/nacional\/contagios-por-influenza-se-han-duplicado-en-comparacion-al-ano-pasado\">Contagios por influenza se han duplicado en comparaci\u00f3n con el 2023. Se refiere Mar\u00eda Ester Mu\u00f1oz, acad\u00e9mica de la Escuela de Enfermer\u00eda.\u00a0<\/a><br \/><br \/><\/div><div><b>RED \u00d1UBLE<\/b>\u00a0<br \/><a href=\"https:\/\/www.rednuble.com\/nacional\/contagios-por-influenza-se-han-duplicado-en-comparacion-al-ano-pasado\">Contagios por influenza se han duplicado en comparaci\u00f3n con el 2023. Se refiere Mar\u00eda Ester Mu\u00f1oz, acad\u00e9mica de la Escuela de Enfermer\u00eda.\u00a0<\/a><br \/><br \/><\/div><div><b>RED LOS LAGOS<\/b>\u00a0<br \/><a href=\"https:\/\/www.redloslagos.com\/nacional\/contagios-por-influenza-se-han-duplicado-en-comparacion-al-ano-pasado\">Contagios por influenza se han duplicado en comparaci\u00f3n con el 2023. Se refiere Mar\u00eda Ester Mu\u00f1oz, acad\u00e9mica de la Escuela de Enfermer\u00eda.\u00a0<\/a><br \/><br \/><\/div><div><b>RED ARAUCAN\u00cdA<\/b>\u00a0<br \/><a href=\"https:\/\/www.redaraucania.com\/nacional\/contagios-por-influenza-se-han-duplicado-en-comparacion-al-ano-pasado\">Contagios por influenza se han duplicado en comparaci\u00f3n con el 2023. Se refiere Mar\u00eda Ester Mu\u00f1oz, acad\u00e9mica de la Escuela de Enfermer\u00eda.\u00a0<\/a><br \/><br \/><\/div><div><b>G5 NOTICIAS<\/b>\u00a0<br \/><a href=\"https:\/\/g5noticias.cl\/2024\/05\/15\/contagios-por-influenza-se-han-duplicado-en-comparacion-al-ano-pasado\/\">Contagios por influenza se han duplicado en comparaci\u00f3n con el 2023. Se refiere Mar\u00eda Ester Mu\u00f1oz, acad\u00e9mica de la Escuela de Enfermer\u00eda.\u00a0<\/a><br \/><br \/><\/div><div><b>DIARIO HERALDO<\/b>\u00a0<br \/><a href=\"https:\/\/www.diarioelheraldo.cl\/noticia\/contagios-por-influenza-se-han-duplicado-en-comparacion-al-ano-pasado-\">Contagios por influenza se han duplicado en comparaci\u00f3n con el 2023. Se refiere Mar\u00eda Ester Mu\u00f1oz, acad\u00e9mica de la Escuela de Enfermer\u00eda.\u00a0<\/a><br \/><br \/><\/div><div><b>AD PRENSA <\/b>\u00a0<br \/><a href=\"https:\/\/www.adprensa.cl\/cronica\/contagios-por-influenza-se-han-duplicado-en-comparacion-al-ano-pasado\/\">Contagios por Influenza se han duplicado en comparaci\u00f3n al a\u00f1o pasado. Se refiere Mar\u00eda Ester Mu\u00f1oz, acad\u00e9mica de la Escuela de Enfermer\u00eda.\u00a0<\/a><br \/><br \/><\/div><div><b>CANAL 30 MULTICOM<\/b>\u00a0<br \/><a href=\"https:\/\/www.litoralpress.cl\/sitio\/RadioTV_Detalles.cshtml?LPKey=O3DPLQEF7RRP62FBN5EY2JUWOENCWLGJ2YY5GOYU6YPARLEAUABGRAOL3RLLJFOWEDWDJAILYY62Q\">A 20 a\u00f1os de la ley de divorcio. Se refiere Jorge del Pic\u00f3 Rubio, director del Centro de Derechos de las Minor\u00edas y Gesti\u00f3n de la Diversidad.\u00a0<\/a><br \/><br \/><\/div><div><b>G5 NOTICIAS\u00a0<br \/><\/b><a href=\"https:\/\/g5noticias.cl\/2024\/05\/15\/a-20-anos-de-ley-que-regulo-el-divorcio-en-chile-en-que-se-avanzo-y-que-queda-por-hacer\/\">A 20 a\u00f1os de ley que regul\u00f3 el divorcio en Chile: \u00bfen qu\u00e9 se avanz\u00f3 y qu\u00e9 queda por hacer? Se refiere Jorge del Pic\u00f3 Rubio, director del Centro de Derechos de las Minor\u00edas y Gesti\u00f3n de la Diversidad.\u00a0<\/a><b><br \/><\/b><\/div><div>\u00a0<\/div><div><b>RADIO PALOMA\u00a0<br \/><\/b><a href=\"https:\/\/www.litoralpress.cl\/sitio\/RadioTV_Detalles.cshtml?LPKey=AVT4OXBRB46JC23F4NMS3K4XLTN7RMNZIOE5YYQALRSLS32SOOPLN4GICE7PBKO7NRWHK7ZKFNH7E\">Estudio sobre sintomatolog\u00eda de Covid Prolongado. Entrevista a Loreto N\u00fa\u00f1ez Franz, acad\u00e9mica del Departamento de Salud P\u00fablica.\u202f\u202f\u202f\u00a0<\/a><\/div><div>\u00a0<\/div><div><b>DIARIO TALCA\u00a0<br \/><\/b><a href=\"https:\/\/diariotalca.cl\/77366-2\/\">Advierten que la obesidad infantil se increment\u00f3 producto de la pandemia. Se refiere Mauricio Orellana Molina, acad\u00e9mico de la Escuela de Nutrici\u00f3n y Diet\u00e9tica.\u202f<\/a><\/div><div>\u00a0<\/div><div><b>MEGANOTICIAS\u00a0<br \/><\/b><a href=\"https:\/\/www.meganoticias.cl\/nacional\/447353-alertan-sobre-dano-heladas-tempranas-agricultura-brk-12-5-2024.html\">Alertan sobre el da\u00f1o a la agricultura debido a las heladas tempranas. Se refiere Patricio Gonz\u00e1lez Colville, agroclimat\u00f3logo y acad\u00e9mico del Centro de Investigaci\u00f3n y Transferencia en Riego y Agroclimatolog\u00eda (CITRA).\u202f\u202f\u00a0<\/a><\/div><div>\u00a0<\/div><div><b>EL CARIBE (REP\u00daBLICA DOMINICANA)\u00a0<br \/><\/b><a href=\"https:\/\/www.elcaribe.com.do\/gente\/nutricion-y-bienestar\/los-8-beneficios-para-la-salud-poco-conocidos-del-tomate\/\">Los 8 beneficios para la salud poco conocidos del tomate. Se menciona la Universidad de Talca. \u00a0<\/a><\/div><div>\u00a0<\/div><div><b>ARAUCAN\u00cdA NOTICIAS<\/b>\u00a0<br \/><a href=\"https:\/\/araucanianoticias.cl\/2024\/acadmicos-del-cies-crean-innovadora-aplicacin-para-telfonos-mviles\/0515258867\">Acad\u00e9micos del CIES crean innovadora aplicaci\u00f3n para tel\u00e9fonos m\u00f3viles. Se refiere Soraya Le\u00f3n, acad\u00e9mica Facultad de Odontolog\u00eda.\u202f<\/a>\u00a0<br \/><br \/><\/div><div><b>LAS \u00daLTIMAS NOTICIAS<\/b>\u00a0<br \/><a href=\"https:\/\/www.litoralpress.cl\/paginaconsultas\/Servicios_NClipSitio\/Get_Imagen_Nota.aspx?LPKey=BM22OIVT6Z23TL5BGWBHAR4QZUMTXRWB6NBTA2DX4YHRXG5OKIB2ITUEEXR7V2VSEFQYAKKDRIHD4\">C\u00f3mo le fue a Chile en el ranking mundial de universidades j\u00f3venes. Se menciona la Universidad de Talca.\u00a0<\/a><\/div><div>\u00a0<\/div><div><b>CANAL 30 MULTICOM\u00a0<br \/><\/b><a href=\"https:\/\/www.litoralpress.cl\/sitio\/RadioTV_Detalles.cshtml?LPKey=QARAODUSDIEK2K7X5JVILSNJWI7FM7FXBE3GAYRHGCVX3JPLPEDQQFO3V24PG2L7ZSUO573IGT2L6\">\u00bfQu\u00e9 es la celiaqu\u00eda? Se refiere Paula Contreras Rebolledo, acad\u00e9mica de la Escuela de Nutrici\u00f3n y Diet\u00e9tica.\u00a0<\/a><\/div><div><b>\u00a0<\/b><\/div><div><b>CANAL 30 MULTICOM<\/b>\u00a0<br \/><a href=\"https:\/\/www.litoralpress.cl\/sitio\/RadioTV_Detalles.cshtml?LPKey=SYRQNXA63GKGMRCZDVHB3IQOMOJW45Y3L2L56NEEY7K53XTMI7V643XVY7MVN3Q4K3O5UN62OETLM\">Al despertar con Lorena Alaluf, jefa de carrera Pedagog\u00eda en Educaci\u00f3n General B\u00e1sica.\u00a0<\/a><\/div><div>\u00a0<\/div><div><b>EL MERCURIO\u00a0<br \/><\/b><a href=\"https:\/\/www.litoralpress.cl\/paginaconsultas\/Servicios_NClipSitio\/Get_Imagen_Nota.aspx?LPKey=IL5JKDRCF5YTCK6CEE5OAF3JCOOK2R72HAVNOYAY2MQJTNV66QAE5UC4H26PJLW7T2L6LJDT7H3GM\">Cuenta P\u00fablica: Oficialismo se divide entre presi\u00f3n por cumplimiento de promesas y nuevas prioridades. Se refiere Mauricio Morales Quiroga, director Centro de An\u00e1lisis Pol\u00edtico (CAP)\u00a0<\/a><\/div><div>\u00a0<\/div><div><b>RADIO INFINITA<\/b>\u00a0<br \/><a href=\"https:\/\/www.litoralpress.cl\/sitio\/RadioTV_Detalles.cshtml?LPKey=N3PHKSX4MSNFJB7IGK4EYTMJPZ3FRQMQBH33MBHFNODBCTYD2VGPU3OE72I6T65A7U2IIVPZKAZG6\">Comentario de pol\u00edtica. Se refiere Mauricio Morales Quiroga, director Centro de An\u00e1lisis Pol\u00edtico (CAP)\u00a0<\/a><\/div><div>\u00a0<\/div><div><b>DIARIO EL CENTRO<\/b>\u00a0<br \/><a href=\"https:\/\/www.diarioelcentro.cl\/2024\/05\/15\/dia-del-juez\/\">D\u00eda del Juez. Se refiere Diego Palomo V\u00e9lez, acad\u00e9mico de la Facultad de Ciencias Jur\u00eddicas y Sociales. \u00a0<\/a><\/div><div>\u00a0<\/div><div><b>LA SEGUNDA\u00a0<br \/><\/b><a href=\"https:\/\/www.litoralpress.cl\/paginaconsultas\/Servicios_NClipSitio\/Get_Imagen_Nota.aspx?LPKey=ZRIVSNUVOMDHGMJW4KEHDYRSIKBUSSN3W22JO7DC2BQU5HFLO5SQHTBZJI5DKF3PXTA47BAHQ5L3U\">D\u00eda del Juez. Se refiere Diego Palomo V\u00e9liz, acad\u00e9mico de la Facultad de Ciencias Jur\u00eddicas y Sociales. \u00a0<\/a><\/div><div><b><a id=\"OWAe1c91f2b-43c2-dcad-1b68-99b8108fe511\" class=\"x_x_Hyperlink x_x_SCXW137407973 x_x_BCX0 x_x_OWAAutoLink\" href=\"https:\/\/www.litoralpress.cl\/paginaconsultas\/Servicios_NClipSitio\/Get_Imagen_Nota.aspx?LPKey=ZRIVSNUVOMDHGMJW4KEHDYRSIKBUSSN3W22JO7DC2BQU5HFLO5SQHTBZJI5DKF3PXTA47BAHQ5L3U\" target=\"_blank\" rel=\"noopener noreferrer\" data-auth=\"NotApplicable\" data-loopstyle=\"linkonly\" data-linkindex=\"26\"><\/a><\/b><b>\u00a0<\/b><\/div><div><b>MUNDO AGRO<\/b>\u00a0<br \/><a href=\"https:\/\/mundoagro.cl\/declive-mas-que-evidente\/\">Declive m\u00e1s que evidente. Se menciona la Universidad de Talca.<\/a> \u00a0<\/div><div>\u00a0<\/div><div><b>AD PRENSA<\/b>\u00a0<br \/><a href=\"https:\/\/www.adprensa.cl\/cronica\/principales-casas-de-estudio-de-talca-y-sercotec-participaran-en-la-climaton-agroregenera-una-maraton-de-innovacion-para-la-sostenibilidad-agricola\/\">Principales casas de estudio de Talca y Sercotec participar\u00e1n en la \u00abClimat\u00f3n AgroRegenera\u00bb: Una marat\u00f3n de innovaci\u00f3n para la sostenibilidad agr\u00edcola. Se menciona la Universidad de Talca.\u00a0<\/a><\/div><div>\u00a0<\/div><div><b>RADIO LAUTARO<\/b>\u00a0<br \/><a href=\"https:\/\/radiolautarotalca.cl\/taller-poderosas-de-sernameg-promueve-liderazgos-y-participacion-de-mujeres-en-talca\/\">Taller \u201cPoderosas\u201d de Sernameg promueve liderazgos y participaci\u00f3n de mujeres en Talca. Se menciona la Universidad de Talca. \u00a0<\/a><\/div><div>\u00a0<\/div><div><b>LA PRENSA DE CURIC\u00d3<\/b>\u00a0<br \/><a href=\"https:\/\/www.litoralpress.cl\/paginaconsultas\/Servicios_NClipSitio\/Get_Imagen_Nota.aspx?LPKey=XW5GA53QFYQXX4MZXWPJJAASQDUGY7IUI7XLQ2X4ABY2BPIATSIIIBIVTEXE6C2B2JQHD3KHWNZCW\">Sucede. Se menciona la Universidad de Talca. \u00a0<\/a><br \/><br \/><\/div>\t\t\t\t\t\t<\/div>\n\t\t\t\t<\/div>\n\t\t\t\t\t<\/div>\n\t\t<\/div>\n\t\t\t\t\t\t\t<\/div>\n\t\t<\/section>\n\t\t\t\t\t\t<\/div>\n\t\t\t\t\t<\/div>\n\t\t","protected":false},"excerpt":{"rendered":"<p>EL LECTOR\u00a0D\u00e9ficit e m\u00e9dicos especialistas: UTalca apuesta por la formaci\u00f3n de profesionales de alta calidad. Se refiere Ernesto Sol\u00eds A\u00f1ez, director de la Escuela de Medicina.\u00a0 MAULE HOY\u00a0UTalca apuesta por la formaci\u00f3n de profesionales de alta calidad. Se refiere Ernesto Sol\u00eds A\u00f1ez, director de la Escuela de Medicina.\u00a0\u00a0RADIO ALLEN \u00a0Pa\u00eds: Contagios por Influenza se han &hellip;<\/p>\n<p class=\"read-more\"> <a class=\"\" href=\"https:\/\/www.reportedeprensa.utalca.cl\/?p=9780\"> <span class=\"screen-reader-text\">16 de mayo de 2024<\/span> Read More &raquo;<\/a><\/p>\n","protected":false},"author":1,"featured_media":0,"comment_status":"closed","ping_status":"open","sticky":false,"template":"","format":"standard","meta":{"_monsterinsights_skip_tracking":false,"_monsterinsights_sitenote_active":false,"_monsterinsights_sitenote_note":"","_monsterinsights_sitenote_category":0},"categories":[48],"tags":[],"_links":{"self":[{"href":"https:\/\/www.reportedeprensa.utalca.cl\/index.php?rest_route=\/wp\/v2\/posts\/9780"}],"collection":[{"href":"https:\/\/www.reportedeprensa.utalca.cl\/index.php?rest_route=\/wp\/v2\/posts"}],"about":[{"href":"https:\/\/www.reportedeprensa.utalca.cl\/index.php?rest_route=\/wp\/v2\/types\/post"}],"author":[{"embeddable":true,"href":"https:\/\/www.reportedeprensa.utalca.cl\/index.php?rest_route=\/wp\/v2\/users\/1"}],"replies":[{"embeddable":true,"href":"https:\/\/www.reportedeprensa.utalca.cl\/index.php?rest_route=%2Fwp%2Fv2%2Fcomments&post=9780"}],"version-history":[{"count":4,"href":"https:\/\/www.reportedeprensa.utalca.cl\/index.php?rest_route=\/wp\/v2\/posts\/9780\/revisions"}],"predecessor-version":[{"id":9785,"href":"https:\/\/www.reportedeprensa.utalca.cl\/index.php?rest_route=\/wp\/v2\/posts\/9780\/revisions\/9785"}],"wp:attachment":[{"href":"https:\/\/www.reportedeprensa.utalca.cl\/index.php?rest_route=%2Fwp%2Fv2%2Fmedia&parent=9780"}],"wp:term":[{"taxonomy":"category","embeddable":true,"href":"https:\/\/www.reportedeprensa.utalca.cl\/index.php?rest_route=%2Fwp%2Fv2%2Fcategories&post=9780"},{"taxonomy":"post_tag","embeddable":true,"href":"https:\/\/www.reportedeprensa.utalca.cl\/index.php?rest_route=%2Fwp%2Fv2%2Ftags&post=9780"}],"curies":[{"name":"wp","href":"https:\/\/api.w.org\/{rel}","templated":true}]}}